{"id":90177,"date":"2020-11-16T08:00:10","date_gmt":"2020-11-16T14:00:10","guid":{"rendered":"https:\/\/www.uv.mx\/prensa\/?p=90177"},"modified":"2020-11-17T10:15:30","modified_gmt":"2020-11-17T16:15:30","slug":"siempre-he-apostado-a-la-educacion-rey-acosta-barradas","status":"publish","type":"post","link":"https:\/\/www.uv.mx\/prensa\/banner\/siempre-he-apostado-a-la-educacion-rey-acosta-barradas\/","title":{"rendered":"Siempre he apostado a la educaci\u00f3n: Rey Acosta Barradas\u00a0"},"content":{"rendered":"<ul>\n<li data-leveltext=\"\uf0b7\" data-font=\"Symbol\" data-listid=\"1\" data-aria-posinset=\"1\" data-aria-level=\"1\"><i><span data-contrast=\"auto\">El acad\u00e9mico de la Facultad de Econom\u00eda recibi\u00f3 el lunes 9 de noviembre el Premio al Decano 2020<\/span><\/i><span data-ccp-props=\"{&quot;134233279&quot;:true,&quot;201341983&quot;:0,&quot;335559739&quot;:160,&quot;335559740&quot;:240}\">\u00a0<\/span><\/li>\n<li data-leveltext=\"\uf0b7\" data-font=\"Symbol\" data-listid=\"1\" data-aria-posinset=\"2\" data-aria-level=\"1\"><i><span data-contrast=\"auto\">Puso en marcha la Maestr\u00eda en Econo<\/span><\/i><i><span data-contrast=\"auto\">m\u00eda Ambiental y Ecol\u00f3gica y la L<\/span><\/i><i><span data-contrast=\"auto\">icenciatura en Geograf\u00eda, ambas con reconocimiento de calidad<\/span><\/i><span data-ccp-props=\"{&quot;134233279&quot;:true,&quot;201341983&quot;:0,&quot;335559739&quot;:160,&quot;335559740&quot;:240}\">\u00a0<\/span><\/li>\n<li data-leveltext=\"\uf0b7\" data-font=\"Symbol\" data-listid=\"1\" data-aria-posinset=\"3\" data-aria-level=\"1\"><i><span data-contrast=\"auto\">\u201cMis alumnos son mi principal fuente de inspiraci\u00f3n\u201d, expres\u00f3<\/span><\/i><span data-ccp-props=\"{&quot;134233279&quot;:true,&quot;201341983&quot;:0,&quot;335559739&quot;:160,&quot;335559740&quot;:240}\">\u00a0<\/span><\/li>\n<\/ul>\n<p>&nbsp;<\/p>\n<div id=\"attachment_90178\" style=\"width: 732px\" class=\"wp-caption aligncenter\"><a href=\"https:\/\/www.uv.mx\/prensa\/files\/2020\/11\/101120-REY-ACOSTA-PREMIO-AL-DECANO-1-copia.jpg\"><img loading=\"lazy\" decoding=\"async\" aria-describedby=\"caption-attachment-90178\" class=\"size-full wp-image-90178\" src=\"https:\/\/www.uv.mx\/prensa\/files\/2020\/11\/101120-REY-ACOSTA-PREMIO-AL-DECANO-1-copia.jpg\" alt=\"\" width=\"722\" height=\"921\" srcset=\"https:\/\/www.uv.mx\/prensa\/files\/2020\/11\/101120-REY-ACOSTA-PREMIO-AL-DECANO-1-copia.jpg 722w, https:\/\/www.uv.mx\/prensa\/files\/2020\/11\/101120-REY-ACOSTA-PREMIO-AL-DECANO-1-copia-235x300.jpg 235w\" sizes=\"auto, (max-width: 722px) 100vw, 722px\" \/><\/a><p id=\"caption-attachment-90178\" class=\"wp-caption-text\">Rey Acosta Barradas recibi\u00f3 el Premio al Decano 2020<\/p><\/div>\n<p><i><\/i><span data-ccp-props=\"{&quot;201341983&quot;:0,&quot;335559739&quot;:160,&quot;335559740&quot;:240}\"><br \/>\n<\/span><\/p>\n<p><span data-ccp-props=\"{&quot;201341983&quot;:0,&quot;335559739&quot;:160,&quot;335559740&quot;:240}\">\u00a0<\/span><\/p>\n<p><b><i><span data-contrast=\"auto\">Claudia Peralta V\u00e1zquez<\/span><\/i><\/b><span data-ccp-props=\"{&quot;201341983&quot;:0,&quot;335559739&quot;:160,&quot;335559740&quot;:240}\">\u00a0<\/span><\/p>\n<p><b><i><span data-contrast=\"auto\">1<\/span><\/i><\/b><b><i><span data-contrast=\"auto\">6<\/span><\/i><\/b><b><i><span data-contrast=\"auto\">\/<\/span><\/i><\/b><b><i><span data-contrast=\"auto\">11<\/span><\/i><\/b><b><i><span data-contrast=\"auto\">\/<\/span><\/i><\/b><b><i><span data-contrast=\"auto\">20<\/span><\/i><\/b><b><i><span data-contrast=\"auto\">20<\/span><\/i><\/b><b><i><span data-contrast=\"auto\">, Xalapa, <\/span><\/i><\/b><b><i><span data-contrast=\"auto\">Ver.-<\/span><\/i><\/b> <span data-contrast=\"auto\">Rey Acosta Barradas,<\/span><span data-contrast=\"auto\"> acad\u00e9mico de la <a href=\"https:\/\/www.uv.mx\/economia\/\" target=\"_blank\" rel=\"noopener noreferrer\">Facultad de Econom\u00eda<\/a><\/span><span data-contrast=\"auto\"> de la Universidad Veracruzana (UV), <\/span><span data-contrast=\"auto\">recibi\u00f3 el lunes 9 de noviembre<\/span><span data-contrast=\"auto\"> el<\/span><span data-contrast=\"auto\"> Premio al Decano 2020<\/span><span data-contrast=\"auto\">, de manos de la <\/span><span data-contrast=\"auto\">r<\/span><span data-contrast=\"auto\">ectora <\/span><span data-contrast=\"auto\">Sara Ladr\u00f3n de Guevara<\/span><span data-contrast=\"auto\">, por una trayectoria<\/span><span data-contrast=\"auto\"> acad\u00e9mica<\/span> <span data-contrast=\"auto\">de 35 a\u00f1os<\/span><span data-contrast=\"auto\"> ininterrumpidos<\/span><span data-contrast=\"auto\">.<\/span><span data-ccp-props=\"{&quot;201341983&quot;:0,&quot;335559739&quot;:160,&quot;335559740&quot;:240}\">\u00a0<\/span><\/p>\n<p><span data-contrast=\"auto\">El galardonado manifest\u00f3 que este reconocimiento le genera orgullo, felicidad y satisfacci\u00f3n, pues despu\u00e9s de dos intentos por obtenerlo, nunca imagin\u00f3 que el tercero lo favorecer\u00eda.<\/span><span data-ccp-props=\"{&quot;201341983&quot;:0,&quot;335559739&quot;:160,&quot;335559740&quot;:240}\">\u00a0<\/span><\/p>\n<p><span data-contrast=\"auto\">Con varios logros acad\u00e9micos y profesionales <\/span><span data-contrast=\"auto\">afianzados, Rey Acosta expres\u00f3 que <\/span><span data-contrast=\"auto\">r<\/span><span data-contrast=\"auto\">ecibir el Premio al Decano 2020<\/span><span data-contrast=\"auto\"> lo compromete a seguir prepar\u00e1ndose y capacit\u00e1ndose, sobre todo en lo <\/span><span data-contrast=\"auto\">correspondiente<\/span><span data-contrast=\"auto\"> a la educaci\u00f3n en l\u00ednea y remota, lo cual debe significar un reto para todos los profesores en la actualidad, ante las circunstancias y desaf\u00edos que la educaci\u00f3n superior enfrenta.<\/span><span data-ccp-props=\"{&quot;201341983&quot;:0,&quot;335559739&quot;:160,&quot;335559740&quot;:240}\">\u00a0<\/span><\/p>\n<p><span data-contrast=\"auto\">Al respecto, expuso que la mayor parte del gremio acad\u00e9mico se reh\u00fasa a transitar hacia lo virtual<\/span><span data-contrast=\"auto\">;<\/span><span data-contrast=\"auto\"> sin embargo, es necesario ajustarse a todas <\/span><span data-contrast=\"auto\">las estructuras y necesidades.<\/span><span data-ccp-props=\"{&quot;201341983&quot;:0,&quot;335559731&quot;:708,&quot;335559739&quot;:160,&quot;335559740&quot;:240}\">\u00a0<\/span><\/p>\n<p><span data-contrast=\"auto\">Lo adecuado ser\u00eda que cada maestro ofrezca a sus alumnos exposiciones en l\u00ednea con <\/span><span data-contrast=\"auto\">videos alternativos, ejercicios<\/span><span data-contrast=\"auto\">,<\/span><span data-contrast=\"auto\"> tareas<\/span><span data-contrast=\"auto\"> y todos los recursos necesarios para aprobar la<\/span><span data-contrast=\"auto\">s<\/span><span data-contrast=\"auto\"> experiencia<\/span><span data-contrast=\"auto\">s<\/span><span data-contrast=\"auto\"> educativa<\/span><span data-contrast=\"auto\">s<\/span><span data-contrast=\"auto\"> (EE), <\/span><span data-contrast=\"auto\">con <\/span><i><span data-contrast=\"auto\">links<\/span><\/i><span data-contrast=\"auto\"> y referencias correspondientes.<\/span><span data-ccp-props=\"{&quot;201341983&quot;:0,&quot;335559731&quot;:708,&quot;335559739&quot;:160,&quot;335559740&quot;:240}\">\u00a0<\/span><\/p>\n<p><span data-contrast=\"auto\">\u201cSi todos lo<\/span><span data-contrast=\"auto\"> hacemos<\/span><span data-contrast=\"auto\"> podremos ofertar programas en l\u00ednea tal y como lo hacen algun<\/span><span data-contrast=\"auto\">a<\/span><span data-contrast=\"auto\">s instituciones o universidades privadas internacionales<\/span><span data-contrast=\"auto\">.<\/span><span data-contrast=\"auto\">\u201d<\/span><span data-ccp-props=\"{&quot;201341983&quot;:0,&quot;335559731&quot;:708,&quot;335559739&quot;:160,&quot;335559740&quot;:240}\">\u00a0<\/span><\/p>\n<p><span data-contrast=\"auto\">Indudablemente, para migrar hacia la educaci\u00f3n remota se requerir\u00e1 de buenos equipos y tener un manejo adecuado de las <\/span><span data-contrast=\"auto\">tecnolog\u00edas de la i<\/span><span data-contrast=\"auto\">nformaci\u00f3n y comunicaci\u00f3n (TIC<\/span><span data-contrast=\"auto\">), as\u00ed como <\/span><span data-contrast=\"auto\">adecuar espacios <\/span><span data-contrast=\"auto\">similares a centros de <\/span><span data-contrast=\"auto\">transmisi\u00f3n de datos<\/span><span data-contrast=\"auto\">.<\/span><span data-ccp-props=\"{&quot;201341983&quot;:0,&quot;335559731&quot;:708,&quot;335559739&quot;:160,&quot;335559740&quot;:240}\">\u00a0<\/span><\/p>\n<p><span data-contrast=\"auto\">De esta manera, tambi\u00e9n se podr\u00eda<\/span><span data-contrast=\"auto\"> llegar <\/span><span data-contrast=\"auto\">a sectores <\/span><span data-contrast=\"auto\">vulnerables, marginados e ind\u00edgenas, donde hay muchos j\u00f3venes interesados en aprender, pero su condici\u00f3n de pobreza se los impide.<\/span><span data-ccp-props=\"{&quot;201341983&quot;:0,&quot;335559731&quot;:708,&quot;335559739&quot;:160,&quot;335559740&quot;:240}\">\u00a0<\/span><\/p>\n<p><span data-contrast=\"auto\">Aunado a esta propuesta<\/span><span data-contrast=\"auto\">, <\/span><span data-contrast=\"auto\">se podr\u00edan implementar programas de apoyo para garantizarles la red y dispositivos m\u00f3viles<\/span><span data-contrast=\"auto\">, a trav\u00e9s de los cuales<\/span><span data-contrast=\"auto\"> adquieran los<\/span><span data-contrast=\"auto\"> conocimientos.<\/span><span data-ccp-props=\"{&quot;201341983&quot;:0,&quot;335559739&quot;:160,&quot;335559740&quot;:240}\">\u00a0<\/span><\/p>\n<p><span data-contrast=\"auto\">\u201c<\/span><span data-contrast=\"auto\">Como <\/span><span data-contrast=\"auto\">D<\/span><span data-contrast=\"auto\">ecano<\/span><span data-contrast=\"auto\">,<\/span><span data-contrast=\"auto\"> quiero promover estas tecnolog\u00edas y experiencias educativas, es un trabajo enorme <\/span><span data-contrast=\"auto\">que debe iniciarse, <\/span><span data-contrast=\"auto\">estoy comprometido <\/span><span data-contrast=\"auto\">y<\/span><span data-contrast=\"auto\"> feliz de <\/span><span data-contrast=\"auto\">haber recibido este premio <\/span><span data-contrast=\"auto\">porque tengo la oportunidad de echar a andar ideas que rebotan y brincan en mi mente<\/span><span data-contrast=\"auto\">.<\/span><span data-contrast=\"auto\">\u201d<\/span><span data-ccp-props=\"{&quot;201341983&quot;:0,&quot;335559731&quot;:708,&quot;335559739&quot;:160,&quot;335559740&quot;:240}\">\u00a0<\/span><\/p>\n<p><span data-contrast=\"auto\">En torno a lo anterior, dio a conocer que esta inquietud ya la extern\u00f3 a <\/span><span data-contrast=\"auto\">la Direcci\u00f3n General del \u00c1rea Acad\u00e9mica <\/span><span data-contrast=\"auto\">Econ\u00f3mico-Administrativa.<\/span><span data-ccp-props=\"{&quot;201341983&quot;:0,&quot;335559731&quot;:708,&quot;335559739&quot;:160,&quot;335559740&quot;:240}\">\u00a0<\/span><\/p>\n<p><span data-contrast=\"auto\">Acosta Barradas es <\/span><span data-contrast=\"auto\">egresado de la Facultad de Econom\u00eda de la UV, <\/span><span data-contrast=\"auto\">tiene<\/span> <span data-contrast=\"auto\">M<\/span><span data-contrast=\"auto\">aestr\u00eda<\/span><span data-contrast=\"auto\"> en Ciencias<\/span> <span data-contrast=\"auto\">con especialidad en<\/span> <span data-contrast=\"auto\">Econom\u00eda Agr\u00edcola<\/span> <span data-contrast=\"auto\">por el Colegio de Posgraduados de Chapingo<\/span><span data-contrast=\"auto\">,<\/span><span data-contrast=\"auto\"> y <\/span><span data-contrast=\"auto\">D<\/span><span data-contrast=\"auto\">octorado en Alimentos y Recursos Econ\u00f3micos por la Universidad de <\/span><span data-contrast=\"auto\">Florida, Estados Unidos.<\/span><span data-ccp-props=\"{&quot;201341983&quot;:0,&quot;335559731&quot;:708,&quot;335559739&quot;:160,&quot;335559740&quot;:240}\">\u00a0<\/span><\/p>\n<p>&nbsp;<\/p>\n<div id=\"attachment_90179\" style=\"width: 732px\" class=\"wp-caption aligncenter\"><a href=\"https:\/\/www.uv.mx\/prensa\/files\/2020\/11\/101120-REY-ACOSTA-PREMIO-AL-DECANO-3-copia.jpg\"><img loading=\"lazy\" decoding=\"async\" aria-describedby=\"caption-attachment-90179\" class=\"size-full wp-image-90179\" src=\"https:\/\/www.uv.mx\/prensa\/files\/2020\/11\/101120-REY-ACOSTA-PREMIO-AL-DECANO-3-copia.jpg\" alt=\"\" width=\"722\" height=\"407\" srcset=\"https:\/\/www.uv.mx\/prensa\/files\/2020\/11\/101120-REY-ACOSTA-PREMIO-AL-DECANO-3-copia.jpg 722w, https:\/\/www.uv.mx\/prensa\/files\/2020\/11\/101120-REY-ACOSTA-PREMIO-AL-DECANO-3-copia-300x169.jpg 300w\" sizes=\"auto, (max-width: 722px) 100vw, 722px\" \/><\/a><p id=\"caption-attachment-90179\" class=\"wp-caption-text\">En la imagen, con estudiantes de la Maestr\u00eda en Econom\u00eda Ambiental y Ecol\u00f3gica, de visita en la Reserva La Mancha, Actopan<\/p><\/div>\n<p>&nbsp;<\/p>\n<p><span data-contrast=\"auto\">\u201c<\/span><span data-contrast=\"auto\">Estoy agradecido con la UV porque adem\u00e1s de ser mi alma m\u00e1ter me apoy\u00f3 para hacer una carrera docente, <\/span><span data-contrast=\"auto\">mi maestr\u00eda y doctorado.<\/span> <span data-contrast=\"auto\">Es una instituci\u00f3n muy noble y agraciada con los acad\u00e9micos, sobre todo con <\/span><span data-contrast=\"auto\">quienes<\/span><span data-contrast=\"auto\"> quieren hacer carrera docente, estudiar, esforzarse un poco m\u00e1s para ser mejores seres humanos<\/span><span data-contrast=\"auto\">,<\/span><span data-contrast=\"auto\"> pero tambi\u00e9n mejores profesores<\/span><span data-contrast=\"auto\">.<\/span><span data-contrast=\"auto\">\u201d<\/span><span data-ccp-props=\"{&quot;201341983&quot;:0,&quot;335559731&quot;:708,&quot;335559739&quot;:160,&quot;335559740&quot;:240}\">\u00a0<\/span><\/p>\n<p><span data-contrast=\"auto\">Desde entonces, coment\u00f3 que su <\/span><span data-contrast=\"auto\">carga acad\u00e9mica <\/span><span data-contrast=\"auto\">ha estado vinculada al \u00e1rea de e<\/span><span data-contrast=\"auto\">conom\u00eda <\/span><span data-contrast=\"auto\">a<\/span><span data-contrast=\"auto\">gr\u00edcola, formulaci\u00f3n y evaluaci\u00f3n de proyectos, <\/span><span data-contrast=\"auto\">m<\/span><span data-contrast=\"auto\">icroeconom\u00eda<\/span><span data-contrast=\"auto\">,<\/span><span data-contrast=\"auto\"> y \u00faltimamente ha incursi<\/span><span data-contrast=\"auto\">onado en el \u00e1mbito medio-<\/span><span data-contrast=\"auto\">ambiental<\/span><span data-contrast=\"auto\"> y<\/span><span data-contrast=\"auto\"> ecol\u00f3gic<\/span><span data-contrast=\"auto\">o<\/span><span data-contrast=\"auto\">, todo lo<\/span><span data-contrast=\"auto\"> relacionado con vulnerabilidad de e<\/span><span data-contrast=\"auto\">conom\u00edas campesinas<\/span> <span data-contrast=\"auto\">ante el cambio clim\u00e1tico<\/span><span data-contrast=\"auto\">.<\/span><span data-ccp-props=\"{&quot;201341983&quot;:0,&quot;335559731&quot;:708,&quot;335559739&quot;:160,&quot;335559740&quot;:240}\">\u00a0<\/span><\/p>\n<p><span data-contrast=\"auto\">Entre los cargos asumidos, destaca el de<\/span> <span data-contrast=\"auto\">D<\/span><span data-contrast=\"auto\">irector <\/span><span data-contrast=\"auto\">G<\/span><span data-contrast=\"auto\">eneral del \u00c1rea Acad\u00e9mica Econ\u00f3mico<\/span><span data-contrast=\"auto\">&#8211;<\/span><span data-contrast=\"auto\">Administrativa<\/span><span data-contrast=\"auto\">,<\/span> <span data-contrast=\"auto\">director<\/span><span data-contrast=\"auto\"> de la Facultad de Econom\u00eda<\/span><span data-contrast=\"auto\">,<\/span><span data-contrast=\"auto\"> as\u00ed como impulsor y coordinador de la <\/span><span data-contrast=\"auto\">Maestr\u00eda en Econom\u00eda Ambiental y Ecol\u00f3gica<\/span><span data-contrast=\"auto\">, adscrita a esta entidad acad\u00e9mica.<\/span><span data-ccp-props=\"{&quot;201341983&quot;:0,&quot;335559731&quot;:708,&quot;335559739&quot;:160,&quot;335559740&quot;:240}\">\u00a0<\/span><\/p>\n<p><span data-contrast=\"auto\">Tambi\u00e9n se cuenta entre sus aporte<\/span><span data-contrast=\"auto\">s<\/span><span data-contrast=\"auto\"> el<\/span><span data-contrast=\"auto\"> haber sido fundador de la <\/span><span data-contrast=\"auto\">L<\/span><span data-contrast=\"auto\">ice<\/span><span data-contrast=\"auto\">nciatura en Geograf\u00eda, que en breve celebrar\u00e1<\/span><span data-contrast=\"auto\"> su <\/span><span data-contrast=\"auto\">15<\/span> <span data-contrast=\"auto\">a<\/span><span data-contrast=\"auto\">niversario.<\/span><span data-ccp-props=\"{&quot;201341983&quot;:0,&quot;335559731&quot;:708,&quot;335559739&quot;:160,&quot;335559740&quot;:240}\">\u00a0<\/span><\/p>\n<p><span data-contrast=\"auto\">Con relaci\u00f3n a la Maestr\u00eda <\/span><span data-contrast=\"auto\">en Econom\u00eda Ambiental y Ecol\u00f3gica<\/span><span data-contrast=\"auto\">, Acosta Barradas <\/span><span data-contrast=\"auto\">mencion\u00f3<\/span><span data-contrast=\"auto\"> que fue la primera<\/span><span data-contrast=\"auto\"> en su tipo en M\u00e9xico, de hecho<\/span><span data-contrast=\"auto\"> se luch\u00f3 contra una serie de situaciones para crearla pues <\/span><span data-contrast=\"auto\">las autoridades de ese entonces <\/span><span data-contrast=\"auto\">no cre\u00eda<\/span><span data-contrast=\"auto\">n<\/span><span data-contrast=\"auto\"> en el programa, cuando en la actualidad seguimos siendo v\u00edctimas del cambio clim\u00e1tico y proliferan <\/span><span data-contrast=\"auto\">posgrado<\/span><span data-contrast=\"auto\">s<\/span><span data-contrast=\"auto\"> orientados hacia<\/span> <span data-contrast=\"auto\">cuestiones de <\/span><span data-contrast=\"auto\">d<\/span><span data-contrast=\"auto\">esarrollo <\/span><span data-contrast=\"auto\">s<\/span><span data-contrast=\"auto\">ustentable y <\/span><span data-contrast=\"auto\">m<\/span><span data-contrast=\"auto\">edio <\/span><span data-contrast=\"auto\">a<\/span><span data-contrast=\"auto\">mbiente<\/span><span data-contrast=\"auto\">.<\/span><span data-ccp-props=\"{&quot;201341983&quot;:0,&quot;335559731&quot;:708,&quot;335559739&quot;:160,&quot;335559740&quot;:240}\">\u00a0<\/span><\/p>\n<p><span data-contrast=\"auto\">\u201cHemos formado un patrimonio de investigaci\u00f3n propio de nuestra <\/span><span data-contrast=\"auto\">Facultad de Econom\u00eda.\u201d<\/span><span data-ccp-props=\"{&quot;201341983&quot;:0,&quot;335559731&quot;:708,&quot;335559739&quot;:160,&quot;335559740&quot;:240}\">\u00a0<\/span><\/p>\n<p><span data-contrast=\"auto\">Al interior de <\/span><span data-contrast=\"auto\">\u00e9sta<\/span><span data-contrast=\"auto\">, ha sido testigo de la implementaci\u00f3n de alrededor de<\/span><span data-contrast=\"auto\"> cuatro o cinco planes de estudio <\/span><span data-contrast=\"auto\">y ha formado parte en varias ocasiones del<\/span><span data-contrast=\"auto\"> Consejo T\u00e9cnico.<\/span><span data-ccp-props=\"{&quot;201341983&quot;:0,&quot;335559731&quot;:708,&quot;335559739&quot;:160,&quot;335559740&quot;:240}\">\u00a0<\/span><\/p>\n<p><span data-contrast=\"auto\">\u201cLa Facultad de Econom\u00eda es un lugar donde se respira el compromi<\/span><span data-contrast=\"auto\">so y la calidad.\u201d<\/span><span data-ccp-props=\"{&quot;201341983&quot;:0,&quot;335559731&quot;:708,&quot;335559739&quot;:160,&quot;335559740&quot;:240}\">\u00a0<\/span><\/p>\n<p><span data-contrast=\"auto\">El acad\u00e9mico e investigador resalt\u00f3 que su la<\/span><span data-contrast=\"auto\">bor est\u00e1 dedicada a sus alumnos, <\/span><span data-contrast=\"auto\">quienes han sido su principal fuente de inspiraci\u00f3n.<\/span><span data-ccp-props=\"{&quot;201341983&quot;:0,&quot;335559739&quot;:160,&quot;335559740&quot;:240}\">\u00a0<\/span><\/p>\n<p><span data-contrast=\"auto\">Al analizar su trayectoria en retrospectiva, recuerda que siendo de <\/span><span data-contrast=\"auto\">origen <\/span><span data-contrast=\"auto\">campesin<\/span><span data-contrast=\"auto\">o<\/span><span data-contrast=\"auto\"> siempre apost\u00f3 a la educaci\u00f3n pues representaba el camino para superarse y <\/span><span data-contrast=\"auto\">aspirar a mejores est\u00e1ndares de vida<\/span><span data-contrast=\"auto\">.<\/span><span data-ccp-props=\"{&quot;201341983&quot;:0,&quot;335559739&quot;:160,&quot;335559740&quot;:240}\">\u00a0<\/span><\/p>\n<p><span data-contrast=\"auto\">\u201cEstoy agradecido con mi alma m\u00e1ter, con <\/span><span data-contrast=\"auto\">la Facultad de Econom\u00eda y <\/span><span data-contrast=\"auto\">con mis alumnos, a quienes siempre he motivado para <\/span><span data-contrast=\"auto\">forjar<\/span><span data-contrast=\"auto\">se<\/span><span data-contrast=\"auto\"> una mejor expectativa de vida,<\/span><span data-contrast=\"auto\"> a esforzarse <\/span><span data-contrast=\"auto\">y trabaj<\/span><span data-contrast=\"auto\">ar por obtener un mejor resu<\/span><span data-contrast=\"auto\">ltado, calificaci\u00f3n o promedio.\u201d<\/span><span data-ccp-props=\"{&quot;201341983&quot;:0,&quot;335559731&quot;:708,&quot;335559739&quot;:160,&quot;335559740&quot;:240}\">\u00a0<\/span><\/p>\n<p><span data-contrast=\"auto\">Mis alumnos son mi raz\u00f3n de ser,<\/span><span data-contrast=\"auto\"> expres\u00f3, tan es as\u00ed que<\/span><span data-contrast=\"auto\"> gracias a ello he demostrado qu<\/span><span data-contrast=\"auto\">\u00e9<\/span><span data-contrast=\"auto\"> tan bueno o mal maestro he sido durante estos 35 a\u00f1os<\/span><span data-contrast=\"auto\">.<\/span><span data-ccp-props=\"{&quot;201341983&quot;:0,&quot;335559731&quot;:708,&quot;335559739&quot;:160,&quot;335559740&quot;:240}\">\u00a0<\/span><\/p>\n<p><span data-ccp-props=\"{&quot;201341983&quot;:0,&quot;335559739&quot;:160,&quot;335559740&quot;:240}\">\u00a0<\/span><\/p>\n<div id=\"attachment_90181\" style=\"width: 732px\" class=\"wp-caption aligncenter\"><a href=\"https:\/\/www.uv.mx\/prensa\/files\/2020\/11\/101120-REY-ACOSTA-PREMIO-AL-DECANO-4.jpg\"><img loading=\"lazy\" decoding=\"async\" aria-describedby=\"caption-attachment-90181\" class=\"size-full wp-image-90181\" src=\"https:\/\/www.uv.mx\/prensa\/files\/2020\/11\/101120-REY-ACOSTA-PREMIO-AL-DECANO-4.jpg\" alt=\"\" width=\"722\" height=\"406\" srcset=\"https:\/\/www.uv.mx\/prensa\/files\/2020\/11\/101120-REY-ACOSTA-PREMIO-AL-DECANO-4.jpg 722w, https:\/\/www.uv.mx\/prensa\/files\/2020\/11\/101120-REY-ACOSTA-PREMIO-AL-DECANO-4-300x169.jpg 300w\" sizes=\"auto, (max-width: 722px) 100vw, 722px\" \/><\/a><p id=\"caption-attachment-90181\" class=\"wp-caption-text\">El acad\u00e9mico junto a sus alumnos despu\u00e9s del desarrollo de un congreso<\/p><\/div>\n","protected":false},"excerpt":{"rendered":"<p>El acad\u00e9mico de la Facultad de Econom\u00eda recibi\u00f3 el Premio al Decano 2020. Puso en marcha la Maestr\u00eda en Econom\u00eda Ambiental y Ecol\u00f3gica y la Licenciatura en Geograf\u00eda\u00a0<\/p>\n","protected":false},"author":1869,"featured_media":90182,"comment_status":"closed","ping_status":"closed","sticky":false,"template":"","format":"standard","meta":{"footnotes":""},"categories":[61],"tags":[],"class_list":["post-90177","post","type-post","status-publish","format-standard","has-post-thumbnail","hentry","category-banner"],"_links":{"self":[{"href":"https:\/\/www.uv.mx\/prensa\/wp-json\/wp\/v2\/posts\/90177","targetHints":{"allow":["GET"]}}],"collection":[{"href":"https:\/\/www.uv.mx\/prensa\/wp-json\/wp\/v2\/posts"}],"about":[{"href":"https:\/\/www.uv.mx\/prensa\/wp-json\/wp\/v2\/types\/post"}],"author":[{"embeddable":true,"href":"https:\/\/www.uv.mx\/prensa\/wp-json\/wp\/v2\/users\/1869"}],"replies":[{"embeddable":true,"href":"https:\/\/www.uv.mx\/prensa\/wp-json\/wp\/v2\/comments?post=90177"}],"version-history":[{"count":1,"href":"https:\/\/www.uv.mx\/prensa\/wp-json\/wp\/v2\/posts\/90177\/revisions"}],"predecessor-version":[{"id":90214,"href":"https:\/\/www.uv.mx\/prensa\/wp-json\/wp\/v2\/posts\/90177\/revisions\/90214"}],"wp:featuredmedia":[{"embeddable":true,"href":"https:\/\/www.uv.mx\/prensa\/wp-json\/wp\/v2\/media\/90182"}],"wp:attachment":[{"href":"https:\/\/www.uv.mx\/prensa\/wp-json\/wp\/v2\/media?parent=90177"}],"wp:term":[{"taxonomy":"category","embeddable":true,"href":"https:\/\/www.uv.mx\/prensa\/wp-json\/wp\/v2\/categories?post=90177"},{"taxonomy":"post_tag","embeddable":true,"href":"https:\/\/www.uv.mx\/prensa\/wp-json\/wp\/v2\/tags?post=90177"}],"curies":[{"name":"wp","href":"https:\/\/api.w.org\/{rel}","templated":true}]}}