{"id":90173,"date":"2020-11-16T08:00:20","date_gmt":"2020-11-16T14:00:20","guid":{"rendered":"https:\/\/www.uv.mx\/prensa\/?p=90173"},"modified":"2020-11-17T10:00:53","modified_gmt":"2020-11-17T16:00:53","slug":"dialogo-de-saberes-sintagma-fundamental-para-la-recomprension-enrique-leff","status":"publish","type":"post","link":"https:\/\/www.uv.mx\/prensa\/general\/dialogo-de-saberes-sintagma-fundamental-para-la-recomprension-enrique-leff\/","title":{"rendered":"Di\u00e1logo de saberes, sintagma fundamental para la recomprensi\u00f3n: Enrique Leff"},"content":{"rendered":"<ul>\n<li data-leveltext=\"\uf0b7\" data-font=\"Symbol\" data-listid=\"1\" data-aria-posinset=\"1\" data-aria-level=\"1\"><i><span data-contrast=\"auto\">Dict\u00f3 conferencia magistral en el ma<\/span><\/i><i><span data-contrast=\"auto\">rco de la celebraci\u00f3n por el 15 aniversario de<\/span><\/i> <span data-contrast=\"auto\">EcoDi\u00e1logo<\/span><span data-ccp-props=\"{&quot;134233279&quot;:true}\">\u00a0<\/span><\/li>\n<\/ul>\n<div id=\"attachment_90174\" style=\"width: 732px\" class=\"wp-caption aligncenter\"><a href=\"https:\/\/www.uv.mx\/prensa\/files\/2020\/11\/121120-PAOLA-Enrique-Leff-1.jpg\"><img loading=\"lazy\" decoding=\"async\" aria-describedby=\"caption-attachment-90174\" class=\"size-full wp-image-90174\" src=\"https:\/\/www.uv.mx\/prensa\/files\/2020\/11\/121120-PAOLA-Enrique-Leff-1.jpg\" alt=\"\" width=\"722\" height=\"481\" srcset=\"https:\/\/www.uv.mx\/prensa\/files\/2020\/11\/121120-PAOLA-Enrique-Leff-1.jpg 722w, https:\/\/www.uv.mx\/prensa\/files\/2020\/11\/121120-PAOLA-Enrique-Leff-1-300x200.jpg 300w\" sizes=\"auto, (max-width: 722px) 100vw, 722px\" \/><\/a><p id=\"caption-attachment-90174\" class=\"wp-caption-text\">Enrique Leff dict\u00f3 una conferencia magistral en los festejos de <em>EcoDi\u00e1logo<\/em><\/p><\/div>\n<p><b><i><span data-contrast=\"auto\">Paola Cort\u00e9s P\u00e9rez<\/span><\/i><\/b><span data-ccp-props=\"{}\">\u00a0<\/span><\/p>\n<p><b><i><span data-contrast=\"auto\">1<\/span><\/i><\/b><b><i><span data-contrast=\"auto\">6<\/span><\/i><\/b><b><i><span data-contrast=\"auto\">\/11\/2020, Xalapa, Ver.-<\/span><\/i><\/b> <span data-contrast=\"auto\">El <\/span><span data-contrast=\"auto\">soci\u00f3logo<\/span><span data-contrast=\"auto\"> ambientalista Enrique <\/span><span data-contrast=\"auto\">Leff<\/span> <span data-contrast=\"auto\">Zimmerman<\/span> <span data-contrast=\"auto\">dict<\/span><span data-contrast=\"auto\">\u00f3 una <\/span><span data-contrast=\"auto\">conferencia magistral en el marco de <\/span><span data-contrast=\"auto\">la celebraci\u00f3n por el <\/span><span data-contrast=\"auto\">15 aniversario del <a href=\"https:\/\/www.uv.mx\/ecodialogo\/\" target=\"_blank\" rel=\"noopener noreferrer\">Centro de <\/a><\/span><span data-contrast=\"auto\">EcoAlfabetizaci\u00f3n<\/span><span data-contrast=\"auto\"> y Di\u00e1logo de Saberes (<\/span><i><span data-contrast=\"auto\">EcoDi\u00e1logo<\/span><\/i><span data-contrast=\"auto\">) de la Universidad Veracruzana (UV)<\/span><span data-contrast=\"auto\">, y <\/span><span data-contrast=\"auto\">mencion\u00f3 que en estos mom<\/span><span data-contrast=\"auto\">entos el di\u00e1logo de saberes est\u00e1<\/span><span data-contrast=\"auto\"> puesto en pr\u00e1ctica a trav\u00e9s de las videoconferencias, <\/span><span data-contrast=\"auto\">donde <\/span><span data-contrast=\"auto\">se dan intercambios acad\u00e9micos<\/span><span data-contrast=\"auto\"> y<\/span><span data-contrast=\"auto\"> cient\u00edficos<\/span><span data-contrast=\"auto\">, as\u00ed como de<\/span> <span data-contrast=\"auto\">conocimientos tradicionales<\/span><span data-contrast=\"auto\">.<\/span><span data-ccp-props=\"{}\">\u00a0<\/span><\/p>\n<p><span data-contrast=\"auto\">Durante la pl\u00e1tica, <\/span><span data-contrast=\"auto\">realizada a trav\u00e9s de la plataforma <\/span><i><span data-contrast=\"auto\">Zoom<\/span><\/i><span data-contrast=\"auto\">, <\/span><span data-contrast=\"auto\">Enrique<\/span><span data-contrast=\"auto\"> Leff <\/span><span data-contrast=\"auto\">dijo que el di\u00e1logo de saberes <\/span><span data-contrast=\"auto\">\u2013<\/span><span data-contrast=\"auto\">que ha puesto en pr\u00e1ctica <\/span><i><span data-contrast=\"auto\">EcoDi\u00e1logo<\/span><\/i><span data-contrast=\"auto\">\u2013<\/span><span data-contrast=\"auto\"> se ha vuelto un sintagma fundamental para la <\/span><span data-contrast=\"auto\">recomprensi\u00f3n<\/span><span data-contrast=\"auto\"> no s\u00f3lo del m\u00e9todo para rearticular <\/span><span data-contrast=\"auto\">discursos<\/span><span data-contrast=\"auto\"> y saberes, sino para repensar la historia<\/span><span data-contrast=\"auto\"> y<\/span><span data-contrast=\"auto\"> las categor\u00edas usadas para pensar el proceso civilizatorio.<\/span><span data-ccp-props=\"{&quot;335559731&quot;:708}\">\u00a0<\/span><\/p>\n<p><span data-contrast=\"auto\">\u201cBusca dar un giro ontol\u00f3gico y pol\u00edtico, un reposicionamiento de la humanidad en el mundo ante esta crisis ambiental que no s\u00f3lo es una crisis de extinci\u00f3n de especies, sino de la falla civilizatoria de la humanidad.<\/span><span data-contrast=\"auto\">\u201d<\/span><span data-ccp-props=\"{&quot;335559731&quot;:708}\">\u00a0<\/span><\/p>\n<p><span data-contrast=\"auto\">Respecto <\/span><span data-contrast=\"auto\">a <\/span><span data-contrast=\"auto\">la <\/span><span data-contrast=\"auto\">manera en que se ha construido y destruido la trama de la vida, <\/span><span data-contrast=\"auto\">agreg\u00f3, <\/span><span data-contrast=\"auto\">el <\/span><span data-contrast=\"auto\">di\u00e1logo de saberes apunta a recobrar la espiritualidad, la empat\u00eda, la solidaridad, a reconstituir el tejido y el sentido de la vida.<\/span><span data-ccp-props=\"{&quot;335559731&quot;:708}\">\u00a0<\/span><\/p>\n<p><span data-contrast=\"auto\">El tambi\u00e9n acad\u00e9mico de la Universidad Nacional Aut\u00f3noma de M\u00e9xico (UNAM) <\/span><span data-contrast=\"auto\">enfatiz\u00f3 que es el momento propicio para reapuntalar el di\u00e1logo de saberes como un pensamiento <\/span><span data-contrast=\"auto\">filos\u00f3fico<\/span><span data-contrast=\"auto\"> y pol\u00edtico, <\/span><span data-contrast=\"auto\">fundamentado en principios que no son racionales, que han sostenido el mundo hasta la actualidad.<\/span><span data-ccp-props=\"{&quot;335559731&quot;:708}\">\u00a0<\/span><\/p>\n<p><span data-contrast=\"auto\">\u201cLa esencia de la vida es la diversidad, pero se ha impuesto un modo de pensamiento que <\/span><span data-contrast=\"auto\">la <\/span><span data-contrast=\"auto\">reduce a una medida de exactitud, todo lo existente en nuestros mundos de vida <\/span><span data-contrast=\"auto\">se reduce <\/span><span data-contrast=\"auto\">a la unidad de valor econ\u00f3mico.\u201d<\/span><span data-ccp-props=\"{&quot;335559731&quot;:708}\">\u00a0<\/span><\/p>\n<p><span data-contrast=\"auto\">La naturaleza, subray\u00f3, ha sido extraditada a<\/span><span data-contrast=\"auto\"> la vida econ\u00f3mica y<\/span><span data-contrast=\"auto\"> reduci<\/span><span data-contrast=\"auto\">da <\/span><span data-contrast=\"auto\">a un valor econ\u00f3mico, a llamar<\/span> <span data-contrast=\"auto\">a<\/span><span data-contrast=\"auto\"> los<\/span><span data-contrast=\"auto\"> recursos naturales recursos medibles, disponibles al c\u00e1lculo y a la planificaci\u00f3n.<\/span><span data-ccp-props=\"{&quot;335559731&quot;:708}\">\u00a0<\/span><\/p>\n<p><span data-contrast=\"auto\">Por \u00faltimo, dijo que pes<\/span><span data-contrast=\"auto\">e<\/span><span data-contrast=\"auto\"> a esta crisis<\/span><span data-contrast=\"auto\"> por<\/span><span data-contrast=\"auto\"> la pandemia Covid-19, hay una gran cantidad de espacios virtuales donde acad\u00e9micos, intelectuales y gente de diversos pueblos, comunidades y organizaciones civiles<\/span><span data-contrast=\"auto\"> intercambian conocimientos y experiencias<\/span><span data-contrast=\"auto\">.<\/span><span data-ccp-props=\"{&quot;335559731&quot;:708}\">\u00a0<\/span><\/p>\n<div id=\"attachment_90175\" style=\"width: 732px\" class=\"wp-caption aligncenter\"><a href=\"https:\/\/www.uv.mx\/prensa\/files\/2020\/11\/121120-PAOLA-Enrique-Leff-2.jpg\"><img loading=\"lazy\" decoding=\"async\" aria-describedby=\"caption-attachment-90175\" class=\"size-full wp-image-90175\" src=\"https:\/\/www.uv.mx\/prensa\/files\/2020\/11\/121120-PAOLA-Enrique-Leff-2.jpg\" alt=\"\" width=\"722\" height=\"481\" srcset=\"https:\/\/www.uv.mx\/prensa\/files\/2020\/11\/121120-PAOLA-Enrique-Leff-2.jpg 722w, https:\/\/www.uv.mx\/prensa\/files\/2020\/11\/121120-PAOLA-Enrique-Leff-2-300x200.jpg 300w\" sizes=\"auto, (max-width: 722px) 100vw, 722px\" \/><\/a><p id=\"caption-attachment-90175\" class=\"wp-caption-text\"><em>EcoDi\u00e1logo<\/em> festeja su 15 aniversario como un espacio para el di\u00e1logo de saberes<\/p><\/div>\n","protected":false},"excerpt":{"rendered":"<p>El soci\u00f3logo ambientalista dict\u00f3 conferencia magistral en el marco de la celebraci\u00f3n por el 15 aniversario de <em>EcoDi\u00e1logo<\/em><\/p>\n","protected":false},"author":1508,"featured_media":90174,"comment_status":"closed","ping_status":"closed","sticky":false,"template":"","format":"standard","meta":{"footnotes":""},"categories":[1],"tags":[],"class_list":["post-90173","post","type-post","status-publish","format-standard","has-post-thumbnail","hentry","category-general"],"_links":{"self":[{"href":"https:\/\/www.uv.mx\/prensa\/wp-json\/wp\/v2\/posts\/90173","targetHints":{"allow":["GET"]}}],"collection":[{"href":"https:\/\/www.uv.mx\/prensa\/wp-json\/wp\/v2\/posts"}],"about":[{"href":"https:\/\/www.uv.mx\/prensa\/wp-json\/wp\/v2\/types\/post"}],"author":[{"embeddable":true,"href":"https:\/\/www.uv.mx\/prensa\/wp-json\/wp\/v2\/users\/1508"}],"replies":[{"embeddable":true,"href":"https:\/\/www.uv.mx\/prensa\/wp-json\/wp\/v2\/comments?post=90173"}],"version-history":[{"count":1,"href":"https:\/\/www.uv.mx\/prensa\/wp-json\/wp\/v2\/posts\/90173\/revisions"}],"predecessor-version":[{"id":90213,"href":"https:\/\/www.uv.mx\/prensa\/wp-json\/wp\/v2\/posts\/90173\/revisions\/90213"}],"wp:featuredmedia":[{"embeddable":true,"href":"https:\/\/www.uv.mx\/prensa\/wp-json\/wp\/v2\/media\/90174"}],"wp:attachment":[{"href":"https:\/\/www.uv.mx\/prensa\/wp-json\/wp\/v2\/media?parent=90173"}],"wp:term":[{"taxonomy":"category","embeddable":true,"href":"https:\/\/www.uv.mx\/prensa\/wp-json\/wp\/v2\/categories?post=90173"},{"taxonomy":"post_tag","embeddable":true,"href":"https:\/\/www.uv.mx\/prensa\/wp-json\/wp\/v2\/tags?post=90173"}],"curies":[{"name":"wp","href":"https:\/\/api.w.org\/{rel}","templated":true}]}}