{"id":90144,"date":"2020-11-15T08:00:03","date_gmt":"2020-11-15T14:00:03","guid":{"rendered":"https:\/\/www.uv.mx\/prensa\/?p=90144"},"modified":"2020-11-17T12:13:42","modified_gmt":"2020-11-17T18:13:42","slug":"obesidad-favorece-proceso-de-estado-inflamatorio-cronico-raul-solis","status":"publish","type":"post","link":"https:\/\/www.uv.mx\/prensa\/banner\/obesidad-favorece-proceso-de-estado-inflamatorio-cronico-raul-solis\/","title":{"rendered":"Obesidad favorece proceso de estado inflamatorio cr\u00f3nico: Ra\u00fal Sol\u00eds"},"content":{"rendered":"<ul>\n<li><em><span class=\"TextRun SCXW16180183 BCX8\" lang=\"ES-ES\" xml:lang=\"ES-ES\" data-contrast=\"auto\"><span class=\"NormalTextRun SCXW16180183 BCX8\" data-ccp-charstyle=\"normaltextrun1\" data-ccp-charstyle-defn=\"{&quot;ObjectId&quot;:&quot;10382afd-bcd2-44ab-a8ff-8cb276b93aa1|54&quot;,&quot;Properties&quot;:[134233614,&quot;true&quot;,201340122,&quot;1&quot;,469775450,&quot;normaltextrun1&quot;,469778129,&quot;normaltextrun1&quot;,469778324,&quot;Default Paragraph Font&quot;],&quot;ClassId&quot;:1179649}\">Act\u00faa como agente que agrava patolog\u00edas importantes como<\/span><\/span><span class=\"TextRun SCXW16180183 BCX8\" lang=\"ES-ES\" xml:lang=\"ES-ES\" data-contrast=\"auto\"><span class=\"NormalTextRun SCXW16180183 BCX8\" data-ccp-charstyle=\"normaltextrun1\">\u00a0<\/span><\/span><span class=\"TextRun SCXW16180183 BCX8\" lang=\"ES-ES\" xml:lang=\"ES-ES\" data-contrast=\"auto\"><span class=\"NormalTextRun SCXW16180183 BCX8\" data-ccp-charstyle=\"normaltextrun1\">diabetes, hipertensi\u00f3n arterial, complicaciones cardiovasculares<\/span><\/span><span class=\"TextRun SCXW16180183 BCX8\" lang=\"ES-ES\" xml:lang=\"ES-ES\" data-contrast=\"auto\"><span class=\"NormalTextRun SCXW16180183 BCX8\" data-ccp-charstyle=\"normaltextrun1\">\u00a0<\/span><\/span><span class=\"TextRun SCXW16180183 BCX8\" lang=\"ES-ES\" xml:lang=\"ES-ES\" data-contrast=\"auto\"><span class=\"NormalTextRun SCXW16180183 BCX8\" data-ccp-charstyle=\"normaltextrun1\">y algunos tipos de c\u00e1ncer<\/span><\/span><\/em><\/li>\n<\/ul>\n<p>&nbsp;<\/p>\n<div id=\"attachment_90145\" style=\"width: 732px\" class=\"wp-caption aligncenter\"><a href=\"https:\/\/www.uv.mx\/prensa\/files\/2020\/11\/12112020-Conferencia-obesidad-y-comorbilidades-1-100k.jpg\"><img loading=\"lazy\" decoding=\"async\" aria-describedby=\"caption-attachment-90145\" class=\"size-full wp-image-90145\" src=\"https:\/\/www.uv.mx\/prensa\/files\/2020\/11\/12112020-Conferencia-obesidad-y-comorbilidades-1-100k.jpg\" alt=\"El especialista en ciencias biom\u00e9dicas, Ra\u00fal Antonio Sol\u00eds Mart\u00ednez, ofreci\u00f3 una charla sobre la obesidad y sus comorbilidades \" width=\"722\" height=\"473\" srcset=\"https:\/\/www.uv.mx\/prensa\/files\/2020\/11\/12112020-Conferencia-obesidad-y-comorbilidades-1-100k.jpg 722w, https:\/\/www.uv.mx\/prensa\/files\/2020\/11\/12112020-Conferencia-obesidad-y-comorbilidades-1-100k-300x197.jpg 300w\" sizes=\"auto, (max-width: 722px) 100vw, 722px\" \/><\/a><p id=\"caption-attachment-90145\" class=\"wp-caption-text\">El especialista en ciencias biom\u00e9dicas, Ra\u00fal Antonio Sol\u00eds Mart\u00ednez, ofreci\u00f3 una charla sobre la obesidad y sus comorbilidades<\/p><\/div>\n<p>&nbsp;<\/p>\n<p><b><i><span data-contrast=\"auto\">Jos\u00e9 Luis\u00a0<\/span><\/i><\/b><b><i><span data-contrast=\"auto\">Couttolenc<\/span><\/i><\/b><b><i><span data-contrast=\"auto\">\u00a0Soto<\/span><\/i><\/b><span data-ccp-props=\"{&quot;201341983&quot;:0,&quot;335559739&quot;:0,&quot;335559740&quot;:240}\">\u00a0<\/span><\/p>\n<p><b><i><span data-contrast=\"auto\">1<\/span><\/i><\/b><b><i><span data-contrast=\"auto\">5<\/span><\/i><\/b><b><i><span data-contrast=\"auto\">\/<\/span><\/i><\/b><b><i><span data-contrast=\"auto\">1<\/span><\/i><\/b><b><i><span data-contrast=\"auto\">1<\/span><\/i><\/b><b><i><span data-contrast=\"auto\">\/2020, Xalapa,\u00a0<\/span><\/i><\/b><b><i><span data-contrast=\"auto\">Ver.-<\/span><\/i><\/b><span data-contrast=\"auto\">\u00a0En el 7\u00ba Simposio \u201cEnfoque\u00a0<\/span><span data-contrast=\"auto\">m<\/span><span data-contrast=\"auto\">ultidisciplinario de la diabetes<\/span><span data-contrast=\"auto\">\u201d<\/span><span data-contrast=\"auto\">,\u00a0<\/span><span data-contrast=\"auto\">el investigador en ciencias biom\u00e9dicas e inmunolog\u00eda, Ra\u00fal Antonio Sol\u00eds Mart\u00ednez<\/span><span data-contrast=\"auto\">,<\/span><span data-contrast=\"auto\">\u00a0dijo que la obesidad es una enfermedad cr\u00f3nica controlable que se manifiesta por el exceso de tejido adiposo en el cuerpo<\/span><span data-contrast=\"auto\">,<\/span><span data-contrast=\"auto\">\u00a0favoreciendo el proceso inflamatorio cr\u00f3nico que acent\u00faa y agrava\u00a0<\/span><span data-contrast=\"auto\">en<\/span><span data-contrast=\"auto\">\u00a0corto plazo<\/span><span data-contrast=\"auto\">\u00a0patolog\u00edas como diabetes, hipertensi\u00f3n arterial,\u00a0<\/span><span data-contrast=\"auto\">complicaciones cardiovasculares y algunos tipos de c\u00e1ncer.<\/span><span data-ccp-props=\"{&quot;201341983&quot;:0,&quot;335559739&quot;:0,&quot;335559740&quot;:240}\">\u00a0<\/span><\/p>\n<p><span data-contrast=\"auto\">El jueves 12 de noviembre, el investigador del Departamento de Biolog\u00eda Molecular de Laboratorios Diagn\u00f3stica, y profesor de la Universidad Aut\u00f3noma de Guadalajara\u00a0<\/span><i><span data-contrast=\"auto\">campus<\/span><\/i><span data-contrast=\"auto\">\u00a0Tabasco, ofreci\u00f3 la charla \u201cComorbilidades asociadas a obesidad\u201d, como parte del\u00a0<\/span><span data-contrast=\"auto\">evento<\/span><span data-contrast=\"auto\">\u00a0organizado por la Universidad Veracruzana<\/span><span data-contrast=\"auto\">,<\/span><span data-contrast=\"auto\">\u00a0a trav\u00e9s del <a href=\"https:\/\/www.uv.mx\/iib\/\" target=\"_blank\" rel=\"noopener noreferrer\">Instituto de Investigaciones Biol\u00f3gicas.<\/a><\/span><span data-ccp-props=\"{&quot;201341983&quot;:0,&quot;335559739&quot;:0,&quot;335559740&quot;:240}\">\u00a0<\/span><\/p>\n<p><span data-contrast=\"auto\">Sol\u00eds Mart\u00ednez\u00a0<\/span><span data-contrast=\"auto\">m<\/span><span data-contrast=\"auto\">encion\u00f3 que la Asociaci\u00f3n para la Cooperaci\u00f3n y el Desarrollo Econ\u00f3mico (OCDE)\u00a0<\/span><span data-contrast=\"auto\">ubica<\/span><span data-contrast=\"auto\">\u00a0a M\u00e9xico con\u00a0<\/span><span data-contrast=\"auto\">un<\/span><span data-contrast=\"auto\">\u00a032.4 por ciento con este padecimiento en su poblaci\u00f3n, apenas debajo de Estados Unidos que registra 38.2 por ciento. Detall\u00f3 que la medida sustitutiva aceptada en la actualidad de la adiposidad corporal, es el \u00edndice de masa corporal que se mide como peso en kilogramos, dividido por la estatura en metros, al cuadrado.<\/span><span data-ccp-props=\"{&quot;201341983&quot;:0,&quot;335559739&quot;:0,&quot;335559740&quot;:240}\">\u00a0<\/span><\/p>\n<p><span data-contrast=\"auto\">Adem\u00e1s de las consecuencias a la salud,\u00a0<\/span><span data-contrast=\"auto\">dijo<\/span><span data-contrast=\"auto\">\u00a0que\u00a0<\/span><span data-contrast=\"auto\">un<\/span><span data-contrast=\"auto\">\u00a0est<\/span><span data-contrast=\"auto\">ado\u00a0<\/span><span data-contrast=\"auto\">inflamatorio cr\u00f3nico contiene respuestas psicol\u00f3gicas y conductuales a la imagen proyectada en una sociedad, en donde la obesidad se considera poco atractiva desde el punto de vista est\u00e9tico<\/span><span data-contrast=\"auto\">.<\/span><span data-ccp-props=\"{&quot;201341983&quot;:0,&quot;335559739&quot;:0,&quot;335559740&quot;:240}\">\u00a0<\/span><\/p>\n<p><span data-contrast=\"auto\">H<\/span><span data-contrast=\"auto\">abl\u00f3 tambi\u00e9n de la leptina (prote\u00edna PN), descubierta en 1994, cuya funci\u00f3n es la regulaci\u00f3n del apetito, estimulaci\u00f3n del gasto energ\u00e9tico, maduraci\u00f3n sexual, fertilidad, hematopoyesis (producci\u00f3n de c\u00e9lulas sangu\u00edneas) y la actividad del eje hipot\u00e1lamo;\u00a0<\/span><span data-contrast=\"auto\">en personas\u00a0<\/span><span data-contrast=\"auto\">con obesidad,\u00a0<\/span><span data-contrast=\"auto\">esta prote\u00edna se encuentra en grandes concentraciones en plasma<\/span><span data-contrast=\"auto\">.<\/span><span data-ccp-props=\"{&quot;201341983&quot;:0,&quot;335559739&quot;:0,&quot;335559740&quot;:240}\">\u00a0<\/span><\/p>\n<p><span data-contrast=\"auto\">En relaci\u00f3n al sobrepeso, explic\u00f3 que<\/span><span data-contrast=\"auto\">\u00a0esta condici\u00f3n<\/span><span data-contrast=\"auto\">\u00a0contiene adiponectina que posee propiedades\u00a0<\/span><span data-contrast=\"auto\">antiaterog\u00e9nicas<\/span><span data-contrast=\"auto\">\u00a0y antiinflamatorias, que favorecen la sensibilidad a la insulina, inhibe la expresi\u00f3n de NDL en los macr\u00f3fagos, y se encuentran disminuidas en una serie de patolog\u00edas que constituyen el s\u00edndrome metab\u00f3lico, correlacion\u00e1ndose inversamente con el grado de\u00a0<\/span><span data-contrast=\"auto\">resistencia a la insulina<\/span><span data-contrast=\"auto\">.<\/span><\/p>\n<div id=\"attachment_90146\" style=\"width: 732px\" class=\"wp-caption aligncenter\"><a href=\"https:\/\/www.uv.mx\/prensa\/files\/2020\/11\/12112020-Conferencia-obesidad-y-comorbilidades-2-ok-100k.jpg\"><img loading=\"lazy\" decoding=\"async\" aria-describedby=\"caption-attachment-90146\" class=\"size-full wp-image-90146\" src=\"https:\/\/www.uv.mx\/prensa\/files\/2020\/11\/12112020-Conferencia-obesidad-y-comorbilidades-2-ok-100k.jpg\" alt=\"La obesidad favorece patolog\u00edas como diabetes, hipertensi\u00f3n arterial, complicaciones cardiovasculares y algunos tipos de c\u00e1ncer \" width=\"722\" height=\"482\" srcset=\"https:\/\/www.uv.mx\/prensa\/files\/2020\/11\/12112020-Conferencia-obesidad-y-comorbilidades-2-ok-100k.jpg 722w, https:\/\/www.uv.mx\/prensa\/files\/2020\/11\/12112020-Conferencia-obesidad-y-comorbilidades-2-ok-100k-300x200.jpg 300w\" sizes=\"auto, (max-width: 722px) 100vw, 722px\" \/><\/a><p id=\"caption-attachment-90146\" class=\"wp-caption-text\">La obesidad favorece patolog\u00edas como diabetes, hipertensi\u00f3n arterial, complicaciones cardiovasculares y algunos tipos de c\u00e1ncer<\/p><\/div>\n<p><span data-contrast=\"auto\">El sobrepeso incrementa tambi\u00e9n, de tres a cuatro veces, la prevalencia de diabetes mellitus tipo 2\u00a0<\/span><span data-contrast=\"auto\">tanto en varones como en mujeres menores de 55 a\u00f1os; sin embargo, los riesgos relacionados con el peso corporal excesivo son m\u00e1s d\u00e9biles en individuos de edad m\u00e1s avanzada.<\/span><span data-ccp-props=\"{&quot;201341983&quot;:0,&quot;335559739&quot;:0,&quot;335559740&quot;:240}\">\u00a0<\/span><\/p>\n<p><span data-contrast=\"auto\">De acuerdo a los resultados obtenidos en investigaciones, los padecimientos como cardiopat\u00eda prematura, vasculopat\u00eda perif\u00e9rica, insuficiencia renal y ceguera son preocupantes<\/span><span data-contrast=\"auto\">,<\/span><span data-contrast=\"auto\">\u00a0por lo que se les ha colocado entre las principales prioridades de salud p\u00fablica.<\/span><span data-ccp-props=\"{&quot;201341983&quot;:0,&quot;335559739&quot;:0,&quot;335559740&quot;:240}\">\u00a0<\/span><\/p>\n<p><span data-contrast=\"auto\">Otro problema derivado de la obesidad es el riesgo de enfermedad cardiovascular por su relaci\u00f3n con la adiposidad visceral, que puede provocar, entre otras afectaciones: inflamaci\u00f3n, trombosis, hiperglucemia y\u00a0<\/span><span data-contrast=\"auto\">dislipidemia<\/span><span data-contrast=\"auto\">\u00a0<\/span><span data-contrast=\"auto\">aterog\u00e9nica<\/span><span data-contrast=\"auto\">, sin dejar de lado las complicaciones pulmonares como hiperventilaci\u00f3n alveolar, aumento del volumen sangu\u00edneo pulmonar y efectos mec\u00e1nicos sobre el sistema nervioso.<\/span><span data-ccp-props=\"{&quot;201341983&quot;:0,&quot;335559739&quot;:0,&quot;335559740&quot;:240}\">\u00a0<\/span><\/p>\n<p><span data-contrast=\"auto\">La obesidad tambi\u00e9n tiene impacto tanto para la reproducci\u00f3n como ginecol\u00f3gica, se le ha relacionado con esterilidad femenina y masculina, propiciando en las mujeres el s\u00edndrome de ovario\u00a0<\/span><span data-contrast=\"auto\">poliqu\u00edstico<\/span><span data-contrast=\"auto\">, y en los varones recuentos en mortalidad esperm\u00e1tica reducidos o disfunci\u00f3n er\u00e9ctil. En cuanto a c\u00e1ncer<\/span><span data-contrast=\"auto\">, se le relaciona con carcinoma<\/span><span data-contrast=\"auto\">\u00a0mamario, endometrial,\u00a0<\/span><span data-contrast=\"auto\">colorrectal<\/span><span data-contrast=\"auto\">, prost\u00e1tico y de c\u00e9lulas renales.<\/span><span data-ccp-props=\"{&quot;201341983&quot;:0,&quot;335559739&quot;:0,&quot;335559740&quot;:240}\">\u00a0<\/span><\/p>\n<p><span data-contrast=\"auto\">Ra\u00fal Antonio Sol\u00eds\u00a0<\/span><span data-contrast=\"auto\">concluy\u00f3\u00a0<\/span><span data-contrast=\"auto\">que<\/span><span data-contrast=\"auto\">\u00a0el sobrepeso y la obesidad en mujeres y hombres es un problema de salud<\/span><span data-contrast=\"auto\">\u00a0<\/span><span data-contrast=\"auto\">de todos,<\/span><span data-contrast=\"auto\">\u00a0no\u00a0<\/span><span data-contrast=\"auto\">s\u00f3lo\u00a0<\/span><span data-contrast=\"auto\">de las instituciones,\u00a0<\/span><span data-contrast=\"auto\">\u201cdebemos\u00a0<\/span><span data-contrast=\"auto\">iden<\/span><span data-contrast=\"auto\">tificar los trastornos de ra\u00edz<\/span><span data-contrast=\"auto\">\u00a0para atender a cada paciente de manera\u00a0<\/span><span data-contrast=\"auto\">adecuada<\/span><span data-contrast=\"auto\">\u00a0porque cada caso es diferente y no se les puede\u00a0<\/span><span data-contrast=\"auto\">dar un tratamiento en general\u201d.<\/span><span data-ccp-props=\"{&quot;201341983&quot;:0,&quot;335559739&quot;:0,&quot;335559740&quot;:240}\">\u00a0<\/span><\/p>\n","protected":false},"excerpt":{"rendered":"<p>un estado inflamatorio cr\u00f3nico contiene respuestas psicol\u00f3gicas y conductuales a la imagen proyectada en una sociedad, en donde la obesidad se considera poco atractiva desde el punto de vista est\u00e9tico.<\/p>\n","protected":false},"author":1775,"featured_media":90147,"comment_status":"closed","ping_status":"closed","sticky":false,"template":"","format":"standard","meta":{"footnotes":""},"categories":[61],"tags":[389,392,334,393,394,333],"class_list":["post-90144","post","type-post","status-publish","format-standard","has-post-thumbnail","hentry","category-banner","tag-autonoma","tag-biomedicas","tag-guadalajara","tag-inmunologia","tag-obesidad","tag-universidad"],"_links":{"self":[{"href":"https:\/\/www.uv.mx\/prensa\/wp-json\/wp\/v2\/posts\/90144","targetHints":{"allow":["GET"]}}],"collection":[{"href":"https:\/\/www.uv.mx\/prensa\/wp-json\/wp\/v2\/posts"}],"about":[{"href":"https:\/\/www.uv.mx\/prensa\/wp-json\/wp\/v2\/types\/post"}],"author":[{"embeddable":true,"href":"https:\/\/www.uv.mx\/prensa\/wp-json\/wp\/v2\/users\/1775"}],"replies":[{"embeddable":true,"href":"https:\/\/www.uv.mx\/prensa\/wp-json\/wp\/v2\/comments?post=90144"}],"version-history":[{"count":1,"href":"https:\/\/www.uv.mx\/prensa\/wp-json\/wp\/v2\/posts\/90144\/revisions"}],"predecessor-version":[{"id":90228,"href":"https:\/\/www.uv.mx\/prensa\/wp-json\/wp\/v2\/posts\/90144\/revisions\/90228"}],"wp:featuredmedia":[{"embeddable":true,"href":"https:\/\/www.uv.mx\/prensa\/wp-json\/wp\/v2\/media\/90147"}],"wp:attachment":[{"href":"https:\/\/www.uv.mx\/prensa\/wp-json\/wp\/v2\/media?parent=90144"}],"wp:term":[{"taxonomy":"category","embeddable":true,"href":"https:\/\/www.uv.mx\/prensa\/wp-json\/wp\/v2\/categories?post=90144"},{"taxonomy":"post_tag","embeddable":true,"href":"https:\/\/www.uv.mx\/prensa\/wp-json\/wp\/v2\/tags?post=90144"}],"curies":[{"name":"wp","href":"https:\/\/api.w.org\/{rel}","templated":true}]}}