{"id":90132,"date":"2020-11-15T08:00:18","date_gmt":"2020-11-15T14:00:18","guid":{"rendered":"https:\/\/www.uv.mx\/prensa\/?p=90132"},"modified":"2020-11-17T10:20:05","modified_gmt":"2020-11-17T16:20:05","slug":"doble-titulacion-gran-logro-en-mi-vida-profesional-egresada-uv","status":"publish","type":"post","link":"https:\/\/www.uv.mx\/prensa\/banner\/doble-titulacion-gran-logro-en-mi-vida-profesional-egresada-uv\/","title":{"rendered":"Doble titulaci\u00f3n, gran logro en mi vida profesional: egresada UV"},"content":{"rendered":"<ul style=\"font-weight: 400\">\n<li data-leveltext=\"\uf0b7\" data-font=\"Symbol\" data-listid=\"3\" data-aria-posinset=\"1\" data-aria-level=\"1\"><i><span data-contrast=\"none\">Karen Nayely Romero obtuvo el t\u00edtulo de Ingenier\u00eda en Instrumentaci\u00f3n Electr\u00f3nica por la UV y de Ingeniera Electr\u00f3nica por el Instituto Tecnol\u00f3gico Metropolitano de Colombia<\/span><\/i><span data-ccp-props=\"{&quot;134233279&quot;:true,&quot;201341983&quot;:2,&quot;335559739&quot;:160,&quot;335559740&quot;:240}\">\u00a0<\/span><\/li>\n<li data-leveltext=\"\uf0b7\" data-font=\"Symbol\" data-listid=\"3\" data-aria-posinset=\"2\" data-aria-level=\"1\"><i><span data-contrast=\"none\">Sugiri\u00f3 a los estudiantes que aspiren a realizar una experiencia de movilidad<\/span><\/i><\/li>\n<\/ul>\n<p>&nbsp;<\/p>\n<div id=\"attachment_90133\" style=\"width: 415px\" class=\"wp-caption aligncenter\"><a href=\"https:\/\/www.uv.mx\/prensa\/files\/2020\/11\/091120-DAVID-segunda-alumna-doble-titulo-1-100k.jpg\"><img loading=\"lazy\" decoding=\"async\" aria-describedby=\"caption-attachment-90133\" class=\"size-full wp-image-90133\" src=\"https:\/\/www.uv.mx\/prensa\/files\/2020\/11\/091120-DAVID-segunda-alumna-doble-titulo-1-100k.jpg\" alt=\"Karen Nayely Romero destac\u00f3 que adem\u00e1s de la doble titulaci\u00f3n, la experiencia de movilidad es una de las mejores para los estudiantes \" width=\"405\" height=\"540\" srcset=\"https:\/\/www.uv.mx\/prensa\/files\/2020\/11\/091120-DAVID-segunda-alumna-doble-titulo-1-100k.jpg 405w, https:\/\/www.uv.mx\/prensa\/files\/2020\/11\/091120-DAVID-segunda-alumna-doble-titulo-1-100k-225x300.jpg 225w\" sizes=\"auto, (max-width: 405px) 100vw, 405px\" \/><\/a><p id=\"caption-attachment-90133\" class=\"wp-caption-text\">Karen Nayely Romero destac\u00f3 que adem\u00e1s de la doble titulaci\u00f3n, la experiencia de movilidad es una de las mejores para los estudiantes<\/p><\/div>\n<p>&nbsp;<\/p>\n<p><b><i><span data-contrast=\"none\">David Sandoval Rodr\u00edguez<\/span><\/i><\/b><\/p>\n<p><b><i><span data-contrast=\"none\">1<\/span><\/i><\/b><b><i><span data-contrast=\"none\">5<\/span><\/i><\/b><b><i><span data-contrast=\"none\">\/11\/20<\/span><\/i><\/b><b><i><span data-contrast=\"none\">20,<\/span><\/i><\/b><b><i><span data-contrast=\"none\">\u00a0Xalapa,\u00a0<\/span><\/i><\/b><b><i><span data-contrast=\"none\">Ver.-<\/span><\/i><\/b><span data-contrast=\"none\">\u00a0<\/span><span data-contrast=\"none\">Karen Nayely Romero Mauricio<\/span><span data-contrast=\"none\">\u00a0es\u00a0<\/span><span data-contrast=\"none\">un<\/span><span data-contrast=\"none\">a<\/span><span data-contrast=\"none\">\u00a0d<\/span><span data-contrast=\"none\">e<\/span><span data-contrast=\"none\">\u00a0l<\/span><span data-contrast=\"none\">o<\/span><span data-contrast=\"none\">s tres egresad<\/span><span data-contrast=\"none\">o<\/span><span data-contrast=\"none\">s con doble titulaci\u00f3n por la <a href=\"https:\/\/www.uv.mx\/\" target=\"_blank\" rel=\"noopener noreferrer\">Universidad Veracruzana<\/a> (UV) y el Instituto Tecnol\u00f3gico Metropolitano (ITM) de Medell\u00edn, Colombia, que adem\u00e1s realiz\u00f3 una experiencia de movilidad durante un a\u00f1o en el pa\u00eds sudamericano.<\/span><span data-ccp-props=\"{&quot;201341983&quot;:2,&quot;335559739&quot;:160,&quot;335559740&quot;:240}\">\u00a0<\/span><\/p>\n<p><span data-contrast=\"none\">La joven de 24 a\u00f1os obtuvo el t\u00edtulo de Ingenier\u00eda en Instrumentaci\u00f3n Electr\u00f3nica por la UV, al haber egresado de la Facultad de Instrumentaci\u00f3n Electr\u00f3nica<\/span><span data-contrast=\"none\">,<\/span><span data-contrast=\"none\">\u00a0y el t\u00edtulo de Ingeniera Electr\u00f3nica por el ITM.<\/span><span data-ccp-props=\"{&quot;201341983&quot;:2,&quot;335559739&quot;:160,&quot;335559740&quot;:240}\">\u00a0<\/span><\/p>\n<p><span data-contrast=\"none\">En entrevista\u00a0<\/span><span data-contrast=\"none\">para\u00a0<\/span><i><span data-contrast=\"none\">Universo<\/span><\/i><span data-contrast=\"none\">\u00a0comparti\u00f3<\/span><span data-contrast=\"none\">\u00a0<\/span><span data-contrast=\"none\">acerca de<\/span><span data-contrast=\"none\">\u00a0su movilidad y c\u00f3mo incide este logro doble en su vida profesiona<\/span><span data-contrast=\"none\">l<\/span><span data-contrast=\"none\">,<\/span><span data-contrast=\"none\">\u00a0adem\u00e1s del aprendizaje de vida que implic\u00f3 vivir en otro pa\u00eds.<\/span><\/p>\n<p><b><i><span data-contrast=\"none\">\u00bf<\/span><\/i><\/b><b><i><span data-contrast=\"none\">P<\/span><\/i><\/b><b><i><span data-contrast=\"none\">ara ti<\/span><\/i><\/b><b><i><span data-contrast=\"none\">,\u00a0<\/span><\/i><\/b><b><i><span data-contrast=\"none\">q<\/span><\/i><\/b><b><i><span data-contrast=\"none\">u\u00e9 representa obtener tu titulaci\u00f3n no s\u00f3lo por la UV<\/span><\/i><\/b><b><i><span data-contrast=\"none\">,<\/span><\/i><\/b><b><i><span data-contrast=\"none\">\u00a0sino por el ITM de Colombia?<\/span><\/i><\/b><span data-ccp-props=\"{&quot;201341983&quot;:2,&quot;335559739&quot;:160,&quot;335559740&quot;:240}\"><br \/>\n<\/span><span data-contrast=\"none\">Es\u00a0<\/span><span data-contrast=\"none\">un logro muy grande en\u00a0<\/span><span data-contrast=\"none\">mi vida profesional ya que\u00a0<\/span><span data-contrast=\"none\">soy de\u00a0<\/span><span data-contrast=\"none\">los tres\u00a0<\/span><span data-contrast=\"none\">estudiantes de\u00a0<\/span><span data-contrast=\"none\">la primera generaci\u00f3n de nuestra carrera en obtener la\u00a0<\/span><span data-contrast=\"none\">d<\/span><span data-contrast=\"none\">oble\u00a0<\/span><span data-contrast=\"none\">t<\/span><span data-contrast=\"none\">itulaci\u00f3n por este convenio que\u00a0<\/span><span data-contrast=\"none\">realizaron la UV y\u00a0<\/span><span data-contrast=\"none\">el\u00a0<\/span><span data-contrast=\"none\">ITM<\/span><span data-contrast=\"none\">.<\/span><\/p>\n<p><b><i><span data-contrast=\"none\">\u00bf<\/span><\/i><\/b><b><i><span data-contrast=\"none\">E<\/span><\/i><\/b><b><i><span data-contrast=\"none\">n qu\u00e9 consisti\u00f3 tu trabajo de titulaci\u00f3n?<\/span><\/i><\/b><span data-ccp-props=\"{&quot;201341983&quot;:2,&quot;335559739&quot;:160,&quot;335559740&quot;:240}\"><br \/>\n<\/span><span data-contrast=\"none\">Para obtener la doble titulaci\u00f3n realic\u00e9 un trabajo de tesis a nivel simulaci\u00f3n de un\u00a0<\/span><span data-contrast=\"none\">s<\/span><span data-contrast=\"none\">istema de\u00a0<\/span><span data-contrast=\"none\">c<\/span><span data-contrast=\"none\">omunicaci\u00f3n por\u00a0<\/span><span data-contrast=\"none\">l<\/span><span data-contrast=\"none\">uz\u00a0<\/span><span data-contrast=\"none\">v<\/span><span data-contrast=\"none\">isible utilizando un formato de modulaci\u00f3n digital orientado a\u00a0<\/span><span data-contrast=\"none\">s<\/span><span data-contrast=\"none\">istemas de\u00a0<\/span><span data-contrast=\"none\">c<\/span><span data-contrast=\"none\">ontrol de\u00a0<\/span><span data-contrast=\"none\">a<\/span><span data-contrast=\"none\">cceso<\/span><span data-contrast=\"none\">.<\/span><span data-ccp-props=\"{&quot;201341983&quot;:2,&quot;335559739&quot;:160,&quot;335559740&quot;:240}\">\u00a0<\/span><\/p>\n<p><span data-contrast=\"none\">P<\/span><span data-contrast=\"none\">ara llevarlo a cabo tuve el apoyo de mis dos directores de tesis, el\u00a0<\/span><span data-contrast=\"none\">i<\/span><span data-contrast=\"none\">ngeniero Roger Alexander Mart\u00ednez Ciro<\/span><span data-contrast=\"none\">,<\/span><span data-contrast=\"none\">\u00a0por parte del ITM<\/span><span data-contrast=\"none\">,<\/span><span data-contrast=\"none\">\u00a0y Roberto Casta\u00f1eda\u00a0<\/span><span data-contrast=\"none\">Sheissa<\/span><span data-contrast=\"none\">,<\/span><span data-contrast=\"none\">\u00a0por parte de la U<\/span><span data-contrast=\"none\">V<\/span><span data-contrast=\"none\">.<\/span><\/p>\n<p><b><i><span data-contrast=\"none\">Aunado a la titulaci\u00f3n, residiste durante un tiempo en Colombia, \u00bf<\/span><\/i><\/b><b><i><span data-contrast=\"none\">c<\/span><\/i><\/b><b><i><span data-contrast=\"none\">\u00f3mo se origin\u00f3 y\u00a0<\/span><\/i><\/b><b><i><span data-contrast=\"none\">desarroll\u00f3 la estancia?<\/span><\/i><\/b><b><i><span data-contrast=\"none\">,<\/span><\/i><\/b><b><i><span data-contrast=\"none\">\u00a0\u00bf<\/span><\/i><\/b><b><i><span data-contrast=\"none\">c<\/span><\/i><\/b><b><i><span data-contrast=\"none\">u\u00e1ndo y cu\u00e1nto tiempo estuviste en aquel pa\u00eds?<\/span><\/i><\/b><span data-ccp-props=\"{&quot;201341983&quot;:2,&quot;335559739&quot;:160,&quot;335559740&quot;:240}\"><br \/>\n<\/span><span data-contrast=\"none\">Se origin\u00f3 a partir de que sup<\/span><span data-contrast=\"none\">e\u00a0<\/span><span data-contrast=\"none\">que se iba a firmar un convenio de doble titulaci\u00f3n<\/span><span data-contrast=\"none\">,<\/span><span data-contrast=\"none\">\u00a0por lo cual hic<\/span><span data-contrast=\"none\">e\u00a0<\/span><span data-contrast=\"none\">la solicitud y afortunadamente fui<\/span><span data-contrast=\"none\">\u00a0aceptada<\/span><span data-contrast=\"none\">, tramit<\/span><span data-contrast=\"none\">\u00e9 la\u00a0<\/span><span data-contrast=\"none\">visa colombiana y fui<\/span><span data-contrast=\"none\">\u00a0<\/span><span data-contrast=\"none\">a Colombia a finales de\u00a0<\/span><span data-contrast=\"none\">j<\/span><span data-contrast=\"none\">ulio de<\/span><span data-contrast=\"none\">\u00a02018 y estuv<\/span><span data-contrast=\"none\">e\u00a0<\/span><span data-contrast=\"none\">all\u00e1 durante un a\u00f1o.<\/span><\/p>\n<div id=\"attachment_90134\" style=\"width: 732px\" class=\"wp-caption aligncenter\"><a href=\"https:\/\/www.uv.mx\/prensa\/files\/2020\/11\/091120-DAVID-segunda-alumna-doble-titulo-2-100k.jpg\"><img loading=\"lazy\" decoding=\"async\" aria-describedby=\"caption-attachment-90134\" class=\"size-full wp-image-90134\" src=\"https:\/\/www.uv.mx\/prensa\/files\/2020\/11\/091120-DAVID-segunda-alumna-doble-titulo-2-100k.jpg\" alt=\" La joven viaj\u00f3 a Medell\u00edn, Colombia, con dos compa\u00f1eros de la UV para cursar un a\u00f1o en el ITM \" width=\"722\" height=\"357\" srcset=\"https:\/\/www.uv.mx\/prensa\/files\/2020\/11\/091120-DAVID-segunda-alumna-doble-titulo-2-100k.jpg 722w, https:\/\/www.uv.mx\/prensa\/files\/2020\/11\/091120-DAVID-segunda-alumna-doble-titulo-2-100k-300x148.jpg 300w\" sizes=\"auto, (max-width: 722px) 100vw, 722px\" \/><\/a><p id=\"caption-attachment-90134\" class=\"wp-caption-text\">La joven viaj\u00f3 a Medell\u00edn, Colombia, con dos compa\u00f1eros de la UV para cursar un a\u00f1o en el ITM<\/p><\/div>\n<p><span data-contrast=\"none\">Durante ese tiempo conoc<\/span><span data-contrast=\"none\">\u00ed\u00a0<\/span><span data-contrast=\"none\">muchos lugares de Medell\u00edn, visit<\/span><span data-contrast=\"none\">\u00e9\u00a0<\/span><span data-contrast=\"none\">Bogot\u00e1 por tr\u00e1mites de la\u00a0<\/span><span data-contrast=\"none\">d<\/span><span data-contrast=\"none\">oble\u00a0<\/span><span data-contrast=\"none\">t<\/span><span data-contrast=\"none\">itulaci\u00f3n y tambi\u00e9n\u00a0<\/span><span data-contrast=\"none\">llegu\u00e9 a<\/span><span data-contrast=\"none\">\u00a0<\/span><span data-contrast=\"none\">otros lugares como\u00a0<\/span><span data-contrast=\"none\">Salento<\/span><span data-contrast=\"none\">\u00a0y Pereira.<\/span><\/p>\n<p><b><i><span data-contrast=\"none\">\u00bfQu\u00e9 es lo m\u00e1s significativo de dicha experiencia?<br \/>\n<\/span><\/i><\/b><span data-contrast=\"none\">Lo m\u00e1s significativo fue estar en un pa\u00eds con diferente cultura<\/span><span data-contrast=\"none\">\u00a0y<\/span><span data-contrast=\"none\">\u00a0gastronom\u00eda, las personas colombianas con las que conviv\u00ed fueron muy\u00a0<\/span><span data-contrast=\"none\">\u201c<\/span><span data-contrast=\"none\">ch\u00e9veres<\/span><span data-contrast=\"none\">\u201d<\/span><span data-contrast=\"none\">\u00a0conmigo<\/span><span data-contrast=\"none\">;<\/span><span data-contrast=\"none\">\u00a0<\/span><span data-contrast=\"none\">estar en otro pa\u00eds lejos de mi familia me a<\/span><span data-contrast=\"none\">yud\u00f3 mucho a crecer como persona<\/span><span data-contrast=\"none\">.<\/span><span data-ccp-props=\"{&quot;201341983&quot;:2,&quot;335559739&quot;:160,&quot;335559740&quot;:240}\">\u00a0<\/span><\/p>\n<p><span data-contrast=\"none\">En el aspecto educativo<\/span><span data-contrast=\"none\">,<\/span><span data-contrast=\"none\">\u00a0tambi\u00e9n fue una experiencia muy significativa ya que trabajar con otras personas con maneras muy diferentes a las m\u00edas tuvo un gran impacto en mi vida acad\u00e9mica. Am\u00e9 mucho estar en el ITM, los espacios de trabajo, los laboratorios y principalmente a mis profesores y amigos.<\/span><\/p>\n<p><b><i><span data-contrast=\"none\">\u00bfCu\u00e1l es el aprendizaje que podr\u00edas compartir a los universitarios que quieran hacer algo similar?<\/span><\/i><\/b><span data-ccp-props=\"{&quot;201341983&quot;:2,&quot;335559739&quot;:160,&quot;335559740&quot;:240}\"><br \/>\n<\/span><span data-contrast=\"none\">Les dir\u00eda que\u00a0<\/span><span data-contrast=\"none\">realizar una movilidad a otro pa\u00eds es una de las mejores experiencias que un universitario pueda tener, estar en otro pa\u00eds y universidad diferente ayuda a crecer tanto de manera personal como profesional<\/span><span data-contrast=\"none\">,<\/span><span data-contrast=\"none\">\u00a0as\u00ed que no tengan miedo de salir de su zona de confort.<\/span><\/p>\n<p><b><i><span data-contrast=\"none\">\u00bfQu\u00e9 opinan en tu familia de que hayas obtenido una doble titulaci\u00f3n?<\/span><\/i><\/b><span data-ccp-props=\"{&quot;201341983&quot;:2,&quot;335559739&quot;:160,&quot;335559740&quot;:240}\"><br \/>\n<\/span><span data-contrast=\"none\">Est\u00e1n felices y orgullosos de\u00a0<\/span><span data-contrast=\"none\">ello<\/span><span data-contrast=\"none\"> y de que haya ido a conocer otro pa\u00eds.<\/span><\/p>\n<p><b><i><span data-contrast=\"none\">\u00bfCu\u00e1les son tus planes a futuro y\/o qu\u00e9 est\u00e1s realizando actualmente?<br \/>\n<\/span><\/i><\/b><span data-contrast=\"none\">Mis planes a futuro son seguir trabaja<\/span><span data-contrast=\"none\">n<\/span><span data-contrast=\"none\">do e investiga<\/span><span data-contrast=\"none\">n<\/span><span data-contrast=\"none\">do sobre m\u00e1s aplicaciones de la\u00a0<\/span><span data-contrast=\"none\">c<\/span><span data-contrast=\"none\">omunicaci\u00f3n por\u00a0<\/span><span data-contrast=\"none\">l<\/span><span data-contrast=\"none\">uz\u00a0<\/span><span data-contrast=\"none\">v<\/span><span data-contrast=\"none\">isible<\/span><span data-contrast=\"none\">, ejercer mi profesi\u00f3n, encontrar un buen trabajo<\/span><span data-contrast=\"none\">\u00a0y m\u00e1s adelante me\u00a0<\/span><span data-contrast=\"none\">gustar\u00eda realizar una maestr\u00eda.<\/span><span data-ccp-props=\"{&quot;201341983&quot;:2,&quot;335559739&quot;:160,&quot;335559740&quot;:240}\">\u00a0<\/span><\/p>\n<p><span data-contrast=\"none\">Quisiera aprovechar para agradecer a\u00a0<\/span><span data-contrast=\"none\">la<\/span><span data-contrast=\"none\">\u00a0<\/span><span data-contrast=\"none\">r<\/span><span data-contrast=\"none\">ectora Sara Ladr\u00f3n de Guevara<\/span><span data-contrast=\"none\">;<\/span><span data-contrast=\"none\">\u00a0a \u00c1ngel Eduardo Gasca Herrera,\u00a0<\/span><span data-contrast=\"none\">d<\/span><span data-contrast=\"none\">irector\u00a0<\/span><span data-contrast=\"none\">g<\/span><span data-contrast=\"none\">eneral del \u00c1rea Acad\u00e9mica T\u00e9cnica<\/span><span data-contrast=\"none\">;<\/span><span data-contrast=\"none\">\u00a0al\u00a0<\/span><span data-contrast=\"none\">d<\/span><span data-contrast=\"none\">irector de\u00a0<\/span><span data-contrast=\"none\">la<\/span><span data-contrast=\"none\">\u00a0<\/span><span data-contrast=\"none\">F<\/span><span data-contrast=\"none\">aculta<\/span><span data-contrast=\"none\">d\u00a0<\/span><span data-contrast=\"none\">de Instrumentaci\u00f3n Electr\u00f3nica<\/span><span data-contrast=\"none\">,<\/span><span data-contrast=\"none\">\u00a0<\/span><span data-contrast=\"none\">Pablo Samuel Luna Lozano<\/span><span data-contrast=\"none\">;<\/span><span data-contrast=\"none\">\u00a0a Adriana Vivanco<\/span><span data-contrast=\"none\">\u00a0Guti\u00e9rrez<\/span><span data-contrast=\"none\">, responsabl<\/span><span data-contrast=\"none\">e de los programas de movilidad;<\/span><span data-contrast=\"none\">\u00a0a<\/span><span data-contrast=\"none\">l profesor<\/span><span data-contrast=\"none\">\u00a0Agust\u00edn\u00a0Gallardo\u00a0del \u00c1ngel y a todas las personas que nos brindaron su apoyo de manera incondicional para que esta\u00a0<\/span><span data-contrast=\"none\">d<\/span><span data-contrast=\"none\">oble\u00a0<\/span><span data-contrast=\"none\">t<\/span><span data-contrast=\"none\">itulaci\u00f3n\u00a0<\/span><span data-contrast=\"none\">fuera posible<\/span><span data-contrast=\"none\">.<\/span><span data-ccp-props=\"{&quot;201341983&quot;:2,&quot;335559739&quot;:160,&quot;335559740&quot;:240}\">\u00a0<\/span><\/p>\n","protected":false},"excerpt":{"rendered":"<p>Karen Nayely Romero Mauricio es una de los tres egresados con doble titulaci\u00f3n por la Universidad Veracruzana y el Instituto Tecnol\u00f3gico Metropolitano de Medell\u00edn, Colombia <\/p>\n","protected":false},"author":1775,"featured_media":90135,"comment_status":"closed","ping_status":"closed","sticky":false,"template":"","format":"standard","meta":{"footnotes":""},"categories":[61],"tags":[384,375,276,383,382,385,381],"class_list":["post-90132","post","type-post","status-publish","format-standard","has-post-thumbnail","hentry","category-banner","tag-colombia","tag-doble-titulacion","tag-instituto","tag-medellin","tag-metropolitano","tag-movilidad","tag-tecnologico"],"_links":{"self":[{"href":"https:\/\/www.uv.mx\/prensa\/wp-json\/wp\/v2\/posts\/90132","targetHints":{"allow":["GET"]}}],"collection":[{"href":"https:\/\/www.uv.mx\/prensa\/wp-json\/wp\/v2\/posts"}],"about":[{"href":"https:\/\/www.uv.mx\/prensa\/wp-json\/wp\/v2\/types\/post"}],"author":[{"embeddable":true,"href":"https:\/\/www.uv.mx\/prensa\/wp-json\/wp\/v2\/users\/1775"}],"replies":[{"embeddable":true,"href":"https:\/\/www.uv.mx\/prensa\/wp-json\/wp\/v2\/comments?post=90132"}],"version-history":[{"count":1,"href":"https:\/\/www.uv.mx\/prensa\/wp-json\/wp\/v2\/posts\/90132\/revisions"}],"predecessor-version":[{"id":90216,"href":"https:\/\/www.uv.mx\/prensa\/wp-json\/wp\/v2\/posts\/90132\/revisions\/90216"}],"wp:featuredmedia":[{"embeddable":true,"href":"https:\/\/www.uv.mx\/prensa\/wp-json\/wp\/v2\/media\/90135"}],"wp:attachment":[{"href":"https:\/\/www.uv.mx\/prensa\/wp-json\/wp\/v2\/media?parent=90132"}],"wp:term":[{"taxonomy":"category","embeddable":true,"href":"https:\/\/www.uv.mx\/prensa\/wp-json\/wp\/v2\/categories?post=90132"},{"taxonomy":"post_tag","embeddable":true,"href":"https:\/\/www.uv.mx\/prensa\/wp-json\/wp\/v2\/tags?post=90132"}],"curies":[{"name":"wp","href":"https:\/\/api.w.org\/{rel}","templated":true}]}}