{"id":90129,"date":"2020-11-14T08:00:08","date_gmt":"2020-11-14T14:00:08","guid":{"rendered":"https:\/\/www.uv.mx\/prensa\/?p=90129"},"modified":"2020-11-17T14:03:20","modified_gmt":"2020-11-17T20:03:20","slug":"colores-que-vuelan-fotografias-de-rafael-ruiz-en-sala-virtual","status":"publish","type":"post","link":"https:\/\/www.uv.mx\/prensa\/cultura\/colores-que-vuelan-fotografias-de-rafael-ruiz-en-sala-virtual\/","title":{"rendered":"<em>Colores que vuelan<\/em>, fotograf\u00edas de Rafael Ruiz en sala virtual\u00a0"},"content":{"rendered":"<ul>\n<li data-leveltext=\"\uf0b7\" data-font=\"Symbol\" data-listid=\"5\" data-aria-posinset=\"1\" data-aria-level=\"1\"><i><span data-contrast=\"auto\">Exhibe <\/span><\/i><i><span data-contrast=\"auto\">40 <\/span><\/i><i><span data-contrast=\"auto\">im\u00e1genes de aves residentes y migratorias de Veracruz, M\u00e9xico y el mundo<\/span><\/i><span data-ccp-props=\"{}\">\u00a0<\/span><\/li>\n<li data-leveltext=\"\uf0b7\" data-font=\"Symbol\" data-listid=\"5\" data-aria-posinset=\"2\" data-aria-level=\"1\"><i><span data-contrast=\"auto\">\u201cLa muestra representa un retrato fresco de cotidianidad, y lo \u00fanico que pido al p\u00fablico es que se deje maravillar\u201d, declar\u00f3<\/span><\/i><span data-ccp-props=\"{}\">\u00a0<\/span><\/li>\n<\/ul>\n<p><span data-ccp-props=\"{}\">\u00a0<\/span><\/p>\n<div id=\"attachment_90130\" style=\"width: 732px\" class=\"wp-caption aligncenter\"><a href=\"https:\/\/www.uv.mx\/prensa\/files\/2020\/11\/121120-CARLOS-Colores-que-vuelan-1.jpg\"><img loading=\"lazy\" decoding=\"async\" aria-describedby=\"caption-attachment-90130\" class=\"size-full wp-image-90130\" src=\"https:\/\/www.uv.mx\/prensa\/files\/2020\/11\/121120-CARLOS-Colores-que-vuelan-1.jpg\" alt=\"\" width=\"722\" height=\"330\" srcset=\"https:\/\/www.uv.mx\/prensa\/files\/2020\/11\/121120-CARLOS-Colores-que-vuelan-1.jpg 722w, https:\/\/www.uv.mx\/prensa\/files\/2020\/11\/121120-CARLOS-Colores-que-vuelan-1-300x137.jpg 300w\" sizes=\"auto, (max-width: 722px) 100vw, 722px\" \/><\/a><p id=\"caption-attachment-90130\" class=\"wp-caption-text\">Fotograf\u00eda de tuc\u00e1n realizada en el municipio de Emiliano Zapata<\/p><\/div>\n<p><span data-ccp-props=\"{}\">\u00a0<\/span><\/p>\n<p><span data-ccp-props=\"{}\">\u00a0<\/span><\/p>\n<p><b><i><span data-contrast=\"auto\">Carlos Hugo Hermida Rosales<\/span><\/i><\/b><span data-ccp-props=\"{}\">\u00a0<\/span><\/p>\n<p><b><i><span data-contrast=\"auto\">14<\/span><\/i><\/b><b><i><span data-contrast=\"auto\">\/11\/<\/span><\/i><\/b><b><i><span data-contrast=\"auto\">2020<\/span><\/i><\/b><b><i><span data-contrast=\"auto\">,<\/span><\/i><\/b> <b><i><span data-contrast=\"auto\">Xalapa, <\/span><\/i><\/b><b><i><span data-contrast=\"auto\">Ver.<\/span><\/i><\/b><b><i><span data-contrast=\"auto\">&#8211;<\/span><\/i><\/b> <span data-contrast=\"auto\">Rafael Ruiz Arroyo, fot\u00f3grafo naturalista <\/span><b><span data-contrast=\"auto\">e <\/span><\/b><span data-contrast=\"auto\">integrante<\/span> <span data-contrast=\"auto\">de la Universidad Veracruzana (UV), inaugur\u00f3 el 11 de noviembre la <\/span><a href=\"http:\/\/www.ivec.gob.mx\/exposiciones\/Colores\/\"><span data-contrast=\"none\">exposici\u00f3n<\/span><span data-contrast=\"none\"> fotogr\u00e1fica<\/span><span data-contrast=\"none\"> virtual <\/span><i><span data-contrast=\"none\">Colores que v<\/span><\/i><i><span data-contrast=\"none\">uelan<\/span><\/i><\/a><span data-contrast=\"auto\">, <\/span><span data-contrast=\"auto\">compuesta<\/span><span data-contrast=\"auto\"> por <\/span><span data-contrast=\"auto\">40 <\/span><span data-contrast=\"auto\">retratos de aves <\/span><span data-contrast=\"auto\">residentes y migratorias<\/span> <span data-contrast=\"auto\">de Veracruz, M\u00e9xico y el mundo.<\/span><span data-ccp-props=\"{}\">\u00a0<\/span><\/p>\n<p><span data-contrast=\"auto\">El autor explic\u00f3 <\/span><span data-contrast=\"auto\">que<\/span><span data-contrast=\"auto\">,<\/span><span data-contrast=\"auto\"> a trav\u00e9s de <\/span><span data-contrast=\"auto\">estas fotograf\u00edas<\/span> <span data-contrast=\"auto\">de especies identificadas y registradas por estudiosos a nivel mundial, <\/span><span data-contrast=\"auto\">busca sorprender con una <\/span><span data-contrast=\"auto\">sinfon\u00eda de colores que <\/span><span data-contrast=\"auto\">a<\/span><span data-contrast=\"auto\">compa\u00f1a a los trinos en cualquier punto de la espesura vegetal.\u00a0<\/span><span data-ccp-props=\"{&quot;335559731&quot;:708}\">\u00a0<\/span><\/p>\n<p><span data-contrast=\"auto\">\u201c<\/span><span data-contrast=\"auto\">La<\/span><span data-contrast=\"auto\"> muestra representa un retrato fresco de cotidianidad, y lo \u00fanico <\/span><span data-contrast=\"auto\">que pido<\/span><span data-contrast=\"auto\"> al <\/span><span data-contrast=\"auto\">p\u00fablico<\/span><span data-contrast=\"auto\"> es que se deje maravillar\u201d, declar\u00f3.\u00a0<\/span><span data-ccp-props=\"{&quot;335559731&quot;:708}\">\u00a0<\/span><\/p>\n<p><span data-contrast=\"auto\">Mencion\u00f3 que muchas de estas fotograf\u00edas fueron tomadas en el bosque, que m\u00e1s que un lugar para \u00e9l representa un estado de \u00e1nimo; manifest\u00f3 que en un parque, matorral, vereda de un cafetal, paraje perdido de la campi\u00f1a o incluso al lado de una oficina puede encontrarse el pr\u00f3ximo color en vuelo.<\/span><span data-ccp-props=\"{&quot;335559731&quot;:708}\">\u00a0<\/span><\/p>\n<p><span data-contrast=\"auto\">Rafael Ruiz particip\u00f3 en 2010 en el<\/span> <span data-contrast=\"auto\">X\u202fCongreso para el Estudio y Conservaci\u00f3n de las Aves en M\u00e9xico<\/span><span data-contrast=\"auto\">, en el que tom\u00f3 un curso de anillado de especies paseriformes, que se desarroll\u00f3 en la Estaci\u00f3n Biol\u00f3gica Tropical Los <\/span><span data-contrast=\"auto\">Tuxtlas<\/span><span data-contrast=\"auto\"> de la <\/span><span data-contrast=\"auto\">UNAM.<\/span><span data-ccp-props=\"{&quot;335559731&quot;:708}\">\u00a0<\/span><\/p>\n<p><span data-contrast=\"auto\">A partir de a<\/span><span data-contrast=\"auto\">h<\/span><span data-contrast=\"auto\">\u00ed ha participado en el anillamiento de aves en diversos proyectos, y a trav\u00e9s de su c\u00e1mara ha creado un acervo de m\u00e1s<\/span><span data-contrast=\"auto\"> de 45 mil fotograf\u00edas de<\/span><span data-contrast=\"auto\"> diversas<\/span><span data-contrast=\"auto\"> especies<\/span><span data-contrast=\"auto\">.<\/span><span data-contrast=\"auto\">\u00a0<\/span><span data-ccp-props=\"{&quot;335559731&quot;:708}\">\u00a0<\/span><\/p>\n<p><span data-contrast=\"auto\">La muestra <\/span><i><span data-contrast=\"auto\">Colores que <\/span><\/i><i><span data-contrast=\"auto\">v<\/span><\/i><i><span data-contrast=\"auto\">uelan<\/span><\/i><span data-contrast=\"auto\"> ya ha sido <\/span><span data-contrast=\"auto\">presentada<\/span><span data-contrast=\"auto\"> en el Museo de Antropolog\u00eda de Xalapa, la Unidad de Servicios Bibliotecarios y de Informaci\u00f3n, y la Feria Internacional del Libro Universitario de la UV<\/span><span data-contrast=\"auto\">,<\/span><span data-contrast=\"auto\"> entre otros recintos.<\/span><span data-ccp-props=\"{&quot;335559731&quot;:708}\">\u00a0<\/span><\/p>\n<p><span data-contrast=\"auto\">Esta exposici\u00f3n se encuentra disponible para su libre visualizaci\u00f3n en la p\u00e1gina <\/span><i><span data-contrast=\"auto\">web<\/span><\/i> <a href=\"http:\/\/www.ivec.gob.mx\/exposiciones\/Colores\/\"><span data-contrast=\"none\">http:\/\/www.ivec.gob.mx\/exposicion<\/span><span data-contrast=\"none\">e<\/span><span data-contrast=\"none\">s\/Colores\/<\/span><\/a><span data-contrast=\"auto\">.<\/span><span data-ccp-props=\"{&quot;335559731&quot;:708}\">\u00a0<\/span><\/p>\n<p><span data-ccp-props=\"{}\">\u00a0<\/span><\/p>\n<div id=\"attachment_90131\" style=\"width: 732px\" class=\"wp-caption aligncenter\"><a href=\"https:\/\/www.uv.mx\/prensa\/files\/2020\/11\/121120-CARLOS-Colores-que-vuelan-2.jpg\"><img loading=\"lazy\" decoding=\"async\" aria-describedby=\"caption-attachment-90131\" class=\"size-full wp-image-90131\" src=\"https:\/\/www.uv.mx\/prensa\/files\/2020\/11\/121120-CARLOS-Colores-que-vuelan-2.jpg\" alt=\"\" width=\"722\" height=\"483\" srcset=\"https:\/\/www.uv.mx\/prensa\/files\/2020\/11\/121120-CARLOS-Colores-que-vuelan-2.jpg 722w, https:\/\/www.uv.mx\/prensa\/files\/2020\/11\/121120-CARLOS-Colores-que-vuelan-2-300x201.jpg 300w\" sizes=\"auto, (max-width: 722px) 100vw, 722px\" \/><\/a><p id=\"caption-attachment-90131\" class=\"wp-caption-text\">Rafael Ruiz Arroyo<\/p><\/div>\n<p>&nbsp;<\/p>\n","protected":false},"excerpt":{"rendered":"<p>Esta exposici\u00f3n se puede ver en el sitio http:\/\/www.ivec.gob.mx\/exposiciones\/Colores\/\u00a0<\/p>\n","protected":false},"author":1869,"featured_media":90142,"comment_status":"closed","ping_status":"closed","sticky":false,"template":"","format":"standard","meta":{"footnotes":""},"categories":[11,61],"tags":[],"class_list":["post-90129","post","type-post","status-publish","format-standard","has-post-thumbnail","hentry","category-cultura","category-banner"],"_links":{"self":[{"href":"https:\/\/www.uv.mx\/prensa\/wp-json\/wp\/v2\/posts\/90129","targetHints":{"allow":["GET"]}}],"collection":[{"href":"https:\/\/www.uv.mx\/prensa\/wp-json\/wp\/v2\/posts"}],"about":[{"href":"https:\/\/www.uv.mx\/prensa\/wp-json\/wp\/v2\/types\/post"}],"author":[{"embeddable":true,"href":"https:\/\/www.uv.mx\/prensa\/wp-json\/wp\/v2\/users\/1869"}],"replies":[{"embeddable":true,"href":"https:\/\/www.uv.mx\/prensa\/wp-json\/wp\/v2\/comments?post=90129"}],"version-history":[{"count":1,"href":"https:\/\/www.uv.mx\/prensa\/wp-json\/wp\/v2\/posts\/90129\/revisions"}],"predecessor-version":[{"id":90236,"href":"https:\/\/www.uv.mx\/prensa\/wp-json\/wp\/v2\/posts\/90129\/revisions\/90236"}],"wp:featuredmedia":[{"embeddable":true,"href":"https:\/\/www.uv.mx\/prensa\/wp-json\/wp\/v2\/media\/90142"}],"wp:attachment":[{"href":"https:\/\/www.uv.mx\/prensa\/wp-json\/wp\/v2\/media?parent=90129"}],"wp:term":[{"taxonomy":"category","embeddable":true,"href":"https:\/\/www.uv.mx\/prensa\/wp-json\/wp\/v2\/categories?post=90129"},{"taxonomy":"post_tag","embeddable":true,"href":"https:\/\/www.uv.mx\/prensa\/wp-json\/wp\/v2\/tags?post=90129"}],"curies":[{"name":"wp","href":"https:\/\/api.w.org\/{rel}","templated":true}]}}