{"id":90106,"date":"2020-11-13T16:30:52","date_gmt":"2020-11-13T22:30:52","guid":{"rendered":"https:\/\/www.uv.mx\/prensa\/?p=90106"},"modified":"2020-11-17T14:08:31","modified_gmt":"2020-11-17T20:08:31","slug":"autoridades-de-la-uv-se-sumaron-a-apadrina-una-carta-desde-casa","status":"publish","type":"post","link":"https:\/\/www.uv.mx\/prensa\/banner\/autoridades-de-la-uv-se-sumaron-a-apadrina-una-carta-desde-casa\/","title":{"rendered":"Autoridades de la UV se sumaron a \u201cApadrina una carta desde casa\u201d\u00a0\u00a0"},"content":{"rendered":"<style type=\"text\/css\">\n  blockquote p { color: #28519b; font-family: helvetica; font-size: 1.6em; }<br \/><\/style>\n<ul>\n<li data-leveltext=\"\uf0b7\" data-font=\"Symbol\" data-listid=\"1\" data-aria-posinset=\"1\" data-aria-level=\"1\"><i><span data-contrast=\"auto\">La campa\u00f1a del Voluntariado de la Universidad Veracruzana recibir\u00e1 donaciones para regalar bicicletas a ni\u00f1os de comunidades veracruzanas<\/span><\/i><span data-contrast=\"auto\">\u00a0<\/span><span data-ccp-props=\"{&quot;134233279&quot;:true,&quot;201341983&quot;:1,&quot;335551550&quot;:1,&quot;335551620&quot;:1,&quot;335559739&quot;:160,&quot;335559740&quot;:330}\">\u00a0<\/span><\/li>\n<li data-leveltext=\"\uf0b7\" data-font=\"Symbol\" data-listid=\"1\" data-aria-posinset=\"2\" data-aria-level=\"1\"><i><span data-contrast=\"auto\">El<\/span><\/i> <i><span data-contrast=\"auto\">contacto es <\/span><\/i><i><span data-contrast=\"auto\">a trav\u00e9s de <\/span><\/i><span data-contrast=\"auto\">WhatsApp<\/span><i><span data-contrast=\"auto\">,<\/span><\/i><i><span data-contrast=\"auto\"> al tel\u00e9fono 2283154270<\/span><\/i><i><span data-contrast=\"auto\">,<\/span><\/i><i><span data-contrast=\"auto\"> y <\/span><\/i><i><span data-contrast=\"auto\">del<\/span><\/i><i><span data-contrast=\"auto\"> correo electr\u00f3nico <\/span><\/i><a href=\"mailto:apadrinaunacarta@gmail.com\"><i><span data-contrast=\"none\">apadrinaunacarta@gmail.com<\/span><\/i><\/a><i><span data-contrast=\"auto\">\u00a0<\/span><\/i><span data-ccp-props=\"{&quot;134233279&quot;:true,&quot;201341983&quot;:1,&quot;335551550&quot;:1,&quot;335551620&quot;:1,&quot;335559739&quot;:160,&quot;335559740&quot;:330}\">\u00a0<\/span><\/li>\n<\/ul>\n<p><span data-contrast=\"auto\">\u00a0<\/span><span data-ccp-props=\"{&quot;201341983&quot;:1,&quot;335551550&quot;:1,&quot;335551620&quot;:1,&quot;335559739&quot;:160,&quot;335559740&quot;:330}\">\u00a0<\/span><\/p>\n<div id=\"attachment_90108\" style=\"width: 732px\" class=\"wp-caption aligncenter\"><a href=\"https:\/\/www.uv.mx\/prensa\/files\/2020\/11\/131120-DAVID-visita-Voluntariado-UV-rectoria-1.jpg\"><img loading=\"lazy\" decoding=\"async\" aria-describedby=\"caption-attachment-90108\" class=\"size-full wp-image-90108\" src=\"https:\/\/www.uv.mx\/prensa\/files\/2020\/11\/131120-DAVID-visita-Voluntariado-UV-rectoria-1.jpg\" alt=\"\" width=\"722\" height=\"480\" srcset=\"https:\/\/www.uv.mx\/prensa\/files\/2020\/11\/131120-DAVID-visita-Voluntariado-UV-rectoria-1.jpg 722w, https:\/\/www.uv.mx\/prensa\/files\/2020\/11\/131120-DAVID-visita-Voluntariado-UV-rectoria-1-300x199.jpg 300w\" sizes=\"auto, (max-width: 722px) 100vw, 722px\" \/><\/a><p id=\"caption-attachment-90108\" class=\"wp-caption-text\">La rectora Sara Ladr\u00f3n de Guevara entreg\u00f3 a Elia Beltr\u00e1n, titular del Voluntariado UV, su apoyo a la campa\u00f1a \u201cApadrina una carta desde casa\u201d.<\/p><\/div>\n<p><span data-contrast=\"auto\">\u00a0<\/span><span data-ccp-props=\"{&quot;201341983&quot;:1,&quot;335551550&quot;:1,&quot;335551620&quot;:1,&quot;335559739&quot;:160,&quot;335559740&quot;:330}\">\u00a0<\/span><\/p>\n<blockquote><p>Existe la posibilidad de apoyar mediante un vale de n\u00f3mina, solicitando en el n\u00famero de WhatsApp el formato para su llenado y con un descuento en dos quincenas. El vale deber\u00e1 enviarse mediante el correo institucional del trabajador al correo apadrinaunacarta@gmail.com.<\/p><\/blockquote>\n<p><span data-ccp-props=\"{&quot;201341983&quot;:1,&quot;335551550&quot;:1,&quot;335551620&quot;:1,&quot;335559739&quot;:160,&quot;335559740&quot;:330}\">\u00a0<\/span><\/p>\n<p><b><i><span data-contrast=\"auto\">David Sandoval Rodr\u00edguez<\/span><\/i><\/b><span data-contrast=\"auto\">\u00a0<\/span><span data-ccp-props=\"{&quot;201341983&quot;:1,&quot;335551550&quot;:1,&quot;335551620&quot;:1,&quot;335559739&quot;:160,&quot;335559740&quot;:330}\">\u00a0<\/span><\/p>\n<p><b><i><span data-contrast=\"auto\">13\/11\/2020, Xalapa, Ver.-<\/span><\/i><\/b><span data-contrast=\"auto\"> El <a href=\"https:\/\/www.uv.mx\/voluntariado\/\" target=\"_blank\" rel=\"noopener noreferrer\">Voluntariado<\/a> de la Universidad Veracruzana (UV) visit\u00f3 a las autoridades universitarias encabezadas por la rectora Sara Ladr\u00f3n de Guevara, para recibir donativos y hacer entrega de las constancias de agradecimiento por el apoyo a la campa\u00f1a \u201cApadrina una carta desde casa\u201d.<\/span><span data-contrast=\"auto\">\u00a0<\/span><span data-ccp-props=\"{&quot;201341983&quot;:1,&quot;335551550&quot;:1,&quot;335551620&quot;:1,&quot;335559739&quot;:160,&quot;335559740&quot;:330}\">\u00a0<\/span><\/p>\n<p><span data-contrast=\"auto\">En el recorrido, la titular del Voluntariado UV, Elia Mar\u00eda Beltr\u00e1n Coronel, visit\u00f3 a los titulares de la Secretar\u00eda Acad\u00e9mica, de la Secretar\u00eda de Administraci\u00f3n y Finanzas y de la Secretar\u00eda de Desarrollo Institucional, Magdalena Hern\u00e1ndez Alarc\u00f3n, Salvador Tapia Spinoso, Octavio Ochoa Contreras, respectivamente; tambi\u00e9n al abogado general Alberto Islas Reyes y al Director General del \u00c1rea Acad\u00e9mica T\u00e9cnica, \u00c1ngel Eduardo Gasca Herrera, entre otros.<\/span><span data-contrast=\"auto\">\u00a0<\/span><span data-ccp-props=\"{&quot;201341983&quot;:1,&quot;335551550&quot;:1,&quot;335551620&quot;:1,&quot;335559731&quot;:720,&quot;335559739&quot;:160,&quot;335559740&quot;:330}\">\u00a0<\/span><\/p>\n<p>&nbsp;<\/p>\n<div id=\"attachment_90109\" style=\"width: 732px\" class=\"wp-caption aligncenter\"><a href=\"https:\/\/www.uv.mx\/prensa\/files\/2020\/11\/131120-DAVID-visita-Voluntariado-UV-rectoria-2.jpg\"><img loading=\"lazy\" decoding=\"async\" aria-describedby=\"caption-attachment-90109\" class=\"size-full wp-image-90109\" src=\"https:\/\/www.uv.mx\/prensa\/files\/2020\/11\/131120-DAVID-visita-Voluntariado-UV-rectoria-2.jpg\" alt=\"\" width=\"722\" height=\"480\" srcset=\"https:\/\/www.uv.mx\/prensa\/files\/2020\/11\/131120-DAVID-visita-Voluntariado-UV-rectoria-2.jpg 722w, https:\/\/www.uv.mx\/prensa\/files\/2020\/11\/131120-DAVID-visita-Voluntariado-UV-rectoria-2-300x199.jpg 300w\" sizes=\"auto, (max-width: 722px) 100vw, 722px\" \/><\/a><p id=\"caption-attachment-90109\" class=\"wp-caption-text\">La secretaria Acad\u00e9mica, Magdalena Hern\u00e1ndez Alarc\u00f3n, se sum\u00f3 a\u00a0 \u201cApadrina una carta desde casa\u201d<\/p><\/div>\n<p><span data-contrast=\"auto\">Beltr\u00e1n Coronel destac\u00f3 que este a\u00f1o respetando las medidas sanitarias ocasionadas por la pandemia, se plane\u00f3 una campa\u00f1a acorde con la situaci\u00f3n actual: \u201cEs muy sencillo: se escribe a un n\u00famero telef\u00f3nico en <\/span><i><span data-contrast=\"auto\">WhatsApp<\/span><\/i><span data-contrast=\"auto\">, donde manifiestan su inter\u00e9s de ser padrino o madrina y se les env\u00eda en respuesta el n\u00famero de la cuenta bancaria donde pueden depositar\u201d, dijo.<\/span><span data-contrast=\"auto\">\u00a0<\/span><span data-ccp-props=\"{&quot;201341983&quot;:1,&quot;335551550&quot;:1,&quot;335551620&quot;:1,&quot;335559731&quot;:720,&quot;335559739&quot;:160,&quot;335559740&quot;:330}\">\u00a0<\/span><\/p>\n<p><span data-contrast=\"auto\">Las aportaciones pueden ser de 300, 500, 800 y mil pesos. Al realizar el dep\u00f3sito se env\u00eda el comprobante al mismo n\u00famero y el Voluntariado UV responder\u00e1 con un certificado digital, un cubrebocas impreso, un cubrebocas impreso con porta-cubrebocas y un cubrebocas bordado, respectivamente.<\/span><span data-contrast=\"auto\">\u00a0<\/span><span data-ccp-props=\"{&quot;201341983&quot;:1,&quot;335551550&quot;:1,&quot;335551620&quot;:1,&quot;335559731&quot;:720,&quot;335559739&quot;:160,&quot;335559740&quot;:330}\">\u00a0<\/span><\/p>\n<p><span data-contrast=\"auto\">\u201cEs una manera en la que el Voluntariado est\u00e1 agradeciendo la buena intenci\u00f3n de todos al apadrinar a los ni\u00f1os\u201d, agreg\u00f3.<\/span><span data-contrast=\"auto\">\u00a0<\/span><span data-ccp-props=\"{&quot;201341983&quot;:1,&quot;335551550&quot;:1,&quot;335551620&quot;:1,&quot;335559731&quot;:720,&quot;335559739&quot;:160,&quot;335559740&quot;:330}\">\u00a0<\/span><\/p>\n<p>&nbsp;<\/p>\n<div id=\"attachment_90113\" style=\"width: 732px\" class=\"wp-caption aligncenter\"><a href=\"https:\/\/www.uv.mx\/prensa\/files\/2020\/11\/DSC_9695.jpg\"><img loading=\"lazy\" decoding=\"async\" aria-describedby=\"caption-attachment-90113\" class=\"size-full wp-image-90113\" src=\"https:\/\/www.uv.mx\/prensa\/files\/2020\/11\/DSC_9695.jpg\" alt=\"\" width=\"722\" height=\"480\" srcset=\"https:\/\/www.uv.mx\/prensa\/files\/2020\/11\/DSC_9695.jpg 722w, https:\/\/www.uv.mx\/prensa\/files\/2020\/11\/DSC_9695-300x199.jpg 300w\" sizes=\"auto, (max-width: 722px) 100vw, 722px\" \/><\/a><p id=\"caption-attachment-90113\" class=\"wp-caption-text\">Salvador Tapia Spinoso, secretario de Administraci\u00f3n y Finanzas, tambi\u00e9n respald\u00f3 la iniciativa<\/p><\/div>\n<p>&nbsp;<\/p>\n<p><span data-contrast=\"auto\">Para apoyar la campa\u00f1a existe la posibilidad de hacerlo mediante un vale de n\u00f3mina, solicitando en el n\u00famero de <\/span><i><span data-contrast=\"auto\">WhatsApp<\/span><\/i><span data-contrast=\"auto\"> el formato para su llenado y con un descuento en dos quincenas. El vale deber\u00e1 enviarse mediante el correo institucional del trabajador al correo <\/span><a href=\"mailto:apadrinaunacarta@gmail.com\"><span data-contrast=\"none\">apadrinaunacarta@gmail.com<\/span><span data-contrast=\"none\">.<\/span><span data-contrast=\"none\">\u00a0<\/span><\/a><span data-ccp-props=\"{&quot;201341983&quot;:1,&quot;335551550&quot;:1,&quot;335551620&quot;:1,&quot;335559731&quot;:720,&quot;335559739&quot;:160,&quot;335559740&quot;:330}\">\u00a0<\/span><\/p>\n<p><span data-contrast=\"auto\">Advirti\u00f3 que esta opci\u00f3n s\u00f3lo est\u00e1 disponible para el presente a\u00f1o y a partir de enero se har\u00e1 \u00fanicamente a trav\u00e9s de dep\u00f3sitos bancarios.<\/span><span data-contrast=\"auto\">\u00a0<\/span><span data-ccp-props=\"{&quot;201341983&quot;:1,&quot;335551550&quot;:1,&quot;335551620&quot;:1,&quot;335559731&quot;:720,&quot;335559739&quot;:160,&quot;335559740&quot;:330}\">\u00a0<\/span><\/p>\n<p><span data-contrast=\"auto\">Esto es adem\u00e1s una colaboraci\u00f3n con la Fundaci\u00f3n UV, \u201cque participa de manera entusiasta en esta campa\u00f1a; as\u00ed, cuando los universitarios hagan su dep\u00f3sito se les extender\u00e1 un comprobante a nombre de la Fundaci\u00f3n, que adem\u00e1s es deducible de impuestos\u201d.<\/span><span data-contrast=\"auto\">\u00a0<\/span><span data-ccp-props=\"{&quot;201341983&quot;:1,&quot;335551550&quot;:1,&quot;335551620&quot;:1,&quot;335559731&quot;:720,&quot;335559739&quot;:160,&quot;335559740&quot;:330}\">\u00a0<\/span><\/p>\n<p>&nbsp;<\/p>\n<div id=\"attachment_90110\" style=\"width: 732px\" class=\"wp-caption aligncenter\"><a href=\"https:\/\/www.uv.mx\/prensa\/files\/2020\/11\/131120-DAVID-visita-Voluntariado-UV-rectoria-3.jpg\"><img loading=\"lazy\" decoding=\"async\" aria-describedby=\"caption-attachment-90110\" class=\"size-full wp-image-90110\" src=\"https:\/\/www.uv.mx\/prensa\/files\/2020\/11\/131120-DAVID-visita-Voluntariado-UV-rectoria-3.jpg\" alt=\"\" width=\"722\" height=\"480\" srcset=\"https:\/\/www.uv.mx\/prensa\/files\/2020\/11\/131120-DAVID-visita-Voluntariado-UV-rectoria-3.jpg 722w, https:\/\/www.uv.mx\/prensa\/files\/2020\/11\/131120-DAVID-visita-Voluntariado-UV-rectoria-3-300x199.jpg 300w\" sizes=\"auto, (max-width: 722px) 100vw, 722px\" \/><\/a><p id=\"caption-attachment-90110\" class=\"wp-caption-text\">Octavio Ochoa Contreras, secretario de Desarrollo Institucional, recibi\u00f3 un cubrebocas por su apoyo a la campa\u00f1a<\/p><\/div>\n<p>&nbsp;<\/p>\n<p><span data-contrast=\"auto\">A las dos opciones se suma el m\u00f3dulo instalado en la planta baja del Edificio \u201cA\u201d de Rector\u00eda, donde se atender\u00e1 a la comunidad universitaria interesada en participar.<\/span><span data-contrast=\"auto\">\u00a0<\/span><span data-ccp-props=\"{&quot;201341983&quot;:1,&quot;335551550&quot;:1,&quot;335551620&quot;:1,&quot;335559731&quot;:720,&quot;335559739&quot;:160,&quot;335559740&quot;:330}\">\u00a0<\/span><\/p>\n<p><span data-contrast=\"auto\">\u201cApadrina una carta desde casa\u201d regalar\u00e1 en esta ocasi\u00f3n bicicletas que se adquirir\u00e1n con los recursos obtenidos, con la intenci\u00f3n de evitar a los participantes acudir a comprar los juguetes.<\/span><span data-contrast=\"auto\">\u00a0<\/span><span data-ccp-props=\"{&quot;201341983&quot;:1,&quot;335551550&quot;:1,&quot;335551620&quot;:1,&quot;335559731&quot;:720,&quot;335559739&quot;:160,&quot;335559740&quot;:330}\">\u00a0<\/span><\/p>\n<p>&nbsp;<\/p>\n<div id=\"attachment_90111\" style=\"width: 732px\" class=\"wp-caption aligncenter\"><a href=\"https:\/\/www.uv.mx\/prensa\/files\/2020\/11\/131120-DAVID-visita-Voluntariado-UV-rectoria-4.jpg\"><img loading=\"lazy\" decoding=\"async\" aria-describedby=\"caption-attachment-90111\" class=\"size-full wp-image-90111\" src=\"https:\/\/www.uv.mx\/prensa\/files\/2020\/11\/131120-DAVID-visita-Voluntariado-UV-rectoria-4.jpg\" alt=\"\" width=\"722\" height=\"480\" srcset=\"https:\/\/www.uv.mx\/prensa\/files\/2020\/11\/131120-DAVID-visita-Voluntariado-UV-rectoria-4.jpg 722w, https:\/\/www.uv.mx\/prensa\/files\/2020\/11\/131120-DAVID-visita-Voluntariado-UV-rectoria-4-300x199.jpg 300w\" sizes=\"auto, (max-width: 722px) 100vw, 722px\" \/><\/a><p id=\"caption-attachment-90111\" class=\"wp-caption-text\">Elia Beltr\u00e1n record\u00f3 que hay varias opciones para participar, adem\u00e1s del m\u00f3dulo ubicado en la Rector\u00eda<\/p><\/div>\n<p>&nbsp;<\/p>\n<p><span data-contrast=\"auto\">\u201cEn todos los a\u00f1os que hemos acudido a entregar juguetes, la ilusi\u00f3n m\u00e1s grande de todos los ni\u00f1os es recibir una bicicleta y yo tengo mucha fe en la comunidad universitaria que lo haremos posible, generando muchas sonrisas en 2021\u201d, asegur\u00f3.<\/span><span data-contrast=\"auto\">\u00a0<\/span><span data-ccp-props=\"{&quot;201341983&quot;:1,&quot;335551550&quot;:1,&quot;335551620&quot;:1,&quot;335559731&quot;:720,&quot;335559739&quot;:160,&quot;335559740&quot;:330}\">\u00a0<\/span><\/p>\n<p><span data-contrast=\"auto\">A\u00f1o con a\u00f1o, la sociedad civil y la comunidad universitaria han incrementado gradualmente su participaci\u00f3n, con el apoyo del Colegio Americano de Xalapa y de parte de las autoridades de la m\u00e1xima casa de estudios de Veracruz.<\/span><span data-contrast=\"auto\">\u00a0<\/span><span data-ccp-props=\"{&quot;201341983&quot;:1,&quot;335551550&quot;:1,&quot;335551620&quot;:1,&quot;335559731&quot;:720,&quot;335559739&quot;:160,&quot;335559740&quot;:330}\">\u00a0<\/span><\/p>\n<p><span data-contrast=\"auto\">\u00a0<\/span><span data-ccp-props=\"{&quot;201341983&quot;:1,&quot;335551550&quot;:1,&quot;335551620&quot;:1,&quot;335559739&quot;:160,&quot;335559740&quot;:330}\">\u00a0<\/span><\/p>\n<div id=\"attachment_90112\" style=\"width: 732px\" class=\"wp-caption aligncenter\"><a href=\"https:\/\/www.uv.mx\/prensa\/files\/2020\/11\/DSC_9693.jpg\"><img loading=\"lazy\" decoding=\"async\" aria-describedby=\"caption-attachment-90112\" class=\"size-full wp-image-90112\" src=\"https:\/\/www.uv.mx\/prensa\/files\/2020\/11\/DSC_9693.jpg\" alt=\"\" width=\"722\" height=\"480\" srcset=\"https:\/\/www.uv.mx\/prensa\/files\/2020\/11\/DSC_9693.jpg 722w, https:\/\/www.uv.mx\/prensa\/files\/2020\/11\/DSC_9693-300x199.jpg 300w\" sizes=\"auto, (max-width: 722px) 100vw, 722px\" \/><\/a><p id=\"caption-attachment-90112\" class=\"wp-caption-text\">Alberto Islas Reyes, abogado general de la Universidad<\/p><\/div>\n","protected":false},"excerpt":{"rendered":"<p>Las aportaciones pueden ser de 300, 500, 800 y mil pesos. Al realizar el dep\u00f3sito se env\u00eda el comprobante al mismo n\u00famero y el Voluntariado UV responder\u00e1 con un certificado digital<\/p>\n","protected":false},"author":1869,"featured_media":90107,"comment_status":"closed","ping_status":"closed","sticky":false,"template":"","format":"standard","meta":{"footnotes":""},"categories":[61],"tags":[],"class_list":["post-90106","post","type-post","status-publish","format-standard","has-post-thumbnail","hentry","category-banner"],"_links":{"self":[{"href":"https:\/\/www.uv.mx\/prensa\/wp-json\/wp\/v2\/posts\/90106","targetHints":{"allow":["GET"]}}],"collection":[{"href":"https:\/\/www.uv.mx\/prensa\/wp-json\/wp\/v2\/posts"}],"about":[{"href":"https:\/\/www.uv.mx\/prensa\/wp-json\/wp\/v2\/types\/post"}],"author":[{"embeddable":true,"href":"https:\/\/www.uv.mx\/prensa\/wp-json\/wp\/v2\/users\/1869"}],"replies":[{"embeddable":true,"href":"https:\/\/www.uv.mx\/prensa\/wp-json\/wp\/v2\/comments?post=90106"}],"version-history":[{"count":1,"href":"https:\/\/www.uv.mx\/prensa\/wp-json\/wp\/v2\/posts\/90106\/revisions"}],"predecessor-version":[{"id":90239,"href":"https:\/\/www.uv.mx\/prensa\/wp-json\/wp\/v2\/posts\/90106\/revisions\/90239"}],"wp:featuredmedia":[{"embeddable":true,"href":"https:\/\/www.uv.mx\/prensa\/wp-json\/wp\/v2\/media\/90107"}],"wp:attachment":[{"href":"https:\/\/www.uv.mx\/prensa\/wp-json\/wp\/v2\/media?parent=90106"}],"wp:term":[{"taxonomy":"category","embeddable":true,"href":"https:\/\/www.uv.mx\/prensa\/wp-json\/wp\/v2\/categories?post=90106"},{"taxonomy":"post_tag","embeddable":true,"href":"https:\/\/www.uv.mx\/prensa\/wp-json\/wp\/v2\/tags?post=90106"}],"curies":[{"name":"wp","href":"https:\/\/api.w.org\/{rel}","templated":true}]}}