{"id":89953,"date":"2020-11-11T07:16:52","date_gmt":"2020-11-11T13:16:52","guid":{"rendered":"https:\/\/www.uv.mx\/prensa\/?p=89953"},"modified":"2020-11-11T07:18:04","modified_gmt":"2020-11-11T13:18:04","slug":"condde-cancela-oficialmente-universiada-nacional-2020","status":"publish","type":"post","link":"https:\/\/www.uv.mx\/prensa\/deportes\/condde-cancela-oficialmente-universiada-nacional-2020\/","title":{"rendered":"<em>Condde<\/em> cancela oficialmente la Universiada Nacional 2020"},"content":{"rendered":"<ul>\n<li data-leveltext=\"\uf0b7\" data-font=\"Symbol\" data-listid=\"1\" data-aria-posinset=\"1\" data-aria-level=\"1\"><i><span data-contrast=\"auto\">El organismo deportivo p<\/span><\/i><i><span data-contrast=\"auto\">refiere<\/span><\/i><i><span data-contrast=\"auto\"> salvaguardar la salud de la comunidad universitaria<\/span><\/i><span data-ccp-props=\"{&quot;201341983&quot;:0,&quot;335559739&quot;:0,&quot;335559740&quot;:240}\">\u00a0<\/span><\/li>\n<li data-leveltext=\"\uf0b7\" data-font=\"Symbol\" data-listid=\"1\" data-aria-posinset=\"2\" data-aria-level=\"1\"><i><span data-contrast=\"auto\">A principios de 2021 se evaluar\u00e1 la situaci\u00f3n y definir\u00e1n fechas\u00a0<\/span><\/i><span data-ccp-props=\"{&quot;201341983&quot;:0,&quot;335559739&quot;:0,&quot;335559740&quot;:240}\">\u00a0<\/span><\/li>\n<\/ul>\n<div id=\"attachment_89954\" style=\"width: 793px\" class=\"wp-caption aligncenter\"><a href=\"https:\/\/www.uv.mx\/prensa\/files\/2020\/11\/111120-Conndde-cancela-Universiada.jpg\"><img aria-describedby=\"caption-attachment-89954\" decoding=\"async\" loading=\"lazy\" class=\"size-full wp-image-89954\" src=\"https:\/\/www.uv.mx\/prensa\/files\/2020\/11\/111120-Conndde-cancela-Universiada.jpg\" alt=\"\" width=\"783\" height=\"481\" srcset=\"https:\/\/www.uv.mx\/prensa\/files\/2020\/11\/111120-Conndde-cancela-Universiada.jpg 783w, https:\/\/www.uv.mx\/prensa\/files\/2020\/11\/111120-Conndde-cancela-Universiada-300x184.jpg 300w, https:\/\/www.uv.mx\/prensa\/files\/2020\/11\/111120-Conndde-cancela-Universiada-768x472.jpg 768w\" sizes=\"(max-width: 783px) 100vw, 783px\" \/><\/a><p id=\"caption-attachment-89954\" class=\"wp-caption-text\">El anuncio se hizo a trav\u00e9s de un comunicado<\/p><\/div>\n<p><b><i><span data-contrast=\"auto\">Santiago Morales Ortiz<\/span><\/i><\/b><span data-ccp-props=\"{&quot;201341983&quot;:0,&quot;335559739&quot;:0,&quot;335559740&quot;:240}\">\u00a0<\/span><\/p>\n<p><b><i><span data-contrast=\"auto\">11\/11\/20<\/span><\/i><\/b><b><i><span data-contrast=\"auto\">20<\/span><\/i><\/b><b><i><span data-contrast=\"auto\">, Xalapa, Ver.-<\/span><\/i><\/b><span data-contrast=\"auto\"> El Consejo Nacional del Deporte de la Educaci\u00f3n (<\/span><i><span data-contrast=\"auto\">Condde<\/span><\/i><span data-contrast=\"auto\">)<\/span><span data-contrast=\"auto\"> anunci\u00f3 oficialmente la cancelaci\u00f3n de la <\/span><span data-contrast=\"auto\">Universiada<\/span><span data-contrast=\"auto\"> Nacional 2020, que tendr\u00eda como sede el estado de Guanajuato.<\/span><span data-ccp-props=\"{&quot;201341983&quot;:0,&quot;335559739&quot;:0,&quot;335559740&quot;:240}\">\u00a0<\/span><\/p>\n<p><span data-contrast=\"auto\">En un comunicado dirigido a todas las instituciones de educaci\u00f3n superior del pa\u00eds, el Consejo <\/span><span data-contrast=\"auto\">se\u00f1al\u00f3<\/span><span data-contrast=\"auto\">: \u201c<\/span><span data-contrast=\"auto\">L<\/span><span data-contrast=\"auto\">as <\/span><span data-contrast=\"auto\">condiciones actuales impiden reanudar las actividades como <\/span><span data-contrast=\"auto\">se <\/span><span data-contrast=\"auto\">quisi<\/span><span data-contrast=\"auto\">era<\/span><span data-contrast=\"auto\">, porque en M\u00e9xico y en el mundo a\u00fan no se ha llegado a superar esta lamentable pandemia, pero estamos seguros de que se contar\u00e1 con la soluci\u00f3n<\/span><span data-contrast=\"auto\">\u201d<\/span><span data-contrast=\"auto\">.<\/span><span data-ccp-props=\"{&quot;201341983&quot;:0,&quot;335559731&quot;:708,&quot;335559739&quot;:0,&quot;335559740&quot;:240}\">\u00a0<\/span><\/p>\n<p><span data-contrast=\"auto\">De esta manera<\/span><span data-contrast=\"auto\">,<\/span> <span data-contrast=\"auto\">el organismo<\/span><span data-contrast=\"auto\"> rector del deporte estudiantil<\/span><span data-contrast=\"auto\"> confirm\u00f3<\/span><span data-contrast=\"auto\"> que se cancela <\/span><span data-contrast=\"auto\">todo el proceso deportivo faltante que comprende: siete regionales, clasificatorios nacionales y la <\/span><span data-contrast=\"auto\">Universiada<\/span><span data-contrast=\"auto\"> Nacional 2020.<\/span><span data-ccp-props=\"{&quot;201341983&quot;:0,&quot;335559731&quot;:708,&quot;335559739&quot;:0,&quot;335559740&quot;:240}\">\u00a0<\/span><\/p>\n<p><span data-contrast=\"auto\">Se r<\/span><span data-contrast=\"auto\">eitera que la prioridad y el compromiso del <\/span><i><span data-contrast=\"auto\">Condde<\/span><\/i> <span data-contrast=\"auto\">es<\/span><span data-contrast=\"auto\"> salvaguardar la salud de la comunidad universitaria<\/span><span data-contrast=\"auto\">,<\/span> <span data-contrast=\"auto\">conformada\u00a0<\/span> <span data-contrast=\"auto\">por<\/span><span data-contrast=\"auto\"> estudiantes deportistas, entrenadores, <\/span><span data-contrast=\"auto\">c<\/span><span data-contrast=\"auto\">oordinadores y el gran equipo multidisciplinario del pa\u00eds.<\/span><span data-ccp-props=\"{&quot;201341983&quot;:0,&quot;335559731&quot;:708,&quot;335559739&quot;:0,&quot;335559740&quot;:240}\">\u00a0<\/span><\/p>\n<p><span data-contrast=\"auto\">Ser\u00e1 <\/span><span data-contrast=\"auto\">a<\/span><span data-contrast=\"auto\"> principios de 2021 cuando luego de una evaluaci\u00f3n <\/span><span data-contrast=\"auto\">de<\/span><span data-contrast=\"auto\"> la situaci\u00f3n se definan fechas y calendarios de las nuevas actividades.<\/span><span data-ccp-props=\"{&quot;201341983&quot;:0,&quot;335559731&quot;:708,&quot;335559739&quot;:0,&quot;335559740&quot;:240}\">\u00a0<\/span><\/p>\n","protected":false},"excerpt":{"rendered":"<p>Las condiciones actuales impiden reanudar las actividades, porque a\u00fan no se ha llegado a superar esta pandemia, pero estamos seguros de que se contar\u00e1 con la soluci\u00f3n\u201d, se\u00f1al\u00f3 el organismo deportivo a trav\u00e9s de un comunicado<\/p>\n","protected":false},"author":1508,"featured_media":89954,"comment_status":"closed","ping_status":"closed","sticky":false,"template":"","format":"standard","meta":[],"categories":[12],"tags":[],"_links":{"self":[{"href":"https:\/\/www.uv.mx\/prensa\/wp-json\/wp\/v2\/posts\/89953"}],"collection":[{"href":"https:\/\/www.uv.mx\/prensa\/wp-json\/wp\/v2\/posts"}],"about":[{"href":"https:\/\/www.uv.mx\/prensa\/wp-json\/wp\/v2\/types\/post"}],"author":[{"embeddable":true,"href":"https:\/\/www.uv.mx\/prensa\/wp-json\/wp\/v2\/users\/1508"}],"replies":[{"embeddable":true,"href":"https:\/\/www.uv.mx\/prensa\/wp-json\/wp\/v2\/comments?post=89953"}],"version-history":[{"count":1,"href":"https:\/\/www.uv.mx\/prensa\/wp-json\/wp\/v2\/posts\/89953\/revisions"}],"predecessor-version":[{"id":89958,"href":"https:\/\/www.uv.mx\/prensa\/wp-json\/wp\/v2\/posts\/89953\/revisions\/89958"}],"wp:featuredmedia":[{"embeddable":true,"href":"https:\/\/www.uv.mx\/prensa\/wp-json\/wp\/v2\/media\/89954"}],"wp:attachment":[{"href":"https:\/\/www.uv.mx\/prensa\/wp-json\/wp\/v2\/media?parent=89953"}],"wp:term":[{"taxonomy":"category","embeddable":true,"href":"https:\/\/www.uv.mx\/prensa\/wp-json\/wp\/v2\/categories?post=89953"},{"taxonomy":"post_tag","embeddable":true,"href":"https:\/\/www.uv.mx\/prensa\/wp-json\/wp\/v2\/tags?post=89953"}],"curies":[{"name":"wp","href":"https:\/\/api.w.org\/{rel}","templated":true}]}}