{"id":89935,"date":"2020-11-10T15:25:14","date_gmt":"2020-11-10T21:25:14","guid":{"rendered":"https:\/\/www.uv.mx\/prensa\/?p=89935"},"modified":"2021-04-09T14:19:52","modified_gmt":"2021-04-09T19:19:52","slug":"atencion-del-paciente-diabetico-involucra-a-la-familia","status":"publish","type":"post","link":"https:\/\/www.uv.mx\/prensa\/general\/atencion-del-paciente-diabetico-involucra-a-la-familia\/","title":{"rendered":"Atenci\u00f3n del paciente diab\u00e9tico involucra a la familia"},"content":{"rendered":"<ul>\n<li><em><span class=\"TextRun SCXW155266517 BCX8\" lang=\"ES-ES\" xml:lang=\"ES-ES\" data-contrast=\"auto\"><span class=\"NormalTextRun SCXW155266517 BCX8\" data-ccp-charstyle=\"normaltextrun1\" data-ccp-charstyle-defn=\"{&quot;ObjectId&quot;:&quot;0e0c613f-6b60-4b08-87cf-eb27af9ed444|54&quot;,&quot;Properties&quot;:[134233614,&quot;true&quot;,201340122,&quot;1&quot;,469775450,&quot;normaltextrun1&quot;,469778129,&quot;normaltextrun1&quot;,469778324,&quot;Default Paragraph Font&quot;],&quot;ClassId&quot;:1179649}\">\u201c<\/span><\/span><span class=\"TextRun SCXW155266517 BCX8\" lang=\"ES-ES\" xml:lang=\"ES-ES\" data-contrast=\"auto\"><span class=\"NormalTextRun SCXW155266517 BCX8\" data-ccp-charstyle=\"normaltextrun1\">S<\/span><\/span><span class=\"TextRun SCXW155266517 BCX8\" lang=\"ES-ES\" xml:lang=\"ES-ES\" data-contrast=\"auto\"><span class=\"NormalTextRun SCXW155266517 BCX8\" data-ccp-charstyle=\"normaltextrun1\">e busca fomentar el autocuidado, autonom\u00eda<\/span><\/span><span class=\"TextRun SCXW155266517 BCX8\" lang=\"ES-ES\" xml:lang=\"ES-ES\" data-contrast=\"auto\"><span class=\"NormalTextRun SCXW155266517 BCX8\" data-ccp-charstyle=\"normaltextrun1\">\u00a0y\u00a0<\/span><\/span><span class=\"TextRun SCXW155266517 BCX8\" lang=\"ES-ES\" xml:lang=\"ES-ES\" data-contrast=\"auto\"><span class=\"NormalTextRun SCXW155266517 BCX8\" data-ccp-charstyle=\"normaltextrun1\">autorresponsabilidad de las<\/span><\/span><span class=\"TextRun SCXW155266517 BCX8\" lang=\"ES-ES\" xml:lang=\"ES-ES\" data-contrast=\"auto\"><span class=\"NormalTextRun SCXW155266517 BCX8\" data-ccp-charstyle=\"normaltextrun1\">\u00a0personas con enfermedades<\/span><\/span><span class=\"TextRun SCXW155266517 BCX8\" lang=\"ES-ES\" xml:lang=\"ES-ES\" data-contrast=\"auto\"><span class=\"NormalTextRun SCXW155266517 BCX8\" data-ccp-charstyle=\"normaltextrun1\">\u00a0<\/span><\/span><span class=\"TextRun SCXW155266517 BCX8\" lang=\"ES-ES\" xml:lang=\"ES-ES\" data-contrast=\"auto\"><span class=\"NormalTextRun SCXW155266517 BCX8\" data-ccp-charstyle=\"normaltextrun1\">cr\u00f3nicas<\/span><\/span><span class=\"TextRun SCXW155266517 BCX8\" lang=\"ES-ES\" xml:lang=\"ES-ES\" data-contrast=\"auto\"><span class=\"NormalTextRun SCXW155266517 BCX8\" data-ccp-charstyle=\"normaltextrun1\">\u201d<\/span><\/span><span class=\"TextRun SCXW155266517 BCX8\" lang=\"ES-ES\" xml:lang=\"ES-ES\" data-contrast=\"auto\"><span class=\"NormalTextRun SCXW155266517 BCX8\" data-ccp-charstyle=\"normaltextrun1\">:\u00a0<\/span><\/span><span class=\"TextRun SCXW155266517 BCX8\" lang=\"ES-ES\" xml:lang=\"ES-ES\" data-contrast=\"auto\"><span class=\"NormalTextRun SCXW155266517 BCX8\" data-ccp-charstyle=\"normaltextrun1\">egresada UV<\/span><\/span><\/em><\/li>\n<\/ul>\n<p>&nbsp;<\/p>\n<div id=\"attachment_89936\" style=\"width: 732px\" class=\"wp-caption aligncenter\"><a href=\"https:\/\/www.uv.mx\/prensa\/files\/2020\/11\/091120-Redefinir-papel-de-la-enfermeria-1-100k.jpg\"><img aria-describedby=\"caption-attachment-89936\" decoding=\"async\" loading=\"lazy\" class=\"size-full wp-image-89936\" src=\"https:\/\/www.uv.mx\/prensa\/files\/2020\/11\/091120-Redefinir-papel-de-la-enfermeria-1-100k.jpg\" alt=\"Abigahid Vianey Morales Ortiz dijo que es necesario se redefina el papel de la enfermer\u00eda \" width=\"722\" height=\"474\" srcset=\"https:\/\/www.uv.mx\/prensa\/files\/2020\/11\/091120-Redefinir-papel-de-la-enfermeria-1-100k.jpg 722w, https:\/\/www.uv.mx\/prensa\/files\/2020\/11\/091120-Redefinir-papel-de-la-enfermeria-1-100k-300x197.jpg 300w\" sizes=\"(max-width: 722px) 100vw, 722px\" \/><\/a><p id=\"caption-attachment-89936\" class=\"wp-caption-text\">Abigahid Vianey Morales Ortiz dijo que es necesario se redefina el papel de la enfermer\u00eda<\/p><\/div>\n<p>&nbsp;<\/p>\n<p><b><i><span data-contrast=\"auto\">Jos\u00e9 Luis\u00a0<\/span><\/i><\/b><b><i><span data-contrast=\"auto\">Couttolenc<\/span><\/i><\/b><b><i><span data-contrast=\"auto\">\u00a0Soto<\/span><\/i><\/b><span data-ccp-props=\"{&quot;201341983&quot;:0,&quot;335559739&quot;:0,&quot;335559740&quot;:240}\">\u00a0<\/span><\/p>\n<p><b><i><span data-contrast=\"auto\">10<\/span><\/i><\/b><b><i><span data-contrast=\"auto\">\/11\/2020, Xalapa,\u00a0Ver.-<\/span><\/i><\/b><i><span data-contrast=\"auto\">\u00a0<\/span><\/i><span data-contrast=\"auto\">Abigahid<\/span><span data-contrast=\"auto\">\u00a0<\/span><span data-contrast=\"auto\">Vianey<\/span><span data-contrast=\"auto\">\u00a0Morales Ortiz,<\/span><span data-contrast=\"auto\">\u00a0egresada de la L<\/span><span data-contrast=\"auto\">icenciatura en Enfermer\u00eda y maestra en <a href=\"https:\/\/www.uv.mx\/isp\/\" target=\"_blank\" rel=\"noopener noreferrer\">Salud P\u00fablica por la Universidad Veracruzana<\/a> (UV),\u00a0<\/span><span data-contrast=\"auto\">expres\u00f3 que es necesario\u00a0<\/span><span data-contrast=\"auto\">redefinir\u00a0<\/span><span data-contrast=\"auto\">el papel de la enfermer\u00eda en la atenci\u00f3n a pacientes diab\u00e9ticos, a quienes\u00a0<\/span><span data-contrast=\"auto\">se\u00a0<\/span><span data-contrast=\"auto\">debe proporcionar\u00a0<\/span><span data-contrast=\"auto\">\u2013<\/span><span data-contrast=\"auto\">junto con la familia<\/span><span data-contrast=\"auto\">\u2013<\/span><span data-contrast=\"auto\">\u00a0<\/span><span data-contrast=\"auto\">una informaci\u00f3n integradora para un adecuado tratamiento.<\/span><span data-ccp-props=\"{&quot;201341983&quot;:0,&quot;335559739&quot;:0,&quot;335559740&quot;:240}\">\u00a0<\/span><\/p>\n<p><span data-contrast=\"auto\">La doctoranda en Ciencias de la Salud Colectiva por la Universidad Aut\u00f3noma Metropolitana (UAM), particip\u00f3 el 9 de noviembre en el 7\u00ba Simposio \u201cEnfoque multidisciplinario de la diabetes\u201d y\u00a0<\/span><span data-contrast=\"auto\">se\u00f1al\u00f3 que la diabetes mellitus (DM)\u00a0<\/span><span data-contrast=\"auto\">es<\/span><span data-contrast=\"auto\">\u00a0uno de los principales problemas de salud p\u00fablica por su elevada prevalencia, que puede afectar a personas de cualquier edad, sexo, clase social o \u00e1rea geogr\u00e1fica<\/span><span data-contrast=\"auto\">.<\/span><span data-ccp-props=\"{&quot;201341983&quot;:0,&quot;335559739&quot;:0,&quot;335559740&quot;:240}\">\u00a0<\/span><\/p>\n<p><span data-contrast=\"auto\">Agreg\u00f3 que\u00a0<\/span><span data-contrast=\"auto\">los grados de morbilidad, mortalidad y costo sanitario son muy altos, por lo que los cuidados de enfermer\u00eda deben\u00a0<\/span><span data-contrast=\"auto\">ser<\/span><span data-contrast=\"auto\">\u00a0continuos y no espor\u00e1dicos, al tiempo de un proceso pedag\u00f3gico<\/span><span data-contrast=\"auto\">\u00a0en el que el personal de enfermer\u00eda est\u00e1 comprometido a ense\u00f1ar tanto al paciente como a su familia.<\/span><span data-ccp-props=\"{&quot;201341983&quot;:0,&quot;335559731&quot;:708,&quot;335559739&quot;:0,&quot;335559740&quot;:240}\">\u00a0<\/span><\/p>\n<p><span data-contrast=\"auto\">Reconoci\u00f3 que algunos<\/span><span data-contrast=\"auto\">\u00a0programas sobre promoci\u00f3n de la salud han resultado eficaces, pero enfocados al aspecto m\u00e9dico, se\u00f1alando que es ah\u00ed en donde la enfermer\u00eda comienza a jugar un papel importante fomentando la autonom\u00eda y autorresponsabilidad de las personas con alguna en<\/span><span data-contrast=\"auto\">fermedad cr\u00f3nica como la DM.<\/span><span data-ccp-props=\"{&quot;201341983&quot;:0,&quot;335559739&quot;:0,&quot;335559740&quot;:240}\">\u00a0<\/span><\/p>\n<p><span data-contrast=\"auto\">Mencion\u00f3 que las o<\/span><span data-contrast=\"auto\">rganizaciones Panamericana de la Salud (OPS) y Mundial de la Salud (OMS) hacen \u00e9nfasis\u00a0que\u00a0para mejorar la calidad de atenci\u00f3n de la salud de personas con enfermedades cr\u00f3nicas, se requiere de una atenci\u00f3n integradora que promueva\u00a0<\/span><span data-contrast=\"auto\">el autocuidado en el paciente.<\/span><span data-ccp-props=\"{&quot;201341983&quot;:0,&quot;335559731&quot;:708,&quot;335559739&quot;:0,&quot;335559740&quot;:240}\">\u00a0<\/span><\/p>\n<p><span data-contrast=\"auto\">Plante\u00f3 que por ser la diabetes una enfermedad duradera que provoca cambios en el estilo de vida, y en la relaci\u00f3n y din\u00e1mica\u00a0<\/span><span data-contrast=\"auto\">sociofamiliar<\/span><span data-contrast=\"auto\">, se requiere de la autosuficiencia de los pacientes, a fin de que puedan mantener un plan alimenticio adecuado, as\u00ed como actividad f\u00edsica y terapia, que son esenciales para un buen tratamiento.<\/span><span data-ccp-props=\"{&quot;201341983&quot;:0,&quot;335559731&quot;:708,&quot;335559739&quot;:0,&quot;335559740&quot;:240}\">\u00a0<\/span><\/p>\n<p><span data-contrast=\"auto\">Vianey<\/span><span data-contrast=\"auto\">\u00a0Morales enfatiz\u00f3<\/span><span data-contrast=\"auto\">\u00a0que en la ense\u00f1anza a pacientes con enfermedades cr\u00f3nicas se debe involucrar el personal de salud, entre ellos enfermeros y enfermeras, brinda<\/span><span data-contrast=\"auto\">ndo<\/span><span data-contrast=\"auto\">\u00a0informaci\u00f3n accesible<\/span><span data-contrast=\"auto\">\u00a0tanto al paciente como a la familia, a fin de fomentar su participaci\u00f3n y tomar decisione<\/span><span data-contrast=\"auto\">s informadas sobre la atenci\u00f3n.<\/span><span data-ccp-props=\"{&quot;201341983&quot;:0,&quot;335559731&quot;:708,&quot;335559739&quot;:0,&quot;335559740&quot;:240}\">\u00a0<\/span><\/p>\n<p><span data-contrast=\"auto\">Recomend\u00f3\u00a0<\/span><span data-contrast=\"auto\">considerar<\/span><span data-contrast=\"auto\">\u00a0dos aspectos: la calidad y cantidad de informaci\u00f3n que se proporciona para tener presente en el cuidado del paciente<\/span><span data-contrast=\"auto\">\u00a0en el hogar<\/span><span data-contrast=\"auto\">, que en el caso de<\/span><span data-contrast=\"auto\">\u00a0padecimiento diab\u00e9tico debe incluir contenido educativo sobre alimentaci\u00f3n, c\u00f3mo realizar su glucemia capilar con tira reactiva o uso de gluc\u00f3metro, para la medici\u00f3n de la glucosa.<\/span><span data-ccp-props=\"{&quot;201341983&quot;:0,&quot;335559731&quot;:708,&quot;335559739&quot;:0,&quot;335559740&quot;:240}\">\u00a0<\/span><\/p>\n<p><span data-contrast=\"auto\">La diabetes ocupa un lugar destacado entre los desaf\u00edos epidemiol\u00f3gicos del siglo XXI, representa un problema de salud importante por sus complicaciones y secuelas que deja a su paso, como la retinopat\u00eda, nefropat\u00eda, neuropat\u00eda y la vasculopat\u00eda, y es reconocida por la OMS como una amenaza mundial, de ah\u00ed que la educaci\u00f3n del paciente es un componente integral de la atenci\u00f3n de enfermer\u00eda.<\/span><span data-ccp-props=\"{&quot;201341983&quot;:0,&quot;335559739&quot;:0,&quot;335559740&quot;:240}\">\u00a0<\/span><\/p>\n","protected":false},"excerpt":{"rendered":"<p>La diabetes ocupa un lugar destacado entre los desaf\u00edos epidemiol\u00f3gicos del siglo XXI, por sus complicaciones y secuelas<\/p>\n","protected":false},"author":1775,"featured_media":89936,"comment_status":"closed","ping_status":"closed","sticky":false,"template":"","format":"standard","meta":[],"categories":[1],"tags":[2216,360,100,777,2217,2218,1513],"_links":{"self":[{"href":"https:\/\/www.uv.mx\/prensa\/wp-json\/wp\/v2\/posts\/89935"}],"collection":[{"href":"https:\/\/www.uv.mx\/prensa\/wp-json\/wp\/v2\/posts"}],"about":[{"href":"https:\/\/www.uv.mx\/prensa\/wp-json\/wp\/v2\/types\/post"}],"author":[{"embeddable":true,"href":"https:\/\/www.uv.mx\/prensa\/wp-json\/wp\/v2\/users\/1775"}],"replies":[{"embeddable":true,"href":"https:\/\/www.uv.mx\/prensa\/wp-json\/wp\/v2\/comments?post=89935"}],"version-history":[{"count":1,"href":"https:\/\/www.uv.mx\/prensa\/wp-json\/wp\/v2\/posts\/89935\/revisions"}],"predecessor-version":[{"id":90096,"href":"https:\/\/www.uv.mx\/prensa\/wp-json\/wp\/v2\/posts\/89935\/revisions\/90096"}],"wp:featuredmedia":[{"embeddable":true,"href":"https:\/\/www.uv.mx\/prensa\/wp-json\/wp\/v2\/media\/89936"}],"wp:attachment":[{"href":"https:\/\/www.uv.mx\/prensa\/wp-json\/wp\/v2\/media?parent=89935"}],"wp:term":[{"taxonomy":"category","embeddable":true,"href":"https:\/\/www.uv.mx\/prensa\/wp-json\/wp\/v2\/categories?post=89935"},{"taxonomy":"post_tag","embeddable":true,"href":"https:\/\/www.uv.mx\/prensa\/wp-json\/wp\/v2\/tags?post=89935"}],"curies":[{"name":"wp","href":"https:\/\/api.w.org\/{rel}","templated":true}]}}