{"id":898,"date":"2015-07-01T15:30:38","date_gmt":"2015-07-01T20:30:38","guid":{"rendered":"https:\/\/www.uv.mx\/prensa\/?p=898"},"modified":"2015-07-01T15:33:59","modified_gmt":"2015-07-01T20:33:59","slug":"proceso-de-seleccion-transparenta-y-fortalece-la-academia-catedratico","status":"publish","type":"post","link":"https:\/\/www.uv.mx\/prensa\/general\/proceso-de-seleccion-transparenta-y-fortalece-la-academia-catedratico\/","title":{"rendered":"Proceso de selecci\u00f3n transparenta  y fortalece la academia: catedr\u00e1tico"},"content":{"rendered":"<p>&nbsp;<\/p>\n<ul>\n<li><em>\u201cTodo el proceso sigui\u00f3 tal cual lo marca el estatuto, las formas, las reglas\u201d: Oscar Jos\u00e9 Luis Cruz Reyes, profesor de tiempo completo<\/em><\/li>\n<\/ul>\n<p>&nbsp;<\/p>\n<p><strong><em>Claudia Peralta V\u00e1zquez<\/em><\/strong><\/p>\n<p>&nbsp;<\/p>\n<p><strong><em>1 de julio de 2015.-<\/em><\/strong> La calidad del proceso de selecci\u00f3n de nuevos acad\u00e9micos aplicada por la Universidad Veracruzana (UV) obliga a medir la capacidad que poseen como maestros, as\u00ed como identificar las fortalezas y debilidades dentro del quehacer diario, expres\u00f3 Oscar Jos\u00e9 Luis Cruz Reyes, catedr\u00e1tico de tiempo completo en la Facultad de Estad\u00edstica e Inform\u00e1tica de esta casa de estudios.<\/p>\n<p>Transcurrieron casi nueve a\u00f1os para que el joven maestro pudiera acceder a esta categor\u00eda, el cual representa una gran oportunidad de continuar esforz\u00e1ndose y especializarse para impartir cada experiencia educativa (EE) de la mejor manera posible.<\/p>\n<p>Cruz Reyes coment\u00f3 que hace apenas un a\u00f1o le fue asignada su plaza de tiempo completo bajo el proceso de reclutamiento establecido por la UV, que tiene la finalidad de transparentar y fortalecer el desarrollo de la planta acad\u00e9mica.<\/p>\n<p>\u201cUno de los requisitos era haber escrito art\u00edculos o realizado alguna estancia, esto me permiti\u00f3 esforzarme m\u00e1s y evaluar los estudios y preparaci\u00f3n que me hac\u00edan falta para conseguir una EE.\u201d<\/p>\n<p>Entrevistado en el Laboratorio de Redes de la Facultad de Estad\u00edstica de la UV, donde actualmente imparte clases a los estudiantes que cursan esta licenciatura, destac\u00f3 el apoyo invaluable que brinda la Universidad en el sentido de continuar prepar\u00e1ndose y participando en cursos de formaci\u00f3n: \u201cCada periodo intersemestral se puede solicitar alg\u00fan curso, incluso hemos gestionado otros para que sean impartidos aqu\u00ed en la Facultad\u201d.<\/p>\n<p>&nbsp;<\/p>\n<div id=\"attachment_904\" style=\"width: 310px\" class=\"wp-caption aligncenter\"><a href=\"https:\/\/www.uv.mx\/prensa\/files\/2015\/07\/Oscar-cruz-reyes.jpg\"><img aria-describedby=\"caption-attachment-904\" decoding=\"async\" loading=\"lazy\" class=\"size-medium wp-image-904\" src=\"https:\/\/www.uv.mx\/prensa\/files\/2015\/07\/Oscar-cruz-reyes-300x200.jpg\" alt=\"Oscar Jos\u00e9 Luis Cruz Reyes, catedr\u00e1tico de la Facultad de Estad\u00edstica e Inform\u00e1tica de la UV.\" width=\"300\" height=\"200\" srcset=\"https:\/\/www.uv.mx\/prensa\/files\/2015\/07\/Oscar-cruz-reyes-300x200.jpg 300w, https:\/\/www.uv.mx\/prensa\/files\/2015\/07\/Oscar-cruz-reyes-1024x683.jpg 1024w\" sizes=\"(max-width: 300px) 100vw, 300px\" \/><\/a><p id=\"caption-attachment-904\" class=\"wp-caption-text\">Oscar Jos\u00e9 Luis Cruz Reyes, catedr\u00e1tico de la Facultad de Estad\u00edstica e Inform\u00e1tica de la UV.<\/p><\/div>\n<p>&nbsp;<\/p>\n<p>Sin embargo, una de sus mayores satisfacciones, en donde tambi\u00e9n cont\u00f3 con el respaldo de la m\u00e1xima casa de estudios, fue haber coordinado la creaci\u00f3n de la Licenciatura en Redes y Servicios de C\u00f3mputo. \u201cActualmente la licenciatura est\u00e1 en curso, es la segunda generaci\u00f3n que ingresa\u201d.<\/p>\n<p>Oscar Jos\u00e9 Luis manifest\u00f3 que la primera EE que imparti\u00f3 fue Sistemas Operativos. En 2006 inici\u00f3 como interino y \u201cllegu\u00e9 a tener cinco experiencias educativas, evidentemente el pago no se compara con el que recibe un acad\u00e9mico de tiempo completo\u201d.<\/p>\n<p>Programas Operativos, Programaci\u00f3n de Sistemas, Redes I, II y III y Servicio Social, eran algunas de las EE que ofrec\u00eda a los alumnos de esta carrera. Fue hasta siete a\u00f1os despu\u00e9s que empez\u00f3 a cubrir un interinato de tiempo completo, aunque de manera previa ya hab\u00eda concursado para obtener otras EE, apeg\u00e1ndose al proceso de presentaci\u00f3n de curr\u00edculum y examen demostrativo.<\/p>\n<p>\u201cSin embargo, siempre era la cuesti\u00f3n de tronarme los dedos y pensar en lo que ocurrir\u00eda el siguiente semestre\u201d. Fue a partir de esta nueva administraci\u00f3n que las cosas cambiaron, \u201cpero de igual forma present\u00e9 el examen de m\u00e9ritos y de oposici\u00f3n\u201d, dijo.<\/p>\n<p>\u201cTodo el proceso sigui\u00f3 tal cual lo marca el estatuto, las formas, las reglas\u201d. Consider\u00f3 que \u00e9sta ha sido una experiencia muy enriquecedora y formativa, \u201cme ense\u00f1\u00f3 a amar mi trabajo a\u00fan m\u00e1s, que las cosas muchas veces no salen como uno cree o como uno quisiera, las cosas se dan a medida que uno se va esforzando\u201d.<\/p>\n<p>Cruz Reyes manifest\u00f3 que esta ideolog\u00eda suele transmit\u00edrsela a sus alumnos, a quienes siempre les habla sobre el \u00e9xito y los logros en la vida, y del esfuerzo que deben mostrar para ello, pues la recompensa viene al final.<\/p>\n","protected":false},"excerpt":{"rendered":"<p><strong><em>Claudia Peralta V\u00e1zquez,1 de julio de 2015.-<\/em><\/strong>La calidad del proceso de selecci\u00f3n de nuevos acad\u00e9micos aplicada por la Universidad Veracruzana (UV) obliga a medir la capacidad que poseen como maestros, as\u00ed como identificar las fortalezas y debilidades dentro del quehacer diario, expres\u00f3 Oscar Jos\u00e9 Luis Cruz Reyes, catedr\u00e1tico de tiempo completo en la Facultad de Estad\u00edstica e Inform\u00e1tica de esta casa de estudios.<\/p>\n","protected":false},"author":1810,"featured_media":908,"comment_status":"closed","ping_status":"closed","sticky":false,"template":"","format":"standard","meta":[],"categories":[1],"tags":[2],"_links":{"self":[{"href":"https:\/\/www.uv.mx\/prensa\/wp-json\/wp\/v2\/posts\/898"}],"collection":[{"href":"https:\/\/www.uv.mx\/prensa\/wp-json\/wp\/v2\/posts"}],"about":[{"href":"https:\/\/www.uv.mx\/prensa\/wp-json\/wp\/v2\/types\/post"}],"author":[{"embeddable":true,"href":"https:\/\/www.uv.mx\/prensa\/wp-json\/wp\/v2\/users\/1810"}],"replies":[{"embeddable":true,"href":"https:\/\/www.uv.mx\/prensa\/wp-json\/wp\/v2\/comments?post=898"}],"version-history":[{"count":0,"href":"https:\/\/www.uv.mx\/prensa\/wp-json\/wp\/v2\/posts\/898\/revisions"}],"wp:featuredmedia":[{"embeddable":true,"href":"https:\/\/www.uv.mx\/prensa\/wp-json\/wp\/v2\/media\/908"}],"wp:attachment":[{"href":"https:\/\/www.uv.mx\/prensa\/wp-json\/wp\/v2\/media?parent=898"}],"wp:term":[{"taxonomy":"category","embeddable":true,"href":"https:\/\/www.uv.mx\/prensa\/wp-json\/wp\/v2\/categories?post=898"},{"taxonomy":"post_tag","embeddable":true,"href":"https:\/\/www.uv.mx\/prensa\/wp-json\/wp\/v2\/tags?post=898"}],"curies":[{"name":"wp","href":"https:\/\/api.w.org\/{rel}","templated":true}]}}