{"id":89755,"date":"2020-11-08T08:00:50","date_gmt":"2020-11-08T14:00:50","guid":{"rendered":"https:\/\/www.uv.mx\/prensa\/?p=89755"},"modified":"2020-11-10T07:41:42","modified_gmt":"2020-11-10T13:41:42","slug":"el-encierro-por-la-pandemia-es-una-paradoja-enrique-vargas-madrazo","status":"publish","type":"post","link":"https:\/\/www.uv.mx\/prensa\/banner\/el-encierro-por-la-pandemia-es-una-paradoja-enrique-vargas-madrazo\/","title":{"rendered":"El encierro por la pandemia es una paradoja: Enrique Vargas Madrazo"},"content":{"rendered":"<style type=\"text\/css\">\n  blockquote p { color: #28519b; font-family: helvetica; font-size: 1.4em; }<br \/><\/style>\n<ul style=\"font-weight: 400\">\n<li data-leveltext=\"\uf0b7\" data-font=\"Symbol\" data-listid=\"2\" data-aria-posinset=\"1\" data-aria-level=\"1\"><span data-contrast=\"auto\">EcoDi\u00e1logo<\/span><span data-contrast=\"auto\">\u00a0<\/span><i><span data-contrast=\"auto\">i<\/span><\/i><i><span data-contrast=\"auto\">mparte taller<\/span><\/i><i><span data-contrast=\"auto\">\u00a0<\/span><\/i><i><span data-contrast=\"auto\">de salud integrativa<\/span><\/i><i><span data-contrast=\"auto\">, inform\u00f3 su coordinador<\/span><\/i><span data-ccp-props=\"{&quot;134233279&quot;:true}\">\u00a0<\/span><\/li>\n<li data-leveltext=\"\uf0b7\" data-font=\"Symbol\" data-listid=\"1\" data-aria-posinset=\"2\" data-aria-level=\"1\"><i><span data-contrast=\"auto\">En febrero\u00a0<\/span><\/i><i><span data-contrast=\"auto\">de\u00a0<\/span><\/i><i><span data-contrast=\"auto\">2021\u00a0<\/span><\/i><i><span data-contrast=\"auto\">se desarrollar\u00e1 el siguiente\u00a0<\/span><\/i><i><span data-contrast=\"auto\">m\u00f3dulo<\/span><\/i><span data-ccp-props=\"{&quot;134233279&quot;:true}\">\u00a0<\/span><\/li>\n<li data-leveltext=\"\uf0b7\" data-font=\"Symbol\" data-listid=\"1\" data-aria-posinset=\"3\" data-aria-level=\"1\"><i><span data-contrast=\"auto\">Las personas interesadas pueden consultar las redes\u00a0<\/span><\/i><i><span data-contrast=\"auto\">sociales<\/span><\/i><i><span data-contrast=\"auto\">\u00a0de esta entidad de la UV<\/span><\/i><span data-ccp-props=\"{&quot;134233279&quot;:true}\">\u00a0<\/span><\/li>\n<\/ul>\n<p>&nbsp;<\/p>\n<div id=\"attachment_73277\" style=\"width: 732px\" class=\"wp-caption aligncenter\"><a href=\"https:\/\/www.uv.mx\/prensa\/files\/2019\/09\/170919-PAOLA-Nombramiento-EcoDialogo-1.jpg\"><img loading=\"lazy\" decoding=\"async\" aria-describedby=\"caption-attachment-73277\" class=\"size-full wp-image-73277\" src=\"https:\/\/www.uv.mx\/prensa\/files\/2019\/09\/170919-PAOLA-Nombramiento-EcoDialogo-1.jpg\" alt=\"\u201cLa vacuna sustentable es la que crece desde la vitalidad de mis c\u00e9lulas\u201d \" width=\"722\" height=\"481\" srcset=\"https:\/\/www.uv.mx\/prensa\/files\/2019\/09\/170919-PAOLA-Nombramiento-EcoDialogo-1.jpg 722w, https:\/\/www.uv.mx\/prensa\/files\/2019\/09\/170919-PAOLA-Nombramiento-EcoDialogo-1-300x200.jpg 300w\" sizes=\"auto, (max-width: 722px) 100vw, 722px\" \/><\/a><p id=\"caption-attachment-73277\" class=\"wp-caption-text\">\u201cLa vacuna sustentable es la que crece desde la vitalidad de mis c\u00e9lulas\u201d<\/p><\/div>\n<p>&nbsp;<\/p>\n<blockquote><p><span data-contrast=\"auto\">Para el acad\u00e9mico, los parques y lugares p\u00fablicos en lugar de estar cerrados deber\u00edan estar controlados, mediante profesionales que promuevan y faciliten procesos de cuidado y ejercitaci\u00f3n para la salud. En ese tenor recurrieron al municipio, pero nunca obtuvieron respuesta ante una propuesta planteada<\/span><span data-ccp-props=\"{}\">\u00a0<\/span><\/p><\/blockquote>\n<p><span data-ccp-props=\"{}\">\u00a0<\/span><\/p>\n<p><b><i><span data-contrast=\"auto\">Karina d<\/span><\/i><\/b><b><i><span data-contrast=\"auto\">e la Paz Reyes D\u00edaz<\/span><\/i><\/b><span data-ccp-props=\"{}\">\u00a0<\/span><\/p>\n<p><b><i><span data-contrast=\"auto\">0<\/span><\/i><\/b><b><i><span data-contrast=\"auto\">8<\/span><\/i><\/b><b><i><span data-contrast=\"auto\">\/1<\/span><\/i><\/b><b><i><span data-contrast=\"auto\">1<\/span><\/i><\/b><b><i><span data-contrast=\"auto\">\/2020, Xalapa, Ver.-<\/span><\/i><\/b><b><i><span data-contrast=\"auto\">\u00a0<\/span><\/i><\/b><span data-contrast=\"auto\">En opini\u00f3n\u00a0<\/span><span data-contrast=\"auto\">de Enrique Vargas Madrazo,\u00a0<\/span><span data-contrast=\"auto\">coordinador de<\/span><span data-contrast=\"auto\">l<\/span><span data-contrast=\"auto\">\u00a0<\/span><a href=\"https:\/\/www.uv.mx\/ecodialogo\/\" target=\"_blank\" rel=\"noopener noreferrer\"><span data-contrast=\"auto\">Centro de\u00a0<\/span><span data-contrast=\"auto\">EcoAlfabetizaci\u00f3n<\/span><\/a><span data-contrast=\"auto\">\u00a0y Di\u00e1logo de Saberes (<\/span><i><span data-contrast=\"auto\">EcoDi\u00e1logo<\/span><\/i><span data-contrast=\"auto\">) de la Universidad Veracruzana (UV)<\/span><span data-contrast=\"auto\">, el confinamiento\u00a0<\/span><span data-contrast=\"auto\">como medida sanitaria ante\u00a0<\/span><span data-contrast=\"auto\">el<\/span><span data-contrast=\"auto\">\u00a0Covid-19 es una paradoja, pues\u00a0<\/span><span data-contrast=\"auto\">produce\u00a0<\/span><span data-contrast=\"auto\">o\u00a0<\/span><span data-contrast=\"auto\">exacerba otros padecimientos.<\/span><span data-ccp-props=\"{}\">\u00a0<\/span><\/p>\n<p><span data-contrast=\"auto\">\u00a0<\/span><span data-contrast=\"auto\">\u201cDesafortunadamente<\/span><span data-contrast=\"auto\">\u00a0\u2013<\/span><span data-contrast=\"auto\">en una reacci\u00f3n\u00a0<\/span><span data-contrast=\"auto\">entendible de las autoridades, sobre todo de salud a nivel nacional e internacional<\/span><span data-contrast=\"auto\">, guiadas por la\u00a0<\/span><span data-contrast=\"auto\">Organizaci\u00f3n Mundial de la Salud\u00a0<\/span><span data-contrast=\"auto\">(<\/span><span data-contrast=\"auto\">OMS<\/span><span data-contrast=\"auto\">)<\/span><span data-contrast=\"auto\">\u2013<\/span><span data-contrast=\"auto\">\u00a0<\/span><span data-contrast=\"auto\">a causa de\u00a0<\/span><span data-contrast=\"auto\">la pandemia\u00a0<\/span><span data-contrast=\"auto\">se mand\u00f3 a\u00a0<\/span><span data-contrast=\"auto\">cer<\/span><span data-contrast=\"auto\">rar<\/span><span data-contrast=\"auto\">\u00a0todo de una manera indiscriminada<\/span><span data-contrast=\"auto\">.\u00a0<\/span><span data-ccp-props=\"{&quot;335559731&quot;:708}\">\u00a0<\/span><\/p>\n<p><span data-contrast=\"auto\">\u201dSin\u00a0entrar en la discusi\u00f3n de si es \u00fatil o no en\u00a0<\/span><span data-contrast=\"auto\">el\u00a0<\/span><span data-contrast=\"auto\">nivel social<\/span><span data-contrast=\"auto\">,\u00a0<\/span><span data-contrast=\"auto\">e<\/span><span data-contrast=\"auto\">l generar un encerramiento en las casas de las personas s<\/span><span data-contrast=\"auto\">i<\/span><span data-contrast=\"auto\">n dar alternativas es una paradoja porque conduce a una mayor propensi\u00f3n\u00a0<\/span><span data-contrast=\"auto\">a la morbilidad (disposici\u00f3n u ocurrencia de enfermedades) y mortalidad<\/span><span data-contrast=\"auto\">\u201d, dijo el C<\/span><span data-contrast=\"auto\">oordinador de\u00a0<\/span><i><span data-contrast=\"auto\">EcoDi\u00e1logo<\/span><\/i><span data-contrast=\"auto\">.<\/span><span data-ccp-props=\"{&quot;335559731&quot;:708}\">\u00a0<\/span><\/p>\n<p><span data-contrast=\"auto\">Para el investigador de la UV, es una\u00a0<\/span><span data-contrast=\"auto\">contradicci\u00f3n que demuestra la complejidad y<\/span><span data-contrast=\"auto\">,<\/span><span data-contrast=\"auto\">\u00a0a su vez<\/span><span data-contrast=\"auto\">,<\/span><span data-contrast=\"auto\">\u00a0\u00e9sta desborda el pensamiento lineal<\/span><span data-contrast=\"auto\">, en este caso<\/span><span data-contrast=\"auto\">\u00a0puramente\u00a0<\/span><span data-contrast=\"auto\">epidemiol\u00f3gico<\/span><span data-contrast=\"auto\">.<\/span><span data-ccp-props=\"{&quot;335559731&quot;:708}\">\u00a0<\/span><\/p>\n<p><span data-contrast=\"auto\">Sin embargo, son varios los aspectos<\/span><span data-contrast=\"auto\">\u00a0que tienen que ver con el hacinamiento<\/span><span data-contrast=\"auto\">, cit\u00f3 el entrevistado, tan s\u00f3lo\u00a0<\/span><span data-contrast=\"auto\">la crisis\u00a0<\/span><span data-contrast=\"auto\">econ\u00f3mic<\/span><span data-contrast=\"auto\">a generada por\u00a0<\/span><span data-contrast=\"auto\">la pandemia redunda en mayores \u00edndices de desnutrici\u00f3n<\/span><span data-contrast=\"auto\">.<\/span><span data-ccp-props=\"{&quot;335559731&quot;:708}\">\u00a0<\/span><\/p>\n<p><span data-contrast=\"auto\">Por otro lado, el\u00a0<\/span><span data-contrast=\"auto\">encierro<\/span><span data-contrast=\"auto\">\u00a0produce<\/span><span data-contrast=\"auto\">\u00a0crisis psicol\u00f3gicas, suicidios, violencia intrafamiliar<\/span><span data-contrast=\"auto\">,<\/span><span data-contrast=\"auto\">\u00a0<\/span><span data-contrast=\"auto\">sedentarismo, malos h\u00e1bitos de alimentaci\u00f3n,\u00a0<\/span><span data-contrast=\"auto\">desinformaci\u00f3n.\u00a0<\/span><span data-ccp-props=\"{&quot;335559731&quot;:708}\">\u00a0<\/span><\/p>\n<p><span data-contrast=\"auto\">Para el acad\u00e9mico<\/span><span data-contrast=\"auto\">,<\/span><span data-contrast=\"auto\">\u00a0los parques\u00a0<\/span><span data-contrast=\"auto\">y lugares p\u00fablicos\u00a0<\/span><span data-contrast=\"auto\">en lugar de estar cerrados deber\u00edan estar controlados<\/span><span data-contrast=\"auto\">, mediante profesionales que promuevan y faciliten procesos de cuidado y ejercitaci\u00f3n\u00a0<\/span><span data-contrast=\"auto\">para la salud.\u00a0<\/span><span data-contrast=\"auto\">En ese tenor recurrieron al municipio,\u00a0<\/span><span data-contrast=\"auto\">pero nunca obtuvieron respuesta<\/span><span data-contrast=\"auto\">\u00a0ante una propuesta planteada<\/span><span data-contrast=\"auto\">.<\/span><span data-ccp-props=\"{&quot;335559731&quot;:708}\">\u00a0<\/span><\/p>\n<p><span data-contrast=\"auto\">Ante tal contexto que se vive en el mundo<\/span><span data-contrast=\"auto\">,<\/span><span data-contrast=\"auto\">\u00a0<\/span><i><span data-contrast=\"auto\">EcoDi\u00e1logo<\/span><\/i><span data-contrast=\"auto\">\u00a0<\/span><span data-contrast=\"auto\">\u2013<\/span><span data-contrast=\"auto\">a trav\u00e9s de<\/span><span data-contrast=\"auto\">\u00a0<\/span><span data-contrast=\"auto\">la Unidad de Salud Integrativa<\/span><span data-contrast=\"auto\">\u2013<\/span><span data-contrast=\"auto\">\u00a0desarrolla el M\u00f3dulo B\u00e1sico para el Autocuidado de la Salud, en el que participan 65 personas del pa\u00eds y del extranjero<\/span><span data-contrast=\"auto\">.<\/span><span data-ccp-props=\"{&quot;335559731&quot;:708}\">\u00a0<\/span><\/p>\n<p><span data-contrast=\"auto\">Cabe decir que una de las L\u00edneas de Generaci\u00f3n y Aplicaci\u00f3n del Conocimiento de esta entidad universitaria es \u201cBiomedicina sist\u00e9mica integrativa y sustentabilidad comunitaria\u201d y a ella pertenece la Unidad de Salud Integrativa, a la cual est\u00e1n suscritas una serie de \u00e1reas de trabajo, una de las m\u00e1s importantes es la Red de C\u00edrculos de Salud.<\/span><span data-ccp-props=\"{&quot;335559731&quot;:708}\">\u00a0<\/span><\/p>\n<p><span data-contrast=\"auto\">Desde hace alrededor de cinco a\u00f1os trabajan con dicha red en Xico y Xalapa; lo hacen desarrollando actividades en parques, espacios p\u00fablicos y en el propio\u00a0<\/span><i><span data-contrast=\"auto\">EcoDi\u00e1logo<\/span><\/i><span data-contrast=\"auto\">.<\/span><span data-ccp-props=\"{&quot;335559731&quot;:708}\">\u00a0<\/span><\/p>\n<p><span data-contrast=\"auto\">El<\/span><span data-contrast=\"auto\">\u00a0M\u00f3dulo B\u00e1sic<\/span><span data-contrast=\"auto\">o<\/span><span data-contrast=\"auto\">\u00a0<\/span><span data-contrast=\"auto\">citado<\/span><span data-contrast=\"auto\">\u00a0<\/span><span data-contrast=\"auto\">se desarrolla\u00a0<\/span><span data-contrast=\"auto\">trav\u00e9s de\u00a0<\/span><span data-contrast=\"auto\">I<\/span><span data-contrast=\"auto\">nternet<\/span><span data-contrast=\"auto\">,<\/span><span data-contrast=\"auto\">\u00a0<\/span><span data-contrast=\"auto\">inici\u00f3<\/span><span data-contrast=\"auto\">\u00a0el 17 de septiembre<\/span><span data-contrast=\"auto\">\u00a0y consta de<\/span><span data-contrast=\"auto\">\u00a014 semanas en las que las personas realizan actividades, ejercicios y un trabajo de educaci\u00f3n para la salud que implica tres\u00a0<\/span><span data-contrast=\"auto\">fundamentos: movimiento y respiraci\u00f3n, desintoxicaci\u00f3n y alimentaci\u00f3n<\/span><span data-contrast=\"auto\">, y cuidado emocional e intelectual.<\/span><span data-ccp-props=\"{&quot;335559731&quot;:708}\">\u00a0<\/span><\/p>\n<p><span data-contrast=\"auto\">\u201cEstas tres \u00e1reas de autocuidado son las que fundamentan la propuesta de la medicina sist\u00e9mica integrativa\u00a0<\/span><span data-contrast=\"auto\">y en particular este m\u00f3dulo, que tiene toda una serie de pr\u00e1cticas y ejercicios que se van realizando semanalmente<\/span><span data-contrast=\"auto\">.\u201d<\/span><span data-ccp-props=\"{&quot;335559731&quot;:708}\">\u00a0<\/span><\/p>\n<p><span data-contrast=\"auto\">A\u00f1adi\u00f3 que e<\/span><span data-contrast=\"auto\">stas \u00e1reas<\/span><span data-contrast=\"auto\">\u00a0<\/span><span data-contrast=\"auto\">cubren de manera\u00a0<\/span><span data-contrast=\"auto\">integral el trabajo de\u00a0<\/span><span data-contrast=\"auto\">salutog\u00e9nesis<\/span><span data-contrast=\"auto\">, es decir, \u201cen lugar de s\u00f3lo estar luchando contra la enfermedad\u00a0<\/span><span data-contrast=\"auto\">\u2013como puede ser la vacuna, los antivirales, el uso de mascarillas o el confinamiento\u2013\u00a0<\/span><span data-contrast=\"auto\">m\u00e1s bien trabajar por la salud<\/span><span data-contrast=\"auto\">\u201d.<\/span><span data-ccp-props=\"{&quot;335559731&quot;:708}\">\u00a0<\/span><\/p>\n<p><span data-contrast=\"auto\">Enfatiz\u00f3 que el<\/span><span data-contrast=\"auto\">\u00a0enfoque\u00a0<\/span><span data-contrast=\"auto\">salutog\u00e9nico<\/span><span data-contrast=\"auto\">\u00a0<\/span><span data-contrast=\"auto\">de<\/span><span data-contrast=\"auto\">\u00a0este M\u00f3dulo B\u00e1sico<\/span><span data-contrast=\"auto\">\u00a0ha resultado exitoso, pues convoc\u00f3 a m\u00e1s de 65 participantes<\/span><span data-contrast=\"auto\">\u00a0\u2013de Monterrey, Guadalajara,\u00a0<\/span><span data-contrast=\"auto\">Ciudad de M\u00e9xico, Oaxaca, Colombia, Espa\u00f1a, entre otros lugares<\/span><span data-contrast=\"auto\">\u2013,<\/span><span data-contrast=\"auto\">\u00a0<\/span><span data-contrast=\"auto\">l<\/span><span data-contrast=\"auto\">o cual\u00a0<\/span><span data-contrast=\"auto\">ha implicado<\/span><span data-contrast=\"auto\">\u00a0una evaluaci\u00f3n cl\u00ednica al inicio y al final<\/span><span data-contrast=\"auto\">,<\/span><span data-contrast=\"auto\">\u00a0que les permitir\u00e1<\/span><span data-contrast=\"auto\">\u00a0identificar si hay un mejoramiento significativo de la salud<\/span><span data-contrast=\"auto\">.<\/span><span data-ccp-props=\"{&quot;335559731&quot;:708}\">\u00a0<\/span><\/p>\n<p><span data-contrast=\"auto\">Esta propuesta de\u00a0<\/span><i><span data-contrast=\"auto\">EcoDi\u00e1logo<\/span><\/i><span data-contrast=\"auto\">\u00a0es un enfoque sist\u00e9mico que busca\u00a0<\/span><span data-contrast=\"auto\">articular y complementar<\/span><span data-contrast=\"auto\">, al\u00a0<\/span><span data-contrast=\"auto\">indagar<\/span><span data-contrast=\"auto\">\u00a0el problema desde sus ra\u00edces generando procesos de educaci\u00f3n para la transformaci\u00f3n, hacia una vida sustentable.<\/span><span data-ccp-props=\"{&quot;335559731&quot;:708}\">\u00a0<\/span><\/p>\n<p><span data-contrast=\"auto\">Con los resultado<\/span><span data-contrast=\"auto\">s<\/span><span data-contrast=\"auto\">\u00a0se tiene planeado generar un art\u00edculo de investigaci\u00f3n que les permita reportar\u00a0<\/span><span data-contrast=\"auto\">lo que le<\/span><span data-contrast=\"auto\">s<\/span><span data-contrast=\"auto\">\u00a0ha arrojado este<\/span><span data-contrast=\"auto\">\u00a0primer<\/span><span data-contrast=\"auto\">\u00a0m\u00f3dulo.<\/span><span data-ccp-props=\"{&quot;335559731&quot;:708}\">\u00a0<\/span><\/p>\n<p><span data-contrast=\"auto\">Enrique Vargas<\/span><span data-contrast=\"auto\">,<\/span><span data-contrast=\"auto\">\u00a0<\/span><span data-contrast=\"auto\">aclar\u00f3 que no se trata de utilizar el t\u00e9rmino \u201cda<\/span><span data-contrast=\"auto\">t<\/span><span data-contrast=\"auto\">os duros\u201d,\u00a0<\/span><span data-contrast=\"auto\">lo cual a su parecer no existe \u201cporque hasta en la f\u00edsica\u00a0<\/span><span data-contrast=\"auto\">nuclear la subjetividad y otros factores influyen\u201d.\u00a0<\/span><span data-ccp-props=\"{&quot;335559731&quot;:708}\">\u00a0<\/span><\/p>\n<p><span data-contrast=\"auto\">En su plante<\/span><span data-contrast=\"auto\">amiento<\/span><span data-contrast=\"auto\">\u00a0lo<\/span><span data-contrast=\"auto\">\u00a0<\/span><span data-contrast=\"auto\">important<\/span><span data-contrast=\"auto\">e<\/span><span data-contrast=\"auto\">, m\u00e1s<\/span><span data-contrast=\"auto\">\u00a0que\u00a0<\/span><span data-contrast=\"auto\">las<\/span><span data-contrast=\"auto\">\u00a0evaluaciones\u00a0<\/span><span data-contrast=\"auto\">semicuantitativas<\/span><span data-contrast=\"auto\">\u00a0que hicieron y har\u00e1n<\/span><span data-contrast=\"auto\">,\u00a0<\/span><span data-contrast=\"auto\">es el proceso que documenta<\/span><span data-contrast=\"auto\">n<\/span><span data-contrast=\"auto\">\u00a0a trav\u00e9s de un<\/span><span data-contrast=\"auto\">\u00a0diario de reaprendizaje que desarrolla cada uno de los participantes<\/span><span data-contrast=\"auto\">, y del cual comparten a sus compa\u00f1eros del m\u00f3dulo en las sesiones del conversatorio\u00a0<\/span><span data-contrast=\"auto\">que desarrollan v\u00eda la plataforma\u00a0<\/span><i><span data-contrast=\"auto\">Zoom<\/span><\/i><span data-contrast=\"auto\">.<\/span><span data-ccp-props=\"{&quot;335559731&quot;:708}\">\u00a0<\/span><\/p>\n<p><span data-contrast=\"auto\">\u201cLa misma persona\u00a0<\/span><span data-contrast=\"auto\">realiza un seguimiento a trav\u00e9s de su diario de reaprendizaje, muy profundo,\u00a0<\/span><span data-contrast=\"auto\">de los procesos de\u00a0<\/span><span data-contrast=\"auto\">salutog\u00e9nesis<\/span><span data-contrast=\"auto\">\u00a0que se van generando\u00a0<\/span><span data-contrast=\"auto\">cada\u00a0<\/span><span data-contrast=\"auto\">semana. Para nosotros es tan importante ese seguimiento<\/span><span data-contrast=\"auto\">\u00a0que se lleva por parte del mismo participante \u2013y de nosotros junto con \u00e9l\u2013 para poderlo vin<\/span><span data-contrast=\"auto\">cular con la parte\u00a0<\/span><span data-contrast=\"auto\">semicuantitativa<\/span><span data-contrast=\"auto\">.\u201d<\/span><span data-ccp-props=\"{&quot;335559731&quot;:708}\">\u00a0<\/span><\/p>\n<p><span data-contrast=\"auto\">Remarc\u00f3 que e<\/span><span data-contrast=\"auto\">l fen\u00f3meno de la salud\u00a0<\/span><span data-contrast=\"auto\">no es simple, de un<\/span><span data-contrast=\"auto\">\u00a0<\/span><span data-contrast=\"auto\">par\u00e1metro, sino que es biopsicosocial,\u00a0<\/span><span data-contrast=\"auto\">planetario, molecular, familiar, espiritual, alimenticio, entre otros,\u00a0<\/span><span data-contrast=\"auto\">as\u00ed como<\/span><span data-contrast=\"auto\">\u00a0<\/span><span data-contrast=\"auto\">\u201c<\/span><span data-contrast=\"auto\">plagado de subjetividad<\/span><span data-contrast=\"auto\">\u201d<\/span><span data-contrast=\"auto\">; entonces,\u00a0<\/span><span data-contrast=\"auto\">\u201c<\/span><span data-contrast=\"auto\">esto s\u00f3lo puede ser abordado de una manera m\u00e1s efectiva a trav\u00e9s de procesos y enfoques metodol\u00f3gicos\u00a0<\/span><span data-contrast=\"auto\">transdis<\/span><span data-contrast=\"auto\">ciplinares<\/span><span data-contrast=\"auto\">\u201d<\/span><span data-contrast=\"auto\">.<\/span><span data-ccp-props=\"{&quot;335559731&quot;:708}\">\u00a0<\/span><\/p>\n<p><span data-contrast=\"auto\">Aclar\u00f3 que\u00a0<\/span><span data-contrast=\"auto\">al\u00a0<\/span><span data-contrast=\"auto\">concluir el m<\/span><span data-contrast=\"auto\">\u00f3dulo no termina el proceso, m\u00e1s bien\u00a0<\/span><span data-contrast=\"auto\">se suman a la\u00a0<\/span><span data-contrast=\"auto\">R<\/span><span data-contrast=\"auto\">ed de\u00a0<\/span><span data-contrast=\"auto\">C<\/span><span data-contrast=\"auto\">\u00edrculos de\u00a0<\/span><span data-contrast=\"auto\">S<\/span><span data-contrast=\"auto\">alud, animada v\u00eda\u00a0<\/span><i><span data-contrast=\"auto\">WhatsApp<\/span><\/i><span data-contrast=\"auto\">, y que tiene aproximadamente 200 personas<\/span><span data-contrast=\"auto\">, para continuar formando redes de consumo consciente, huertos de traspatios<\/span><span data-contrast=\"auto\">,<\/span><span data-contrast=\"auto\">\u00a0trabajo de g\u00e9nero, violencia y salud<\/span><span data-contrast=\"auto\">.<\/span><span data-ccp-props=\"{&quot;335559731&quot;:708}\">\u00a0<\/span><\/p>\n<p><span data-contrast=\"auto\">\u201cEs decir, se genera una comunidad de aprendizaje que va generando fen\u00f3menos que desbordan\u00a0<\/span><span data-contrast=\"auto\">en<\/span><span data-contrast=\"auto\">\u00a0la transformaci\u00f3n social hacia formas de vida sustentable<\/span><span data-contrast=\"auto\">.\u201d<\/span><span data-ccp-props=\"{&quot;335559731&quot;:708}\">\u00a0<\/span><\/p>\n<p><span data-contrast=\"auto\">Para conocer m\u00e1s al respecto y estar pendientes de la convocatoria al\u00a0<\/span><span data-contrast=\"auto\">pr\u00f3ximo<\/span><span data-contrast=\"auto\">\u00a0m\u00f3dulo<\/span><span data-contrast=\"auto\">,<\/span><span data-contrast=\"auto\">\u00a0consultar en\u00a0<\/span><i><span data-contrast=\"auto\">Facebook<\/span><\/i><span data-contrast=\"auto\">:\u00a0<\/span><span data-contrast=\"auto\">Unidad de Salud Integrativ<\/span><span data-contrast=\"auto\">a: Educaci\u00f3n\u00a0<\/span><span data-contrast=\"auto\">e investigaci\u00f3n.<\/span><span data-ccp-props=\"{}\">\u00a0<\/span><\/p>\n<p><span data-contrast=\"auto\">\u201cLa vacuna sustentable es la<\/span><span data-contrast=\"auto\">\u00a0que<\/span><span data-contrast=\"auto\">\u00a0crece desde la vitalida<\/span><span data-contrast=\"auto\">d de mis c\u00e9lulas, desde el auto<\/span><span data-contrast=\"auto\">cuidado, y esa es\u00a0<\/span><span data-contrast=\"auto\">una medicina de la\u00a0<\/span><span data-contrast=\"auto\">sustentabilidad<\/span><span data-contrast=\"auto\">\u201d, concluy\u00f3 Enrique Vargas.<\/span><span data-ccp-props=\"{}\">\u00a0<\/span><\/p>\n","protected":false},"excerpt":{"rendered":"<p>\u201cConduce a una mayor propensi\u00f3n a la morbilidad y mortalidad, dijo el Coordinador de <em>EcoDi\u00e1logo<\/em><\/p>\n","protected":false},"author":1775,"featured_media":73314,"comment_status":"closed","ping_status":"closed","sticky":false,"template":"","format":"standard","meta":{"footnotes":""},"categories":[61],"tags":[81],"class_list":["post-89755","post","type-post","status-publish","format-standard","has-post-thumbnail","hentry","category-banner","tag-ecodialogo"],"_links":{"self":[{"href":"https:\/\/www.uv.mx\/prensa\/wp-json\/wp\/v2\/posts\/89755","targetHints":{"allow":["GET"]}}],"collection":[{"href":"https:\/\/www.uv.mx\/prensa\/wp-json\/wp\/v2\/posts"}],"about":[{"href":"https:\/\/www.uv.mx\/prensa\/wp-json\/wp\/v2\/types\/post"}],"author":[{"embeddable":true,"href":"https:\/\/www.uv.mx\/prensa\/wp-json\/wp\/v2\/users\/1775"}],"replies":[{"embeddable":true,"href":"https:\/\/www.uv.mx\/prensa\/wp-json\/wp\/v2\/comments?post=89755"}],"version-history":[{"count":2,"href":"https:\/\/www.uv.mx\/prensa\/wp-json\/wp\/v2\/posts\/89755\/revisions"}],"predecessor-version":[{"id":89847,"href":"https:\/\/www.uv.mx\/prensa\/wp-json\/wp\/v2\/posts\/89755\/revisions\/89847"}],"wp:featuredmedia":[{"embeddable":true,"href":"https:\/\/www.uv.mx\/prensa\/wp-json\/wp\/v2\/media\/73314"}],"wp:attachment":[{"href":"https:\/\/www.uv.mx\/prensa\/wp-json\/wp\/v2\/media?parent=89755"}],"wp:term":[{"taxonomy":"category","embeddable":true,"href":"https:\/\/www.uv.mx\/prensa\/wp-json\/wp\/v2\/categories?post=89755"},{"taxonomy":"post_tag","embeddable":true,"href":"https:\/\/www.uv.mx\/prensa\/wp-json\/wp\/v2\/tags?post=89755"}],"curies":[{"name":"wp","href":"https:\/\/api.w.org\/{rel}","templated":true}]}}