{"id":89746,"date":"2020-11-07T08:00:06","date_gmt":"2020-11-07T14:00:06","guid":{"rendered":"https:\/\/www.uv.mx\/prensa\/?p=89746"},"modified":"2021-11-08T08:19:07","modified_gmt":"2021-11-08T14:19:07","slug":"la-improvisacion-es-un-genero-y-una-tecnica-teatral-omar-argentino","status":"publish","type":"post","link":"https:\/\/www.uv.mx\/prensa\/cultura\/la-improvisacion-es-un-genero-y-una-tecnica-teatral-omar-argentino\/","title":{"rendered":"La improvisaci\u00f3n es un g\u00e9nero y una\u00a0t\u00e9cnica teatral: Omar Argentino\u00a0"},"content":{"rendered":"<ul>\n<li data-leveltext=\"\uf0b7\" data-font=\"Symbol\" data-listid=\"1\" data-aria-posinset=\"1\" data-aria-level=\"1\"><i><span data-contrast=\"auto\">En la improvisaci\u00f3n est\u00e1 el esp\u00edritu primigenio del teatro, dijo<\/span><\/i><span data-ccp-props=\"{&quot;134233279&quot;:true}\">\u00a0<\/span><\/li>\n<\/ul>\n<p><span data-ccp-props=\"{}\">\u00a0<\/span><b><i><\/i><\/b><\/p>\n<div id=\"attachment_89747\" style=\"width: 732px\" class=\"wp-caption aligncenter\"><a href=\"https:\/\/www.uv.mx\/prensa\/files\/2020\/11\/031120-KARINA-Omar-Argentino.jpg\"><img loading=\"lazy\" decoding=\"async\" aria-describedby=\"caption-attachment-89747\" class=\"size-full wp-image-89747\" src=\"https:\/\/www.uv.mx\/prensa\/files\/2020\/11\/031120-KARINA-Omar-Argentino.jpg\" alt=\"\" width=\"722\" height=\"406\" srcset=\"https:\/\/www.uv.mx\/prensa\/files\/2020\/11\/031120-KARINA-Omar-Argentino.jpg 722w, https:\/\/www.uv.mx\/prensa\/files\/2020\/11\/031120-KARINA-Omar-Argentino-300x169.jpg 300w\" sizes=\"auto, (max-width: 722px) 100vw, 722px\" \/><\/a><p id=\"caption-attachment-89747\" class=\"wp-caption-text\">Ra\u00fal Santamar\u00eda, Luis Mario Moncada y Omar Argentino<\/p><\/div>\n<p><span data-ccp-props=\"{}\">\u00a0<\/span><\/p>\n<p><span data-ccp-props=\"{}\">\u00a0<\/span><\/p>\n<p><b><i><span data-contrast=\"auto\">K<\/span><\/i><\/b><b><i><span data-contrast=\"auto\">arina de la Paz Reyes<\/span><\/i><\/b><span data-ccp-props=\"{}\">\u00a0<\/span><\/p>\n<p><b><i><span data-contrast=\"auto\">0<\/span><\/i><\/b><b><i><span data-contrast=\"auto\">7<\/span><\/i><\/b><b><i><span data-contrast=\"auto\">\/11\/2020,<\/span><\/i><\/b> <b><i><span data-contrast=\"auto\">Xalapa, <\/span><\/i><\/b><b><i><span data-contrast=\"auto\">Ver.-<\/span><\/i><\/b> <span data-contrast=\"auto\">Omar Argentino <\/span><span data-contrast=\"auto\">Galv\u00e1n, <\/span><span data-contrast=\"auto\">actor<\/span><span data-contrast=\"auto\">, <\/span><span data-contrast=\"auto\">director<\/span><span data-contrast=\"auto\">, docente<\/span><span data-contrast=\"auto\"> e <\/span><span data-contrast=\"auto\">investigador<\/span><span data-contrast=\"auto\">,<\/span> <span data-contrast=\"auto\">particip\u00f3 en el ciclo de<\/span> <span data-contrast=\"auto\">charlas <\/span><span data-contrast=\"auto\">\u201cMi vida en el teatro\u201d<\/span><span data-contrast=\"auto\">, del <a href=\"https:\/\/www.uv.mx\/festivaldeteatrouniversitario\/\" target=\"_blank\" rel=\"noopener noreferrer\">Festival de Teatro Universitario<\/a> de la Universidad Veracruzana (UV)<\/span><span data-contrast=\"auto\">, donde<\/span> <span data-contrast=\"auto\">comparti\u00f3 <\/span><span data-contrast=\"auto\">de su pasi\u00f3n por la improvisaci\u00f3n <\/span><span data-contrast=\"auto\">y su inter\u00e9s por estudiarla<\/span><span data-contrast=\"auto\">, misma que va m\u00e1s all\u00e1 de lo l\u00fadico<\/span><span data-contrast=\"auto\"> y c\u00f3mico.<\/span><span data-ccp-props=\"{}\">\u00a0<\/span><\/p>\n<p><span data-contrast=\"auto\">En<\/span><span data-contrast=\"auto\"> una entrevista realizada por <\/span><span data-contrast=\"auto\">Ra\u00fal Santamar\u00eda y Luis Mario Moncada, actor y director <\/span><span data-contrast=\"auto\">art\u00edstico de la <\/span><span data-contrast=\"auto\">Organizaci\u00f3n Teatral de la UV (<\/span><i><span data-contrast=\"auto\">Orteuv<\/span><\/i><span data-contrast=\"auto\">)<\/span><span data-contrast=\"auto\">, respectivamente<\/span><span data-contrast=\"auto\">,<\/span> <span data-contrast=\"auto\">habl\u00f3 <\/span><span data-contrast=\"auto\">desde sus<\/span><span data-contrast=\"auto\"> an\u00e9cdotas<\/span><span data-contrast=\"auto\">, por ejemplo,<\/span><span data-contrast=\"auto\"> al hacer teatro con libret<\/span><span data-contrast=\"auto\">o<\/span><span data-contrast=\"auto\">, su formaci\u00f3n en <\/span><span data-contrast=\"auto\">su<\/span><span data-contrast=\"auto\"> natal Argentina<\/span><span data-contrast=\"auto\">,<\/span><span data-contrast=\"auto\"> la improvisaci\u00f3n en s\u00ed<\/span><span data-contrast=\"auto\"> y su relaci\u00f3n con M\u00e9xico, pa\u00eds al que vuelve cada que le es posible.\u00a0<\/span><span data-ccp-props=\"{}\">\u00a0<\/span><\/p>\n<p><span data-contrast=\"auto\">\u201c<\/span><span data-contrast=\"auto\">Fui de las primeras generaciones que se tom\u00f3 en<\/span> <span data-contrast=\"auto\">serio la improvisaci\u00f3n, <\/span><span data-contrast=\"auto\">hay<\/span> <span data-contrast=\"auto\">un poco de autodidacta y un poco de viajar con nuestro grupo a Europa y conocer gente que estaba m\u00e1s avanzada en ese momento<\/span><span data-contrast=\"auto\">. Eso sirvi\u00f3 para darle un color particular a mi trabajo.\u201d<\/span><span data-ccp-props=\"{}\">\u00a0<\/span><\/p>\n<p><span data-contrast=\"auto\">Para \u00e9l, la improvisaci\u00f3n es un tipo de teatro donde lo que se hace es absolutamente improvisado<\/span><span data-contrast=\"auto\">. Adem\u00e1s, subray\u00f3 que es un g\u00e9nero teatral que hoy por hoy se practica en todo el mundo.<\/span><span data-ccp-props=\"{}\">\u00a0<\/span><\/p>\n<p><span data-contrast=\"auto\">\u201cDigo g\u00e9nero porque dentro de \u00e9l la mayor\u00eda<\/span><span data-contrast=\"auto\">, digamos, es una comedia ligera<\/span><span data-contrast=\"auto\"> y burbujeante, efervescente; pero hay cosas m\u00e1s experimentales.<\/span><span data-contrast=\"auto\"> Es un g\u00e9nero teatral que acoge muchas disciplinas y a la vez es una t\u00e9cnica teatral.<\/span><span data-contrast=\"auto\">\u201d<\/span><span data-ccp-props=\"{}\">\u00a0<\/span><\/p>\n<p><span data-contrast=\"auto\">Con la <\/span><span data-contrast=\"auto\">bandera de la <\/span><span data-contrast=\"auto\">improvisaci\u00f3n, Omar Argentino ha dado pr\u00e1cticamente la vuelta al mundo, saliendo de Madrid, Espa\u00f1a, por un lado y volviendo por el otro.<\/span><span data-contrast=\"auto\"> \u201c<\/span><span data-contrast=\"auto\">He viajado<\/span><span data-contrast=\"auto\"> como <\/span><span data-contrast=\"auto\">a <\/span><span data-contrast=\"auto\">40 pa\u00edses <\/span><span data-contrast=\"auto\">de <\/span><span data-contrast=\"auto\">los cinco continentes<\/span><span data-contrast=\"auto\">\u201d.<\/span> <span data-contrast=\"auto\">En su opini\u00f3n, hay una comunidad de l<\/span><span data-contrast=\"auto\">a improvisaci\u00f3n a nivel mundial<\/span><span data-contrast=\"auto\"> que va m\u00e1s all\u00e1 del teatro.<\/span><span data-ccp-props=\"{}\">\u00a0<\/span><\/p>\n<p><span data-contrast=\"auto\">El confinamiento por la pandemia Covid-19<\/span><span data-contrast=\"auto\">, como a muchas personas, le ha llevado a la modalidad virtual para imparti<\/span><span data-contrast=\"auto\">r<\/span><span data-contrast=\"auto\"> talleres y cultiva<\/span><span data-contrast=\"auto\">r<\/span><span data-contrast=\"auto\"> la improvisaci\u00f3n entre grupos teatrales de varios pa\u00edses<\/span><span data-contrast=\"auto\">, as\u00ed como<\/span><span data-contrast=\"auto\"> presentar narrativas<\/span><span data-contrast=\"auto\">,<\/span><span data-contrast=\"auto\"> escenas muy concretas<\/span><span data-contrast=\"auto\">, peque\u00f1as <\/span><span data-contrast=\"auto\">historias <\/span><span data-contrast=\"auto\">en las que el <\/span><span data-contrast=\"auto\">medio virtual no sea ignorado <\/span><span data-contrast=\"auto\">y<\/span><span data-contrast=\"auto\">,<\/span><span data-contrast=\"auto\"> a <\/span><span data-contrast=\"auto\">su<\/span><span data-contrast=\"auto\"> vez<\/span><span data-contrast=\"auto\">,<\/span><span data-contrast=\"auto\"> le permitan una dramaturgia improvisada.<\/span><span data-ccp-props=\"{}\">\u00a0<\/span><\/p>\n<p><span data-contrast=\"auto\">\u201c<\/span><span data-contrast=\"auto\">La <\/span><span data-contrast=\"auto\">improvisaci\u00f3n <\/span><i><span data-contrast=\"auto\">live<\/span><\/i><span data-contrast=\"auto\"> no me gusta tanto, pero hay compa\u00f1eros que hacen elencos multinacionales, <\/span><span data-contrast=\"auto\">multi\u00e9tnicos<\/span><span data-contrast=\"auto\">, <\/span><span data-contrast=\"auto\">hacen funciones con gente que nunca han visto en persona y est\u00e1n aprovechando estos soporte<\/span><span data-contrast=\"auto\">s.\u201d<\/span><span data-ccp-props=\"{}\">\u00a0<\/span><\/p>\n<p><span data-contrast=\"auto\">A los estudiantes les <\/span><span data-contrast=\"auto\">aconsej\u00f3 <\/span><span data-contrast=\"auto\">evitar el <\/span><span data-contrast=\"auto\">prejuicio y probar lo que les guste en t\u00e9rminos esc\u00e9nicos y de formaci\u00f3n. <\/span><span data-contrast=\"auto\">\u201cEl tener un paladar heterog\u00e9neo ayuda siempre para elegir\u201d. <\/span><span data-contrast=\"auto\">Si<\/span><span data-contrast=\"auto\"> bien llega m\u00e1s un momento de especializaci\u00f3n, \u00e9sta te la pide<\/span><span data-contrast=\"auto\"> el<\/span><span data-contrast=\"auto\"> cuerpo<\/span><span data-contrast=\"auto\">, les dijo.<\/span><span data-ccp-props=\"{}\">\u00a0<\/span><\/p>\n<p><span data-contrast=\"auto\">Adem\u00e1s, en t\u00e9rminos de improvisaci\u00f3n propuso que se haga un teatro vivo, no solemne, con po\u00e9tica, sin la intenci\u00f3n de estar haciendo poes\u00eda, \u201cporque si no, nos volvemos cursis\u201d.<\/span><span data-ccp-props=\"{}\">\u00a0<\/span><\/p>\n<p><span data-contrast=\"auto\">Otros puntos de los que habl\u00f3 fueron <\/span><span data-contrast=\"auto\">las caracter\u00edsticas que requiere una persona que desea dedicarse a la improvisaci\u00f3n<\/span><span data-contrast=\"auto\">: curiosidad, actitud l\u00fadica, <\/span><span data-contrast=\"auto\">humildad <\/span><span data-contrast=\"auto\">para acercarse a algo en retroceso<\/span><span data-contrast=\"auto\">,<\/span> <span data-contrast=\"auto\">\u201caunque cause gracia que un argentino lo diga\u201d<\/span><span data-contrast=\"auto\">; y es que para \u00e9l, en la improvisaci\u00f3n est\u00e1 el esp\u00edritu <\/span><span data-contrast=\"auto\">primigenio<\/span><span data-contrast=\"auto\"> del teatro y de la creaci\u00f3n.<\/span><span data-ccp-props=\"{}\">\u00a0<\/span><\/p>\n","protected":false},"excerpt":{"rendered":"<p>El actor, director, docente e investigador particip\u00f3 en el ciclo de charlas \u201cMi vida en el teatro\u201d, del Festival de Teatro Universitario de la Universidad Veracruzana\u00a0<\/p>\n","protected":false},"author":1869,"featured_media":89747,"comment_status":"closed","ping_status":"closed","sticky":false,"template":"","format":"standard","meta":{"footnotes":""},"categories":[11],"tags":[],"class_list":["post-89746","post","type-post","status-publish","format-standard","has-post-thumbnail","hentry","category-cultura"],"_links":{"self":[{"href":"https:\/\/www.uv.mx\/prensa\/wp-json\/wp\/v2\/posts\/89746","targetHints":{"allow":["GET"]}}],"collection":[{"href":"https:\/\/www.uv.mx\/prensa\/wp-json\/wp\/v2\/posts"}],"about":[{"href":"https:\/\/www.uv.mx\/prensa\/wp-json\/wp\/v2\/types\/post"}],"author":[{"embeddable":true,"href":"https:\/\/www.uv.mx\/prensa\/wp-json\/wp\/v2\/users\/1869"}],"replies":[{"embeddable":true,"href":"https:\/\/www.uv.mx\/prensa\/wp-json\/wp\/v2\/comments?post=89746"}],"version-history":[{"count":1,"href":"https:\/\/www.uv.mx\/prensa\/wp-json\/wp\/v2\/posts\/89746\/revisions"}],"predecessor-version":[{"id":89856,"href":"https:\/\/www.uv.mx\/prensa\/wp-json\/wp\/v2\/posts\/89746\/revisions\/89856"}],"wp:featuredmedia":[{"embeddable":true,"href":"https:\/\/www.uv.mx\/prensa\/wp-json\/wp\/v2\/media\/89747"}],"wp:attachment":[{"href":"https:\/\/www.uv.mx\/prensa\/wp-json\/wp\/v2\/media?parent=89746"}],"wp:term":[{"taxonomy":"category","embeddable":true,"href":"https:\/\/www.uv.mx\/prensa\/wp-json\/wp\/v2\/categories?post=89746"},{"taxonomy":"post_tag","embeddable":true,"href":"https:\/\/www.uv.mx\/prensa\/wp-json\/wp\/v2\/tags?post=89746"}],"curies":[{"name":"wp","href":"https:\/\/api.w.org\/{rel}","templated":true}]}}