{"id":89722,"date":"2020-11-06T15:19:08","date_gmt":"2020-11-06T21:19:08","guid":{"rendered":"https:\/\/www.uv.mx\/prensa\/?p=89722"},"modified":"2020-11-10T07:59:22","modified_gmt":"2020-11-10T13:59:22","slug":"anuies-brindo-reconocimiento-a-la-rectora-de-la-uv","status":"publish","type":"post","link":"https:\/\/www.uv.mx\/prensa\/banner\/anuies-brindo-reconocimiento-a-la-rectora-de-la-uv\/","title":{"rendered":"ANUIES brind\u00f3 reconocimiento a la Rectora de la UV\u00a0"},"content":{"rendered":"<ul>\n<li data-leveltext=\"\uf0b7\" data-font=\"Symbol\" data-listid=\"2\" data-aria-posinset=\"1\" data-aria-level=\"1\"><i><span data-contrast=\"auto\">Sara Ladr\u00f3n de Guevara concluy\u00f3 <\/span><\/i><i><span data-contrast=\"auto\">su periodo en la presidencia <\/span><\/i><i><span data-contrast=\"auto\">del Consejo Regional Sur Sureste de la ANUIES<\/span><\/i><span data-ccp-props=\"{&quot;134233279&quot;:true}\">\u00a0<\/span><\/li>\n<li data-leveltext=\"\uf0b7\" data-font=\"Symbol\" data-listid=\"2\" data-aria-posinset=\"2\" data-aria-level=\"1\"><i><span data-contrast=\"auto\">Jaime Valls, secretario general ejecutivo de ANUIES<\/span><\/i><i><span data-contrast=\"auto\">,<\/span><\/i><i><span data-contrast=\"auto\"> reconoci\u00f3 <\/span><\/i><i><span data-contrast=\"auto\">el <\/span><\/i><i><span data-contrast=\"auto\">liderazgo de la Rectora, as\u00ed como su valent\u00eda en defensa de la UV y<\/span><\/i> <i><span data-contrast=\"auto\">su papel protagonista en la educaci\u00f3n superior del pa\u00eds<\/span><\/i><\/li>\n<li data-leveltext=\"\uf0b7\" data-font=\"Symbol\" data-listid=\"2\" data-aria-posinset=\"2\" data-aria-level=\"1\"><i><span data-contrast=\"auto\">El rector de la <\/span><\/i><i><span data-contrast=\"auto\">Universidad Aut\u00f3noma de Chiapas, Carlos <\/span><\/i><i><span data-contrast=\"auto\">Natar\u00e9n<\/span><\/i> <i><span data-contrast=\"auto\">Nandayapa<\/span><\/i><i><span data-contrast=\"auto\">, fue <\/span><\/i><i><span data-contrast=\"auto\">votado por unanimidad como nuevo <\/span><\/i><i><span data-contrast=\"auto\">presidente<\/span><\/i><span data-ccp-props=\"{&quot;134233279&quot;:true}\">\u00a0<\/span><\/li>\n<\/ul>\n<p><span data-ccp-props=\"{}\">\u00a0<\/span><i><\/i><\/p>\n<div id=\"attachment_89716\" style=\"width: 732px\" class=\"wp-caption aligncenter\"><a href=\"https:\/\/www.uv.mx\/prensa\/files\/2020\/11\/061120-ANUIES-1.jpg\"><img loading=\"lazy\" decoding=\"async\" aria-describedby=\"caption-attachment-89716\" class=\"size-full wp-image-89716\" src=\"https:\/\/www.uv.mx\/prensa\/files\/2020\/11\/061120-ANUIES-1.jpg\" alt=\"\" width=\"722\" height=\"481\" srcset=\"https:\/\/www.uv.mx\/prensa\/files\/2020\/11\/061120-ANUIES-1.jpg 722w, https:\/\/www.uv.mx\/prensa\/files\/2020\/11\/061120-ANUIES-1-300x200.jpg 300w\" sizes=\"auto, (max-width: 722px) 100vw, 722px\" \/><\/a><p id=\"caption-attachment-89716\" class=\"wp-caption-text\">La sesi\u00f3n del CRSS de ANUIES se llev\u00f3 a efecto en modalidad mixta, por primera vez en la historia<\/p><\/div>\n<p><i><\/i><span data-ccp-props=\"{}\"><br \/>\n<\/span><\/p>\n<p><span data-ccp-props=\"{}\">\u00a0<\/span><\/p>\n<p><b><i><span data-contrast=\"auto\">Edgar Onofre<\/span><\/i><\/b><span data-ccp-props=\"{}\">\u00a0<\/span><\/p>\n<p><b><i><span data-contrast=\"auto\">06\/11\/2020\/ Boca del R\u00edo, <\/span><\/i><\/b><b><i><span data-contrast=\"auto\">Ver.-<\/span><\/i><\/b><span data-contrast=\"auto\"> La rectora de la <a href=\"https:\/\/www.uv.mx\/\" target=\"_blank\" rel=\"noopener noreferrer\">Universidad Veracruzana<\/a> (UV)<\/span><span data-contrast=\"auto\"> y <\/span><span data-contrast=\"auto\">president<\/span><span data-contrast=\"auto\">a<\/span><span data-contrast=\"auto\"> del Consejo Regional Sur Sureste (CRSS) de la Asociaci\u00f3n Nacional de Universidades e Instituciones de Educaci\u00f3n Superior, A.C. (ANUIES)<\/span><span data-contrast=\"auto\">, Sara Ladr\u00f3n de Guevara, <\/span><span data-contrast=\"auto\">encabez\u00f3 hoy la <\/span><span data-contrast=\"auto\">s<\/span><span data-contrast=\"auto\">esi\u00f3n<\/span><span data-contrast=\"auto\"> o<\/span><span data-contrast=\"auto\">rdinaria 1.2020 <\/span><span data-contrast=\"auto\">de este organismo, el cual<\/span><span data-contrast=\"auto\">, adem\u00e1s, se\u00f1al\u00f3 la conclusi\u00f3n de su periodo al frent<\/span><span data-contrast=\"auto\">e de esta presidencia regional.<\/span><span data-ccp-props=\"{}\">\u00a0<\/span><\/p>\n<p><span data-contrast=\"auto\">Celebrada en la <\/span><span data-contrast=\"auto\">Unidad de Servicios Bibliotecarios y de Informaci\u00f3n (<\/span><span data-contrast=\"auto\">USBI<\/span><span data-contrast=\"auto\">)<\/span><span data-contrast=\"auto\"> de esta ciudad, en <\/span><span data-contrast=\"auto\">la<\/span><span data-contrast=\"auto\"> sesi\u00f3n ordinaria del CRSS de ANUIES, Sara Ladr\u00f3n de Guevara rindi\u00f3 su \u00faltimo inform<\/span><span data-contrast=\"auto\">e<\/span><span data-contrast=\"auto\"> como presidenta del organismo y, adem\u00e1s, recibi\u00f3 <\/span><span data-contrast=\"auto\">un <\/span><span data-contrast=\"auto\">reconocimiento de parte de Jaime Valls <\/span><span data-contrast=\"auto\">Esponda<\/span><span data-contrast=\"auto\">, secretario general <\/span><span data-contrast=\"auto\">E<\/span><span data-contrast=\"auto\">jecutivo de la ANUIES<\/span><span data-contrast=\"auto\">.<\/span><span data-ccp-props=\"{}\">\u00a0<\/span><\/p>\n<p>&nbsp;<\/p>\n<div id=\"attachment_89717\" style=\"width: 732px\" class=\"wp-caption aligncenter\"><a href=\"https:\/\/www.uv.mx\/prensa\/files\/2020\/11\/061120-ANUIES-2.jpg\"><img loading=\"lazy\" decoding=\"async\" aria-describedby=\"caption-attachment-89717\" class=\"size-full wp-image-89717\" src=\"https:\/\/www.uv.mx\/prensa\/files\/2020\/11\/061120-ANUIES-2.jpg\" alt=\"\" width=\"722\" height=\"481\" srcset=\"https:\/\/www.uv.mx\/prensa\/files\/2020\/11\/061120-ANUIES-2.jpg 722w, https:\/\/www.uv.mx\/prensa\/files\/2020\/11\/061120-ANUIES-2-300x200.jpg 300w\" sizes=\"auto, (max-width: 722px) 100vw, 722px\" \/><\/a><p id=\"caption-attachment-89717\" class=\"wp-caption-text\">La rectora y presidenta saliente, Sara Ladr\u00f3n de Guevara, rindi\u00f3 el informe ejecutivo de gesti\u00f3n de la presidencia<\/p><\/div>\n<p>&nbsp;<\/p>\n<p><span data-contrast=\"auto\">Al <\/span><span data-contrast=\"auto\">hacer entrega d<\/span><span data-contrast=\"auto\">el <\/span><span data-contrast=\"auto\">mismo<\/span><span data-contrast=\"auto\">, Valls <\/span><span data-contrast=\"auto\">Espon<\/span><span data-contrast=\"auto\">d<\/span><span data-contrast=\"auto\">a<\/span><span data-contrast=\"auto\"> explic\u00f3 que la ANUIES reconoce el<\/span><span data-contrast=\"auto\"> liderazgo, trabajo y logros <\/span><span data-contrast=\"auto\">de Sara Ladr\u00f3n de Guevara <\/span><span data-contrast=\"auto\">durante su periodo en la presidencia regional<\/span><span data-contrast=\"auto\">,<\/span><span data-contrast=\"auto\"> pero tambi\u00e9n<\/span><span data-contrast=\"auto\">, explic\u00f3, el importante papel que ha realizado en la UV, su valent\u00eda en defensa de esta casa de estudios y su presencia protagonista en el \u00e1mbito de <\/span><span data-contrast=\"auto\">la educaci\u00f3n superior del pa\u00eds.<\/span><span data-ccp-props=\"{&quot;335559731&quot;:708}\">\u00a0<\/span><\/p>\n<p><span data-contrast=\"auto\">Adem\u00e1s, en la sesi\u00f3n se propuso, vot\u00f3 y <\/span><span data-contrast=\"auto\">design\u00f3 por unanimidad al rector de la <\/span><span data-contrast=\"auto\">Universidad Aut\u00f3noma de Chiapas,<\/span> <span data-contrast=\"auto\">Carlos <\/span><span data-contrast=\"auto\">Natar\u00e9n<\/span> <span data-contrast=\"auto\">Nandaya<\/span><span data-contrast=\"auto\">pa<\/span><span data-contrast=\"auto\">, como nuevo presidente del C<\/span><span data-contrast=\"auto\">RSS<\/span><span data-contrast=\"auto\">, quien en su mensaje reconoci\u00f3 el trabajo de la UV en la presidencia y convoc\u00f3 a las universidades e instituciones d<\/span><span data-contrast=\"auto\">e educaci\u00f3n superior a redoblar <\/span><span data-contrast=\"auto\">esfuerzos, unir fuerzas y trabajos para fortal<\/span><span data-contrast=\"auto\">ecer los logros de esta regi\u00f3n.<\/span><span data-ccp-props=\"{}\">\u00a0<\/span><\/p>\n<p><span data-contrast=\"auto\">La <\/span><span data-contrast=\"auto\">sesi\u00f3n se llev\u00f3 a efecto en modalidad mixta por primera vez en la historia<\/span><span data-contrast=\"auto\">.<\/span> <span data-contrast=\"auto\">E<\/span><span data-contrast=\"auto\">l secretario general E<\/span><span data-contrast=\"auto\">jecutivo de la ANUIES<\/span><span data-contrast=\"auto\">; la <\/span><span data-contrast=\"auto\">Rectora de la UV, el secretario T\u00e9cnico del CRSS<\/span><span data-contrast=\"auto\"> y secretario de Desarrollo Institucional en la U<\/span><span data-contrast=\"auto\">V, Octavio Ochoa Contreras; el R<\/span><span data-contrast=\"auto\">ector de la <\/span><span data-contrast=\"auto\">Universidad Aut\u00f3noma de Chiapas,<\/span><span data-contrast=\"auto\"> y el vicerrector Alfonso P\u00e9rez Morales<\/span><span data-contrast=\"auto\">,<\/span><span data-contrast=\"auto\"> sesionaron de forma presencial en las instalaciones <\/span><span data-contrast=\"auto\">de la USBI; mientras que<\/span><span data-contrast=\"auto\"> los rectores y representantes de instituciones de educaci\u00f3n superior de la regi\u00f3n hicieron lo propio a trav\u00e9s de p<\/span><span data-contrast=\"auto\">lataforma de videoconferencias.<\/span><span data-ccp-props=\"{&quot;335559731&quot;:708}\">\u00a0<\/span><\/p>\n<p>&nbsp;<\/p>\n<div id=\"attachment_89715\" style=\"width: 732px\" class=\"wp-caption aligncenter\"><a href=\"https:\/\/www.uv.mx\/prensa\/files\/2020\/11\/061120-ANUIES-3.jpg\"><img loading=\"lazy\" decoding=\"async\" aria-describedby=\"caption-attachment-89715\" class=\"size-full wp-image-89715\" src=\"https:\/\/www.uv.mx\/prensa\/files\/2020\/11\/061120-ANUIES-3.jpg\" alt=\"\" width=\"722\" height=\"481\" srcset=\"https:\/\/www.uv.mx\/prensa\/files\/2020\/11\/061120-ANUIES-3.jpg 722w, https:\/\/www.uv.mx\/prensa\/files\/2020\/11\/061120-ANUIES-3-300x200.jpg 300w\" sizes=\"auto, (max-width: 722px) 100vw, 722px\" \/><\/a><p id=\"caption-attachment-89715\" class=\"wp-caption-text\">Jaime Valls, secretario general de ANUIES, tom\u00f3 protesta a Carlos Natar\u00e9n Nandayapa como nuevo presidente del CRSS<\/p><\/div>\n<p>&nbsp;<\/p>\n<p><span data-contrast=\"auto\">Ya en el informe ejecutivo de gesti\u00f3n de la presidencia, Sara Ladr\u00f3n de Guevara destac\u00f3 iniciativas como la realizaci\u00f3n del documento <\/span><span data-contrast=\"auto\">\u201c<\/span><a href=\"https:\/\/www.uv.mx\/crss-anuies\/files\/2019\/01\/IMI-Enero-2019.pdf\" target=\"_blank\" rel=\"noopener noreferrer\"><span data-contrast=\"none\">Consideraciones sobre e<\/span><span data-contrast=\"none\">l financiamiento federal a las i<\/span><span data-contrast=\"none\">nstituciones <\/span><span data-contrast=\"none\">p<\/span><span data-contrast=\"none\">\u00fablicas de <\/span><span data-contrast=\"none\">e<\/span><span data-contrast=\"none\">ducaci\u00f3n <\/span><span data-contrast=\"none\">s<\/span><span data-contrast=\"none\">uperior mexicanas a partir de su magnitud institucional<\/span><\/a><span data-contrast=\"auto\">\u201d<\/span><span data-contrast=\"auto\">, <\/span><span data-contrast=\"auto\">que propone elementos \u00fatiles para una redistribuci\u00f3n <\/span><span data-contrast=\"auto\">m\u00e1s<\/span><span data-contrast=\"auto\"> equitativa <\/span><span data-contrast=\"auto\">del subsidio federa<\/span><span data-contrast=\"auto\">l en la materia.<\/span><span data-ccp-props=\"{&quot;335559731&quot;:708}\">\u00a0<\/span><\/p>\n<p><span data-contrast=\"auto\">Tambi\u00e9n se refiri\u00f3 al <\/span><span data-contrast=\"auto\">\u201c<\/span><a href=\"https:\/\/www.uv.mx\/crss-anuies\/files\/2017\/04\/DIAGNOSTICO-REDES-CRSS-2017.pdf\" target=\"_blank\" rel=\"noopener noreferrer\"><span data-contrast=\"none\">Diagn\u00f3stico situacional de las redes de la Regi\u00f3n Sur-Sureste de la ANUIES<\/span><\/a><span data-contrast=\"auto\">\u201d<\/span> <span data-contrast=\"auto\">y el desarrollo del <\/span><span data-contrast=\"auto\">portal del <\/span><a href=\"https:\/\/www.uv.mx\/crss-anuies\/\"><span data-contrast=\"none\">CRSS<\/span><\/a><span data-contrast=\"auto\">, el cual funge como reservorio institucional de los trabajos de la regi\u00f3n, as\u00ed co<\/span><span data-contrast=\"auto\">mo al desarrollo de la revista <\/span><a href=\"https:\/\/www.uv.mx\/crss-anuies\/general\/prospectus\/\" target=\"_blank\" rel=\"noopener noreferrer\"><i><span data-contrast=\"none\">Prospectus<\/span><\/i><i><span data-contrast=\"none\">. Tendencias y Escenarios para la Educaci\u00f3n Superior<\/span><\/i><\/a><span data-contrast=\"auto\">,<\/span><span data-contrast=\"auto\"> que publica <\/span><span data-contrast=\"auto\">temas de inter\u00e9s para el desarrollo de las <\/span><span data-contrast=\"auto\">i<\/span><span data-contrast=\"auto\">nstituciones de <\/span><span data-contrast=\"auto\">e<\/span><span data-contrast=\"auto\">ducaci\u00f3n <\/span><span data-contrast=\"auto\">s<\/span><span data-contrast=\"auto\">uperior<\/span><span data-contrast=\"auto\">.<\/span><span data-ccp-props=\"{&quot;335559731&quot;:708}\">\u00a0<\/span><\/p>\n<p>&nbsp;<\/p>\n<div id=\"attachment_89718\" style=\"width: 732px\" class=\"wp-caption aligncenter\"><a href=\"https:\/\/www.uv.mx\/prensa\/files\/2020\/11\/061120-ANUIES-4.jpg\"><img loading=\"lazy\" decoding=\"async\" aria-describedby=\"caption-attachment-89718\" class=\"size-full wp-image-89718\" src=\"https:\/\/www.uv.mx\/prensa\/files\/2020\/11\/061120-ANUIES-4.jpg\" alt=\"\" width=\"722\" height=\"481\" srcset=\"https:\/\/www.uv.mx\/prensa\/files\/2020\/11\/061120-ANUIES-4.jpg 722w, https:\/\/www.uv.mx\/prensa\/files\/2020\/11\/061120-ANUIES-4-300x200.jpg 300w\" sizes=\"auto, (max-width: 722px) 100vw, 722px\" \/><\/a><p id=\"caption-attachment-89718\" class=\"wp-caption-text\">Octavio Ochoa Contreras, secretario T\u00e9cnico del CRSS y secretario de Desarrollo Institucional en la UV, detall\u00f3 las acciones de esta casa de estudios al frente del CRSS<\/p><\/div>\n<p>&nbsp;<\/p>\n<p><span data-contrast=\"auto\">Adem\u00e1s, se verific\u00f3 un <\/span><span data-contrast=\"auto\">i<\/span><span data-contrast=\"auto\">nforme sobre solicitudes de ingreso a la ANUIES<\/span><span data-contrast=\"auto\">, sobre el estado <\/span><span data-contrast=\"auto\">financiero <\/span><span data-contrast=\"auto\">y una p<\/span><span data-contrast=\"auto\">resentaci\u00f3n de acciones <\/span><span data-contrast=\"auto\">de las <\/span><span data-contrast=\"auto\">universidades <\/span><span data-contrast=\"auto\">durante <\/span><span data-contrast=\"auto\">la pandemia por<\/span> <span data-contrast=\"auto\">Covid<\/span><span data-contrast=\"auto\">-19,<\/span><span data-contrast=\"auto\"> presentada esta \u00faltima por el director de Planeaci\u00f3n de la As<\/span><span data-contrast=\"auto\">ociaci\u00f3n, Jos\u00e9 Aguirre V\u00e1squez.<\/span><span data-ccp-props=\"{&quot;335559731&quot;:708}\">\u00a0<\/span><\/p>\n<p><span data-contrast=\"auto\">Durante la bienvenida, el V<\/span><span data-contrast=\"auto\">icerrector<\/span><span data-contrast=\"auto\"> de la UV <\/span><span data-contrast=\"auto\">destac\u00f3 que las universidades de la regi\u00f3n est\u00e1n preparadas para encarar con \u00e9xito los retos producidos por la pandemia, sostener e incrementar su calidad acad\u00e9mica, transformarse y constituirse en modelo de resiliencia institucional. Adem\u00e1s, en su mensaje <\/span><span data-contrast=\"auto\">tuvo presente <\/span><span data-contrast=\"auto\">al <\/span><span data-contrast=\"auto\">delegado regional del Sindicato de Personal Acad\u00e9mico <\/span><span data-contrast=\"auto\">de la UV <\/span><span data-contrast=\"auto\">(<\/span><i><span data-contrast=\"auto\">Fesapauv<\/span><\/i><span data-contrast=\"auto\">)<\/span><span data-contrast=\"auto\">, <\/span><span data-contrast=\"auto\">Juan Manuel Fragoso Montalvo<\/span><span data-contrast=\"auto\">, cuyo fallecimiento fue notificado e<\/span><span data-contrast=\"auto\">n el transcurso de esta ma\u00f1ana.<\/span><span data-ccp-props=\"{}\">\u00a0<\/span><\/p>\n<p><span data-ccp-props=\"{}\">\u00a0<\/span><\/p>\n<div id=\"attachment_89719\" style=\"width: 732px\" class=\"wp-caption aligncenter\"><a href=\"https:\/\/www.uv.mx\/prensa\/files\/2020\/11\/061120-ANUIES-5.jpg\"><img loading=\"lazy\" decoding=\"async\" aria-describedby=\"caption-attachment-89719\" class=\"size-full wp-image-89719\" src=\"https:\/\/www.uv.mx\/prensa\/files\/2020\/11\/061120-ANUIES-5.jpg\" alt=\"\" width=\"722\" height=\"481\" srcset=\"https:\/\/www.uv.mx\/prensa\/files\/2020\/11\/061120-ANUIES-5.jpg 722w, https:\/\/www.uv.mx\/prensa\/files\/2020\/11\/061120-ANUIES-5-300x200.jpg 300w\" sizes=\"auto, (max-width: 722px) 100vw, 722px\" \/><\/a><p id=\"caption-attachment-89719\" class=\"wp-caption-text\">Aspecto de la sesi\u00f3n hist\u00f3rica sesi\u00f3n mixta del CRSS<\/p><\/div>\n","protected":false},"excerpt":{"rendered":"<p>Sara Ladr\u00f3n de Guevara concluy\u00f3 su periodo en la presidencia del Consejo Regional Sur Sureste de la Asociaci\u00f3n Nacional de Universidades e Instituciones de Educaci\u00f3n Superior<\/p>\n","protected":false},"author":1869,"featured_media":89721,"comment_status":"closed","ping_status":"closed","sticky":false,"template":"","format":"standard","meta":{"footnotes":""},"categories":[61],"tags":[],"class_list":["post-89722","post","type-post","status-publish","format-standard","has-post-thumbnail","hentry","category-banner"],"_links":{"self":[{"href":"https:\/\/www.uv.mx\/prensa\/wp-json\/wp\/v2\/posts\/89722","targetHints":{"allow":["GET"]}}],"collection":[{"href":"https:\/\/www.uv.mx\/prensa\/wp-json\/wp\/v2\/posts"}],"about":[{"href":"https:\/\/www.uv.mx\/prensa\/wp-json\/wp\/v2\/types\/post"}],"author":[{"embeddable":true,"href":"https:\/\/www.uv.mx\/prensa\/wp-json\/wp\/v2\/users\/1869"}],"replies":[{"embeddable":true,"href":"https:\/\/www.uv.mx\/prensa\/wp-json\/wp\/v2\/comments?post=89722"}],"version-history":[{"count":1,"href":"https:\/\/www.uv.mx\/prensa\/wp-json\/wp\/v2\/posts\/89722\/revisions"}],"predecessor-version":[{"id":89857,"href":"https:\/\/www.uv.mx\/prensa\/wp-json\/wp\/v2\/posts\/89722\/revisions\/89857"}],"wp:featuredmedia":[{"embeddable":true,"href":"https:\/\/www.uv.mx\/prensa\/wp-json\/wp\/v2\/media\/89721"}],"wp:attachment":[{"href":"https:\/\/www.uv.mx\/prensa\/wp-json\/wp\/v2\/media?parent=89722"}],"wp:term":[{"taxonomy":"category","embeddable":true,"href":"https:\/\/www.uv.mx\/prensa\/wp-json\/wp\/v2\/categories?post=89722"},{"taxonomy":"post_tag","embeddable":true,"href":"https:\/\/www.uv.mx\/prensa\/wp-json\/wp\/v2\/tags?post=89722"}],"curies":[{"name":"wp","href":"https:\/\/api.w.org\/{rel}","templated":true}]}}