{"id":8972,"date":"2016-04-07T11:27:10","date_gmt":"2016-04-07T16:27:10","guid":{"rendered":"https:\/\/www.uv.mx\/prensa\/?p=8972"},"modified":"2016-04-07T11:30:48","modified_gmt":"2016-04-07T16:30:48","slug":"obra-en-coautoria-gano-premio-latinoamericano-sergio-galindo","status":"publish","type":"post","link":"https:\/\/www.uv.mx\/prensa\/general\/obra-en-coautoria-gano-premio-latinoamericano-sergio-galindo\/","title":{"rendered":"Obra en coautor\u00eda gan\u00f3 Premio Latinoamericano \u201cSergio Galindo\u201d"},"content":{"rendered":"<p>&nbsp;<\/p>\n<ul>\n<li><em>Por vez primera hay dos ganadores<\/em><\/li>\n<li><em>Alejandro Arteaga y Alfonso Nava, concursaron con <\/em>Sick &amp; McFarland. Una novela pretenciosa<\/li>\n<li><em>El premio ser\u00e1 entregado el 22 de abril en la inauguraci\u00f3n de la FILU 2016<\/em><\/li>\n<\/ul>\n<p>&nbsp;<\/p>\n<p>Alejandro Arteaga y Alfonso Nava, ambos de la Ciudad de M\u00e9xico, ganaron el Premio Latinoamericano de Primera Novela \u201cSergio Galindo\u201d, organizado por la Direcci\u00f3n Editorial de la Universidad Veracruzana (UV) y la Feria Internacional del Libro Universitario (FILU), con su obra <em>Sick &amp; McFarland. Una novela pretenciosa<\/em>, que firmaron con el seud\u00f3nimo Marlowe-Kurtz.<\/p>\n<p>Es la primera ocasi\u00f3n que una novela es seleccionada por el jurado y que resulta ser una historia escrita <em>al alim\u00f3n<\/em>, en este caso por dos j\u00f3venes que fueron becarios de la Fundaci\u00f3n para las Letras Mexicanas.<\/p>\n<p>El jurado, formado por los escritores Ave Barrera, David Miklos y Jaime Mu\u00f1oz Vargas, consider\u00f3 que <em>Sick &amp; McFarland. Una novela pretenciosa<\/em> cuenta con una alta calidad literaria, un agudo y sostenido manejo de la iron\u00eda y una cr\u00edtica puntual a los fen\u00f3menos del mundo editorial vinculados con el g\u00e9nero novel\u00edstico.<\/p>\n<div id=\"attachment_8978\" style=\"width: 209px\" class=\"wp-caption aligncenter\"><a href=\"https:\/\/www.uv.mx\/prensa\/files\/2016\/04\/Ganadores-1-BW-para-banner.jpg\"><img aria-describedby=\"caption-attachment-8978\" decoding=\"async\" loading=\"lazy\" class=\"size-medium wp-image-8978\" src=\"https:\/\/www.uv.mx\/prensa\/files\/2016\/04\/Ganadores-1-BW-para-banner-199x300.jpg\" alt=\"Alfonso Nava es coautor de Sick &amp; McFarland. Una novela pretenciosa\" width=\"199\" height=\"300\" srcset=\"https:\/\/www.uv.mx\/prensa\/files\/2016\/04\/Ganadores-1-BW-para-banner-199x300.jpg 199w, https:\/\/www.uv.mx\/prensa\/files\/2016\/04\/Ganadores-1-BW-para-banner.jpg 638w\" sizes=\"(max-width: 199px) 100vw, 199px\" \/><\/a><p id=\"caption-attachment-8978\" class=\"wp-caption-text\">Alfonso Nava es coautor de Sick &amp; McFarland. Una novela pretenciosa<\/p><\/div>\n<p>\u00c9sta fue la d\u00e9cima edici\u00f3n del premio literario. El galard\u00f3n ha sido obtenido por un chileno, una cubana, dos colombianos, un argentino y ahora seis mexicanos.<\/p>\n<p>En esta ocasi\u00f3n participaron 88 novelas provenientes de Argentina, Chile, Colombia, Costa Rica, Ecuador. Per\u00fa, Uruguay y M\u00e9xico.<\/p>\n<p>Alejandro Arteaga (Ciudad de M\u00e9xico, 1977) estudi\u00f3 Lengua y Literatura Hisp\u00e1nicas en la Universidad Nacional Aut\u00f3noma de M\u00e9xico (UNAM). Es editor de la revista <em>Casa del Tiempo<\/em>, de la Universidad Aut\u00f3noma Metropolitana. Ha escrito relatos y ensayos en los suplementos \u201cLa Jornada Semanal\u201d de <em>La Jornada<\/em>; Confabulario, de <em>El Universal<\/em>, y en las revistas <em>Yagular, Lee+ <\/em>y <em>La Otra<\/em>.<\/p>\n<div id=\"attachment_8984\" style=\"width: 209px\" class=\"wp-caption aligncenter\"><a href=\"https:\/\/www.uv.mx\/prensa\/files\/2016\/04\/Ganadores-2.jpg\"><img aria-describedby=\"caption-attachment-8984\" decoding=\"async\" loading=\"lazy\" class=\"size-medium wp-image-8984\" src=\"https:\/\/www.uv.mx\/prensa\/files\/2016\/04\/Ganadores-2-199x300.jpg\" alt=\"Alejandro Arteaga y su colega ganaron la d\u00e9cima edici\u00f3n del premio literario\" width=\"199\" height=\"300\" srcset=\"https:\/\/www.uv.mx\/prensa\/files\/2016\/04\/Ganadores-2-199x300.jpg 199w, https:\/\/www.uv.mx\/prensa\/files\/2016\/04\/Ganadores-2-681x1024.jpg 681w\" sizes=\"(max-width: 199px) 100vw, 199px\" \/><\/a><p id=\"caption-attachment-8984\" class=\"wp-caption-text\">Alejandro Arteaga y su colega ganaron la d\u00e9cima edici\u00f3n del premio literario<\/p><\/div>\n<p>&nbsp;<\/p>\n<p><em>\u00a0<\/em>Alfonso Nava (Ciudad de M\u00e9xico, 1981) es egresado de la Facultad de Ciencias Pol\u00edticas y Sociales de la UNAM. En 2004 gan\u00f3 el Premio Nacional de Cuento \u201cBeatriz Espejo\u201d. Textos de su autor\u00eda han aparecido en compilaciones como <em>Muestra de literatura joven de M\u00e9xico <\/em>(2008), <em>C\u00f3dices en el asfalto <\/em>(2010) y <em>La escritura poli\u00e9drica: ensayos sobre la obra de Daniel Sada <\/em>(2011), entre otras. Es colaborador de las revistas <em>Casa del Tiempo<\/em>, <em>Tierra Adentro <\/em>y del sitio <em>web<\/em> <em>Letras Libres.<\/em><\/p>\n<p>El Premio Latinoamericano de Primera Novela \u201cSergio Galindo\u201d consiste en 150 mil pesos y la publicaci\u00f3n de la obra por la Editorial de la UV. Ser\u00e1 entregado el 22 de abril en la inauguraci\u00f3n de la FILU 2016.<\/p>\n","protected":false},"excerpt":{"rendered":"<p>Alejandro Arteaga y Alfonso Nava, ambos de la Ciudad de M\u00e9xico, ganaron el Premio Latinoamericano de Primera Novela \u201cSergio Galindo\u201d, organizado por la Direcci\u00f3n Editorial de la Universidad Veracruzana (UV) y la Feria Internacional del Libro Universitario (FILU), con su obra Sick &amp; McFarland. Una novela pretenciosa, que firmaron con el seud\u00f3nimo Marlowe-Kurtz.<\/p>\n","protected":false},"author":1810,"featured_media":8982,"comment_status":"closed","ping_status":"closed","sticky":false,"template":"","format":"standard","meta":[],"categories":[1],"tags":[3],"_links":{"self":[{"href":"https:\/\/www.uv.mx\/prensa\/wp-json\/wp\/v2\/posts\/8972"}],"collection":[{"href":"https:\/\/www.uv.mx\/prensa\/wp-json\/wp\/v2\/posts"}],"about":[{"href":"https:\/\/www.uv.mx\/prensa\/wp-json\/wp\/v2\/types\/post"}],"author":[{"embeddable":true,"href":"https:\/\/www.uv.mx\/prensa\/wp-json\/wp\/v2\/users\/1810"}],"replies":[{"embeddable":true,"href":"https:\/\/www.uv.mx\/prensa\/wp-json\/wp\/v2\/comments?post=8972"}],"version-history":[{"count":0,"href":"https:\/\/www.uv.mx\/prensa\/wp-json\/wp\/v2\/posts\/8972\/revisions"}],"wp:featuredmedia":[{"embeddable":true,"href":"https:\/\/www.uv.mx\/prensa\/wp-json\/wp\/v2\/media\/8982"}],"wp:attachment":[{"href":"https:\/\/www.uv.mx\/prensa\/wp-json\/wp\/v2\/media?parent=8972"}],"wp:term":[{"taxonomy":"category","embeddable":true,"href":"https:\/\/www.uv.mx\/prensa\/wp-json\/wp\/v2\/categories?post=8972"},{"taxonomy":"post_tag","embeddable":true,"href":"https:\/\/www.uv.mx\/prensa\/wp-json\/wp\/v2\/tags?post=8972"}],"curies":[{"name":"wp","href":"https:\/\/api.w.org\/{rel}","templated":true}]}}