{"id":89651,"date":"2020-11-05T21:22:55","date_gmt":"2020-11-06T03:22:55","guid":{"rendered":"https:\/\/www.uv.mx\/prensa\/?p=89651"},"modified":"2021-11-08T08:19:07","modified_gmt":"2021-11-08T14:19:07","slug":"uv-tiene-una-gran-tradicion-teatral-rectora","status":"publish","type":"post","link":"https:\/\/www.uv.mx\/prensa\/cultura\/uv-tiene-una-gran-tradicion-teatral-rectora\/","title":{"rendered":"UV tiene una gran tradici\u00f3n teatral: Rectora"},"content":{"rendered":"<ul>\n<li data-leveltext=\"\uf0b7\" data-font=\"Symbol\" data-listid=\"5\" data-aria-posinset=\"1\" data-aria-level=\"1\"><i><span data-contrast=\"auto\">A lo largo de cinco d\u00edas, en el Festival de Teatro Universitario se presentaron obras, conversatorios y talleres virtuales<\/span><\/i><span data-ccp-props=\"{}\"><br \/>\n<\/span><\/li>\n<li data-leveltext=\"\uf0b7\" data-font=\"Symbol\" data-listid=\"5\" data-aria-posinset=\"2\" data-aria-level=\"1\"><i><span data-contrast=\"auto\">\u201c<\/span><\/i><i><span data-contrast=\"auto\">La UNESCO nos ha reconocido como pilar del teatro en M\u00e9xico<\/span><\/i><i><span data-contrast=\"auto\">\u201d, destac\u00f3<\/span><\/i><i><span data-contrast=\"auto\"> Sara Ladr\u00f3n de Guevara<\/span><\/i><span data-ccp-props=\"{}\">\u00a0<\/span><\/li>\n<\/ul>\n<div id=\"attachment_89652\" style=\"width: 732px\" class=\"wp-caption aligncenter\"><a href=\"https:\/\/www.uv.mx\/prensa\/files\/2020\/11\/031120-Clausura-Festival-de-Teatro-2.jpg\"><img loading=\"lazy\" decoding=\"async\" aria-describedby=\"caption-attachment-89652\" class=\"size-full wp-image-89652\" src=\"https:\/\/www.uv.mx\/prensa\/files\/2020\/11\/031120-Clausura-Festival-de-Teatro-2.jpg\" alt=\"\" width=\"722\" height=\"481\" srcset=\"https:\/\/www.uv.mx\/prensa\/files\/2020\/11\/031120-Clausura-Festival-de-Teatro-2.jpg 722w, https:\/\/www.uv.mx\/prensa\/files\/2020\/11\/031120-Clausura-Festival-de-Teatro-2-300x200.jpg 300w\" sizes=\"auto, (max-width: 722px) 100vw, 722px\" \/><\/a><p id=\"caption-attachment-89652\" class=\"wp-caption-text\"><span class=\"TextRun SCXW83625753 BCX2\" lang=\"ES-MX\" xml:lang=\"ES-MX\" data-contrast=\"auto\"><span class=\"NormalTextRun SCXW83625753 BCX2\" data-ccp-parastyle=\"No Spacing\">Ra\u00fal Santamar\u00eda, Juana Mar\u00eda Garza, <\/span><\/span><span class=\"TextRun SCXW83625753 BCX2\" lang=\"ES-MX\" xml:lang=\"ES-MX\" data-contrast=\"auto\"><span class=\"NormalTextRun SCXW83625753 BCX2\" data-ccp-parastyle=\"No Spacing\">Mario Moncada y Karina <\/span><\/span><span class=\"TextRun SCXW83625753 BCX2\" lang=\"ES-MX\" xml:lang=\"ES-MX\" data-contrast=\"auto\"><span class=\"NormalTextRun SpellingErrorV2 SCXW83625753 BCX2\" data-ccp-parastyle=\"No Spacing\">Gidi<\/span><\/span><\/p><\/div>\n<p><b><i><span data-contrast=\"auto\">Carlos Hugo Hermida Rosales<\/span><\/i><\/b><span data-ccp-props=\"{}\">\u00a0<\/span><\/p>\n<p><b><i><span data-contrast=\"auto\">05<\/span><\/i><\/b><b><i><span data-contrast=\"auto\">\/11<\/span><\/i><\/b><b><i><span data-contrast=\"auto\">\/2020<\/span><\/i><\/b><b><i><span data-contrast=\"auto\">.<\/span><\/i><\/b> <b><i><span data-contrast=\"auto\">Xalapa, Ver.<\/span><\/i><\/b><b><i><span data-contrast=\"auto\">&#8211;<\/span><\/i><\/b> <span data-contrast=\"auto\">La Universidad Veracruzana (UV) clausur\u00f3 el 31 de octubre el 29 Festival de Teatro Universitario, que fue organizado de manera virtual a lo largo de cinco <\/span><span data-contrast=\"auto\">d\u00edas por esta casa de estudios<\/span><span data-contrast=\"auto\">,<\/span> <span data-contrast=\"auto\">a trav\u00e9s de la <a href=\"https:\/\/www.uv.mx\/difusioncultural\/\" target=\"_blank\" rel=\"noopener noreferrer\">Direcci<\/a><\/span><span data-contrast=\"auto\">\u00f3n General de Difusi\u00f3n Cultural<\/span><span data-contrast=\"auto\">.<\/span><span data-ccp-props=\"{}\">\u00a0<\/span><\/p>\n<p><span data-contrast=\"auto\">Sara Ladr\u00f3n de Guevara, <\/span><span data-contrast=\"auto\">rectora de la UV, <\/span><span data-contrast=\"auto\">expres\u00f3 a todos los que hicieron posible la 29 edici\u00f3n de este evento su m\u00e1s sincero reconocimiento y c\u00e1lido agradecimiento.\u00a0<\/span><span data-ccp-props=\"{&quot;335559731&quot;:708}\">\u00a0<\/span><\/p>\n<p><span data-contrast=\"auto\">D<\/span><span data-contrast=\"auto\">eclar\u00f3 que esta casa de estudios ha cre\u00eddo en l<\/span><span data-contrast=\"auto\">a profesionalizaci\u00f3n del teatro<\/span><span data-contrast=\"auto\"> y debido a esto se cuenta con una larga tradici\u00f3n en \u00e9l.<\/span><span data-ccp-props=\"{&quot;335559731&quot;:708}\">\u00a0<\/span><\/p>\n<p><span data-contrast=\"auto\">\u201cLa UNESCO nos ha reconocido <\/span><span data-contrast=\"auto\">como <\/span><span data-contrast=\"auto\">un <\/span><span data-contrast=\"auto\">pilar del teatro en M\u00e9xico, de nuestras aulas han surgido figuras de talla internacional como Dami\u00e1n Alc\u00e1zar y Karina <\/span><span data-contrast=\"auto\">Gidi<\/span><span data-contrast=\"auto\">, que generosamente participaron en esta edici\u00f3n del festival\u201d, manifest\u00f3.\u00a0<\/span><span data-ccp-props=\"{&quot;335559731&quot;:708}\">\u00a0<\/span><\/p>\n<p><span data-contrast=\"auto\">La <\/span><span data-contrast=\"auto\">R<\/span><span data-contrast=\"auto\">ectora mencion\u00f3 que para la UV el teatro es un aparato de desarrollo personal, cultural y humano, que en cualquiera de sus formas enriquece la formaci\u00f3n integral de sus estudiantes.\u00a0<\/span><span data-ccp-props=\"{&quot;335559731&quot;:708}\">\u00a0<\/span><\/p>\n<p><span data-contrast=\"auto\">Enunci\u00f3 que este arte es un veh\u00edculo de conocimiento y entretenimiento para el ser humano y que en estos tiempos de crisis, emergencia y cuestionamiento ambas condiciones adquieren una nueva dimensi\u00f3n.<\/span><span data-ccp-props=\"{&quot;335559731&quot;:708}\">\u00a0<\/span><\/p>\n<p><span data-contrast=\"auto\">\u201cEncontrar nuevos caminos de expresi\u00f3n al teatro es reafirmar la <\/span><span data-contrast=\"auto\">fe<\/span><span data-contrast=\"auto\"> en el ser humano, apostar po<\/span><span data-contrast=\"auto\">r un arte que forma parte de su<\/span><span data-contrast=\"auto\"> historia y contribuir a un futuro donde prevalezca el lado luminoso y gozoso de la vida\u201d, enfatiz\u00f3.\u00a0<\/span><span data-ccp-props=\"{&quot;335559731&quot;:708}\">\u00a0<\/span><\/p>\n<p><span data-contrast=\"auto\">En el conversatorio de clausura, <\/span><span data-contrast=\"auto\">Luis Mario Moncada<\/span><span data-contrast=\"auto\">, Ra\u00fal Santamar\u00eda y Juana Mar\u00eda Garza, director y actores de la Organizaci\u00f3n Teatral de la UV (<\/span><i><span data-contrast=\"auto\">Orteuv<\/span><\/i><span data-contrast=\"auto\">)<\/span><span data-contrast=\"auto\"> y miembros del c<\/span><span data-contrast=\"auto\">omit\u00e9 <\/span><span data-contrast=\"auto\">organizador del festival, dialogaron con Karina <\/span><span data-contrast=\"auto\">Gidi<\/span><span data-contrast=\"auto\">, a<\/span><span data-contrast=\"auto\">ctriz profesional ganadora del P<\/span><span data-contrast=\"auto\">remio Ariel.<\/span><span data-ccp-props=\"{&quot;335559731&quot;:708}\">\u00a0<\/span><\/p>\n<p><span data-contrast=\"auto\">La actriz afirm\u00f3 estar emocionada por haber presenciado el festival en l\u00ednea y mencion\u00f3 que la pandemia de Covid-19 ha lastimado a los actores teatrales en aquello que les es m\u00e1s vital: la presencia.\u00a0<\/span><span data-ccp-props=\"{&quot;335559731&quot;:708}\">\u00a0<\/span><\/p>\n<p><span data-contrast=\"auto\">\u201cNada se compara con la posibilidad que tiene el p\u00fablico de escuchar la respiraci\u00f3n de los actores, de ver el sudor de las actrices, de sospechar el peligro en el m\u00e1s maravilloso sentido de la palabra\u201d, expres\u00f3.\u00a0<\/span><span data-ccp-props=\"{&quot;335559731&quot;:708}\">\u00a0<\/span><\/p>\n<p><span data-contrast=\"auto\">Coment\u00f3 que para los actores la sensaci\u00f3n de pisar un escenario y sentir la mirada del p\u00fablico encima es una emoci\u00f3n inigualable.\u00a0<\/span><span data-ccp-props=\"{&quot;335559731&quot;:708}\">\u00a0<\/span><\/p>\n<p><span data-contrast=\"auto\">\u201cEs admirable que a pesar de las complicaciones, la 29 edici\u00f3n de este festival se haya realizado exitosamente de manera virtual\u201d, enunci\u00f3.\u00a0<\/span><span data-ccp-props=\"{&quot;335559731&quot;:708}\">\u00a0<\/span><\/p>\n<div id=\"attachment_89653\" style=\"width: 732px\" class=\"wp-caption aligncenter\"><a href=\"https:\/\/www.uv.mx\/prensa\/files\/2020\/11\/031120-Clausura-Festival-de-Teatro-1.jpg\"><img loading=\"lazy\" decoding=\"async\" aria-describedby=\"caption-attachment-89653\" class=\"size-full wp-image-89653\" src=\"https:\/\/www.uv.mx\/prensa\/files\/2020\/11\/031120-Clausura-Festival-de-Teatro-1.jpg\" alt=\"\" width=\"722\" height=\"481\" srcset=\"https:\/\/www.uv.mx\/prensa\/files\/2020\/11\/031120-Clausura-Festival-de-Teatro-1.jpg 722w, https:\/\/www.uv.mx\/prensa\/files\/2020\/11\/031120-Clausura-Festival-de-Teatro-1-300x200.jpg 300w\" sizes=\"auto, (max-width: 722px) 100vw, 722px\" \/><\/a><p id=\"caption-attachment-89653\" class=\"wp-caption-text\">El festival ofreci\u00f3 una gran variedad de obras virtuales<\/p><\/div>\n","protected":false},"excerpt":{"rendered":"<p>A lo largo de cinco d\u00edas, en el Festival de Teatro Universitario se presentaron obras, conversatorios y talleres virtuales<\/p>\n","protected":false},"author":1508,"featured_media":89246,"comment_status":"closed","ping_status":"closed","sticky":false,"template":"","format":"standard","meta":{"footnotes":""},"categories":[11],"tags":[],"class_list":["post-89651","post","type-post","status-publish","format-standard","has-post-thumbnail","hentry","category-cultura"],"_links":{"self":[{"href":"https:\/\/www.uv.mx\/prensa\/wp-json\/wp\/v2\/posts\/89651","targetHints":{"allow":["GET"]}}],"collection":[{"href":"https:\/\/www.uv.mx\/prensa\/wp-json\/wp\/v2\/posts"}],"about":[{"href":"https:\/\/www.uv.mx\/prensa\/wp-json\/wp\/v2\/types\/post"}],"author":[{"embeddable":true,"href":"https:\/\/www.uv.mx\/prensa\/wp-json\/wp\/v2\/users\/1508"}],"replies":[{"embeddable":true,"href":"https:\/\/www.uv.mx\/prensa\/wp-json\/wp\/v2\/comments?post=89651"}],"version-history":[{"count":1,"href":"https:\/\/www.uv.mx\/prensa\/wp-json\/wp\/v2\/posts\/89651\/revisions"}],"predecessor-version":[{"id":89698,"href":"https:\/\/www.uv.mx\/prensa\/wp-json\/wp\/v2\/posts\/89651\/revisions\/89698"}],"wp:featuredmedia":[{"embeddable":true,"href":"https:\/\/www.uv.mx\/prensa\/wp-json\/wp\/v2\/media\/89246"}],"wp:attachment":[{"href":"https:\/\/www.uv.mx\/prensa\/wp-json\/wp\/v2\/media?parent=89651"}],"wp:term":[{"taxonomy":"category","embeddable":true,"href":"https:\/\/www.uv.mx\/prensa\/wp-json\/wp\/v2\/categories?post=89651"},{"taxonomy":"post_tag","embeddable":true,"href":"https:\/\/www.uv.mx\/prensa\/wp-json\/wp\/v2\/tags?post=89651"}],"curies":[{"name":"wp","href":"https:\/\/api.w.org\/{rel}","templated":true}]}}