{"id":89426,"date":"2020-11-01T07:57:58","date_gmt":"2020-11-01T13:57:58","guid":{"rendered":"https:\/\/www.uv.mx\/prensa\/?p=89426"},"modified":"2020-11-05T10:21:16","modified_gmt":"2020-11-05T16:21:16","slug":"expansion-de-universidades-no-permea-en-poblacion-con-menores-ingresos","status":"publish","type":"post","link":"https:\/\/www.uv.mx\/prensa\/general\/expansion-de-universidades-no-permea-en-poblacion-con-menores-ingresos\/","title":{"rendered":"Expansi\u00f3n de universidades no permea   en poblaci\u00f3n con menores ingresos"},"content":{"rendered":"<ul>\n<li data-leveltext=\"\uf0b7\" data-font=\"Symbol\" data-listid=\"5\" data-aria-posinset=\"1\" data-aria-level=\"1\"><i><span data-contrast=\"none\">El mayor n\u00famero de <\/span><\/i><i><span data-contrast=\"none\">i<\/span><\/i><i><span data-contrast=\"none\">nstituciones de <\/span><\/i><i><span data-contrast=\"none\">e<\/span><\/i><i><span data-contrast=\"none\">ducaci\u00f3n <\/span><\/i><i><span data-contrast=\"none\">s<\/span><\/i><i><span data-contrast=\"none\">uperior se encuentra en zonas de alta urbanizaci\u00f3n, <\/span><\/i><i><span data-contrast=\"none\">y son muy pocas las que est\u00e1n en \u00e1reas marginales<\/span><\/i><span data-ccp-props=\"{}\">\u00a0<\/span><\/li>\n<\/ul>\n<div id=\"attachment_89427\" style=\"width: 732px\" class=\"wp-caption aligncenter\"><a href=\"https:\/\/www.uv.mx\/prensa\/files\/2020\/11\/261020-Pandemia-y-Equidad-en-Educacion-Superior.jpg\"><img loading=\"lazy\" decoding=\"async\" aria-describedby=\"caption-attachment-89427\" class=\"wp-image-89427 size-full\" src=\"https:\/\/www.uv.mx\/prensa\/files\/2020\/11\/261020-Pandemia-y-Equidad-en-Educacion-Superior.jpg\" alt=\"Guadalupe Olivier T\u00e9llez\" width=\"722\" height=\"481\" srcset=\"https:\/\/www.uv.mx\/prensa\/files\/2020\/11\/261020-Pandemia-y-Equidad-en-Educacion-Superior.jpg 722w, https:\/\/www.uv.mx\/prensa\/files\/2020\/11\/261020-Pandemia-y-Equidad-en-Educacion-Superior-300x200.jpg 300w\" sizes=\"auto, (max-width: 722px) 100vw, 722px\" \/><\/a><p id=\"caption-attachment-89427\" class=\"wp-caption-text\">Guadalupe Olivier T\u00e9llez, investigadora de la UPN<\/p><\/div>\n<p><b><i><span data-contrast=\"none\">Carlos Hugo Hermida Rosales<\/span><\/i><\/b><span data-ccp-props=\"{}\">\u00a0<\/span><\/p>\n<p><span data-ccp-props=\"{}\">\u00a0<\/span><b><i><span data-contrast=\"none\">01<\/span><\/i><\/b><b><i><span data-contrast=\"none\">\/1<\/span><\/i><\/b><b><i><span data-contrast=\"none\">1<\/span><\/i><\/b><b><i><span data-contrast=\"none\">\/2020<\/span><\/i><\/b><b><i><span data-contrast=\"none\">,<\/span><\/i><\/b> <b><i><span data-contrast=\"none\">Xalapa, Ver.<\/span><\/i><\/b><b><i><span data-contrast=\"none\">&#8211;<\/span><\/i><\/b> <span data-contrast=\"none\">Guadalupe Olivier T\u00e9llez, catedr\u00e1tica<\/span><span data-contrast=\"none\">, <\/span><span data-contrast=\"none\">investigadora y secretaria A<\/span><span data-contrast=\"none\">cad\u00e9mica de la Universidad Pedag\u00f3gica Nacional (UPN), <\/span><span data-contrast=\"none\">mencion\u00f3 que aunque las i<\/span><span data-contrast=\"none\">nstituciones de <\/span><span data-contrast=\"none\">e<\/span><span data-contrast=\"none\">ducaci\u00f3n <\/span><span data-contrast=\"none\">s<\/span><span data-contrast=\"none\">uperior en M\u00e9xico han aumentado su <\/span><span data-contrast=\"none\">rango de cobertura, \u00e9<\/span><span data-contrast=\"none\">sta se ha dado de forma focalizada e insuficiente, e incluso ha contribuido para profundi<\/span><span data-contrast=\"none\">zar las desigualdades sociales.<\/span><span data-ccp-props=\"{}\">\u00a0<\/span><\/p>\n<p><span data-contrast=\"none\">La docente imparti\u00f3 el 22 de octubre la conferencia virtual <\/span><span data-contrast=\"none\">\u201c<\/span><span data-contrast=\"none\">Pandemia y <\/span><span data-contrast=\"none\">e<\/span><span data-contrast=\"none\">quidad en la <\/span><span data-contrast=\"none\">e<\/span><span data-contrast=\"none\">ducaci\u00f3n <\/span><span data-contrast=\"none\">s<\/span><span data-contrast=\"none\">uperior<\/span><span data-contrast=\"none\">\u201d<\/span><span data-contrast=\"none\">, que fue organizada por <\/span><span data-contrast=\"none\">el <\/span><span data-contrast=\"none\">Seminario A<\/span><span data-contrast=\"none\">cci\u00f3n Colectiva y Pol\u00edtica, el c<\/span><span data-contrast=\"none\">uerpo <\/span><span data-contrast=\"none\">a<\/span><span data-contrast=\"none\">cad\u00e9mico <\/span><span data-contrast=\"none\">(CA) Estudios Socio-<\/span><span data-contrast=\"none\">Hist\u00f3ricos del Cambio Pol\u00edtico, el <a href=\"https:\/\/www.uv.mx\/iihs\/\" target=\"_blank\" rel=\"noopener noreferrer\">Instituto de Investigaciones Hist\u00f3rico-Sociales<\/a> (IIH-S) y la Facultad de Antropolog\u00eda de la Universidad Veracruzana (UV).<\/span><span data-ccp-props=\"{&quot;335559731&quot;:708}\">\u00a0<\/span><\/p>\n<p><span data-contrast=\"none\">Guadalupe Olivier coment\u00f3 que la pandemia de Covid-19 ha reflejado situaciones complejas que pueden ser similares para todas las <\/span><span data-contrast=\"none\">i<\/span><span data-contrast=\"none\">nstituciones de <\/span><span data-contrast=\"none\">e<\/span><span data-contrast=\"none\">ducaci\u00f3n <\/span><span data-contrast=\"none\">s<\/span><span data-contrast=\"none\">uperior del pa\u00eds, las implicaciones entre unas y otras est\u00e1n atravesadas por particularidades de su propio perfil institucional.<\/span><span data-ccp-props=\"{&quot;335559731&quot;:708}\">\u00a0<\/span><\/p>\n<p><span data-contrast=\"none\">Manifest\u00f3 que el marco normativo de cada universidad <\/span><span data-contrast=\"none\">permite o limita la actuaci\u00f3n e implementaci\u00f3n de acciones para atender las desigualdades y consecuencias ocasionadas por la pandemia.\u00a0<\/span><span data-ccp-props=\"{&quot;335559731&quot;:708}\">\u00a0<\/span><\/p>\n<p><span data-contrast=\"none\">Enfatiz\u00f3 que otra particularidad son los retos econ\u00f3micos a nivel institucional que tienen que ver con los recursos estructurales materiales y financieros, y con el perfil socioecon\u00f3mico del profesorado, personal administrativo y estudiantil.\u00a0<\/span><span data-ccp-props=\"{&quot;335559731&quot;:708}\">\u00a0<\/span><\/p>\n<p><span data-contrast=\"none\">\u201c<\/span><span data-contrast=\"none\">Cuando hablamos de<\/span><span data-contrast=\"none\"> equidad en educaci\u00f3n superior <\/span><span data-contrast=\"none\">se suele pensar de manera autom<\/span><span data-contrast=\"none\">\u00e1tica en el sector estudiantil<\/span><span data-contrast=\"none\">, pero <\/span><span data-contrast=\"none\">asimismo<\/span><span data-contrast=\"none\"> es <\/span><span data-contrast=\"none\">fundamental<\/span><span data-contrast=\"none\"> considerar al resto de sectores que constituyen el espacio institucional que tambi\u00e9n sufren de precariedad<\/span><span data-contrast=\"none\">\u201d, puntualiz\u00f3.\u00a0<\/span><span data-ccp-props=\"{&quot;335559731&quot;:708}\">\u00a0<\/span><\/p>\n<p><span data-contrast=\"none\">Enunci\u00f3<\/span><span data-contrast=\"none\"> que otro factor a tomar en cuenta es la condici\u00f3n particular de context<\/span><span data-contrast=\"none\">os de equidad o inequidad, no s\u00f3<\/span><span data-contrast=\"none\">lo <\/span><span data-contrast=\"none\">en el \u00e1mbito<\/span> <span data-contrast=\"none\">educativo sino tambi\u00e9n social, que impactan en el nivel de ingreso, permanencia y egreso <\/span><span data-contrast=\"none\">en<\/span><span data-contrast=\"none\"> las i<\/span><span data-contrast=\"none\">nstituciones de <\/span><span data-contrast=\"none\">e<\/span><span data-contrast=\"none\">ducaci\u00f3n <\/span><span data-contrast=\"none\">s<\/span><span data-contrast=\"none\">uperior.<\/span><span data-ccp-props=\"{&quot;335559731&quot;:708}\">\u00a0<\/span><\/p>\n<p><span data-contrast=\"none\">Explic\u00f3 que si bien el \u00e1rea de cobertura de las universidades ha ido en aumento, al relacionarlo con la apertura de b<\/span><span data-contrast=\"none\">rechas sociales y territoriales<\/span><span data-contrast=\"none\"> se lo<\/span><span data-contrast=\"none\">gra ver que el mayor n\u00famero de \u00e9<\/span><span data-contrast=\"none\">stas se encuentran en zonas de alta urbanizaci\u00f3n, y son muy pocas las que est\u00e1n en \u00e1reas marginales.<\/span><span data-contrast=\"none\">\u00a0<\/span><span data-ccp-props=\"{&quot;335559731&quot;:708}\">\u00a0<\/span><\/p>\n<p><span data-contrast=\"none\">Detall\u00f3 que de acuerdo <\/span><span data-contrast=\"none\">con<\/span><span data-contrast=\"none\"> datos del <\/span><i><span data-contrast=\"none\">Inegi<\/span><\/i><span data-contrast=\"none\">, al 2018 s<\/span><span data-contrast=\"none\">\u00f3<\/span><span data-contrast=\"none\">lo el ocho por ciento de estudiantes de licenciatura proviene de familias con bajos ingresos, lo que pone en cuesti\u00f3n el <\/span><span data-contrast=\"none\">discurso<\/span><span data-contrast=\"none\"> sobre la igualdad de oportunidades educativas en el sistema p\u00fablico de estudios superiores.\u00a0<\/span><span data-ccp-props=\"{&quot;335559731&quot;:708}\">\u00a0<\/span><\/p>\n<p><span data-contrast=\"none\">\u201cEsto nos <\/span><span data-contrast=\"none\">m<\/span><span data-contrast=\"none\">uestra que existe una fuerte contradicci\u00f3n entre la expansi\u00f3n de <\/span><span data-contrast=\"none\">i<\/span><span data-contrast=\"none\">nstituciones de <\/span><span data-contrast=\"none\">e<\/span><span data-contrast=\"none\">ducaci\u00f3n <\/span><span data-contrast=\"none\">superior<\/span><span data-contrast=\"none\"> y a quien le beneficia\u201d, declar\u00f3.<\/span><span data-contrast=\"none\">\u00a0<\/span><span data-ccp-props=\"{&quot;335559731&quot;:708}\">\u00a0<\/span><\/p>\n<p><span data-contrast=\"none\">La investigadora mencion\u00f3 que aunque cerrar <\/span><span data-contrast=\"none\">la<\/span><span data-contrast=\"none\"> brecha educativa es muy complejo y m\u00e1s en el contexto actual, es indispensable analizar las condiciones reales <\/span><span data-contrast=\"none\">en que los estudiantes ingresan a las universidades, para <\/span><span data-contrast=\"none\">tomar acciones<\/span><span data-contrast=\"none\"> que mejore<\/span><span data-contrast=\"none\">n<\/span><span data-contrast=\"none\"> esta situaci\u00f3n.<\/span><span data-ccp-props=\"{&quot;335559731&quot;:708}\">\u00a0<\/span><\/p>\n","protected":false},"excerpt":{"rendered":"<p>Aunque las universidades han aumentado su cobertura, \u00e9sta se ha dado focalizado y es insuficiente; incluso ha contribuido a profundizar las desigualdades: Guadalupe Olivier T\u00e9llez<\/p>\n","protected":false},"author":1508,"featured_media":89427,"comment_status":"closed","ping_status":"closed","sticky":false,"template":"","format":"standard","meta":{"footnotes":""},"categories":[1],"tags":[],"class_list":["post-89426","post","type-post","status-publish","format-standard","has-post-thumbnail","hentry","category-general"],"_links":{"self":[{"href":"https:\/\/www.uv.mx\/prensa\/wp-json\/wp\/v2\/posts\/89426","targetHints":{"allow":["GET"]}}],"collection":[{"href":"https:\/\/www.uv.mx\/prensa\/wp-json\/wp\/v2\/posts"}],"about":[{"href":"https:\/\/www.uv.mx\/prensa\/wp-json\/wp\/v2\/types\/post"}],"author":[{"embeddable":true,"href":"https:\/\/www.uv.mx\/prensa\/wp-json\/wp\/v2\/users\/1508"}],"replies":[{"embeddable":true,"href":"https:\/\/www.uv.mx\/prensa\/wp-json\/wp\/v2\/comments?post=89426"}],"version-history":[{"count":1,"href":"https:\/\/www.uv.mx\/prensa\/wp-json\/wp\/v2\/posts\/89426\/revisions"}],"predecessor-version":[{"id":89601,"href":"https:\/\/www.uv.mx\/prensa\/wp-json\/wp\/v2\/posts\/89426\/revisions\/89601"}],"wp:featuredmedia":[{"embeddable":true,"href":"https:\/\/www.uv.mx\/prensa\/wp-json\/wp\/v2\/media\/89427"}],"wp:attachment":[{"href":"https:\/\/www.uv.mx\/prensa\/wp-json\/wp\/v2\/media?parent=89426"}],"wp:term":[{"taxonomy":"category","embeddable":true,"href":"https:\/\/www.uv.mx\/prensa\/wp-json\/wp\/v2\/categories?post=89426"},{"taxonomy":"post_tag","embeddable":true,"href":"https:\/\/www.uv.mx\/prensa\/wp-json\/wp\/v2\/tags?post=89426"}],"curies":[{"name":"wp","href":"https:\/\/api.w.org\/{rel}","templated":true}]}}