{"id":89412,"date":"2020-11-01T08:01:58","date_gmt":"2020-11-01T14:01:58","guid":{"rendered":"https:\/\/www.uv.mx\/prensa\/?p=89412"},"modified":"2020-11-05T09:50:22","modified_gmt":"2020-11-05T15:50:22","slug":"alumno-de-la-fca-participo-en-congreso-nacional-del-ipn","status":"publish","type":"post","link":"https:\/\/www.uv.mx\/prensa\/general\/alumno-de-la-fca-participo-en-congreso-nacional-del-ipn\/","title":{"rendered":"Alumno de la FCA particip\u00f3 en   congreso nacional del IPN"},"content":{"rendered":"<ul>\n<li data-leveltext=\"\uf0b7\" data-font=\"Symbol\" data-listid=\"1\" data-aria-posinset=\"1\" data-aria-level=\"1\"><i><span data-contrast=\"auto\">Miguel \u00c1ngel Morales, estudiante de Sistemas Computacionales Administrativos, expuso conclusiones de su trabajo recepcional<\/span><\/i><span data-ccp-props=\"{&quot;134233279&quot;:true}\">\u00a0<\/span><\/li>\n<li data-leveltext=\"\uf0b7\" data-font=\"Symbol\" data-listid=\"1\" data-aria-posinset=\"2\" data-aria-level=\"1\"><i><span data-contrast=\"auto\">Como coautores<\/span><\/i><i><span data-contrast=\"auto\"> fungieron su director de tesis,<\/span><\/i><i><span data-contrast=\"auto\"> Vicente Josu\u00e9 Aguilera<\/span><\/i><i><span data-contrast=\"auto\">,<\/span><\/i><i><span data-contrast=\"auto\"> y su codirector<\/span><\/i><i><span data-contrast=\"auto\">,<\/span><\/i><i><span data-contrast=\"auto\"> Guillermo Leonel S\u00e1nchez<\/span><\/i><span data-ccp-props=\"{&quot;134233279&quot;:true}\">\u00a0<\/span><\/li>\n<\/ul>\n<div id=\"attachment_89415\" style=\"width: 732px\" class=\"wp-caption aligncenter\"><a href=\"https:\/\/www.uv.mx\/prensa\/files\/2020\/11\/011120-Alumno-FCA-en-IPN-1.jpg\"><img aria-describedby=\"caption-attachment-89415\" decoding=\"async\" loading=\"lazy\" class=\"size-full wp-image-89415\" src=\"https:\/\/www.uv.mx\/prensa\/files\/2020\/11\/011120-Alumno-FCA-en-IPN-1.jpg\" alt=\"Miguel \u00c1ngel Morales Hern\u00e1ndez, estudiante de Sistemas Computacionales Administrativos de la UV\" width=\"722\" height=\"481\" srcset=\"https:\/\/www.uv.mx\/prensa\/files\/2020\/11\/011120-Alumno-FCA-en-IPN-1.jpg 722w, https:\/\/www.uv.mx\/prensa\/files\/2020\/11\/011120-Alumno-FCA-en-IPN-1-300x200.jpg 300w\" sizes=\"(max-width: 722px) 100vw, 722px\" \/><\/a><p id=\"caption-attachment-89415\" class=\"wp-caption-text\">Miguel \u00c1ngel Morales Hern\u00e1ndez, estudiante de Sistemas Computacionales Administrativos de la UV<\/p><\/div>\n<p><b><i><span data-contrast=\"auto\">David Sandoval Rodr\u00edguez<\/span><\/i><\/b><span data-ccp-props=\"{}\">\u00a0<\/span><\/p>\n<p><span data-ccp-props=\"{}\">\u00a0<\/span><b><i><span data-contrast=\"auto\">01<\/span><\/i><\/b><b><i><span data-contrast=\"auto\">\/1<\/span><\/i><\/b><b><i><span data-contrast=\"auto\">1<\/span><\/i><\/b><b><i><span data-contrast=\"auto\">\/20 Xalapa, Ver.-<\/span><\/i><\/b> <span data-contrast=\"auto\">Miguel \u00c1ngel Morales Hern\u00e1ndez<\/span><span data-contrast=\"auto\">, estudiante de <\/span><span data-contrast=\"auto\">la Licenciatura en <\/span><span data-contrast=\"auto\">Sistemas Computacionales Administrativos <\/span><span data-contrast=\"auto\">de la <a href=\"https:\/\/www.uv.mx\/fca\/\" target=\"_blank\" rel=\"noopener noreferrer\">Facultad de Contadur\u00eda y Administraci\u00f3n<\/a> (FCA) <\/span><span data-contrast=\"auto\">de la <\/span><span data-contrast=\"auto\">Universidad Veracruzana (UV), particip\u00f3 en el <\/span><span data-contrast=\"auto\">4to Congreso Nacional de Investigaci\u00f3n Interdisciplinaria<\/span><span data-contrast=\"auto\"> \u201cEnfrentando retos emergentes de ciencia y tecnolog\u00eda\u201d, organizado por el Insti<\/span><span data-contrast=\"auto\">tuto Polit\u00e9cnico Nacional (IPN) del 28 al 30 de octubre.<\/span><span data-ccp-props=\"{}\">\u00a0<\/span><\/p>\n<p><span data-contrast=\"auto\">El joven present\u00f3 <\/span><span data-contrast=\"auto\">la ponencia \u201c<\/span><span data-contrast=\"auto\">Desempe\u00f1o a<\/span><span data-contrast=\"auto\">cad\u00e9mico y <\/span><span data-contrast=\"auto\">v<\/span><span data-contrast=\"auto\">ariables <\/span><span data-contrast=\"auto\">r<\/span><span data-contrast=\"auto\">elevantes en <\/span><span data-contrast=\"auto\">e<\/span><span data-contrast=\"auto\">studiantes de la Licenciatura en Sistemas Computacionales Administrativos de la <\/span><span data-contrast=\"auto\">Universidad Veracruzana, M\u00e9xico\u201d<\/span><span data-contrast=\"auto\">, donde plante\u00f3 que e<\/span><span data-contrast=\"auto\">s posible generar modelos de desempe\u00f1o escolar a trav\u00e9s de algoritmos de aprendizaje autom\u00e1tico<\/span><span data-contrast=\"auto\">.<\/span><span data-ccp-props=\"{&quot;335559731&quot;:708}\">\u00a0<\/span><\/p>\n<p><span data-contrast=\"auto\">La ponencia es una versi\u00f3n expositiva del art\u00edculo aceptado en el congreso, derivado de <\/span><span data-contrast=\"auto\">su trabajo de experiencia recepcional en el que se acopi\u00f3 una mu<\/span><span data-contrast=\"auto\">estra de los estudiantes de la <\/span><span data-contrast=\"auto\">L<\/span><span data-contrast=\"auto\">icenciatura en Sistemas Computaciona<\/span><span data-contrast=\"auto\">les Administrativos de la UV<\/span><span data-contrast=\"auto\">, a trav\u00e9s de un instrumento con 24 preguntas que i<\/span><span data-contrast=\"auto\">nclu\u00edan factores <\/span><span data-contrast=\"auto\">person<\/span><span data-contrast=\"auto\">ales, familiares y pedag\u00f3gicos.<\/span><span data-ccp-props=\"{}\">\u00a0<\/span><\/p>\n<div id=\"attachment_89414\" style=\"width: 732px\" class=\"wp-caption aligncenter\"><a href=\"https:\/\/www.uv.mx\/prensa\/files\/2020\/11\/011120-Alumno-FCA-en-IPN-2.jpg\"><img aria-describedby=\"caption-attachment-89414\" decoding=\"async\" loading=\"lazy\" class=\"size-full wp-image-89414\" src=\"https:\/\/www.uv.mx\/prensa\/files\/2020\/11\/011120-Alumno-FCA-en-IPN-2.jpg\" alt=\"Vicente Josu\u00e9 Aguilera Rueda, acad\u00e9mico director del trabajo recepcional\" width=\"722\" height=\"481\" srcset=\"https:\/\/www.uv.mx\/prensa\/files\/2020\/11\/011120-Alumno-FCA-en-IPN-2.jpg 722w, https:\/\/www.uv.mx\/prensa\/files\/2020\/11\/011120-Alumno-FCA-en-IPN-2-300x200.jpg 300w\" sizes=\"(max-width: 722px) 100vw, 722px\" \/><\/a><p id=\"caption-attachment-89414\" class=\"wp-caption-text\">Vicente Josu\u00e9 Aguilera Rueda, acad\u00e9mico director del trabajo recepcional<\/p><\/div>\n<p><span data-contrast=\"auto\">El objetivo consisti\u00f3 en identificar un subconjunto de variables, utilizando algoritmos de aprendizaje autom\u00e1tico, que aportan informaci\u00f3n relevante y que eventualmente pueden generar modelos de predicci\u00f3n del desempe\u00f1o escolar para incorporar medidas estrat\u00e9gicas antes de <\/span><span data-contrast=\"auto\">presentar un bajo rendimiento.<\/span><span data-ccp-props=\"{&quot;335559731&quot;:708}\">\u00a0<\/span><\/p>\n<p><span data-contrast=\"auto\">\u201c<\/span><span data-contrast=\"auto\">En la formaci\u00f3n de los estudiantes es fu<\/span><span data-contrast=\"auto\">ndamental que <\/span><span data-contrast=\"auto\">se <\/span><span data-contrast=\"auto\">establezcan problem\u00e1t<\/span><span data-contrast=\"auto\">icas desde los trabajos de experiencia <\/span><span data-contrast=\"auto\">recepcional<\/span><span data-contrast=\"auto\">,<\/span><span data-contrast=\"auto\"> que se puedan compartir en foros nacionales e internacionales donde al mismo tiempo que socializan problem\u00e1ticas comunes en la educaci\u00f3n superior, integran otros saber<\/span><span data-contrast=\"auto\">es a su <\/span><span data-contrast=\"auto\">formaci\u00f3n profesional<\/span><span data-contrast=\"auto\">\u201d<\/span><span data-contrast=\"auto\">, expres\u00f3 <\/span><span data-contrast=\"auto\">Vicente Josu\u00e9 Aguilera Rueda<\/span><span data-contrast=\"auto\">, acad\u00e9mico <\/span><span data-contrast=\"auto\">de la FCA y <\/span><span data-contrast=\"auto\">director del trabajo recepcional.<\/span><span data-ccp-props=\"{&quot;335559731&quot;:708}\">\u00a0<\/span><\/p>\n<p><span data-contrast=\"auto\">Por otro lado, destac\u00f3 que este congreso nacional de investigaci\u00f3n i<\/span><span data-contrast=\"auto\">nterdisciplinaria responde a las necesidades d<\/span><span data-contrast=\"auto\">el conocimiento en el siglo XXI, <\/span><span data-contrast=\"auto\">considerando que da la oportunidad a los diversos profesionistas de conocer problem\u00e1ticas asociadas a su campo profesional y tambi\u00e9n a otros campos disciplinares a los cuales p<\/span><span data-contrast=\"auto\">ueden asociar su conocimiento.<\/span><span data-ccp-props=\"{&quot;335559731&quot;:708}\">\u00a0<\/span><\/p>\n<p><span data-contrast=\"auto\">Se\u00f1al\u00f3 adem\u00e1s que el trabajo se elabor\u00f3 con el apoyo de<\/span><span data-contrast=\"auto\">l propio Aguilera Rueda y <\/span><span data-contrast=\"auto\">del acad\u00e9mico de la FCA, <\/span><span data-contrast=\"auto\">Guillermo Leonel S\u00e1<\/span><span data-contrast=\"auto\">nchez Hern\u00e1ndez, codirector de la tesis, <\/span><span data-contrast=\"auto\">ambos <\/span><span data-contrast=\"auto\">como coautores del art\u00edculo aceptado.<\/span><\/p>\n<div id=\"attachment_89413\" style=\"width: 732px\" class=\"wp-caption aligncenter\"><a href=\"https:\/\/www.uv.mx\/prensa\/files\/2020\/11\/011120-Alumno-FCA-en-IPN-3.jpg\"><img aria-describedby=\"caption-attachment-89413\" decoding=\"async\" loading=\"lazy\" class=\"size-full wp-image-89413\" src=\"https:\/\/www.uv.mx\/prensa\/files\/2020\/11\/011120-Alumno-FCA-en-IPN-3.jpg\" alt=\"Guillermo Leonel S\u00e1nchez Hern\u00e1ndez, codirector del trabajo recepcional\" width=\"722\" height=\"481\" srcset=\"https:\/\/www.uv.mx\/prensa\/files\/2020\/11\/011120-Alumno-FCA-en-IPN-3.jpg 722w, https:\/\/www.uv.mx\/prensa\/files\/2020\/11\/011120-Alumno-FCA-en-IPN-3-300x200.jpg 300w\" sizes=\"(max-width: 722px) 100vw, 722px\" \/><\/a><p id=\"caption-attachment-89413\" class=\"wp-caption-text\">Guillermo Leonel S\u00e1nchez Hern\u00e1ndez, codirector del trabajo recepcional<\/p><\/div>\n","protected":false},"excerpt":{"rendered":"<p>Miguel \u00c1ngel Morales, estudiante de Sistemas Computacionales Administrativos, expuso conclusiones de su trabajo recepcional\u00a0<\/p>\n","protected":false},"author":1508,"featured_media":89415,"comment_status":"closed","ping_status":"closed","sticky":false,"template":"","format":"standard","meta":[],"categories":[1],"tags":[],"_links":{"self":[{"href":"https:\/\/www.uv.mx\/prensa\/wp-json\/wp\/v2\/posts\/89412"}],"collection":[{"href":"https:\/\/www.uv.mx\/prensa\/wp-json\/wp\/v2\/posts"}],"about":[{"href":"https:\/\/www.uv.mx\/prensa\/wp-json\/wp\/v2\/types\/post"}],"author":[{"embeddable":true,"href":"https:\/\/www.uv.mx\/prensa\/wp-json\/wp\/v2\/users\/1508"}],"replies":[{"embeddable":true,"href":"https:\/\/www.uv.mx\/prensa\/wp-json\/wp\/v2\/comments?post=89412"}],"version-history":[{"count":1,"href":"https:\/\/www.uv.mx\/prensa\/wp-json\/wp\/v2\/posts\/89412\/revisions"}],"predecessor-version":[{"id":89573,"href":"https:\/\/www.uv.mx\/prensa\/wp-json\/wp\/v2\/posts\/89412\/revisions\/89573"}],"wp:featuredmedia":[{"embeddable":true,"href":"https:\/\/www.uv.mx\/prensa\/wp-json\/wp\/v2\/media\/89415"}],"wp:attachment":[{"href":"https:\/\/www.uv.mx\/prensa\/wp-json\/wp\/v2\/media?parent=89412"}],"wp:term":[{"taxonomy":"category","embeddable":true,"href":"https:\/\/www.uv.mx\/prensa\/wp-json\/wp\/v2\/categories?post=89412"},{"taxonomy":"post_tag","embeddable":true,"href":"https:\/\/www.uv.mx\/prensa\/wp-json\/wp\/v2\/tags?post=89412"}],"curies":[{"name":"wp","href":"https:\/\/api.w.org\/{rel}","templated":true}]}}