{"id":89181,"date":"2020-10-27T10:21:52","date_gmt":"2020-10-27T16:21:52","guid":{"rendered":"https:\/\/www.uv.mx\/prensa\/?p=89181"},"modified":"2020-10-27T10:21:52","modified_gmt":"2020-10-27T16:21:52","slug":"region-coatza-mina-realizo-jornada-pro-empleabilidad-y-emprendimiento-2020","status":"publish","type":"post","link":"https:\/\/www.uv.mx\/prensa\/regiones\/coatzacoalcos\/region-coatza-mina-realizo-jornada-pro-empleabilidad-y-emprendimiento-2020\/","title":{"rendered":"Regi\u00f3n Coatza-Mina realiz\u00f3 Jornada Pro-Empleabilidad y Emprendimiento 2020"},"content":{"rendered":"<div id=\"attachment_89183\" style=\"width: 732px\" class=\"wp-caption aligncenter\"><a href=\"https:\/\/www.uv.mx\/prensa\/files\/2020\/10\/230102020-CECILIA-Jornada1.jpg\"><img aria-describedby=\"caption-attachment-89183\" decoding=\"async\" loading=\"lazy\" class=\"size-full wp-image-89183\" src=\"https:\/\/www.uv.mx\/prensa\/files\/2020\/10\/230102020-CECILIA-Jornada1.jpg\" alt=\"\" width=\"722\" height=\"452\" srcset=\"https:\/\/www.uv.mx\/prensa\/files\/2020\/10\/230102020-CECILIA-Jornada1.jpg 722w, https:\/\/www.uv.mx\/prensa\/files\/2020\/10\/230102020-CECILIA-Jornada1-300x188.jpg 300w, https:\/\/www.uv.mx\/prensa\/files\/2020\/10\/230102020-CECILIA-Jornada1-200x125.jpg 200w\" sizes=\"(max-width: 722px) 100vw, 722px\" \/><\/a><p id=\"caption-attachment-89183\" class=\"wp-caption-text\"><span data-contrast=\"auto\">Carlos <\/span><span data-contrast=\"auto\">Lamothe<\/span><span data-contrast=\"auto\"> Zavaleta inaugur<\/span><span data-contrast=\"auto\">\u00f3 <\/span><span data-contrast=\"auto\">la <\/span><span data-contrast=\"auto\">j<\/span><span data-contrast=\"auto\">ornada<\/span><span data-ccp-props=\"{&quot;134233279&quot;:true,&quot;201341983&quot;:0,&quot;335559739&quot;:0,&quot;335559740&quot;:240}\">\u00a0<\/span><\/p><\/div>\n<p>&nbsp;<\/p>\n<p><b><i><span data-contrast=\"auto\">Cecilia Escriban<\/span><\/i><\/b><b><i><span data-contrast=\"auto\">o Reyes<\/span><\/i><\/b><span data-ccp-props=\"{&quot;201341983&quot;:0,&quot;335559739&quot;:160,&quot;335559740&quot;:240}\">\u00a0<\/span><\/p>\n<p><b><i><span data-contrast=\"auto\">2<\/span><\/i><\/b><b><i><span data-contrast=\"auto\">7<\/span><\/i><\/b><b><i><span data-contrast=\"auto\">\/10\/2020, <\/span><\/i><\/b><b><i><span data-contrast=\"auto\">Coatzacoalcos<\/span><\/i><\/b><b><i><span data-contrast=\"auto\">, <\/span><\/i><\/b><b><i><span data-contrast=\"auto\">Ver.-<\/span><\/i><\/b> <span data-contrast=\"auto\">E<\/span><span data-contrast=\"auto\">n el marco del Especial de Egresados de la Universidad Ver<\/span><span data-contrast=\"auto\">acruzana<\/span><span data-contrast=\"auto\"> (UV)<\/span><span data-contrast=\"auto\">, la<\/span> <span data-contrast=\"auto\">V<\/span><span data-contrast=\"auto\">icerrector\u00eda Coatzacoalcos-Minatitl\u00e1n <\/span><span data-contrast=\"auto\">realiz\u00f3 la Jornada <\/span><span data-contrast=\"auto\">Pro-empleabilidad<\/span><span data-contrast=\"auto\"> y emprendimiento 2020, e<\/span><span data-contrast=\"auto\">l jueves 22 y viernes 23 de octubre<\/span><span data-contrast=\"auto\">, <\/span><span data-contrast=\"auto\">a trav\u00e9s de la plataforma <\/span><i><span data-contrast=\"auto\">Z<\/span><\/i><i><span data-contrast=\"auto\">oom<\/span><\/i><span data-contrast=\"auto\">.<\/span><span data-ccp-props=\"{&quot;201341983&quot;:0,&quot;335559739&quot;:160,&quot;335559740&quot;:240}\">\u00a0<\/span><\/p>\n<p><span data-contrast=\"auto\">A<\/span><span data-contrast=\"auto\">l <\/span><span data-contrast=\"auto\">evento <\/span><span data-contrast=\"auto\">se dieron cita:<\/span> <span data-contrast=\"auto\">Carlos <\/span><span data-contrast=\"auto\">Lamothe<\/span><span data-contrast=\"auto\"> Zavaleta, vicerrector<\/span><span data-contrast=\"auto\">;<\/span> <span data-contrast=\"auto\">Patricia Arieta Melgarejo<\/span><span data-contrast=\"auto\">,<\/span> <span data-contrast=\"auto\">d<\/span><span data-contrast=\"auto\">irectora <\/span><span data-contrast=\"auto\">g<\/span><span data-contrast=\"auto\">eneral de Vinculaci\u00f3n<\/span><span data-contrast=\"auto\">;<\/span> <span data-contrast=\"auto\">Liliana Ivonne Betancourt <\/span><span data-contrast=\"auto\">Trevedhan<\/span><span data-contrast=\"auto\">, <\/span><span data-contrast=\"auto\">d<\/span><span data-contrast=\"auto\">irectora <\/span><span data-contrast=\"auto\">g<\/span><span data-contrast=\"auto\">eneral de Desarrollo Acad\u00e9mico e Innovaci\u00f3n Educativa<\/span><span data-contrast=\"auto\">; Hugo Noble P\u00e9rez<\/span> <span data-contrast=\"auto\">y <\/span><span data-contrast=\"auto\">Mar\u00eda In\u00e9s Quevedo L\u00f3pez,<\/span> <span data-contrast=\"auto\">s<\/span><span data-contrast=\"auto\">ecretario<\/span><span data-contrast=\"auto\">s<\/span> <span data-contrast=\"auto\">regionales<\/span> <span data-contrast=\"auto\">Acad\u00e9mico<\/span><span data-contrast=\"auto\">,<\/span> <span data-contrast=\"auto\">y <\/span><span data-contrast=\"auto\">de Administraci\u00f3n <\/span><span data-contrast=\"auto\">y<\/span><span data-contrast=\"auto\"> Finanzas, <\/span><span data-contrast=\"auto\">respectivamente, as\u00ed como <\/span><span data-contrast=\"auto\">acad\u00e9micos y egresados.<\/span><span data-ccp-props=\"{&quot;201341983&quot;:0,&quot;335559731&quot;:708,&quot;335559739&quot;:160,&quot;335559740&quot;:240}\">\u00a0<\/span><\/p>\n<p><span data-contrast=\"auto\">Liliana <\/span><span data-contrast=\"auto\">Betancourt <\/span><span data-contrast=\"auto\">se\u00f1al\u00f3 que el Especial de Egresados <\/span><span data-contrast=\"auto\">UV <\/span><span data-contrast=\"auto\">fue<\/span><span data-contrast=\"auto\"> dise\u00f1ado <\/span><span data-contrast=\"auto\">y pensado en <\/span><span data-contrast=\"auto\">brindar<\/span><span data-contrast=\"auto\">les <\/span><span data-contrast=\"auto\">informaci\u00f3n \u00fatil<\/span><span data-contrast=\"auto\">; agreg\u00f3 que <\/span><span data-contrast=\"auto\">la culminaci\u00f3n de sus estudios es una meta de arranque para <\/span><span data-contrast=\"auto\">su<\/span><span data-contrast=\"auto\"> desarrollo profesional, <\/span><span data-contrast=\"auto\">adem\u00e1s <\/span><span data-contrast=\"auto\">les permiti<\/span><span data-contrast=\"auto\">\u00f3<\/span><span data-contrast=\"auto\"> ver procesos de capacitaci\u00f3n que fortale<\/span><span data-contrast=\"auto\">ce<\/span><span data-contrast=\"auto\">n su formaci\u00f3n y desempe\u00f1o.<\/span><span data-ccp-props=\"{&quot;201341983&quot;:0,&quot;335559731&quot;:708,&quot;335559739&quot;:160,&quot;335559740&quot;:240}\">\u00a0<\/span><\/p>\n<p><span data-contrast=\"auto\">Por su parte, Patricia Arieta <\/span><span data-contrast=\"auto\">dijo <\/span><span data-contrast=\"auto\">que <\/span><span data-contrast=\"auto\">este<\/span><span data-contrast=\"auto\"> espacio<\/span> <span data-contrast=\"auto\">ha permitido potencia<\/span><span data-contrast=\"auto\">r <\/span><span data-contrast=\"auto\">la empleabilidad para los egresados, <\/span><span data-contrast=\"auto\">en un contexto en el que <\/span><span data-contrast=\"auto\">\u00e9sta<\/span><span data-contrast=\"auto\"> cobra importancia<\/span><span data-contrast=\"auto\">,<\/span><span data-contrast=\"auto\"> y pone de manifiesto las caracter\u00edsticas y competencias que <\/span><span data-contrast=\"auto\">en<\/span><span data-contrast=\"auto\"> la UV adquirie<\/span><span data-contrast=\"auto\">ron<\/span><span data-contrast=\"auto\">.<\/span><span data-ccp-props=\"{&quot;201341983&quot;:0,&quot;335559731&quot;:708,&quot;335559739&quot;:160,&quot;335559740&quot;:240}\">\u00a0<\/span><\/p>\n<p><span data-contrast=\"auto\">Es preponderante que tengan actitudes, competencias y valores que sean atractivos a las empresas<\/span><span data-contrast=\"auto\">;<\/span><span data-contrast=\"auto\"> adem\u00e1s de tener una visi\u00f3n emprendedora, la pandemia ha generado oportunidades, pero <\/span><span data-contrast=\"auto\">ha<\/span><span data-contrast=\"auto\"> acele<\/span><span data-contrast=\"auto\">rado procesos de transformaci\u00f3n<\/span><span data-contrast=\"auto\"> como el teletrabajo, la digitalizaci\u00f3n de las empresas o la formaci\u00f3n en l\u00ednea.<\/span><span data-ccp-props=\"{&quot;201341983&quot;:0,&quot;335559731&quot;:708,&quot;335559739&quot;:160,&quot;335559740&quot;:240}\">\u00a0<\/span><\/p>\n<p><span data-contrast=\"auto\">La inauguraci\u00f3n estuvo a cargo de<\/span><span data-contrast=\"auto\">l Vicerrector,<\/span> <span data-contrast=\"auto\">quien coment\u00f3 <\/span><span data-contrast=\"auto\">que <\/span><span data-contrast=\"auto\">la intenci\u00f3n <\/span><span data-contrast=\"auto\">fue <\/span><span data-contrast=\"auto\">promover en lo<\/span><span data-contrast=\"auto\">s egresados el empleo y la <\/span><span data-contrast=\"auto\">auto<\/span><span data-contrast=\"auto\">empleabilidad<\/span><span data-contrast=\"auto\">;<\/span> <span data-contrast=\"auto\">recalc\u00f3 que como universidad p\u00fablica socialmente responsable <\/span><span data-contrast=\"auto\">la UV<\/span><span data-contrast=\"auto\"> no solamente ofrecemos conocimientos, <\/span><span data-contrast=\"auto\">sino herramientas<\/span> <span data-contrast=\"auto\">para que las competencias adquiridas en los espacios universitarios se desarrollen de la mejor manera.<\/span><span data-ccp-props=\"{&quot;201341983&quot;:0,&quot;335559731&quot;:708,&quot;335559739&quot;:160,&quot;335559740&quot;:240}\">\u00a0<\/span><\/p>\n<p>&nbsp;<\/p>\n<div id=\"attachment_89184\" style=\"width: 732px\" class=\"wp-caption aligncenter\"><a href=\"https:\/\/www.uv.mx\/prensa\/files\/2020\/10\/230102020-CECILIA-Jornada2.jpg\"><img aria-describedby=\"caption-attachment-89184\" decoding=\"async\" loading=\"lazy\" class=\"size-full wp-image-89184\" src=\"https:\/\/www.uv.mx\/prensa\/files\/2020\/10\/230102020-CECILIA-Jornada2.jpg\" alt=\"\" width=\"722\" height=\"447\" srcset=\"https:\/\/www.uv.mx\/prensa\/files\/2020\/10\/230102020-CECILIA-Jornada2.jpg 722w, https:\/\/www.uv.mx\/prensa\/files\/2020\/10\/230102020-CECILIA-Jornada2-300x186.jpg 300w, https:\/\/www.uv.mx\/prensa\/files\/2020\/10\/230102020-CECILIA-Jornada2-200x125.jpg 200w\" sizes=\"(max-width: 722px) 100vw, 722px\" \/><\/a><p id=\"caption-attachment-89184\" class=\"wp-caption-text\">Patricia Arieta Melgarejo, directora general de Vinculaci\u00f3n<\/p><\/div>\n<p>&nbsp;<\/p>\n<p><span data-contrast=\"auto\">E<\/span><span data-contrast=\"auto\">l 22 de octubre se <\/span><span data-contrast=\"auto\">imparti\u00f3 el <\/span><span data-contrast=\"auto\">\u201cT<\/span><span data-contrast=\"auto\">aller para buscadores de empleo<\/span><span data-contrast=\"auto\">\u201d,<\/span> <span data-contrast=\"auto\">a cargo de <\/span><span data-contrast=\"auto\">Rafael <\/span><span data-contrast=\"auto\">de la Paz Reyes, representante del Sistema Nacional de Empleo, <\/span><span data-contrast=\"auto\">as\u00ed como el t<\/span><span data-contrast=\"auto\">aller \u201cLa educaci\u00f3n <\/span><span data-contrast=\"auto\">financiera <\/span><span data-contrast=\"auto\">como alternativa <\/span><span data-contrast=\"auto\">de soluci\u00f3n a la crisis econ\u00f3mica\u201d<\/span><span data-contrast=\"auto\">,<\/span><span data-contrast=\"auto\"> por No\u00e9 de la Cruz<\/span><span data-contrast=\"auto\">,<\/span><span data-contrast=\"auto\"> de la Caja <\/span><span data-contrast=\"auto\">P<\/span><span data-contrast=\"auto\">opular <\/span><span data-contrast=\"auto\">M<\/span><span data-contrast=\"auto\">exicana<\/span><span data-contrast=\"auto\">.<\/span><span data-ccp-props=\"{&quot;201341983&quot;:0,&quot;335559731&quot;:708,&quot;335559739&quot;:160,&quot;335559740&quot;:240}\">\u00a0<\/span><\/p>\n<p><span data-contrast=\"auto\">Rafael de la Paz Reyes present\u00f3 el portal de empleo, con la intenci\u00f3n de facilitar a los egresados las herramientas necesarias para poder colocarse pronto en un empleo. Abord\u00f3 las actividades del Servicio Nacional de Empleo, c\u00f3mo presentarse a una entrevista de trabajo y c\u00f3mo elaborar un curr\u00edculum vitae.<\/span><span data-ccp-props=\"{&quot;201341983&quot;:0,&quot;335559731&quot;:708,&quot;335559739&quot;:160,&quot;335559740&quot;:240}\">\u00a0<\/span><\/p>\n<p><span data-contrast=\"auto\">Recalc\u00f3 que la solicitud elaborada debe ir completamente <\/span><span data-contrast=\"auto\">requisitada<\/span><span data-contrast=\"auto\">, \u201cla mayor\u00eda de los j\u00f3venes comete el error de no poner la fecha, o dejar espacios en blanco, no poner el sueldo mensual o el puesto al que aspiran; debemos preguntarnos: qui\u00e9n soy, qu\u00e9 s\u00e9 hacer, con qu\u00e9 conocimientos cuento, en qu\u00e9 puedo mejorar y qu\u00e9 me gusta hacer\u201d.<\/span><span data-ccp-props=\"{&quot;201341983&quot;:0,&quot;335559731&quot;:708,&quot;335559739&quot;:160,&quot;335559740&quot;:240}\">\u00a0<\/span><\/p>\n<p><span data-contrast=\"auto\">Por su parte, No\u00e9 de la Cruz invit\u00f3 a los egresados a enfrentar la pandemia con la mejor actitud, adem\u00e1s de reconocer la necesidad de la cultura de la educaci\u00f3n financiera; <\/span><span data-contrast=\"auto\">tambi\u00e9n <\/span><span data-contrast=\"auto\">explic\u00f3 la importancia de ahorrar y de invertir.<\/span><span data-ccp-props=\"{&quot;201341983&quot;:0,&quot;335559731&quot;:708,&quot;335559739&quot;:160,&quot;335559740&quot;:240}\">\u00a0<\/span><\/p>\n<p><span data-contrast=\"auto\">El 23 de octubre<\/span><span data-contrast=\"auto\"> se <\/span><span data-contrast=\"auto\">llevaron a cabo <\/span><span data-contrast=\"auto\">la<\/span><span data-contrast=\"auto\">s<\/span><span data-contrast=\"auto\"> conferencia<\/span><span data-contrast=\"auto\">s<\/span> <span data-contrast=\"auto\">\u201cI<\/span><span data-contrast=\"auto\">nteligencia emocional y relaciones laborales<\/span><span data-contrast=\"auto\">\u201d<\/span><span data-contrast=\"auto\">, por el empresario Sergio Armando P\u00e9rez<\/span><span data-contrast=\"auto\">,<\/span> <span data-contrast=\"auto\">e <\/span><span data-contrast=\"auto\">\u201cImagen <\/span><span data-contrast=\"auto\">profesional para entrevista de t<\/span><span data-contrast=\"auto\">rabajo\u201d<\/span><span data-contrast=\"auto\">,<\/span><span data-contrast=\"auto\"> por <\/span><span data-contrast=\"auto\">la empresaria <\/span><span data-contrast=\"auto\">Jannuary<\/span> <span data-contrast=\"auto\">Donn<\/span> <span data-contrast=\"auto\">Zavariz<\/span><span data-contrast=\"auto\">.<\/span><span data-ccp-props=\"{&quot;201341983&quot;:0,&quot;335559731&quot;:708,&quot;335559739&quot;:160,&quot;335559740&quot;:240}\">\u00a0<\/span><\/p>\n<p>&nbsp;<\/p>\n<div id=\"attachment_89185\" style=\"width: 732px\" class=\"wp-caption aligncenter\"><a href=\"https:\/\/www.uv.mx\/prensa\/files\/2020\/10\/230102020-CECILIA-Jornada3.jpg\"><img aria-describedby=\"caption-attachment-89185\" decoding=\"async\" loading=\"lazy\" class=\"size-full wp-image-89185\" src=\"https:\/\/www.uv.mx\/prensa\/files\/2020\/10\/230102020-CECILIA-Jornada3.jpg\" alt=\"\" width=\"722\" height=\"387\" srcset=\"https:\/\/www.uv.mx\/prensa\/files\/2020\/10\/230102020-CECILIA-Jornada3.jpg 722w, https:\/\/www.uv.mx\/prensa\/files\/2020\/10\/230102020-CECILIA-Jornada3-300x161.jpg 300w\" sizes=\"(max-width: 722px) 100vw, 722px\" \/><\/a><p id=\"caption-attachment-89185\" class=\"wp-caption-text\">Asistentes a la Jornada Pro-Empleabilidad y Emprendimiento<\/p><\/div>\n","protected":false},"excerpt":{"rendered":"<p>Patricia Arieta, directora general de Vinculaci\u00f3n, dijo que este espacio potencia la empleabilidad para los egresados, en un contexto en el que \u00e9sta cobra importancia, y manifiesta las caracter\u00edsticas y competencias que en la UV adquirieron.\u00a0<\/p>\n<p>\u00a0<\/p>\n","protected":false},"author":1869,"featured_media":89185,"comment_status":"closed","ping_status":"closed","sticky":false,"template":"","format":"standard","meta":[],"categories":[52],"tags":[],"_links":{"self":[{"href":"https:\/\/www.uv.mx\/prensa\/wp-json\/wp\/v2\/posts\/89181"}],"collection":[{"href":"https:\/\/www.uv.mx\/prensa\/wp-json\/wp\/v2\/posts"}],"about":[{"href":"https:\/\/www.uv.mx\/prensa\/wp-json\/wp\/v2\/types\/post"}],"author":[{"embeddable":true,"href":"https:\/\/www.uv.mx\/prensa\/wp-json\/wp\/v2\/users\/1869"}],"replies":[{"embeddable":true,"href":"https:\/\/www.uv.mx\/prensa\/wp-json\/wp\/v2\/comments?post=89181"}],"version-history":[{"count":1,"href":"https:\/\/www.uv.mx\/prensa\/wp-json\/wp\/v2\/posts\/89181\/revisions"}],"predecessor-version":[{"id":89186,"href":"https:\/\/www.uv.mx\/prensa\/wp-json\/wp\/v2\/posts\/89181\/revisions\/89186"}],"wp:featuredmedia":[{"embeddable":true,"href":"https:\/\/www.uv.mx\/prensa\/wp-json\/wp\/v2\/media\/89185"}],"wp:attachment":[{"href":"https:\/\/www.uv.mx\/prensa\/wp-json\/wp\/v2\/media?parent=89181"}],"wp:term":[{"taxonomy":"category","embeddable":true,"href":"https:\/\/www.uv.mx\/prensa\/wp-json\/wp\/v2\/categories?post=89181"},{"taxonomy":"post_tag","embeddable":true,"href":"https:\/\/www.uv.mx\/prensa\/wp-json\/wp\/v2\/tags?post=89181"}],"curies":[{"name":"wp","href":"https:\/\/api.w.org\/{rel}","templated":true}]}}