{"id":89078,"date":"2020-10-25T08:01:47","date_gmt":"2020-10-25T14:01:47","guid":{"rendered":"https:\/\/www.uv.mx\/prensa\/?p=89078"},"modified":"2020-10-28T17:16:19","modified_gmt":"2020-10-28T23:16:19","slug":"artistas-deben-diversificarse-y-generar-redes-de-apoyo-ginna-narvaez","status":"publish","type":"post","link":"https:\/\/www.uv.mx\/prensa\/cultura\/artistas-deben-diversificarse-y-generar-redes-de-apoyo-ginna-narvaez\/","title":{"rendered":"Artistas deben diversificarse y generar redes de apoyo: Ginna Narv\u00e1ez\u00a0"},"content":{"rendered":"<ul>\n<li data-leveltext=\"\uf0b7\" data-font=\"Symbol\" data-listid=\"1\" data-aria-posinset=\"1\" data-aria-level=\"1\"><i><span data-contrast=\"auto\">La actriz, productora y directora d<\/span><\/i><i><span data-contrast=\"auto\">ict\u00f3 la conferencia \u201cObtenci\u00f3n de recursos para las artes\u201d, durante el programa Especial Egresados UV<\/span><\/i><span data-ccp-props=\"{&quot;134233279&quot;:true}\">\u00a0<\/span><\/li>\n<\/ul>\n<p><span data-ccp-props=\"{&quot;335559731&quot;:709}\">\u00a0<\/span><\/p>\n<div id=\"attachment_89083\" style=\"width: 732px\" class=\"wp-caption aligncenter\"><a href=\"https:\/\/www.uv.mx\/prensa\/files\/2020\/10\/211020-Obtencion-recursos-1.jpg\"><img loading=\"lazy\" decoding=\"async\" aria-describedby=\"caption-attachment-89083\" class=\"size-full wp-image-89083\" src=\"https:\/\/www.uv.mx\/prensa\/files\/2020\/10\/211020-Obtencion-recursos-1.jpg\" alt=\"\" width=\"722\" height=\"404\" srcset=\"https:\/\/www.uv.mx\/prensa\/files\/2020\/10\/211020-Obtencion-recursos-1.jpg 722w, https:\/\/www.uv.mx\/prensa\/files\/2020\/10\/211020-Obtencion-recursos-1-300x168.jpg 300w\" sizes=\"auto, (max-width: 722px) 100vw, 722px\" \/><\/a><p id=\"caption-attachment-89083\" class=\"wp-caption-text\">Ginna Alexandra Narv\u00e1ez habl\u00f3 a los estudiantes y egresados sobre las formas que existen para la obtenci\u00f3n de recursos para las artes<\/p><\/div>\n<p><span data-ccp-props=\"{&quot;335559731&quot;:709}\">\u00a0<\/span><\/p>\n<p><span data-ccp-props=\"{&quot;335559731&quot;:709}\">\u00a0<\/span><\/p>\n<p><b><i><span data-contrast=\"auto\">Paola Cort\u00e9s P\u00e9rez<\/span><\/i><\/b><span data-ccp-props=\"{&quot;335559731&quot;:709}\">\u00a0<\/span><\/p>\n<p><b><i><span data-contrast=\"auto\">2<\/span><\/i><\/b><b><i><span data-contrast=\"auto\">5<\/span><\/i><\/b><b><i><span data-contrast=\"auto\">\/10\/2020, Xalapa, <\/span><\/i><\/b><b><i><span data-contrast=\"auto\">Ver.-<\/span><\/i><\/b> <span data-contrast=\"auto\">Ginna<\/span><span data-contrast=\"auto\"> Alexandra Narv\u00e1ez Rubio, actriz, directora y productora art\u00edstica, dijo que es necesario que los artistas <\/span><span data-contrast=\"auto\">diversifiquen sus posibilidades y generen redes de apoyo con dramaturgos, gestores, programadores, productores, al dictar la conferencia \u201cObtenci\u00f3n de recursos para las artes\u201d, en el marco del programa Especial Egresados UV.<\/span><span data-ccp-props=\"{&quot;335559731&quot;:709}\">\u00a0<\/span><\/p>\n<p><span data-contrast=\"auto\">El titular de la <a href=\"https:\/\/www.uv.mx\/artes\/\" target=\"_blank\" rel=\"noopener noreferrer\">Direcci\u00f3n General el \u00c1rea Acad\u00e9mica de Artes<\/a> (DGAAA)<\/span><span data-contrast=\"auto\">, Miguel Flores Covarrubias<\/span><span data-contrast=\"auto\">,<\/span><span data-contrast=\"auto\"> dio la bienvenida a la conferencista y dijo que <\/span><span data-contrast=\"auto\">abordar tem\u00e1ticas como la obtenci\u00f3n de recursos siempre es de inter\u00e9s para los egresados, especialmente del \u00e1rea de artes, en la actual coyuntura.<\/span><span data-ccp-props=\"{&quot;335559731&quot;:708}\">\u00a0<\/span><\/p>\n<p><span data-contrast=\"auto\">\u201cQueremos darles herramientas para que mantengan una formaci\u00f3n continua al egresar de cualquier programa educativo de la Universidad, y tambi\u00e9n a los estudiantes que est\u00e9n a punto de concluir sus estudios o est\u00e9n cursando los primeros semestres.\u201d<\/span><span data-ccp-props=\"{&quot;335559731&quot;:708}\">\u00a0<\/span><\/p>\n<p><span data-contrast=\"auto\">Ginna<\/span><span data-contrast=\"auto\"> Narv\u00e1ez, fundadora en Bogot\u00e1, Colombia, de \u201cLa Productora Teatro\u201d, y de \u201cEn Su Tinta Producciones\u201d en M\u00e9xico, coment\u00f3 que los egresados de artes deben diversificarse, continuar prepar\u00e1ndose y generar redes con dramaturgos, gestores, programadores, productores, para seguir trabajando, articulando y proyectando, \u201cquiz\u00e1 con la pandemia sea <\/span><span data-contrast=\"auto\">complejo,<\/span><span data-contrast=\"auto\"> pero no imposible\u201d.<\/span><span data-ccp-props=\"{&quot;335559731&quot;:708}\">\u00a0<\/span><\/p>\n<p><span data-contrast=\"auto\">En M\u00e9xico, destac\u00f3, existe una infinidad de posibilidades y convocatorias para la obtenci\u00f3n de recursos<\/span><span data-contrast=\"auto\">,<\/span><span data-contrast=\"auto\"> aparte del Fondo Nacional para la Cultura y las Artes (<\/span><i><span data-contrast=\"auto\">Fonca<\/span><\/i><span data-contrast=\"auto\">)<\/span><span data-contrast=\"auto\"> que ahora atraviesa un proceso de revisi\u00f3n de los fideicomisos.<\/span><span data-ccp-props=\"{&quot;335559731&quot;:708}\">\u00a0<\/span><\/p>\n<p><span data-contrast=\"auto\">Uno de estos mecanismos para la obtenci\u00f3n de recursos es el Fondo de <\/span><span data-contrast=\"auto\">A<\/span><span data-contrast=\"auto\">yuda para las <\/span><span data-contrast=\"auto\">A<\/span><span data-contrast=\"auto\">rtes <\/span><span data-contrast=\"auto\">E<\/span><span data-contrast=\"auto\">sc\u00e9nicas <\/span><span data-contrast=\"auto\">I<\/span><span data-contrast=\"auto\">beroamericanas (<\/span><span data-contrast=\"auto\">Iberescena<\/span><span data-contrast=\"auto\">), un programa integrado por 16 pa\u00edses que realizan una aportaci\u00f3n anual de recursos para constituir un fondo econ\u00f3mico <\/span><span data-contrast=\"auto\">concursable, abierto a profesionales de las artes esc\u00e9nicas que residen en los pa\u00edses miembros.<\/span><span data-ccp-props=\"{&quot;335559731&quot;:708}\">\u00a0<\/span><\/p>\n<p><span data-contrast=\"auto\">Entre los objetivos de este fondo est\u00e1<\/span><span data-contrast=\"auto\">n:<\/span><span data-contrast=\"auto\"> promover las actividades de las artes esc\u00e9nicas con lenguajes innovadores y nuevas expresiones<\/span><span data-contrast=\"auto\">; promover la creaci\u00f3n en<\/span><span data-contrast=\"auto\"> las artes esc\u00e9nicas de autores<\/span><span data-contrast=\"auto\"> iberoamericanos; apoyar a los espacios esc\u00e9nicos y a los festivales de Iberoam\u00e9rica, entre otros.<\/span><span data-ccp-props=\"{&quot;335559731&quot;:708}\">\u00a0<\/span><\/p>\n<p><span data-contrast=\"auto\">Otro <\/span><span data-contrast=\"auto\">programa es el Est\u00edmulo Fiscal a Proyectos de Inversi\u00f3n en la Producci\u00f3n Teatral Nacional; en la Edici\u00f3n y Publicaci\u00f3n de Obras Literarias Nacionales; de Artes Visuales; Danza; M\u00fasica en los Campos espec\u00edficos de Direcci\u00f3n de Orquesta, Ejecuci\u00f3n Instrumental y Vocal de la M\u00fasica de Conciertos y Jazz (EFIARTES).<\/span><span data-ccp-props=\"{&quot;335559731&quot;:708}\">\u00a0<\/span><\/p>\n<p><span data-contrast=\"auto\">Explic\u00f3 que<\/span><span data-contrast=\"auto\"> es un apoyo que se otorga a las artes para la creaci\u00f3n y producci\u00f3n de artes visuales, danza, m\u00fasica, teatr<\/span><span data-contrast=\"auto\">o, as\u00ed como la e<\/span><span data-contrast=\"auto\">dici\u00f3n y <\/span><span data-contrast=\"auto\">p<\/span><span data-contrast=\"auto\">ublicaci\u00f3n de <\/span><span data-contrast=\"auto\">o<\/span><span data-contrast=\"auto\">bras <\/span><span data-contrast=\"auto\">l<\/span><span data-contrast=\"auto\">iterarias <\/span><span data-contrast=\"auto\">n<\/span><span data-contrast=\"auto\">acionales.<\/span><span data-ccp-props=\"{&quot;335559731&quot;:708}\">\u00a0<\/span><\/p>\n<p><span data-contrast=\"auto\">Consiste en aplicar un cr\u00e9dito fiscal por el monto aportado por un contribuyente del Impuesto Sobre la Renta (ISR) a un proyecto de inversi\u00f3n. <\/span><span data-contrast=\"auto\">Permite a los particulares (personas f\u00edsicas y morales) aportar recursos a un proyecto de inversi\u00f3n y disminuir el monto del pago de su ISR causado en el ejercicio.<\/span><span data-ccp-props=\"{&quot;335559731&quot;:708}\">\u00a0<\/span><\/p>\n<p><span data-contrast=\"auto\">\u201cEn este caso los artistas buscan la empresa, ella decide aportar o no<\/span><span data-contrast=\"auto\">;<\/span><span data-contrast=\"auto\"> no se trata de un donativo ni aportaci\u00f3n, es un aporte voluntar<\/span><span data-contrast=\"auto\">io<\/span><span data-contrast=\"auto\">, es un cr\u00e9dito fiscal. <\/span><span data-contrast=\"auto\">El est\u00edmulo debe corresponder al ejercicio fiscal anterior al a\u00f1o que se presenta el proyecto art\u00edstico.<\/span><span data-ccp-props=\"{&quot;335559731&quot;:708}\">\u00a0<\/span><\/p>\n<p><span data-contrast=\"auto\">Mencion\u00f3 que una vez aprobado el proyecto, recibir\u00e1n una notificaci\u00f3n y un cr\u00e9dito <\/span><span data-contrast=\"auto\">fiscal con una vigencia de 10 a\u00f1os. \u201cEs necesario que los artistas participen en esta convocatoria que este a\u00f1o tiene un monto de 200 millones de pesos, pero lamentablemente no se utilizan en su totalidad\u201d<\/span><span data-contrast=\"auto\">.<\/span><span data-ccp-props=\"{&quot;335559731&quot;:708}\">\u00a0<\/span><\/p>\n<p><span data-contrast=\"auto\">Finalmente, <\/span><span data-contrast=\"auto\">Ginna<\/span><span data-contrast=\"auto\"> Alexandra Narv\u00e1ez invit<\/span><span data-contrast=\"auto\">\u00f3<\/span><span data-contrast=\"auto\"> a los artistas y a los egresados universitarios arriesgarse a participar en las convocatorias y a emprender.<\/span><span data-ccp-props=\"{&quot;335559731&quot;:708}\">\u00a0<\/span><\/p>\n<p><span data-ccp-props=\"{&quot;335559731&quot;:709}\">\u00a0<\/span><\/p>\n<div id=\"attachment_89084\" style=\"width: 732px\" class=\"wp-caption aligncenter\"><a href=\"https:\/\/www.uv.mx\/prensa\/files\/2020\/10\/211020-Obtencion-recursos-2.jpg\"><img loading=\"lazy\" decoding=\"async\" aria-describedby=\"caption-attachment-89084\" class=\"size-full wp-image-89084\" src=\"https:\/\/www.uv.mx\/prensa\/files\/2020\/10\/211020-Obtencion-recursos-2.jpg\" alt=\"\" width=\"722\" height=\"403\" srcset=\"https:\/\/www.uv.mx\/prensa\/files\/2020\/10\/211020-Obtencion-recursos-2.jpg 722w, https:\/\/www.uv.mx\/prensa\/files\/2020\/10\/211020-Obtencion-recursos-2-300x167.jpg 300w\" sizes=\"auto, (max-width: 722px) 100vw, 722px\" \/><\/a><p id=\"caption-attachment-89084\" class=\"wp-caption-text\">Miguel Flores, titular de la DGAAA, dio la bienvenida a la conferencista, egresados y estudiantes<\/p><\/div>\n","protected":false},"excerpt":{"rendered":"<p>Uno de estos mecanismos para la obtenci\u00f3n de recursos es el Fondo de Ayuda para las Artes Esc\u00e9nicas Iberoamericanas\u00a0<\/p>\n","protected":false},"author":1869,"featured_media":89083,"comment_status":"closed","ping_status":"closed","sticky":false,"template":"","format":"standard","meta":{"footnotes":""},"categories":[11],"tags":[],"class_list":["post-89078","post","type-post","status-publish","format-standard","has-post-thumbnail","hentry","category-cultura"],"_links":{"self":[{"href":"https:\/\/www.uv.mx\/prensa\/wp-json\/wp\/v2\/posts\/89078","targetHints":{"allow":["GET"]}}],"collection":[{"href":"https:\/\/www.uv.mx\/prensa\/wp-json\/wp\/v2\/posts"}],"about":[{"href":"https:\/\/www.uv.mx\/prensa\/wp-json\/wp\/v2\/types\/post"}],"author":[{"embeddable":true,"href":"https:\/\/www.uv.mx\/prensa\/wp-json\/wp\/v2\/users\/1869"}],"replies":[{"embeddable":true,"href":"https:\/\/www.uv.mx\/prensa\/wp-json\/wp\/v2\/comments?post=89078"}],"version-history":[{"count":1,"href":"https:\/\/www.uv.mx\/prensa\/wp-json\/wp\/v2\/posts\/89078\/revisions"}],"predecessor-version":[{"id":89266,"href":"https:\/\/www.uv.mx\/prensa\/wp-json\/wp\/v2\/posts\/89078\/revisions\/89266"}],"wp:featuredmedia":[{"embeddable":true,"href":"https:\/\/www.uv.mx\/prensa\/wp-json\/wp\/v2\/media\/89083"}],"wp:attachment":[{"href":"https:\/\/www.uv.mx\/prensa\/wp-json\/wp\/v2\/media?parent=89078"}],"wp:term":[{"taxonomy":"category","embeddable":true,"href":"https:\/\/www.uv.mx\/prensa\/wp-json\/wp\/v2\/categories?post=89078"},{"taxonomy":"post_tag","embeddable":true,"href":"https:\/\/www.uv.mx\/prensa\/wp-json\/wp\/v2\/tags?post=89078"}],"curies":[{"name":"wp","href":"https:\/\/api.w.org\/{rel}","templated":true}]}}