{"id":88710,"date":"2020-10-16T16:31:13","date_gmt":"2020-10-16T21:31:13","guid":{"rendered":"https:\/\/www.uv.mx\/prensa\/?p=88710"},"modified":"2020-10-16T16:31:13","modified_gmt":"2020-10-16T21:31:13","slug":"uv-coatza-mina-realizo-2do-foro-de-salud-mental","status":"publish","type":"post","link":"https:\/\/www.uv.mx\/prensa\/regiones\/uv-coatza-mina-realizo-2do-foro-de-salud-mental\/","title":{"rendered":"UV Coatza-Mina realiz\u00f3 2do. Foro de Salud Mental\u00a0"},"content":{"rendered":"<ul>\n<li data-leveltext=\"\uf0b7\" data-font=\"Symbol\" data-listid=\"4\" data-aria-posinset=\"1\" data-aria-level=\"1\"><i><span data-contrast=\"auto\">Mar\u00eda Jos\u00e9 Garc\u00eda <\/span><\/i><i><span data-contrast=\"auto\">Oramas<\/span><\/i><i><span data-contrast=\"auto\">, coordinadora del <\/span><\/i><span data-contrast=\"auto\">Cendhiu<\/span><i><span data-contrast=\"auto\">, <\/span><\/i><i><span data-contrast=\"auto\">dijo que en estos momentos la sociedad debe saber la relevancia de cuidar la salud f\u00edsica y la salud mental<\/span><\/i><span data-ccp-props=\"{&quot;134233279&quot;:true,&quot;201341983&quot;:0,&quot;335559739&quot;:160,&quot;335559740&quot;:240}\">\u00a0<\/span><\/li>\n<\/ul>\n<p><span data-ccp-props=\"{&quot;201341983&quot;:0,&quot;335559739&quot;:160,&quot;335559740&quot;:240}\">\u00a0<\/span><\/p>\n<div id=\"attachment_88711\" style=\"width: 732px\" class=\"wp-caption aligncenter\"><a href=\"https:\/\/www.uv.mx\/prensa\/files\/2020\/10\/15102020-CECILIA-Salud1.jpg\"><img loading=\"lazy\" decoding=\"async\" aria-describedby=\"caption-attachment-88711\" class=\"size-full wp-image-88711\" src=\"https:\/\/www.uv.mx\/prensa\/files\/2020\/10\/15102020-CECILIA-Salud1.jpg\" alt=\"\" width=\"722\" height=\"382\" srcset=\"https:\/\/www.uv.mx\/prensa\/files\/2020\/10\/15102020-CECILIA-Salud1.jpg 722w, https:\/\/www.uv.mx\/prensa\/files\/2020\/10\/15102020-CECILIA-Salud1-300x159.jpg 300w\" sizes=\"auto, (max-width: 722px) 100vw, 722px\" \/><\/a><p id=\"caption-attachment-88711\" class=\"wp-caption-text\">Gloria Urbano Franco, investigadora de la Facultad de Enfermer\u00eda de la Universidad Nacional de Colombia<\/p><\/div>\n<p><b><\/b><span data-ccp-props=\"{&quot;201341983&quot;:0,&quot;335559739&quot;:160,&quot;335559740&quot;:240}\"><br \/>\n<\/span><\/p>\n<p>&nbsp;<\/p>\n<p><b><i><span data-contrast=\"auto\">Cecilia Escribano<\/span><\/i><\/b><b><i><span data-contrast=\"auto\"> Reyes<\/span><\/i><\/b><span data-ccp-props=\"{&quot;201341983&quot;:0,&quot;335559739&quot;:160,&quot;335559740&quot;:240}\">\u00a0<\/span><\/p>\n<p><b><i><span data-contrast=\"auto\">15\/10\/2020, <\/span><\/i><\/b><b><i><span data-contrast=\"auto\">Coatzacoalcos<\/span><\/i><\/b><b><i><span data-contrast=\"auto\">, <\/span><\/i><\/b><b><i><span data-contrast=\"auto\">Ver.<\/span><\/i><\/b><b><i><span data-contrast=\"auto\">&#8211;<\/span><\/i><\/b> <span data-contrast=\"auto\">En el marco del D\u00eda mundial de la Salud Mental,<\/span> <span data-contrast=\"auto\">la Universidad Veracruzana (UV)<\/span><span data-contrast=\"auto\"> \u2013a trav\u00e9s de l<\/span><span data-contrast=\"auto\">a <\/span><span data-contrast=\"auto\">C<\/span><span data-contrast=\"auto\">oordinaci\u00f3n <\/span><span data-contrast=\"auto\">Regional <\/span><span data-contrast=\"auto\">del Cen<\/span><span data-contrast=\"auto\">tro para el Desarrollo Humano e Integral de los Universitarios (<\/span><i><span data-contrast=\"auto\">Cendhiu<\/span><\/i><span data-contrast=\"auto\">)<\/span><span data-contrast=\"auto\"> y la Vicerrector\u00eda Coatzacoalcos-Minatitl\u00e1n<\/span><span data-contrast=\"auto\">\u2013 <\/span><span data-contrast=\"auto\">realiz<\/span><span data-contrast=\"auto\">\u00f3 <\/span><span data-contrast=\"auto\">el 2do. Foro de Salud Mental<\/span><span data-contrast=\"auto\">, a trav\u00e9s de la plataforma <\/span><i><span data-contrast=\"auto\">Zoom<\/span><\/i><span data-contrast=\"auto\">, <\/span><span data-contrast=\"auto\">el pasado lunes 12 de octubre.<\/span><span data-ccp-props=\"{&quot;201341983&quot;:0,&quot;335559739&quot;:160,&quot;335559740&quot;:240}\">\u00a0<\/span><\/p>\n<p><span data-contrast=\"auto\">El mensaje de bienvenida estuvo a cargo de Mar\u00eda Jos\u00e9 Garc\u00eda Oramas, <\/span><span data-contrast=\"auto\">coordinadora<\/span><span data-contrast=\"auto\"> del <\/span><i><span data-contrast=\"auto\">Cendhiu<\/span><\/i><span data-contrast=\"auto\">, quien dijo qu<\/span><span data-contrast=\"auto\">e en estos momentos la sociedad debe saber la relevancia de cuidar la<\/span><span data-contrast=\"auto\"> salud f\u00edsica y la salud mental.<\/span><span data-ccp-props=\"{&quot;201341983&quot;:0,&quot;335559731&quot;:708,&quot;335559739&quot;:160,&quot;335559740&quot;:240}\">\u00a0<\/span><\/p>\n<p><span data-contrast=\"auto\">\u201c<\/span><span data-contrast=\"auto\">E<\/span><span data-contrast=\"auto\">ste foro es atinado porque sabemos que en esta pandemia<\/span><span data-contrast=\"auto\"> hemos guardado distancia;<\/span><span data-contrast=\"auto\"> sin embargo<\/span><span data-contrast=\"auto\">,<\/span><span data-contrast=\"auto\"> la distancia f\u00edsica no es distancia emocional<\/span><span data-contrast=\"auto\">, y las relaciones entre las personas son un fact<\/span><span data-contrast=\"auto\">or protector de la salud mental,<\/span><span data-contrast=\"auto\"> es decir<\/span><span data-contrast=\"auto\">,<\/span><span data-contrast=\"auto\"> contar con personas y redes de apoyo permite <\/span><span data-contrast=\"auto\">preservar la salud<\/span><span data-contrast=\"auto\">,<\/span><span data-contrast=\"auto\">\u201d<\/span><span data-ccp-props=\"{&quot;201341983&quot;:0,&quot;335559731&quot;:708,&quot;335559739&quot;:160,&quot;335559740&quot;:240}\">\u00a0<\/span><\/p>\n<p><span data-contrast=\"auto\">Enfatiz\u00f3 que e<\/span><span data-contrast=\"auto\">n estos tiempos <\/span><span data-contrast=\"auto\">se ha<\/span><span data-contrast=\"auto\"> visto prevalecer el estr\u00e9s, la ansiedad, la depresi\u00f3n o hasta el au<\/span><span data-contrast=\"auto\">mento del consumo de sustancias;<\/span><span data-contrast=\"auto\"> frente a todas estas problem\u00e1ticas es <\/span><span data-contrast=\"auto\">de gran<\/span><span data-contrast=\"auto\"> importan<\/span><span data-contrast=\"auto\">cia mantener las<\/span><span data-contrast=\"auto\"> relaciones sociales<\/span><span data-contrast=\"auto\">.<\/span><span data-ccp-props=\"{&quot;201341983&quot;:0,&quot;335559731&quot;:708,&quot;335559739&quot;:160,&quot;335559740&quot;:240}\">\u00a0<\/span><\/p>\n<p><span data-contrast=\"auto\">La inauguraci\u00f3n<\/span><span data-contrast=\"auto\"> estuvo a cargo del vicerrector <\/span><span data-contrast=\"auto\">Carlos <\/span><span data-contrast=\"auto\">Lamothe<\/span><span data-contrast=\"auto\"> Zavaleta, quien se\u00f1al\u00f3 que<\/span><span data-contrast=\"auto\"> el inter\u00e9s de la comunidad universitaria en este tema es destacable<\/span><span data-contrast=\"auto\">:<\/span><span data-contrast=\"auto\"> \u201c<\/span><span data-contrast=\"auto\">E<\/span><span data-contrast=\"auto\">l <\/span><i><span data-contrast=\"auto\">Cendhiu<\/span><\/i> <span data-contrast=\"auto\">en la regi\u00f3n<\/span><span data-contrast=\"auto\">, dirigido por <\/span><span data-contrast=\"auto\">Alejandra Lugo Ram\u00edrez,<\/span> <span data-contrast=\"auto\">ha<\/span><span data-contrast=\"auto\"> sumado el esfuerzo de un sin n\u00famero de acad\u00e9micos\u201d<\/span><span data-contrast=\"auto\">.<\/span><span data-ccp-props=\"{&quot;201341983&quot;:0,&quot;335559731&quot;:708,&quot;335559739&quot;:160,&quot;335559740&quot;:240}\">\u00a0<\/span><\/p>\n<p><span data-contrast=\"auto\">Subray\u00f3<\/span><span data-contrast=\"auto\"> que e<\/span><span data-contrast=\"auto\">l tema de este encuentro es importante por la situaci\u00f3n que <\/span><span data-contrast=\"auto\">se vive<\/span><span data-contrast=\"auto\">, <\/span><span data-contrast=\"auto\">\u201c<\/span><span data-contrast=\"auto\">ya no podemos estrecharnos<\/span><span data-contrast=\"auto\"> ni<\/span><span data-contrast=\"auto\"> saludarnos, no hab\u00edamos apreciado lo valioso que<\/span><span data-contrast=\"auto\"> esto<\/span><span data-contrast=\"auto\"> era, el tiempo nos ha hecho a\u00f1orar estas manifestaciones, as\u00ed que este foro nos permite visualizar otras formas de relacionarnos\u201d.<\/span><span data-ccp-props=\"{&quot;201341983&quot;:0,&quot;335559731&quot;:708,&quot;335559739&quot;:160,&quot;335559740&quot;:240}\">\u00a0<\/span><\/p>\n<p><span data-contrast=\"auto\">Con el lema \u201cEl impacto de las relaciones sociales en la salud mental\u201d<\/span><span data-contrast=\"auto\">,<\/span><span data-contrast=\"auto\"> se <\/span><span data-contrast=\"auto\">llevaron a cabo <\/span><span data-contrast=\"auto\">tres ponencias: <\/span><span data-contrast=\"auto\">\u201c<\/span><span data-contrast=\"auto\">La familia: reflejo en las relaciones sociales<\/span><span data-contrast=\"auto\">\u201d<\/span><span data-contrast=\"auto\">,<\/span><span data-contrast=\"auto\"> a cargo de Gloria Urbano Franco, docente e investigadora de la Facultad de Enfermer\u00eda de la Universidad Nacional de Colombia; <\/span><span data-contrast=\"auto\">\u201c\u00bfFiltro o aceptaci\u00f3n en redes sociales?, por Javier Ram\u00edrez Carrillo, <\/span><span data-contrast=\"auto\">d<\/span><span data-contrast=\"auto\">irector de la Unidad de Servicios Bibliotecarios y de Informaci\u00f3n Coatzacoalcos<\/span><span data-contrast=\"auto\">, y \u201cRelaciones t\u00f3xicas: \u00bfc<\/span><span data-contrast=\"auto\">\u00f3mo identificarlas?\u201d<\/span><span data-contrast=\"auto\">,<\/span><span data-contrast=\"auto\"> de Brenda Alicia Hern\u00e1ndez <\/span><span data-contrast=\"auto\">Cortaza<\/span><span data-contrast=\"auto\">, secretaria de la Escuela de Enfermer\u00eda de la UV.<\/span><span data-ccp-props=\"{&quot;201341983&quot;:0,&quot;335559731&quot;:708,&quot;335559739&quot;:160,&quot;335559740&quot;:240}\">\u00a0<\/span><\/p>\n<p><span data-contrast=\"auto\">Gloria Urbano <\/span><span data-contrast=\"auto\">recalc\u00f3 que la familia es el elemento m\u00e1s importante porque es el nicho donde se constituye la sociedad, dependiendo de la din\u00e1mica e interacci\u00f3n se dan distintas situaciones<\/span><span data-contrast=\"auto\"> sociales.<\/span><span data-ccp-props=\"{&quot;201341983&quot;:0,&quot;335559731&quot;:708,&quot;335559739&quot;:160,&quot;335559740&quot;:240}\">\u00a0<\/span><\/p>\n<p><span data-contrast=\"auto\">\u201c<\/span><span data-contrast=\"auto\">En este momento las familias tienen muchas cara<\/span><span data-contrast=\"auto\">cter\u00edsticas que var\u00eda seg\u00fan quie<\/span><span data-contrast=\"auto\">nes las conforman, ya no<\/span><span data-contrast=\"auto\"> s\u00f3lo<\/span><span data-contrast=\"auto\"> es la uni\u00f3n del hombre y la mujer, sino <\/span><span data-contrast=\"auto\">que hay muchas formas de familia;<\/span><span data-contrast=\"auto\"> la pandemia nos hace estar lejos, pero muy cerca gracia<\/span><span data-contrast=\"auto\">s a los medios de comunicaci\u00f3n.\u201d<\/span><span data-ccp-props=\"{&quot;201341983&quot;:0,&quot;335559731&quot;:708,&quot;335559739&quot;:160,&quot;335559740&quot;:240}\">\u00a0<\/span><\/p>\n<p><span data-contrast=\"auto\">Expres\u00f3 tambi\u00e9n que <\/span><span data-contrast=\"auto\">l<\/span><span data-contrast=\"auto\">a comunicaci\u00f3n ha sido <\/span><span data-contrast=\"auto\">ben\u00e9fica<\/span><span data-contrast=\"auto\"> para la protecci\u00f3n de las vidas<\/span><span data-contrast=\"auto\">, \u201c<\/span><span data-contrast=\"auto\">en la medida en que hacemos conciencia en la importancia de mant<\/span><span data-contrast=\"auto\">ener el cuidado, el uso del <\/span><span data-contrast=\"auto\">cubre<\/span><span data-contrast=\"auto\">bocas<\/span><span data-contrast=\"auto\">, <\/span><span data-contrast=\"auto\">ya que <\/span><span data-contrast=\"auto\">es tarea de todos proteger a los <\/span><span data-contrast=\"auto\">miembros de nuestras familias\u201d.<\/span><span data-ccp-props=\"{&quot;201341983&quot;:0,&quot;335559731&quot;:708,&quot;335559739&quot;:160,&quot;335559740&quot;:240}\">\u00a0<\/span><\/p>\n<p><span data-contrast=\"auto\">En el evento participaron <\/span><span data-contrast=\"auto\">tambi\u00e9n<\/span> <span data-contrast=\"auto\">Hugo Ismael Noble P\u00e9rez y Mar\u00eda In\u00e9s Quevedo L\u00f3pez, s<\/span><span data-contrast=\"auto\">ecretario<\/span><span data-contrast=\"auto\">s<\/span> <span data-contrast=\"auto\">regionales Acad\u00e9mico, y<\/span><span data-contrast=\"auto\"> de Administraci\u00f3n y <\/span><span data-contrast=\"auto\">Finanzas<\/span><span data-contrast=\"auto\">, respectivamente, as\u00ed como d<\/span><span data-contrast=\"auto\">irectivos<\/span><span data-contrast=\"auto\">,<\/span> <span data-contrast=\"auto\">profesores <\/span><span data-contrast=\"auto\">y alumnos.<\/span><span data-ccp-props=\"{&quot;201341983&quot;:0,&quot;335559731&quot;:708,&quot;335559739&quot;:160,&quot;335559740&quot;:240}\">\u00a0<\/span><\/p>\n<p><span data-ccp-props=\"{&quot;201341983&quot;:0,&quot;335559739&quot;:160,&quot;335559740&quot;:240}\">\u00a0<\/span><\/p>\n<div id=\"attachment_88712\" style=\"width: 732px\" class=\"wp-caption aligncenter\"><a href=\"https:\/\/www.uv.mx\/prensa\/files\/2020\/10\/15102020-CECILIA-Salud2.jpg\"><img loading=\"lazy\" decoding=\"async\" aria-describedby=\"caption-attachment-88712\" class=\"size-full wp-image-88712\" src=\"https:\/\/www.uv.mx\/prensa\/files\/2020\/10\/15102020-CECILIA-Salud2.jpg\" alt=\"\" width=\"722\" height=\"461\" srcset=\"https:\/\/www.uv.mx\/prensa\/files\/2020\/10\/15102020-CECILIA-Salud2.jpg 722w, https:\/\/www.uv.mx\/prensa\/files\/2020\/10\/15102020-CECILIA-Salud2-300x192.jpg 300w\" sizes=\"auto, (max-width: 722px) 100vw, 722px\" \/><\/a><p id=\"caption-attachment-88712\" class=\"wp-caption-text\">Brenda Alicia Hern\u00e1ndez Cortaza habl\u00f3 de \u201cRelaciones t\u00f3xicas: \u00bfc\u00f3mo identificarlas?\u201d<\/p><\/div>\n","protected":false},"excerpt":{"rendered":"<p>\u201cEn esta pandemia hemos guardado distancia; sin embargo, la distancia f\u00edsica no es distancia emocional\u201d\u00a0<\/p>\n","protected":false},"author":1869,"featured_media":88711,"comment_status":"closed","ping_status":"closed","sticky":false,"template":"","format":"standard","meta":{"footnotes":""},"categories":[52,32],"tags":[],"class_list":["post-88710","post","type-post","status-publish","format-standard","has-post-thumbnail","hentry","category-coatzacoalcos","category-regiones"],"_links":{"self":[{"href":"https:\/\/www.uv.mx\/prensa\/wp-json\/wp\/v2\/posts\/88710","targetHints":{"allow":["GET"]}}],"collection":[{"href":"https:\/\/www.uv.mx\/prensa\/wp-json\/wp\/v2\/posts"}],"about":[{"href":"https:\/\/www.uv.mx\/prensa\/wp-json\/wp\/v2\/types\/post"}],"author":[{"embeddable":true,"href":"https:\/\/www.uv.mx\/prensa\/wp-json\/wp\/v2\/users\/1869"}],"replies":[{"embeddable":true,"href":"https:\/\/www.uv.mx\/prensa\/wp-json\/wp\/v2\/comments?post=88710"}],"version-history":[{"count":1,"href":"https:\/\/www.uv.mx\/prensa\/wp-json\/wp\/v2\/posts\/88710\/revisions"}],"predecessor-version":[{"id":88713,"href":"https:\/\/www.uv.mx\/prensa\/wp-json\/wp\/v2\/posts\/88710\/revisions\/88713"}],"wp:featuredmedia":[{"embeddable":true,"href":"https:\/\/www.uv.mx\/prensa\/wp-json\/wp\/v2\/media\/88711"}],"wp:attachment":[{"href":"https:\/\/www.uv.mx\/prensa\/wp-json\/wp\/v2\/media?parent=88710"}],"wp:term":[{"taxonomy":"category","embeddable":true,"href":"https:\/\/www.uv.mx\/prensa\/wp-json\/wp\/v2\/categories?post=88710"},{"taxonomy":"post_tag","embeddable":true,"href":"https:\/\/www.uv.mx\/prensa\/wp-json\/wp\/v2\/tags?post=88710"}],"curies":[{"name":"wp","href":"https:\/\/api.w.org\/{rel}","templated":true}]}}