{"id":88583,"date":"2020-10-14T09:23:43","date_gmt":"2020-10-14T14:23:43","guid":{"rendered":"https:\/\/www.uv.mx\/prensa\/?p=88583"},"modified":"2020-10-15T12:07:28","modified_gmt":"2020-10-15T17:07:28","slug":"uv-y-sev-aplicaron-evaluacion-diagnostica-a-aspirantes-del-nivel-medio-superior","status":"publish","type":"post","link":"https:\/\/www.uv.mx\/prensa\/banner\/uv-y-sev-aplicaron-evaluacion-diagnostica-a-aspirantes-del-nivel-medio-superior\/","title":{"rendered":"UV y SEV aplicaron evaluaci\u00f3n diagn\u00f3stica a aspirantes del nivel medio superior"},"content":{"rendered":"<ul>\n<li data-leveltext=\"\uf0b7\" data-font=\"Symbol\" data-listid=\"2\" data-aria-posinset=\"1\" data-aria-level=\"1\"><i><span data-contrast=\"auto\">Sara Ladr\u00f3n de Guevara celebr\u00f3 los resultados obtenidos en colaboraci\u00f3n con la SEV<\/span><\/i><span data-ccp-props=\"{&quot;134233279&quot;:true,&quot;201341983&quot;:0,&quot;335559739&quot;:160,&quot;335559740&quot;:240}\">\u00a0<\/span><\/li>\n<li data-leveltext=\"\uf0b7\" data-font=\"Symbol\" data-listid=\"2\" data-aria-posinset=\"2\" data-aria-level=\"1\"><i><span data-contrast=\"auto\">Jorge Miguel\u00a0<\/span><\/i><i><span data-contrast=\"auto\">Uscanga<\/span><\/i><i><span data-contrast=\"auto\">\u00a0agradeci\u00f3 el respaldo de la UV por el trabajo realizado de manera colaborativa, en beneficio de los aspirantes al<\/span><\/i><i><span data-contrast=\"auto\">\u00a0sistema educativo que encabeza<\/span><\/i><span data-ccp-props=\"{&quot;134233279&quot;:true,&quot;201341983&quot;:0,&quot;335559739&quot;:160,&quot;335559740&quot;:240}\">\u00a0<\/span><\/li>\n<li data-leveltext=\"\uf0b7\" data-font=\"Symbol\" data-listid=\"2\" data-aria-posinset=\"2\" data-aria-level=\"1\"><i><span data-contrast=\"auto\">Se aplicaron\u00a0<\/span><\/i><i><span data-contrast=\"auto\">24 mil\u00a0<\/span><\/i><i><span data-contrast=\"auto\">evaluaciones diagn\u00f3sticas<\/span><\/i><i><span data-contrast=\"auto\">\u00a0para el ingreso a m\u00e1s\u00a0<\/span><\/i><i><span data-contrast=\"auto\">de\u00a0<\/span><\/i><i><span data-contrast=\"auto\">150 planteles en todo el estado de Veracruz<\/span><\/i><span data-ccp-props=\"{&quot;134233279&quot;:true,&quot;201341983&quot;:0,&quot;335559739&quot;:160,&quot;335559740&quot;:240}\">\u00a0<\/span><\/li>\n<\/ul>\n<p><span data-ccp-props=\"{&quot;201341983&quot;:0,&quot;335559739&quot;:160,&quot;335559740&quot;:240}\">\u00a0<\/span><\/p>\n<div id=\"attachment_88585\" style=\"width: 732px\" class=\"wp-caption aligncenter\"><a href=\"https:\/\/www.uv.mx\/prensa\/files\/2020\/10\/131020-EVALUACION-DIAGNOSTICA-1-100k.jpg\"><img loading=\"lazy\" decoding=\"async\" aria-describedby=\"caption-attachment-88585\" class=\"size-full wp-image-88585\" src=\"https:\/\/www.uv.mx\/prensa\/files\/2020\/10\/131020-EVALUACION-DIAGNOSTICA-1-100k.jpg\" alt=\"Sara Ladr\u00f3n de Guevara reconoci\u00f3 la colaboraci\u00f3n de la UV y la SEV en la aplicaci\u00f3n de la evaluaci\u00f3n diagn\u00f3stica \" width=\"722\" height=\"406\" srcset=\"https:\/\/www.uv.mx\/prensa\/files\/2020\/10\/131020-EVALUACION-DIAGNOSTICA-1-100k.jpg 722w, https:\/\/www.uv.mx\/prensa\/files\/2020\/10\/131020-EVALUACION-DIAGNOSTICA-1-100k-300x169.jpg 300w\" sizes=\"auto, (max-width: 722px) 100vw, 722px\" \/><\/a><p id=\"caption-attachment-88585\" class=\"wp-caption-text\">Sara Ladr\u00f3n de Guevara reconoci\u00f3 la colaboraci\u00f3n de la UV y la SEV en la aplicaci\u00f3n de la evaluaci\u00f3n diagn\u00f3stica<\/p><\/div>\n<p>&nbsp;<\/p>\n<p><b><i><span data-contrast=\"auto\">Claudia Peralta V\u00e1zquez<\/span><\/i><\/b><\/p>\n<p><b><i><span data-contrast=\"auto\">14<\/span><\/i><\/b><b><i><span data-contrast=\"auto\">\/<\/span><\/i><\/b><b><i><span data-contrast=\"auto\">10<\/span><\/i><\/b><b><i><span data-contrast=\"auto\">\/<\/span><\/i><\/b><b><i><span data-contrast=\"auto\">20<\/span><\/i><\/b><b><i><span data-contrast=\"auto\">20<\/span><\/i><\/b><b><i><span data-contrast=\"auto\">, Xalapa,\u00a0Ver.-\u00a0<\/span><\/i><\/b><span data-contrast=\"auto\">Como resultado de<\/span><span data-contrast=\"auto\">\u00a0<\/span><span data-contrast=\"auto\">dos\u00a0<\/span><span data-contrast=\"auto\">convenios espec\u00edficos signados entre la Universidad Veracruzana (UV), a trav\u00e9s d<\/span><span data-contrast=\"auto\">el <a href=\"https:\/\/www.uv.mx\/ciies\/\" target=\"_blank\" rel=\"noopener noreferrer\">Centro de Investigaci\u00f3n e Innovaci\u00f3n en Educaci\u00f3n Superior<\/a><\/span><span data-contrast=\"auto\">\u00a0(CIIES), y la Secretar\u00eda de Educaci\u00f3<\/span><span data-contrast=\"auto\">n de Veracruz (SEV)<\/span><span data-contrast=\"auto\">\u00a0se logr\u00f3 el desarrollo, dise\u00f1o<\/span><span data-contrast=\"auto\">\u00a0y aplicaci\u00f3n de una<\/span><span data-contrast=\"auto\">\u00a0evaluaci\u00f3n diagn\u00f3stica de\u00a0<\/span><span data-contrast=\"auto\">habilidades y conocimient<\/span><span data-contrast=\"auto\">os indispensables para<\/span><span data-contrast=\"auto\">\u00a0<\/span><span data-contrast=\"auto\">estudiantes de nuevo ingreso<\/span><span data-contrast=\"auto\">\u00a0al<\/span><span data-contrast=\"auto\">\u00a0nivel\u00a0<\/span><span data-contrast=\"auto\">medio s<\/span><span data-contrast=\"auto\">uperior<\/span><span data-contrast=\"auto\">, para el<\/span><span data-contrast=\"auto\">\u00a0<\/span><span data-contrast=\"auto\">periodo\u00a0<\/span><span data-contrast=\"auto\">escolar\u00a0<\/span><span data-contrast=\"auto\">2020<\/span><span data-contrast=\"auto\">-2021<\/span><span data-contrast=\"auto\">.<\/span><span data-ccp-props=\"{&quot;201341983&quot;:0,&quot;335559739&quot;:160,&quot;335559740&quot;:240}\">\u00a0<\/span><\/p>\n<p><span data-contrast=\"auto\">Sara Ladr\u00f3n de Guevara,\u00a0<\/span><span data-contrast=\"auto\">rectora de la UV, encabez\u00f3 el martes 13 de octubre la reuni\u00f3n virtual en la que se compartieron experiencias y analizaron de manera conjunta los resultados de esta evaluaci\u00f3n<\/span><span data-contrast=\"auto\">\u00a0desarrollada y dise\u00f1ada\u00a0<\/span><span data-contrast=\"auto\">por acad\u00e9micos e investigadores<\/span><span data-contrast=\"auto\">\u00a0del CIIES,\u00a0<\/span><span data-contrast=\"auto\">a quienes reco<\/span><span data-contrast=\"auto\">noci\u00f3 su iniciativa y esfuerzo.<\/span><span data-contrast=\"auto\">\u00a0Se trata de<\/span><span data-contrast=\"auto\">\u00a0<\/span><span data-contrast=\"auto\">Ragueb<\/span><span data-contrast=\"auto\">\u00a0<\/span><span data-contrast=\"auto\">Cha<\/span><span data-contrast=\"auto\">\u00ed<\/span><span data-contrast=\"auto\">n<\/span><span data-contrast=\"auto\">\u00a0Revuelta,\u00a0<\/span><span data-contrast=\"auto\">Juan Carlos Ortega Guerrero<\/span><span data-contrast=\"auto\">,\u00a0<\/span><span data-contrast=\"auto\">Joyce\u00a0<\/span><span data-contrast=\"auto\">Garc\u00eda\u00a0<\/span><span data-contrast=\"auto\">G\u00e1lvez, Carlos Garc\u00eda Trujillo<\/span><span data-contrast=\"auto\">, Alberto Ram\u00edrez\u00a0<\/span><span data-contrast=\"auto\">Martinell<\/span><span data-contrast=\"auto\">\u00a0y\u00a0<\/span><span data-contrast=\"auto\">Jahir<\/span><span data-contrast=\"auto\">\u00a0Castillo Ochoa<\/span><span data-contrast=\"auto\">.<\/span><span data-ccp-props=\"{&quot;201341983&quot;:0,&quot;335559739&quot;:160,&quot;335559740&quot;:240}\">\u00a0<\/span><\/p>\n<p><span data-contrast=\"auto\">En presencia de\u00a0<\/span><span data-contrast=\"auto\">Jorge Miguel\u00a0<\/span><span data-contrast=\"auto\">Uscanga<\/span><span data-contrast=\"auto\">\u00a0Villalba,\u00a0<\/span><span data-contrast=\"auto\">titular de la Subsecretar\u00eda<\/span><span data-contrast=\"auto\">\u00a0de Educaci\u00f3n Media Superior y Superior<\/span><span data-contrast=\"auto\">\u00a0(<\/span><span data-contrast=\"auto\">SEMSyS<\/span><span data-contrast=\"auto\">)<\/span><span data-contrast=\"auto\">, y autoridades universitarias, la R<\/span><span data-contrast=\"auto\">ectora subray\u00f3 que esta coordinaci\u00f3n entre instituciones habr\u00e1 de dar frutos y redundar\u00e1 en una formaci\u00f3n profesional de mayor calidad.<\/span><span data-ccp-props=\"{&quot;201341983&quot;:0,&quot;335559731&quot;:708,&quot;335559739&quot;:160,&quot;335559740&quot;:240}\">\u00a0<\/span><\/p>\n<p><span data-contrast=\"auto\">\u201cA la UV le queda muy claro que en la medida que se tenga\u00a0un\u00a0 sistema\u00a0de e<\/span><span data-contrast=\"auto\">ducaci\u00f3n m<\/span><span data-contrast=\"auto\">edia\u00a0<\/span><span data-contrast=\"auto\">s<\/span><span data-contrast=\"auto\">uperior s\u00f3lido, habremos de recibir a j\u00f3venes mejor prepara<\/span><span data-contrast=\"auto\">dos para la educaci\u00f3n superior.\u201d<\/span><\/p>\n<div id=\"attachment_88586\" style=\"width: 732px\" class=\"wp-caption aligncenter\"><a href=\"https:\/\/www.uv.mx\/prensa\/files\/2020\/10\/131020-EVALUACION-DIAGNOSTICA-2-100k.jpg\"><img loading=\"lazy\" decoding=\"async\" aria-describedby=\"caption-attachment-88586\" class=\"size-full wp-image-88586\" src=\"https:\/\/www.uv.mx\/prensa\/files\/2020\/10\/131020-EVALUACION-DIAGNOSTICA-2-100k.jpg\" alt=\"Autoridades de la UV y SEV se reunieron para dar a conocer sus experiencias y resultados \" width=\"722\" height=\"414\" srcset=\"https:\/\/www.uv.mx\/prensa\/files\/2020\/10\/131020-EVALUACION-DIAGNOSTICA-2-100k.jpg 722w, https:\/\/www.uv.mx\/prensa\/files\/2020\/10\/131020-EVALUACION-DIAGNOSTICA-2-100k-300x172.jpg 300w\" sizes=\"auto, (max-width: 722px) 100vw, 722px\" \/><\/a><p id=\"caption-attachment-88586\" class=\"wp-caption-text\">Autoridades de la UV y SEV se reunieron para dar a conocer sus experiencias y resultados<\/p><\/div>\n<p><span data-contrast=\"auto\">Coment\u00f3 que este ejercicio\u00a0<\/span><span data-contrast=\"auto\">trae muchas ense\u00f1anzas en medio de la pandemia,\u00a0<\/span><span data-contrast=\"auto\">pues permite observar la capacidad que se tiene para la\u00a0<\/span><span data-contrast=\"auto\">aplicaci\u00f3n\u00a0<\/span><span data-contrast=\"auto\">de este tipo de evaluaciones, que<\/span><span data-contrast=\"auto\">\u00a0representa<\/span><span data-contrast=\"auto\">\u00a0un insumo tanto para los estudiantes como para este sistema en su conjunto.<\/span><span data-ccp-props=\"{&quot;201341983&quot;:0,&quot;335559731&quot;:708,&quot;335559739&quot;:160,&quot;335559740&quot;:240}\">\u00a0<\/span><\/p>\n<p><span data-contrast=\"auto\">Gracias a la toma de decisiones de los funcionarios, ahora se cuenta con informaci\u00f3n valiosa que deber\u00e1 tomarse en cuenta durante esta contingencia, dentro de la cual se ha\u00a0<\/span><span data-contrast=\"auto\">transitado de una educa<\/span><span data-contrast=\"auto\">ci\u00f3n presencial a una\u00a0<\/span><span data-contrast=\"auto\">virtual.<\/span><span data-ccp-props=\"{&quot;201341983&quot;:0,&quot;335559731&quot;:708,&quot;335559739&quot;:160,&quot;335559740&quot;:240}\">\u00a0<\/span><\/p>\n<p><span data-contrast=\"auto\">Subray\u00f3 que el desarrollo de\u00a0<\/span><span data-contrast=\"auto\">pruebas diagn\u00f3sticas<\/span><span data-contrast=\"auto\">\u00a0y peri\u00f3dicas tambi\u00e9n permite m<\/span><span data-contrast=\"auto\">ejorar los pro<\/span><span data-contrast=\"auto\">cesos, reforzar\u00a0<\/span><span data-contrast=\"auto\">habilidades y apoyar a los j\u00f3venes para que al final logren una capacidad que favorezca su ingreso al nivel superior.<\/span><span data-ccp-props=\"{&quot;201341983&quot;:0,&quot;335559731&quot;:708,&quot;335559739&quot;:160,&quot;335559740&quot;:240}\">\u00a0<\/span><\/p>\n<p><span data-contrast=\"auto\">\u201cReconozco el rechazo cero que hace la ense\u00f1anza\u00a0<\/span><span data-contrast=\"auto\">media s<\/span><span data-contrast=\"auto\">uperior en el estado, y los esfuerzos que se hacen para lograr lo mismo en la educaci\u00f3n superior<\/span><span data-contrast=\"auto\">.<\/span><span data-contrast=\"auto\">\u201d<\/span><\/p>\n<div id=\"attachment_88587\" style=\"width: 732px\" class=\"wp-caption aligncenter\"><a href=\"https:\/\/www.uv.mx\/prensa\/files\/2020\/10\/131020-EVALUACION-DIAGNOSTICA-3-100k.jpg\"><img loading=\"lazy\" decoding=\"async\" aria-describedby=\"caption-attachment-88587\" class=\"size-full wp-image-88587\" src=\"https:\/\/www.uv.mx\/prensa\/files\/2020\/10\/131020-EVALUACION-DIAGNOSTICA-3-100k.jpg\" alt=\"Juan Carlos Ortega Guerrero, coordinador del CIIES \" width=\"722\" height=\"406\" srcset=\"https:\/\/www.uv.mx\/prensa\/files\/2020\/10\/131020-EVALUACION-DIAGNOSTICA-3-100k.jpg 722w, https:\/\/www.uv.mx\/prensa\/files\/2020\/10\/131020-EVALUACION-DIAGNOSTICA-3-100k-300x169.jpg 300w\" sizes=\"auto, (max-width: 722px) 100vw, 722px\" \/><\/a><p id=\"caption-attachment-88587\" class=\"wp-caption-text\">Juan Carlos Ortega Guerrero, coordinador del CIIES<\/p><\/div>\n<p><span data-contrast=\"auto\">Adem\u00e1s, anunci\u00f3 que la UV pr\u00f3ximamente ofertar\u00e1 una nueva licenciatura en l\u00ednea para la ense\u00f1anza en\u00a0<\/span><span data-contrast=\"auto\">f<\/span><span data-contrast=\"auto\">\u00edsica y\u00a0<\/span><span data-contrast=\"auto\">m<\/span><span data-contrast=\"auto\">atem\u00e1ticas, la cual incidir\u00e1 en la formaci\u00f3n de profesores de<\/span><span data-contrast=\"auto\">\u00a0bachillerato.<\/span><span data-ccp-props=\"{&quot;201341983&quot;:0,&quot;335559731&quot;:708,&quot;335559739&quot;:160,&quot;335559740&quot;:240}\">\u00a0<\/span><\/p>\n<p><span data-contrast=\"auto\">Al inicio de la sesi\u00f3n v\u00eda remota,<\/span><b><span data-contrast=\"auto\">\u00a0<\/span><\/b><span data-contrast=\"auto\">Juan Carlos Ortega,\u00a0<\/span><span data-contrast=\"auto\">coord<\/span><span data-contrast=\"auto\">inador del CIIES, resalt\u00f3<\/span><span data-contrast=\"auto\">\u00a0<\/span><span data-contrast=\"auto\">los antecedentes y<\/span><span data-contrast=\"auto\">\u00a0<\/span><span data-contrast=\"auto\">experiencia<\/span><span data-contrast=\"auto\">s obtenidas con la\u00a0<\/span><span data-contrast=\"auto\">aplicaci\u00f3n de un total de<\/span><span data-contrast=\"auto\">\u00a024 mil evaluaciones<\/span><span data-contrast=\"auto\">\u00a0diagn\u00f3sticas<\/span><span data-contrast=\"auto\">\u00a0para\u00a0<\/span><span data-contrast=\"auto\">el ingreso a m\u00e1s\u00a0<\/span><span data-contrast=\"auto\">150 plantele<\/span><span data-contrast=\"auto\">s en todo el estado de Veracruz.<\/span><span data-ccp-props=\"{&quot;201341983&quot;:0,&quot;335559731&quot;:708,&quot;335559739&quot;:160,&quot;335559740&quot;:240}\">\u00a0<\/span><\/p>\n<p><span data-contrast=\"auto\">\u201cSe trat\u00f3 de un esfuerzo conjunto que permiti\u00f3 cumplir<\/span><span data-contrast=\"auto\">\u00a0<\/span><span data-contrast=\"auto\">con la vocaci\u00f3n de desarrollar acciones concretas que contribuyeran al tr<\/span><span data-contrast=\"auto\">abajo y esfuerzo educativo del estado y sus autoridades.\u201d<\/span><span data-ccp-props=\"{&quot;201341983&quot;:0,&quot;335559731&quot;:708,&quot;335559739&quot;:160,&quot;335559740&quot;:240}\">\u00a0<\/span><\/p>\n<p><span data-contrast=\"auto\">Dijo que, a<\/span><span data-contrast=\"auto\">l momento,<\/span><span data-contrast=\"auto\">\u00a0se encuentra en proceso la aplicaci\u00f3n de la evaluaci\u00f3n a<\/span><span data-contrast=\"auto\">\u00a0m\u00e1s de 50 mil alumnos de<\/span><span data-contrast=\"auto\">\u00a0<\/span><span data-contrast=\"auto\">t<\/span><span data-contrast=\"auto\">elebachillerato<\/span><span data-contrast=\"auto\">\u00a0de m\u00e1s de mil escuelas. A la fecha se han aplicado 30 mil.<\/span><\/p>\n<div id=\"attachment_88588\" style=\"width: 732px\" class=\"wp-caption aligncenter\"><a href=\"https:\/\/www.uv.mx\/prensa\/files\/2020\/10\/131020-EVALUACION-DIAGNOSTICA-4-100k.jpg\"><img loading=\"lazy\" decoding=\"async\" aria-describedby=\"caption-attachment-88588\" class=\"size-full wp-image-88588\" src=\"https:\/\/www.uv.mx\/prensa\/files\/2020\/10\/131020-EVALUACION-DIAGNOSTICA-4-100k.jpg\" alt=\"Claudia Guadalupe Zamora Trevi\u00f1o, titular de la DGB \" width=\"722\" height=\"406\" srcset=\"https:\/\/www.uv.mx\/prensa\/files\/2020\/10\/131020-EVALUACION-DIAGNOSTICA-4-100k.jpg 722w, https:\/\/www.uv.mx\/prensa\/files\/2020\/10\/131020-EVALUACION-DIAGNOSTICA-4-100k-300x169.jpg 300w\" sizes=\"auto, (max-width: 722px) 100vw, 722px\" \/><\/a><p id=\"caption-attachment-88588\" class=\"wp-caption-text\">Claudia Guadalupe Zamora Trevi\u00f1o, titular de la DGB<\/p><\/div>\n<p><span data-contrast=\"auto\">Tambi\u00e9n, destac\u00f3 los beneficios de esta estrategia que p<\/span><span data-contrast=\"auto\">ermiti\u00f3 pasar de una aplicaci<\/span><span data-contrast=\"auto\">\u00f3n en papel a<\/span><span data-contrast=\"auto\">\u00a0<\/span><span data-contrast=\"auto\">una\u00a0<\/span><span data-contrast=\"auto\">en\u00a0<\/span><span data-contrast=\"auto\">l\u00ednea;<\/span><span data-contrast=\"auto\">\u00a0<\/span><span data-contrast=\"auto\">p<\/span><span data-contrast=\"auto\">or\u00a0<\/span><span data-contrast=\"auto\">lo\u00a0<\/span><span data-contrast=\"auto\">tanto<\/span><span data-contrast=\"auto\">,<\/span><span data-contrast=\"auto\">\u00a0se determin\u00f3 que fuera una evaluaci\u00f3n diagn\u00f3stica en lugar del examen de<\/span><span data-contrast=\"auto\">\u00a0selecci\u00f3n.<\/span><span data-ccp-props=\"{&quot;201341983&quot;:0,&quot;335559731&quot;:708,&quot;335559739&quot;:160,&quot;335559740&quot;:240}\">\u00a0<\/span><\/p>\n<p><span data-contrast=\"auto\">A pesar de haber sido un proceso complicado donde se utiliz\u00f3 una plataforma de la UV, mencion\u00f3 que lo anterior trajo muchas ventajas, pues represent\u00f3 un menor costo y riesgo tanto para los aspirantes<\/span><span data-contrast=\"auto\">\u00a0y<\/span><span data-contrast=\"auto\">\u00a0profesores como para el personal de apoyo.<\/span><span data-ccp-props=\"{&quot;201341983&quot;:0,&quot;335559739&quot;:160,&quot;335559740&quot;:240}\">\u00a0<\/span><\/p>\n<p><span data-contrast=\"auto\">Finalmente, coment\u00f3 que el registro de los ex\u00e1menes qued\u00f3 en manos de los subsistemas, y conf\u00edan\u00a0<\/span><span data-contrast=\"auto\">\u2013<\/span><span data-contrast=\"auto\">el pr\u00f3ximo a\u00f1o<\/span><span data-contrast=\"auto\">\u2013<\/span><span data-contrast=\"auto\">\u00a0trabajar de la\u00a0<\/span><span data-contrast=\"auto\">mano con la SEV, toda vez que con esta pandemia las evaluaciones diagn\u00f3sticas en l\u00ednea han logrado imponerse.<\/span><span data-ccp-props=\"{&quot;201341983&quot;:0,&quot;335559731&quot;:708,&quot;335559739&quot;:160,&quot;335559740&quot;:240}\">\u00a0<\/span><\/p>\n<p><span data-contrast=\"auto\">Por su parte,\u00a0<\/span><span data-contrast=\"auto\">Jorge Miguel\u00a0<\/span><span data-contrast=\"auto\">Uscanga<\/span><span data-contrast=\"auto\">\u00a0agradeci\u00f3 el respaldo de la UV por el trabajo realizado de manera colaborativa, en beneficio de los aspirantes al sistema educativo que encabeza.<\/span><\/p>\n<div id=\"attachment_88589\" style=\"width: 732px\" class=\"wp-caption aligncenter\"><a href=\"https:\/\/www.uv.mx\/prensa\/files\/2020\/10\/131020-EVALUACION-DIAGNOSTICA-5-100k.jpg\"><img loading=\"lazy\" decoding=\"async\" aria-describedby=\"caption-attachment-88589\" class=\"size-full wp-image-88589\" src=\"https:\/\/www.uv.mx\/prensa\/files\/2020\/10\/131020-EVALUACION-DIAGNOSTICA-5-100k.jpg\" alt=\"Piedad Alcira Hern\u00e1ndez P\u00e9rez, directora general de Tebaev \" width=\"722\" height=\"377\" srcset=\"https:\/\/www.uv.mx\/prensa\/files\/2020\/10\/131020-EVALUACION-DIAGNOSTICA-5-100k.jpg 722w, https:\/\/www.uv.mx\/prensa\/files\/2020\/10\/131020-EVALUACION-DIAGNOSTICA-5-100k-300x157.jpg 300w\" sizes=\"auto, (max-width: 722px) 100vw, 722px\" \/><\/a><p id=\"caption-attachment-88589\" class=\"wp-caption-text\">Piedad Alcira Hern\u00e1ndez P\u00e9rez, directora general de Tebaev<\/p><\/div>\n<p><span data-contrast=\"auto\">El funcionario puntualiz\u00f3 que esta evaluaci\u00f3n diagn\u00f3stica habr\u00e1 de ofrecer una visi\u00f3n de cada uno de los alumnos\u00a0<\/span><span data-contrast=\"auto\">con base\u00a0<\/span><span data-contrast=\"auto\">en<\/span><span data-contrast=\"auto\">\u00a0sus necesidades y las circunstancias por las que atraviesan.<\/span><span data-ccp-props=\"{&quot;201341983&quot;:0,&quot;335559731&quot;:708,&quot;335559739&quot;:160,&quot;335559740&quot;:240}\">\u00a0<\/span><\/p>\n<p><span data-contrast=\"auto\">En tanto,\u00a0<\/span><span data-contrast=\"auto\">Claudia Guadalupe Zamora Trevi\u00f1o<\/span><span data-contrast=\"auto\">, titular de la\u00a0<\/span><span data-contrast=\"auto\">Direcci\u00f3n General de Bachillerato<\/span><span data-contrast=\"auto\">\u00a0(DGB);\u00a0<\/span><span data-contrast=\"auto\">Andr\u00e9s Aguirre Ju\u00e1rez<\/span><span data-contrast=\"auto\">,\u00a0<\/span><span data-contrast=\"auto\">del Colegio de Bachilleres del Estado de Veracruz (<\/span><i><span data-contrast=\"auto\">Cobaev<\/span><\/i><span data-contrast=\"auto\">)<\/span><span data-contrast=\"auto\">, y<\/span><span data-contrast=\"auto\">\u00a0<\/span><span data-contrast=\"auto\">Piedad\u00a0<\/span><span data-contrast=\"auto\">Alcira\u00a0<\/span><span data-contrast=\"auto\">Hern\u00e1ndez P\u00e9rez,\u00a0<\/span><span data-contrast=\"auto\">directora general\u00a0<\/span><span data-contrast=\"auto\">de<\/span><span data-contrast=\"auto\">\u00a0<\/span><span data-contrast=\"auto\">Telebachillerato<\/span><span data-contrast=\"auto\">\u00a0<\/span><span data-contrast=\"auto\">del Estado de Veracruz\u00a0<\/span><span data-contrast=\"auto\">(<\/span><i><span data-contrast=\"auto\">Tebaev<\/span><\/i><span data-contrast=\"auto\">), coi<\/span><span data-contrast=\"auto\">ncidieron en<\/span><span data-contrast=\"auto\">\u00a0expresar los beneficios y resultados de este proceso in\u00e9dito<\/span><span data-contrast=\"auto\">\u00a0en\u00a0<\/span><span data-contrast=\"auto\">la<\/span><span data-contrast=\"auto\">\u00a0<\/span><span data-contrast=\"auto\">SEMSyS<\/span><span data-contrast=\"auto\">, que brinda la oportunidad de mejorar en los procesos de ense\u00f1anza-aprendizaje.<\/span><span data-ccp-props=\"{&quot;201341983&quot;:0,&quot;335559731&quot;:708,&quot;335559739&quot;:160,&quot;335559740&quot;:240}\">\u00a0<\/span><\/p>\n<p><span data-contrast=\"auto\">A trav\u00e9s de\u00a0<\/span><i><span data-contrast=\"auto\">Zoom<\/span><\/i><span data-contrast=\"auto\">, en la reuni\u00f3n estuv<\/span><span data-contrast=\"auto\">ieron<\/span><span data-contrast=\"auto\">:<\/span><span data-contrast=\"auto\">\u00a0Magdalena Hern\u00e1ndez Alarc\u00f3n, secretaria Acad\u00e9mica<\/span><span data-contrast=\"auto\">\u00a0de la UV;\u00a0<\/span><span data-contrast=\"auto\">Jorge Ram\u00edrez en representaci\u00f3n d<\/span><span data-contrast=\"auto\">e\u00a0<\/span><span data-contrast=\"auto\">Zenyazen<\/span><span data-contrast=\"auto\">\u00a0Escobar Garc\u00eda,\u00a0<\/span><span data-contrast=\"auto\">titular de la SEV; a<\/span><span data-contrast=\"auto\">simismo, los titulares de las\u00a0<\/span><span data-contrast=\"auto\">\u00e1<\/span><span data-contrast=\"auto\">reas\u00a0<\/span><span data-contrast=\"auto\">a<\/span><span data-contrast=\"auto\">cad\u00e9micas de Humanidades, T\u00e9cnica, Econ\u00f3mico-Administrativa, Artes y Ciencias de la Salud, Jos\u00e9 Luis Mart\u00ednez Su\u00e1rez, Eduardo Gasca Herrera, Arturo Bocardo Valle, Miguel Flores Covarrubias y Pedro Guti\u00e9<\/span><span data-contrast=\"auto\">rrez Aguilar, respectivamente.<\/span><span data-ccp-props=\"{&quot;201341983&quot;:0,&quot;335559739&quot;:160,&quot;335559740&quot;:240}\">\u00a0<\/span><\/p>\n<p><span data-contrast=\"auto\">A<\/span><span data-contrast=\"auto\">dem\u00e1s<\/span><span data-contrast=\"auto\">, los directores generales de Investigaci<\/span><span data-contrast=\"auto\">ones\u00a0<\/span><span data-contrast=\"auto\">y Comunicaci\u00f3n Universitaria, \u00c1ngel Trigos Landa<\/span><span data-contrast=\"auto\">\u00a0y\u00a0<\/span><span data-contrast=\"auto\">Raciel<\/span><span data-contrast=\"auto\">\u00a0<\/span><span data-contrast=\"auto\">Dam\u00f3n<\/span><span data-contrast=\"auto\">\u00a0Mart\u00ednez G\u00f3mez.<\/span><span data-ccp-props=\"{&quot;201341983&quot;:0,&quot;335559731&quot;:708,&quot;335559739&quot;:160,&quot;335559740&quot;:240}\">\u00a0<\/span><\/p>\n","protected":false},"excerpt":{"rendered":"<p>La rectora Sara Ladr\u00f3n de Guevara se\u00f1al\u00f3 que la coordinaci\u00f3n entre instituciones dar\u00e1 frutos y redundar\u00e1 en una formaci\u00f3n profesional de mayor calidad<\/p>\n","protected":false},"author":1775,"featured_media":88590,"comment_status":"closed","ping_status":"closed","sticky":false,"template":"","format":"standard","meta":{"footnotes":""},"categories":[61],"tags":[],"class_list":["post-88583","post","type-post","status-publish","format-standard","has-post-thumbnail","hentry","category-banner"],"_links":{"self":[{"href":"https:\/\/www.uv.mx\/prensa\/wp-json\/wp\/v2\/posts\/88583","targetHints":{"allow":["GET"]}}],"collection":[{"href":"https:\/\/www.uv.mx\/prensa\/wp-json\/wp\/v2\/posts"}],"about":[{"href":"https:\/\/www.uv.mx\/prensa\/wp-json\/wp\/v2\/types\/post"}],"author":[{"embeddable":true,"href":"https:\/\/www.uv.mx\/prensa\/wp-json\/wp\/v2\/users\/1775"}],"replies":[{"embeddable":true,"href":"https:\/\/www.uv.mx\/prensa\/wp-json\/wp\/v2\/comments?post=88583"}],"version-history":[{"count":1,"href":"https:\/\/www.uv.mx\/prensa\/wp-json\/wp\/v2\/posts\/88583\/revisions"}],"predecessor-version":[{"id":88673,"href":"https:\/\/www.uv.mx\/prensa\/wp-json\/wp\/v2\/posts\/88583\/revisions\/88673"}],"wp:featuredmedia":[{"embeddable":true,"href":"https:\/\/www.uv.mx\/prensa\/wp-json\/wp\/v2\/media\/88590"}],"wp:attachment":[{"href":"https:\/\/www.uv.mx\/prensa\/wp-json\/wp\/v2\/media?parent=88583"}],"wp:term":[{"taxonomy":"category","embeddable":true,"href":"https:\/\/www.uv.mx\/prensa\/wp-json\/wp\/v2\/categories?post=88583"},{"taxonomy":"post_tag","embeddable":true,"href":"https:\/\/www.uv.mx\/prensa\/wp-json\/wp\/v2\/tags?post=88583"}],"curies":[{"name":"wp","href":"https:\/\/api.w.org\/{rel}","templated":true}]}}