{"id":88463,"date":"2020-10-09T08:00:56","date_gmt":"2020-10-09T13:00:56","guid":{"rendered":"https:\/\/www.uv.mx\/prensa\/?p=88463"},"modified":"2020-10-09T13:18:58","modified_gmt":"2020-10-09T18:18:58","slug":"alberto-de-la-rosa-fue-distinguido-por-el-fonca","status":"publish","type":"post","link":"https:\/\/www.uv.mx\/prensa\/banner\/alberto-de-la-rosa-fue-distinguido-por-el-fonca\/","title":{"rendered":"Alberto de la Rosa fue distinguido por el <em>Fonca<\/em>"},"content":{"rendered":"<ul>\n<li><em><span class=\"TextRun SCXW80816447 BCX8\" lang=\"ES-ES\" xml:lang=\"ES-ES\" data-contrast=\"auto\"><span class=\"NormalTextRun SCXW80816447 BCX8\" data-ccp-parastyle=\"Cuadr\u00edcula clara - \u00c9nfasis 31\" data-ccp-parastyle-defn=\"{&quot;ObjectId&quot;:&quot;489ab77c-70d2-4dc3-aa91-d3f1db764c2e|32&quot;,&quot;Properties&quot;:[67122396,&quot;&quot;,134233279,&quot;true&quot;,134233614,&quot;true&quot;,201340122,&quot;2&quot;,268442635,&quot;24&quot;,335551547,&quot;1034&quot;,335559685,&quot;720&quot;,335559705,&quot;3082&quot;,469775450,&quot;Cuadr\u00edcula clara - \u00c9nfasis 31&quot;,469778129,&quot;Cuadrculaclara-nfasis31&quot;,469778324,&quot;Normal&quot;],&quot;ClassId&quot;:1179649}\">El D<\/span><\/span><span class=\"TextRun SCXW80816447 BCX8\" lang=\"ES-ES\" xml:lang=\"ES-ES\" data-contrast=\"auto\"><span class=\"NormalTextRun SCXW80816447 BCX8\" data-ccp-parastyle=\"Cuadr\u00edcula clara - \u00c9nfasis 31\">irector de\u00a0<\/span><\/span><span class=\"TextRun SCXW80816447 BCX8\" lang=\"ES-ES\" xml:lang=\"ES-ES\" data-contrast=\"auto\"><span class=\"NormalTextRun SCXW80816447 BCX8\" data-ccp-parastyle=\"Cuadr\u00edcula clara - \u00c9nfasis 31\">Tlen<\/span><\/span><span class=\"TextRun SCXW80816447 BCX8\" lang=\"ES-ES\" xml:lang=\"ES-ES\" data-contrast=\"auto\"><span class=\"NormalTextRun SCXW80816447 BCX8\" data-ccp-parastyle=\"Cuadr\u00edcula clara - \u00c9nfasis 31\">\u00a0<\/span><\/span><span class=\"TextRun SCXW80816447 BCX8\" lang=\"ES-ES\" xml:lang=\"ES-ES\" data-contrast=\"auto\"><span class=\"NormalTextRun SCXW80816447 BCX8\" data-ccp-parastyle=\"Cuadr\u00edcula clara - \u00c9nfasis 31\">Huicani<\/span><\/span><span class=\"TextRun SCXW80816447 BCX8\" lang=\"ES-ES\" xml:lang=\"ES-ES\" data-contrast=\"auto\"><span class=\"NormalTextRun SCXW80816447 BCX8\" data-ccp-parastyle=\"Cuadr\u00edcula clara - \u00c9nfasis 31\">\u00a0fue incluido\u00a0<\/span><\/span><span class=\"TextRun SCXW80816447 BCX8\" lang=\"ES-ES\" xml:lang=\"ES-ES\" data-contrast=\"auto\"><span class=\"NormalTextRun SCXW80816447 BCX8\" data-ccp-parastyle=\"Cuadr\u00edcula clara - \u00c9nfasis 31\">en el Sistema Nacional de Creadores de Arte<\/span><\/span><span class=\"TextRun SCXW80816447 BCX8\" lang=\"ES-ES\" xml:lang=\"ES-ES\" data-contrast=\"auto\"><span class=\"NormalTextRun SCXW80816447 BCX8\" data-ccp-parastyle=\"Cuadr\u00edcula clara - \u00c9nfasis 31\">, como r<\/span><\/span><span class=\"TextRun SCXW80816447 BCX8\" lang=\"ES-ES\" xml:lang=\"ES-ES\" data-contrast=\"auto\"><span class=\"NormalTextRun SCXW80816447 BCX8\" data-ccp-parastyle=\"Cuadr\u00edcula clara - \u00c9nfasis 31\">econocimiento a su trayectoria<\/span><\/span><\/em><\/li>\n<\/ul>\n<p>&nbsp;<\/p>\n<div id=\"attachment_41980\" style=\"width: 732px\" class=\"wp-caption aligncenter\"><a href=\"https:\/\/www.uv.mx\/prensa\/files\/2018\/02\/080218-PACHECO-Tlen-Huicani-Concierto-romantico-1100k.jpg\"><img loading=\"lazy\" decoding=\"async\" aria-describedby=\"caption-attachment-41980\" class=\"size-full wp-image-41980\" src=\"https:\/\/www.uv.mx\/prensa\/files\/2018\/02\/080218-PACHECO-Tlen-Huicani-Concierto-romantico-1100k.jpg\" alt=\"Alberto de la Rosa, director fundador del grupo Tlen Huicani \" width=\"722\" height=\"600\" srcset=\"https:\/\/www.uv.mx\/prensa\/files\/2018\/02\/080218-PACHECO-Tlen-Huicani-Concierto-romantico-1100k.jpg 722w, https:\/\/www.uv.mx\/prensa\/files\/2018\/02\/080218-PACHECO-Tlen-Huicani-Concierto-romantico-1100k-300x249.jpg 300w\" sizes=\"auto, (max-width: 722px) 100vw, 722px\" \/><\/a><p id=\"caption-attachment-41980\" class=\"wp-caption-text\">Alberto de la Rosa, director fundador del grupo Tlen Huicani<\/p><\/div>\n<p>&nbsp;<\/p>\n<p><b><i><span data-contrast=\"auto\">Jorge V\u00e1zquez Pacheco<\/span><\/i><\/b><span data-ccp-props=\"{&quot;134233279&quot;:true,&quot;335559685&quot;:720}\">\u00a0<\/span><\/p>\n<p><b><i><span data-contrast=\"auto\">0<\/span><\/i><\/b><b><i><span data-contrast=\"auto\">9<\/span><\/i><\/b><b><i><span data-contrast=\"auto\">\/10\/2020<\/span><\/i><\/b><b><i><span data-contrast=\"auto\">,\u00a0<\/span><\/i><\/b><b><i><span data-contrast=\"auto\">Xalapa,\u00a0<\/span><\/i><\/b><b><i><span data-contrast=\"auto\">Ver<\/span><\/i><\/b><b><i><span data-contrast=\"auto\">.-<\/span><\/i><\/b><span data-contrast=\"auto\">\u00a0<\/span><span data-contrast=\"auto\">Alberto de la Rosa<\/span><span data-contrast=\"auto\">, director de<\/span><span data-contrast=\"auto\">\u00a0<\/span><span data-contrast=\"auto\">Tlen<\/span><span data-contrast=\"auto\">\u00a0<\/span><span data-contrast=\"auto\">Huicani<\/span><span data-contrast=\"auto\">, grupo art\u00edstico de la<a href=\"https:\/\/www.uv.mx\/\" target=\"_blank\" rel=\"noopener noreferrer\"> Universidad Veracruzana<\/a> (UV),<\/span><span data-contrast=\"auto\">\u00a0<\/span><span data-contrast=\"auto\">fue i<\/span><span data-contrast=\"auto\">ncluido<\/span><span data-contrast=\"auto\">\u00a0en el Sistema Nacional de Creadores de Arte\u00a0<\/span><span data-contrast=\"none\">(<\/span><span data-contrast=\"none\">SNCA<\/span><span data-contrast=\"none\">)\u00a0<\/span><span data-contrast=\"auto\">del\u00a0<\/span><span data-contrast=\"auto\">Fondo\u00a0<\/span><span data-contrast=\"auto\">N<\/span><span data-contrast=\"auto\">acional para la\u00a0<\/span><span data-contrast=\"auto\">C<\/span><span data-contrast=\"auto\">ultura y las\u00a0<\/span><span data-contrast=\"auto\">A<\/span><span data-contrast=\"auto\">rtes<\/span><span data-contrast=\"auto\">\u00a0(<\/span><i><span data-contrast=\"auto\">Fonca<\/span><\/i><span data-contrast=\"auto\">)<\/span><span data-contrast=\"auto\">\u00a0como reconocimiento a su trayectoria<\/span><span data-contrast=\"auto\">,\u00a0<\/span><span data-contrast=\"auto\">lo cual considera<\/span><span data-contrast=\"auto\">\u00a0una\u00a0<\/span><span data-contrast=\"auto\">gran<\/span><span data-contrast=\"auto\">\u00a0responsabilidad que involucra directamente su labor de m\u00e1s\u00a0<\/span><span data-contrast=\"auto\">d<\/span><span data-contrast=\"auto\">e medio siglo como cultivador y difusor de la m\u00fasica veracruzana.<\/span><span data-ccp-props=\"{&quot;134233279&quot;:true,&quot;335559685&quot;:720}\">\u00a0<\/span><\/p>\n<p><span data-contrast=\"auto\">En entrevista para\u00a0<\/span><i><span data-contrast=\"auto\">Universo<\/span><\/i><span data-contrast=\"auto\">, el fundador y director de<\/span><span data-contrast=\"auto\">\u00a0<\/span><span data-contrast=\"auto\">Tlen<\/span><span data-contrast=\"auto\">\u00a0<\/span><span data-contrast=\"auto\">Huicani<\/span><span data-contrast=\"auto\">\u00a0repas<\/span><span data-contrast=\"auto\">\u00f3<\/span><span data-contrast=\"auto\">\u00a0el procedimiento que le ubica entre los\u00a0<\/span><span data-contrast=\"auto\">generadores\u00a0<\/span><span data-contrast=\"auto\">de arte sonoro popular a nivel nacional. \u201cLa Secretar\u00eda de Cultura lanz\u00f3 la convocatoria en marzo de este mismo a\u00f1o, respond\u00ed a la misma y afortunadamente me consideraron con los suficientes m\u00e9ritos y trayectoria para incluirme entre los casi\u00a0<\/span><span data-contrast=\"auto\">200<\/span><span data-contrast=\"auto\">\u00a0seleccionados.\u00a0<\/span><span data-contrast=\"auto\">Con este procedimiento, el\u00a0<\/span><i><span data-contrast=\"auto\">Fonca<\/span><\/i><span data-contrast=\"auto\">\u00a0<\/span><span data-contrast=\"auto\">mantiene y consolida su tarea de estimular la creaci\u00f3n y\u00a0<\/span><span data-contrast=\"auto\">promoci\u00f3n sobre el\u00a0<\/span><span data-contrast=\"auto\">patrimonio cultural y art\u00edstico de M\u00e9xico<\/span><span data-contrast=\"auto\">\u201d, coment\u00f3<\/span><span data-contrast=\"auto\">\u00a0el jaranero y arpista.<\/span><span data-ccp-props=\"{&quot;134233279&quot;:true,&quot;335559685&quot;:720,&quot;335559731&quot;:708}\">\u00a0<\/span><\/p>\n<p><span data-contrast=\"auto\">Ello incluye un incentivo econ\u00f3mico mensual que se mantendr\u00e1 durante un per<\/span><span data-contrast=\"auto\">i<\/span><span data-contrast=\"auto\">odo de tres a\u00f1os, lapso durante el cual\u00a0<\/span><span data-contrast=\"auto\">los\u00a0<\/span><span data-contrast=\"auto\">beneficiado<\/span><span data-contrast=\"auto\">s<\/span><span data-contrast=\"auto\">\u00a0<\/span><span data-contrast=\"auto\">tendr\u00e1n a la mano\u00a0<\/span><span data-contrast=\"auto\">las condiciones\u00a0<\/span><span data-contrast=\"auto\">para el desarrollo de\u00a0<\/span><span data-contrast=\"auto\">sus\u00a0<\/span><span data-contrast=\"auto\">proyectos bajo un clima de respeto a la pluralidad, originalidad y libertad creativa.<\/span><span data-contrast=\"auto\">\u00a0Se\u00a0<\/span><span data-contrast=\"auto\">les\u00a0<\/span><span data-contrast=\"auto\">requerir\u00e1\u00a0<\/span><span data-contrast=\"auto\">la presentaci\u00f3n anual de\u00a0<\/span><span data-contrast=\"auto\">un informe que\u00a0<\/span><span data-contrast=\"auto\">detalle la labor llevada a\u00a0<\/span><span data-contrast=\"auto\">cabo<\/span><span data-contrast=\"auto\">.<\/span><span data-ccp-props=\"{&quot;134233279&quot;:true,&quot;335559685&quot;:720,&quot;335559731&quot;:708}\">\u00a0<\/span><\/p>\n<p><span data-contrast=\"auto\">De la Rosa a\u00f1adi\u00f3<\/span><span data-contrast=\"auto\">:\u00a0<\/span><span data-contrast=\"auto\">\u201c<\/span><span data-contrast=\"auto\">Se trata de una designaci\u00f3n que es al mismo tiempo exigencia ineludible<\/span><span data-contrast=\"auto\">;<\/span><span data-contrast=\"auto\">\u00a0<\/span><span data-contrast=\"auto\">i<\/span><span data-contrast=\"auto\">mplica<\/span><span data-contrast=\"auto\">\u00a0<\/span><span data-contrast=\"auto\">un\u00a0<\/span><span data-contrast=\"auto\">compr<\/span><span data-contrast=\"auto\">omiso<\/span><span data-contrast=\"auto\">\u00a0<\/span><span data-contrast=\"auto\">que<\/span><span data-contrast=\"auto\">\u00a0inicia con mantener el estatus como creador y\u00a0<\/span><span data-contrast=\"auto\">cultivador<\/span><span data-contrast=\"auto\">\u00a0de arte<\/span><span data-contrast=\"auto\">,\u00a0<\/span><span data-contrast=\"auto\">con trabajo consistente sobre\u00a0<\/span><span data-contrast=\"auto\">la<\/span><span data-contrast=\"auto\">\u00a0m\u00fasica<\/span><span data-contrast=\"auto\">\u00a0<\/span><span data-contrast=\"auto\">veracruzana.<\/span><span data-contrast=\"auto\">\u00a0<\/span><span data-contrast=\"auto\">Deb<\/span><span data-contrast=\"auto\">o\u00a0<\/span><span data-contrast=\"auto\">enviar peri\u00f3dicamente producciones<\/span><span data-contrast=\"auto\">, logros\u00a0<\/span><span data-contrast=\"auto\">y proyectos, todos con la debida\u00a0<\/span><span data-contrast=\"auto\">proyecci\u00f3n social<\/span><span data-contrast=\"auto\">\u201d<\/span><span data-contrast=\"auto\">.\u00a0<\/span><span data-ccp-props=\"{&quot;134233279&quot;:true,&quot;335559685&quot;:720,&quot;335559731&quot;:708}\">\u00a0<\/span><\/p>\n<p><span data-contrast=\"auto\">La acogida por parte del\u00a0<\/span><i><span data-contrast=\"auto\">Fonca<\/span><\/i><span data-contrast=\"auto\">\u00a0se suma a la serie de reconocimientos que el\u00a0<\/span><span data-contrast=\"auto\">D<\/span><span data-contrast=\"auto\">irector\u00a0<\/span><span data-contrast=\"auto\">de\u00a0<\/span><span data-contrast=\"auto\">Tlen<\/span><span data-contrast=\"auto\">\u00a0<\/span><span data-contrast=\"auto\">Huicani<\/span><span data-contrast=\"auto\">\u00a0ha recibido a lo larg<\/span><span data-contrast=\"auto\">o de su<\/span><span data-contrast=\"auto\">\u00a0carrera: d<\/span><span data-contrast=\"auto\">octorado<\/span><span data-contrast=\"auto\">s<\/span><span data-contrast=\"auto\">\u00a0<\/span><i><span data-contrast=\"auto\">Honoris\u00a0<\/span><\/i><i><span data-contrast=\"auto\">C<\/span><\/i><i><span data-contrast=\"auto\">ausa<\/span><\/i><span data-contrast=\"auto\">\u00a0por la UV y por la\u00a0<\/span><span data-contrast=\"auto\">Universidad de Xalapa, as\u00ed como distinciones del Congreso del Estado por su labor de promoci\u00f3n internacional en favor de la m\u00fasica de arpa.<\/span><span data-ccp-props=\"{&quot;134233279&quot;:true,&quot;335559685&quot;:720,&quot;335559731&quot;:708}\">\u00a0<\/span><\/p>\n<p><span data-contrast=\"auto\">Alberto de la Rosa<\/span><span data-contrast=\"auto\">\u00a0aprovech<\/span><span data-contrast=\"auto\">\u00f3<\/span><span data-contrast=\"auto\">\u00a0para comentar que, aunque se registra un evidente aprecio\u00a0<\/span><span data-contrast=\"auto\">actual\u00a0<\/span><span data-contrast=\"auto\">hacia el arte popular veracruzano, a\u00fan hay mucho por avanzar. Se trata de una m\u00fasica que es producto del mestizaje<\/span><span data-contrast=\"auto\">,<\/span><span data-contrast=\"auto\">\u00a0y<\/span><span data-contrast=\"auto\">\u00a0<\/span><span data-contrast=\"auto\">aunque el arribo de los\u00a0<\/span><span data-contrast=\"auto\">conquistadores traj<\/span><span data-contrast=\"auto\">o muchos elementos culturales valiosos,\u00a0<\/span><span data-contrast=\"auto\">tambi\u00e9n\u00a0<\/span><span data-contrast=\"auto\">gener\u00f3\u00a0<\/span><span data-contrast=\"auto\">la idea de que lo nuestro\u00a0<\/span><span data-contrast=\"auto\">es un producto\u00a0<\/span><span data-contrast=\"auto\">\u201c<\/span><span data-contrast=\"auto\">de segunda clase<\/span><span data-contrast=\"auto\">\u201d<\/span><span data-contrast=\"auto\">.\u00a0<\/span><span data-ccp-props=\"{&quot;134233279&quot;:true,&quot;335559685&quot;:720,&quot;335559731&quot;:708}\">\u00a0<\/span><\/p>\n<p><span data-contrast=\"auto\">\u201c<\/span><span data-contrast=\"auto\">Tengo m<\/span><span data-contrast=\"auto\">\u00e1s de\u00a0<\/span><span data-contrast=\"auto\">50<\/span><span data-contrast=\"auto\">\u00a0a\u00f1os en\u00a0<\/span><span data-contrast=\"auto\">la m\u00fasica jarocha. Recuerdo que antes, en los festejos, se relegaba a los int\u00e9rpretes en una esquina del sal\u00f3n donde actuaban y se les trataba\u00a0<\/span><span data-contrast=\"auto\">pr\u00e1cticamente\u00a0<\/span><span data-contrast=\"auto\">igual que a la servidumbre.\u00a0<\/span><span data-contrast=\"auto\">En\u00a0<\/span><span data-contrast=\"auto\">los\u00a0<\/span><span data-contrast=\"auto\">teatros s<\/span><span data-contrast=\"auto\">\u00f3lo aparec\u00edan en escena cuando acompa\u00f1aban alg\u00fan cuadro coreogr\u00e1fico y en las reuniones p\u00fablicas\u00a0<\/span><span data-contrast=\"auto\">amenizaban<\/span><span data-contrast=\"auto\">\u00a0mientras se daba el momento importante. Hoy se\u00a0<\/span><span data-contrast=\"auto\">ofrecen\u00a0<\/span><span data-contrast=\"auto\">numerosos\u00a0<\/span><span data-contrast=\"auto\">conciertos\u00a0<\/span><span data-contrast=\"auto\">con\u00a0<\/span><span data-contrast=\"auto\">grupos formales,\u00a0<\/span><span data-contrast=\"auto\">la\u00a0<\/span><span data-contrast=\"auto\">gente asiste<\/span><span data-contrast=\"auto\">\u00a0y en estos d\u00edas de pandemia\u00a0<\/span><span data-contrast=\"auto\">hacemos conciertos virtuales\u00a0<\/span><span data-contrast=\"auto\">que registran una\u00a0<\/span><span data-contrast=\"auto\">aceptaci\u00f3n impresionante.<\/span><span data-contrast=\"auto\">\u00a0Hace\u00a0<\/span><span data-contrast=\"auto\">40<\/span><span data-contrast=\"auto\">\u00a0a\u00f1os\u00a0<\/span><span data-contrast=\"auto\">en Xalapa habr\u00eda tres o cuatro ejecutantes<\/span><span data-contrast=\"auto\">,<\/span><span data-contrast=\"auto\">\u00a0hoy\u00a0<\/span><span data-contrast=\"auto\">son centenares y<\/span><span data-contrast=\"auto\">\u00a0muchos de ellos\u00a0<\/span><span data-contrast=\"auto\">son\u00a0<\/span><span data-contrast=\"auto\">ni\u00f1os y j\u00f3venes de alt\u00edsimo nivel<\/span><span data-contrast=\"auto\">.<\/span><span data-contrast=\"auto\">\u201d<\/span><span data-ccp-props=\"{&quot;134233279&quot;:true,&quot;335559685&quot;:720,&quot;335559731&quot;:708}\">\u00a0<\/span><\/p>\n<p><span data-contrast=\"auto\">En este proceso de revaloraci\u00f3n<\/span><span data-contrast=\"auto\">,<\/span><span data-contrast=\"auto\">\u00a0la U<\/span><span data-contrast=\"auto\">V\u00a0<\/span><span data-contrast=\"auto\">ha realizado una labor importante, mantiene la m\u00fasica jarocha en sus programas de ense\u00f1anza y ha promocionado acontecimientos de\u00a0<\/span><span data-contrast=\"auto\">gran<\/span><span data-contrast=\"auto\">\u00a0repercusi\u00f3n nacional e internacional<\/span><span data-contrast=\"auto\">, como el espect\u00e1culo masivo con\u00a0<\/span><i><span data-contrast=\"auto\">La bamba<\/span><\/i><span data-contrast=\"auto\">\u00a0<\/span><span data-contrast=\"auto\">tocada y bailada por una multitud\u00a0<\/span><span data-contrast=\"auto\">en el c<\/span><span data-contrast=\"auto\">entro de la ciudad de Xalapa. \u201c<\/span><span data-contrast=\"auto\">Tlen<\/span><span data-contrast=\"auto\">\u00a0<\/span><span data-contrast=\"auto\">Huicani<\/span><span data-contrast=\"auto\">\u00a0h<\/span><span data-contrast=\"auto\">a\u00a0<\/span><span data-contrast=\"auto\">realizado tres ediciones del\u00a0<\/span><span data-contrast=\"auto\">jaroch\u00f3dromo<\/span><span data-contrast=\"auto\">,<\/span><span data-contrast=\"auto\">\u00a0as\u00ed como\u00a0<\/span><span data-contrast=\"auto\">fes<\/span><span data-contrast=\"auto\">t<\/span><span data-contrast=\"auto\">ivales en Boca del R<\/span><span data-contrast=\"auto\">\u00edo<\/span><span data-contrast=\"auto\">,\u00a0<\/span><span data-contrast=\"auto\">el puerto de Veracruz<\/span><span data-contrast=\"auto\">,<\/span><span data-contrast=\"auto\">\u00a0<\/span><span data-contrast=\"auto\">Santiago Tuxtla<\/span><span data-contrast=\"auto\">\u00a0y<\/span><span data-contrast=\"auto\">\u00a0<\/span><span data-contrast=\"auto\">Alvarado, as\u00ed como en<\/span><span data-contrast=\"auto\">\u00a0Ciudad\u00a0<\/span><span data-contrast=\"auto\">Lerdo,\u00a0<\/span><span data-contrast=\"auto\">Durango,\u00a0<\/span><span data-contrast=\"auto\">y\u00a0<\/span><span data-contrast=\"auto\">otras\u00a0<\/span><span data-contrast=\"auto\">ciudades m\u00e1s\u201d<\/span><span data-contrast=\"auto\">.<\/span><span data-ccp-props=\"{&quot;134233279&quot;:true,&quot;335559685&quot;:720,&quot;335559731&quot;:708}\">\u00a0<\/span><\/p>\n<p><span data-contrast=\"auto\">Finalmente, Alberto de la Rosa insist<\/span><span data-contrast=\"auto\">i\u00f3<\/span><span data-contrast=\"auto\">: \u201cLa aceptaci\u00f3n en el programa del\u00a0<\/span><i><span data-contrast=\"auto\">Fonca<\/span><\/i><span data-contrast=\"auto\">\u00a0no es un reconocimiento propio<\/span><span data-contrast=\"auto\">, sino\u00a0<\/span><span data-contrast=\"auto\">para la m\u00fasica que\u00a0<\/span><span data-contrast=\"auto\">se significa como<\/span><span data-contrast=\"auto\">\u00a0parte de nuestra herenci<\/span><span data-contrast=\"auto\">a e identidad hist\u00f3rica<\/span><span data-contrast=\"auto\">\u201d<\/span><span data-contrast=\"auto\">.<\/span><span data-ccp-props=\"{&quot;134233279&quot;:true,&quot;335559685&quot;:720,&quot;335559731&quot;:708}\">\u00a0<\/span><\/p>\n","protected":false},"excerpt":{"rendered":"<p>\u201cNo es un reconocimiento propio, sino para la m\u00fasica que se significa como parte de nuestra herencia e identidad hist\u00f3rica\u201d, se\u00f1al\u00f3 el Director del grupo Tlen Huicani, quien fue incluido en el Sistema Nacional de Creadores de Arte <\/p>\n","protected":false},"author":1775,"featured_media":88464,"comment_status":"closed","ping_status":"closed","sticky":false,"template":"","format":"standard","meta":{"footnotes":""},"categories":[61],"tags":[],"class_list":["post-88463","post","type-post","status-publish","format-standard","has-post-thumbnail","hentry","category-banner"],"_links":{"self":[{"href":"https:\/\/www.uv.mx\/prensa\/wp-json\/wp\/v2\/posts\/88463","targetHints":{"allow":["GET"]}}],"collection":[{"href":"https:\/\/www.uv.mx\/prensa\/wp-json\/wp\/v2\/posts"}],"about":[{"href":"https:\/\/www.uv.mx\/prensa\/wp-json\/wp\/v2\/types\/post"}],"author":[{"embeddable":true,"href":"https:\/\/www.uv.mx\/prensa\/wp-json\/wp\/v2\/users\/1775"}],"replies":[{"embeddable":true,"href":"https:\/\/www.uv.mx\/prensa\/wp-json\/wp\/v2\/comments?post=88463"}],"version-history":[{"count":1,"href":"https:\/\/www.uv.mx\/prensa\/wp-json\/wp\/v2\/posts\/88463\/revisions"}],"predecessor-version":[{"id":88477,"href":"https:\/\/www.uv.mx\/prensa\/wp-json\/wp\/v2\/posts\/88463\/revisions\/88477"}],"wp:featuredmedia":[{"embeddable":true,"href":"https:\/\/www.uv.mx\/prensa\/wp-json\/wp\/v2\/media\/88464"}],"wp:attachment":[{"href":"https:\/\/www.uv.mx\/prensa\/wp-json\/wp\/v2\/media?parent=88463"}],"wp:term":[{"taxonomy":"category","embeddable":true,"href":"https:\/\/www.uv.mx\/prensa\/wp-json\/wp\/v2\/categories?post=88463"},{"taxonomy":"post_tag","embeddable":true,"href":"https:\/\/www.uv.mx\/prensa\/wp-json\/wp\/v2\/tags?post=88463"}],"curies":[{"name":"wp","href":"https:\/\/api.w.org\/{rel}","templated":true}]}}