{"id":88447,"date":"2020-10-08T08:00:29","date_gmt":"2020-10-08T13:00:29","guid":{"rendered":"https:\/\/www.uv.mx\/prensa\/?p=88447"},"modified":"2020-10-08T12:11:33","modified_gmt":"2020-10-08T17:11:33","slug":"hernan-cortes-no-quemo-sus-naves-las-hundio-egresado-uv","status":"publish","type":"post","link":"https:\/\/www.uv.mx\/prensa\/general\/hernan-cortes-no-quemo-sus-naves-las-hundio-egresado-uv\/","title":{"rendered":"Hern\u00e1n Cort\u00e9s no quem\u00f3 sus naves, las hundi\u00f3: egresado UV"},"content":{"rendered":"<ul>\n<li data-leveltext=\"\uf0b7\" data-font=\"Symbol\" data-listid=\"5\" data-aria-posinset=\"1\" data-aria-level=\"1\"><i><span data-contrast=\"auto\">Gustavo Garc\u00eda, quien curs\u00f3<\/span><\/i><i><span data-contrast=\"auto\"> la<\/span><\/i><i><span data-contrast=\"auto\"> Licenciatura en A<\/span><\/i><i><span data-contrast=\"auto\">rqueolog\u00eda <\/span><\/i><i><span data-contrast=\"auto\">en la Facultad de Antropolog\u00eda, colabora en un proyecto del INAH <\/span><\/i><i><span data-contrast=\"auto\">que <\/span><\/i><i><span data-contrast=\"auto\">busca contar una <\/span><\/i><i><span data-contrast=\"auto\">versi\u00f3n<\/span><\/i><i><span data-contrast=\"auto\"> diferente sobre la conquista, y recuperar la historia n\u00e1utica perdida en el contexto<\/span><\/i><span data-ccp-props=\"{}\">\u00a0<\/span><\/li>\n<\/ul>\n<div id=\"attachment_88448\" style=\"width: 732px\" class=\"wp-caption aligncenter\"><a href=\"https:\/\/www.uv.mx\/prensa\/files\/2020\/10\/061020-Barcos-Cortes.jpg\"><img loading=\"lazy\" decoding=\"async\" aria-describedby=\"caption-attachment-88448\" class=\"size-full wp-image-88448\" src=\"https:\/\/www.uv.mx\/prensa\/files\/2020\/10\/061020-Barcos-Cortes.jpg\" alt=\"Gustavo Garc\u00eda Garc\u00eda\" width=\"722\" height=\"481\" srcset=\"https:\/\/www.uv.mx\/prensa\/files\/2020\/10\/061020-Barcos-Cortes.jpg 722w, https:\/\/www.uv.mx\/prensa\/files\/2020\/10\/061020-Barcos-Cortes-300x200.jpg 300w\" sizes=\"auto, (max-width: 722px) 100vw, 722px\" \/><\/a><p id=\"caption-attachment-88448\" class=\"wp-caption-text\">Gustavo Garc\u00eda Garc\u00eda<\/p><\/div>\n<p><b><i><span data-contrast=\"auto\">Carlos Hugo Hermida Rosales<\/span><\/i><\/b><span data-ccp-props=\"{}\">\u00a0<\/span><\/p>\n<p><b><i><span data-contrast=\"auto\">08<\/span><\/i><\/b><b><i><span data-contrast=\"auto\">\/10\/<\/span><\/i><\/b><b><i><span data-contrast=\"auto\">2020<\/span><\/i><\/b><b><i><span data-contrast=\"auto\">,<\/span><\/i><\/b> <b><i><span data-contrast=\"auto\">Xalapa, Ver.<\/span><\/i><\/b><b><i><span data-contrast=\"auto\">&#8211;<\/span><\/i><\/b> <span data-contrast=\"auto\">Gustavo Garc\u00eda <\/span><span data-contrast=\"auto\">Garc\u00eda<\/span><span data-contrast=\"auto\">, <\/span><span data-contrast=\"auto\">de la Subdirecci\u00f3n de Arqueolog\u00eda Subacu\u00e1tica del Instituto Nacional de Antropolog\u00eda e Historia (INAH), <\/span><span data-contrast=\"auto\">ex<\/span><span data-contrast=\"auto\">plic\u00f3 que contrario a lo que la<\/span><span data-contrast=\"auto\"> creencia popular <\/span><span data-contrast=\"auto\">dice, Hern\u00e1n Cort\u00e9s no quem\u00f3 su<\/span> <span data-contrast=\"auto\">flota<\/span><span data-contrast=\"auto\">, <\/span><span data-contrast=\"auto\">sino la<\/span><span data-contrast=\"auto\"> hundi\u00f3 en la playa Villa Rica, ubicada en el municipio de Actopan.<\/span><span data-ccp-props=\"{}\">\u00a0<\/span><\/p>\n<p><span data-contrast=\"auto\">Este acto fue realizado para que <\/span><span data-contrast=\"auto\">su<\/span><span data-contrast=\"auto\">s soldados no pudiera<\/span><span data-contrast=\"auto\">n<\/span><span data-contrast=\"auto\"> regresar a Cuba<\/span><span data-contrast=\"auto\"> y tuvieran como \u00fanica opci\u00f3n <\/span><span data-contrast=\"auto\">la conquista del I<\/span><span data-contrast=\"auto\">mperio azteca.\u00a0<\/span><span data-ccp-props=\"{&quot;335559731&quot;:708}\">\u00a0<\/span><\/p>\n<p><span data-contrast=\"auto\">El <\/span><span data-contrast=\"auto\">arque\u00f3logo egresado de la <a href=\"https:\/\/www.uv.mx\/antropologia\/\" target=\"_blank\" rel=\"noopener noreferrer\">Facultad de<\/a><\/span><span data-contrast=\"auto\"> Antropolog\u00eda de la Universidad <\/span><span data-contrast=\"auto\">Veracruzana (UV)<\/span><span data-contrast=\"auto\">, particip\u00f3 el 5 de octubre en el anecdotario virtual<\/span> <span data-contrast=\"auto\">\u201cTras los barcos hundidos de Hern\u00e1n Cort\u00e9s\u201d<\/span><span data-contrast=\"auto\">, que fue organizado por el Centro Cultural Universitario de la Universidad de Ciencias y Artes de Chiapas; el evento tambi\u00e9n cont\u00f3 con la presencia de <\/span><span data-contrast=\"auto\">Eduardo Cruz Soto, historiador y pale\u00f3grafo.\u00a0<\/span><span data-ccp-props=\"{&quot;335559731&quot;:708}\">\u00a0<\/span><\/p>\n<p><span data-contrast=\"auto\">Gustavo Garc\u00eda<\/span><span data-contrast=\"auto\"> comparti\u00f3 que desde 2018<\/span><span data-contrast=\"auto\">,<\/span><span data-contrast=\"auto\"> a trav\u00e9s del proyecto <\/span><span data-contrast=\"auto\">\u201c<\/span><span data-contrast=\"auto\">Arqueolog\u00eda <\/span><span data-contrast=\"auto\">s<\/span><span data-contrast=\"auto\">ubacu\u00e1tica en la Villa Rica<\/span><span data-contrast=\"auto\">\u201d<\/span><span data-contrast=\"auto\">, el INAH busca en las aguas de esta regi\u00f3n los restos de los nav\u00edos que Cort\u00e9s hundi\u00f3 en el siglo XVI.\u00a0<\/span><span data-ccp-props=\"{&quot;335559731&quot;:708}\">\u00a0<\/span><\/p>\n<p><span data-contrast=\"auto\">\u201cEste proyecto busca contar una <\/span><span data-contrast=\"auto\">versi\u00f3n<\/span><span data-contrast=\"auto\"> diferente sobre la conquista, y recuperar la historia n\u00e1utica perdida en el contexto\u201d, mencion\u00f3.<\/span><span data-ccp-props=\"{&quot;335559731&quot;:708}\">\u00a0<\/span><\/p>\n<p><span data-contrast=\"auto\">Detall\u00f3 que <\/span><span data-contrast=\"auto\">en <\/span><span data-contrast=\"auto\">este trabajo se emplea<\/span> <span data-contrast=\"auto\">un sonar de barrido lateral y <\/span><span data-contrast=\"auto\">un <\/span><span data-contrast=\"auto\">magnet\u00f3metro, con el que miden el nivel magn\u00e9tico de la costa de la playa Villa Rica, en busca de anomal\u00edas interesantes.<\/span><span data-ccp-props=\"{&quot;335559731&quot;:708}\">\u00a0<\/span><\/p>\n<p><span data-contrast=\"auto\">El arque\u00f3logo puntualiz\u00f3 que para el INAH es indispensable llevar a cabo un ejercicio hist\u00f3rico en toda investigaci\u00f3n arqueol\u00f3gica, ya que gracias a ello es posible recabar informaci\u00f3n m\u00e1s precisa.<\/span><span data-ccp-props=\"{&quot;335559731&quot;:708}\">\u00a0<\/span><\/p>\n<p><span data-contrast=\"auto\">\u201cDentro del proyecto<\/span> <span data-contrast=\"auto\">\u2018<\/span><span data-contrast=\"auto\">Arqueolog\u00eda <\/span><span data-contrast=\"auto\">s<\/span><span data-contrast=\"auto\">ubacu\u00e1tica en la Villa Rica<\/span><span data-contrast=\"auto\">\u2019 no s\u00f3<\/span><span data-contrast=\"auto\">lo nos quedamos con el d<\/span><span data-contrast=\"auto\">ato arqueol\u00f3gico, <\/span><span data-contrast=\"auto\">sino<\/span><span data-contrast=\"auto\"> que lo <\/span><span data-contrast=\"auto\">contrastamos con el hist\u00f3rico<\/span><span data-contrast=\"auto\"> y gracias a ello hallamos informaci\u00f3n que indica que los nav\u00edos de Hern\u00e1n Cort\u00e9s no fueron quemados, sino perforados y hundidos\u201d, <\/span><span data-contrast=\"auto\">declar\u00f3.\u00a0<\/span><span data-ccp-props=\"{&quot;335559731&quot;:708}\">\u00a0<\/span><\/p>\n<p><span data-contrast=\"auto\">Gustavo Garc\u00eda relat\u00f3 que <\/span><span data-contrast=\"auto\">al <\/span><span data-contrast=\"auto\">dedicarse a la arqueolog\u00eda subacu\u00e1tica es indispensable dominar muchas metodolog\u00edas, as\u00ed como prepararse y certificarse para registrar los descubrimientos adecuadamente.\u00a0<\/span><span data-ccp-props=\"{&quot;335559731&quot;:708}\">\u00a0<\/span><\/p>\n<p><span data-contrast=\"auto\">\u201cEl trabajo arqueol\u00f3gico submarino representa una gran<\/span><span data-contrast=\"auto\"> labor<\/span><span data-contrast=\"auto\">, ya que es necesario cargar material y realizar <\/span><span data-contrast=\"auto\">maniobras<\/span><span data-contrast=\"auto\"> bajo el agua, lo que <\/span><span data-contrast=\"auto\">supone<\/span><span data-contrast=\"auto\"> un alto gasto de ox\u00edgeno y limita el tiempo de buceo\u201d, explic\u00f3.\u00a0<\/span><span data-ccp-props=\"{&quot;335559731&quot;:708}\">\u00a0<\/span><\/p>\n<p><span data-contrast=\"auto\">El arque\u00f3logo <\/span><span data-contrast=\"auto\">coment\u00f3 que hasta el momento dentro del proyecto mencionado ya han encontrado anclas del siglo XVI, <\/span><span data-contrast=\"auto\">y que analizan si pertenecen a<\/span><span data-contrast=\"auto\"> los barcos que Hern\u00e1n Cort\u00e9s hundi\u00f3.\u00a0<\/span><span data-ccp-props=\"{&quot;335559731&quot;:708}\">\u00a0<\/span><\/p>\n<p><span data-contrast=\"auto\">Enfatiz\u00f3 que no se tiene planeado sacar estas anclas de<\/span><span data-contrast=\"auto\">l<\/span><span data-contrast=\"auto\"> sitio <\/span><span data-contrast=\"auto\">en que se encuentran<\/span><span data-contrast=\"auto\">, ya que pertenecen <\/span><span data-contrast=\"auto\">a<\/span><span data-contrast=\"auto\"> la historia de la p<\/span><span data-contrast=\"auto\">la<\/span><span data-contrast=\"auto\">ya de la Villa Rica<\/span> <span data-contrast=\"auto\">y<\/span><span data-contrast=\"auto\">,<\/span><span data-contrast=\"auto\"> como tal<\/span><span data-contrast=\"auto\">,<\/span> <span data-contrast=\"auto\">deben permanecer<\/span><span data-contrast=\"auto\"> all\u00ed.\u00a0<\/span><span data-ccp-props=\"{&quot;335559731&quot;:708}\">\u00a0<\/span><\/p>\n","protected":false},"excerpt":{"rendered":"<p>Este acto fue realizado para que sus soldados no pudieran regresar a Cuba y tuvieran que participar en la conquista del Imperio Azteca <\/p>\n","protected":false},"author":1508,"featured_media":88448,"comment_status":"closed","ping_status":"closed","sticky":false,"template":"","format":"standard","meta":{"footnotes":""},"categories":[1],"tags":[],"class_list":["post-88447","post","type-post","status-publish","format-standard","has-post-thumbnail","hentry","category-general"],"_links":{"self":[{"href":"https:\/\/www.uv.mx\/prensa\/wp-json\/wp\/v2\/posts\/88447","targetHints":{"allow":["GET"]}}],"collection":[{"href":"https:\/\/www.uv.mx\/prensa\/wp-json\/wp\/v2\/posts"}],"about":[{"href":"https:\/\/www.uv.mx\/prensa\/wp-json\/wp\/v2\/types\/post"}],"author":[{"embeddable":true,"href":"https:\/\/www.uv.mx\/prensa\/wp-json\/wp\/v2\/users\/1508"}],"replies":[{"embeddable":true,"href":"https:\/\/www.uv.mx\/prensa\/wp-json\/wp\/v2\/comments?post=88447"}],"version-history":[{"count":1,"href":"https:\/\/www.uv.mx\/prensa\/wp-json\/wp\/v2\/posts\/88447\/revisions"}],"predecessor-version":[{"id":88459,"href":"https:\/\/www.uv.mx\/prensa\/wp-json\/wp\/v2\/posts\/88447\/revisions\/88459"}],"wp:featuredmedia":[{"embeddable":true,"href":"https:\/\/www.uv.mx\/prensa\/wp-json\/wp\/v2\/media\/88448"}],"wp:attachment":[{"href":"https:\/\/www.uv.mx\/prensa\/wp-json\/wp\/v2\/media?parent=88447"}],"wp:term":[{"taxonomy":"category","embeddable":true,"href":"https:\/\/www.uv.mx\/prensa\/wp-json\/wp\/v2\/categories?post=88447"},{"taxonomy":"post_tag","embeddable":true,"href":"https:\/\/www.uv.mx\/prensa\/wp-json\/wp\/v2\/tags?post=88447"}],"curies":[{"name":"wp","href":"https:\/\/api.w.org\/{rel}","templated":true}]}}