{"id":88404,"date":"2020-10-07T11:06:43","date_gmt":"2020-10-07T16:06:43","guid":{"rendered":"https:\/\/www.uv.mx\/prensa\/?p=88404"},"modified":"2020-10-08T12:05:29","modified_gmt":"2020-10-08T17:05:29","slug":"uv-obtiene-registro-de-septima-patente","status":"publish","type":"post","link":"https:\/\/www.uv.mx\/prensa\/regiones\/uv-obtiene-registro-de-septima-patente\/","title":{"rendered":"UV obtiene registro de s\u00e9ptima patente\u00a0"},"content":{"rendered":"<ul>\n<li data-leveltext=\"\u2022\" data-font=\"Arial\" data-listid=\"1\" data-aria-posinset=\"1\" data-aria-level=\"1\"><i><span data-contrast=\"none\">Por <\/span><\/i><i><span data-contrast=\"none\">el p<\/span><\/i><i><span data-contrast=\"none\">royecto <\/span><\/i><i><span data-contrast=\"none\">\u201c<\/span><\/i><i><span data-contrast=\"none\">Sistema port<\/span><\/i><i><span data-contrast=\"none\">\u00e1<\/span><\/i><i><span data-contrast=\"none\">til para la <\/span><\/i><i><span data-contrast=\"none\">obtenci\u00f3n<\/span><\/i><i><span data-contrast=\"none\"> de im<\/span><\/i><i><span data-contrast=\"none\">\u00e1<\/span><\/i><i><span data-contrast=\"none\">genes cerebrales y espinales por <\/span><\/i><i><span data-contrast=\"none\">transiluminaci\u00f3n<\/span><\/i> <i><span data-contrast=\"none\">inal<\/span><\/i><i><span data-contrast=\"none\">\u00e1<\/span><\/i><i><span data-contrast=\"none\">mbrica<\/span><\/i><i><span data-contrast=\"none\">\u201d<\/span><\/i><i><span data-contrast=\"none\">, en <\/span><\/i><i><span data-contrast=\"none\">el que participan inv<\/span><\/i><i><span data-contrast=\"none\">estigadores adscritos a <\/span><\/i><span data-contrast=\"none\">Microna<\/span><span data-ccp-props=\"{&quot;335559685&quot;:357,&quot;335559991&quot;:357}\">\u00a0<\/span><\/li>\n<li data-leveltext=\"\u2022\" data-font=\"Arial\" data-listid=\"1\" data-aria-posinset=\"2\" data-aria-level=\"1\"><i><span data-contrast=\"none\">Es<\/span><\/i><i><span data-contrast=\"none\"> la primera patente en <\/span><\/i><i><span data-contrast=\"none\">co<\/span><\/i><i><span data-contrast=\"none\">-titularidad con otras IES naci<\/span><\/i><i><span data-contrast=\"none\">onales que se otorga para la UV<\/span><\/i><span data-ccp-props=\"{&quot;335559685&quot;:357,&quot;335559991&quot;:357}\">\u00a0<\/span><\/li>\n<\/ul>\n<p><span data-ccp-props=\"{&quot;335559991&quot;:357,&quot;469777462&quot;:[708,1416,2124,2832,3540,4248,4956,5664,6372,7080,7788,8496,9204],&quot;469777927&quot;:[0,0,0,0,0,0,0,0,0,0,0,0,0],&quot;469777928&quot;:[1,1,1,1,1,1,1,1,1,1,1,1,1]}\">\u00a0<\/span><i><\/i><\/p>\n<div id=\"attachment_88405\" style=\"width: 490px\" class=\"wp-caption aligncenter\"><a href=\"https:\/\/www.uv.mx\/prensa\/files\/2020\/10\/051020-Veracruz-obtiene-septima-patente-1.jpg\"><img loading=\"lazy\" decoding=\"async\" aria-describedby=\"caption-attachment-88405\" class=\"size-full wp-image-88405\" src=\"https:\/\/www.uv.mx\/prensa\/files\/2020\/10\/051020-Veracruz-obtiene-septima-patente-1.jpg\" alt=\"\" width=\"480\" height=\"640\" srcset=\"https:\/\/www.uv.mx\/prensa\/files\/2020\/10\/051020-Veracruz-obtiene-septima-patente-1.jpg 480w, https:\/\/www.uv.mx\/prensa\/files\/2020\/10\/051020-Veracruz-obtiene-septima-patente-1-225x300.jpg 225w\" sizes=\"auto, (max-width: 480px) 100vw, 480px\" \/><\/a><p id=\"caption-attachment-88405\" class=\"wp-caption-text\">Jaime Mart\u00ednez Castillo dijo sentirse muy contento y satisfecho por obtener el registro de una patente que emerge de <em>Microna<\/em><\/p><\/div>\n<p><span data-ccp-props=\"{&quot;469777462&quot;:[708,1416,2124,2832,3540,4248,4956,5664,6372,7080,7788,8496,9204],&quot;469777927&quot;:[0,0,0,0,0,0,0,0,0,0,0,0,0],&quot;469777928&quot;:[1,1,1,1,1,1,1,1,1,1,1,1,1]}\">\u00a0<\/span><\/p>\n<p><b><i><span data-contrast=\"none\">Aracely Hern<\/span><\/i><\/b><b><i><span data-contrast=\"none\">\u00e1<\/span><\/i><\/b><b><i><span data-contrast=\"none\">ndez y<\/span><\/i><\/b><b><i><span data-contrast=\"none\"> Blanca Gonz<\/span><\/i><\/b><b><i><span data-contrast=\"none\">\u00e1<\/span><\/i><\/b><b><i><span data-contrast=\"none\">lez<\/span><\/i><\/b><i><span data-contrast=\"none\">\u00a0<\/span><\/i><span data-ccp-props=\"{&quot;469777462&quot;:[708,1416,2124,2832,3540,4248,4956,5664,6372,7080,7788,8496,9204],&quot;469777927&quot;:[0,0,0,0,0,0,0,0,0,0,0,0,0],&quot;469777928&quot;:[1,1,1,1,1,1,1,1,1,1,1,1,1]}\">\u00a0<\/span><\/p>\n<p><b><i><span data-contrast=\"none\">0<\/span><\/i><\/b><b><i><span data-contrast=\"none\">7<\/span><\/i><\/b><b><i><span data-contrast=\"none\">\/10\/2020, Veracruz, <\/span><\/i><\/b><b><i><span data-contrast=\"none\">Ver.<\/span><\/i><\/b><b><i><span data-contrast=\"none\">&#8211;<\/span><\/i><\/b> <span data-contrast=\"none\">El <\/span><span data-contrast=\"none\">I<\/span><span data-contrast=\"none\">nstituto Mexicano de la Propiedad Industrial (IMPI) <\/span><span data-contrast=\"none\">entreg\u00f3<\/span> <span data-contrast=\"none\">a la <a href=\"https:\/\/www.uv.mx\/\" target=\"_blank\" rel=\"noopener noreferrer\">Universidad Veracruzana<\/a> (UV) su s<\/span><span data-contrast=\"none\">\u00e9<\/span><span data-contrast=\"none\">ptima patente<\/span> <span data-contrast=\"none\">por el desarrollo del proyecto \u201cSistema <\/span><span data-contrast=\"none\">port\u00e1til <\/span><span data-contrast=\"none\">para la <\/span><span data-contrast=\"none\">obtenci\u00f3n<\/span><span data-contrast=\"none\"> de im\u00e1genes cerebrales y espinales por <\/span><i><span data-contrast=\"none\">transiluminaci\u00f3n<\/span><\/i> <span data-contrast=\"none\">inal\u00e1mbrica\u201d, en el que participaron Jaime <\/span><span data-contrast=\"none\">Mart\u00ednez<\/span><span data-contrast=\"none\"> Castillo y <\/span><span data-contrast=\"none\">Agust\u00edn <\/span><span data-contrast=\"none\">Leobardo Herrera <\/span><span data-contrast=\"none\">May<\/span><span data-contrast=\"none\">, investigadores del Centro de Investigaci\u00f3n en Micro y <\/span><span data-contrast=\"none\">Nanotecnolog\u00eda <\/span><span data-contrast=\"none\">(<\/span><i><span data-contrast=\"none\">Microna<\/span><\/i><span data-contrast=\"none\">) de <\/span><span data-contrast=\"none\">esta casa de <\/span><span data-contrast=\"none\">e<\/span><span data-contrast=\"none\">studios<\/span><span data-contrast=\"none\">.<\/span><span data-ccp-props=\"{&quot;335559738&quot;:160}\">\u00a0<\/span><\/p>\n<p><span data-contrast=\"none\">En entrevista, los investigadores explicaron que la invenci<\/span><span data-contrast=\"none\">\u00f3<\/span><span data-contrast=\"none\">n consiste en obtener im\u00e1genes funcionales cerebrales y espinales con un arreglo de fotodiodos port\u00e1til y con <\/span><span data-contrast=\"none\">transiluminaci\u00f3n<\/span><span data-contrast=\"none\"> inal\u00e1mbrica en animales en libre movimiento.<\/span><span data-ccp-props=\"{&quot;335559731&quot;:720,&quot;335559738&quot;:160}\">\u00a0<\/span><\/p>\n<p><span data-contrast=\"none\">D<\/span><span data-contrast=\"none\">etallaron<\/span> <span data-contrast=\"none\">que e<\/span><span data-contrast=\"none\">l invento <\/span><span data-contrast=\"none\">podr\u00e1 usarse para monitorear im\u00e1genes funcionales de actividad neuronal en el cerebro, en una primera etapa para animales<\/span> <span data-contrast=\"none\">y<\/span><span data-contrast=\"none\">,<\/span><span data-contrast=\"none\"> posteriormente<\/span><span data-contrast=\"none\">,<\/span><span data-contrast=\"none\"> para humano<\/span><span data-contrast=\"none\">s<\/span><span data-contrast=\"none\">.<\/span><span data-ccp-props=\"{&quot;335559731&quot;:720,&quot;335559738&quot;:160}\">\u00a0<\/span><\/p>\n<p><span data-contrast=\"none\">La <\/span><span data-contrast=\"none\">novedad y principal <\/span><span data-contrast=\"none\">diferencia <\/span><span data-contrast=\"none\">con <\/span><span data-contrast=\"none\">otras t\u00e9cnicas ya empleadas en el mercado<\/span> <span data-contrast=\"none\">es<\/span> <span data-contrast=\"none\">la obtenci\u00f3n de im\u00e1genes cerebrales funcionales por <\/span><span data-contrast=\"none\">transiluminaci\u00f3n<\/span><span data-contrast=\"none\"> en sujetos en libre movimiento, algo sin precedentes e imposible hasta el momento con otras t\u00e9cnicas de im\u00e1genes disponibles, como la resonancia magn\u00e9tica funcional u otras t\u00e9cnicas \u00f3pticas.<\/span><span data-ccp-props=\"{&quot;335559731&quot;:720,&quot;335559738&quot;:160}\">\u00a0<\/span><\/p>\n<p><span data-contrast=\"none\">Explicaron que el dispositivo consta de un conjunto de LED (Light <\/span><span data-contrast=\"none\">Emitting<\/span> <span data-contrast=\"none\">Diodes<\/span><span data-contrast=\"none\">) rojos de 605-690 <\/span><span data-contrast=\"none\">nm<\/span><span data-contrast=\"none\"> y LED cercanos al infrarrojo de 830 <\/span><span data-contrast=\"none\">nm<\/span><span data-contrast=\"none\"> de longitud de onda, que se colocan en zonas precisas y que permiten la <\/span><span data-contrast=\"none\">transiluminaci\u00f3n<\/span><span data-contrast=\"none\"> de diferentes regiones del cerebro o m\u00e9dula espinal.<\/span><span data-ccp-props=\"{&quot;335559731&quot;:720,&quot;335559738&quot;:160}\">\u00a0<\/span><\/p>\n<p><span data-contrast=\"none\">El dise\u00f1o final de estos LED ser\u00e1 de tipo radial esf\u00e9rico, con la finalidad de que la emisi\u00f3n de luz pueda ser emitida de manera homog\u00e9nea dentro de los ventr\u00edculos laterales, independientemente de <\/span><span data-contrast=\"none\">que el animal se mueva.<\/span> <span data-contrast=\"none\">El aparato tambi\u00e9n tiene un arreglo bidimensional de fotodiodos, colocados sobre la superficie de la corteza cerebral debajo de la duramadre.<\/span><span data-ccp-props=\"{&quot;335559731&quot;:720,&quot;335559738&quot;:160}\">\u00a0<\/span><\/p>\n<p><span data-contrast=\"none\">En <\/span><span data-contrast=\"none\">la<\/span><span data-contrast=\"none\"> primera etapa, se planea que los fotodiodos sean de tama\u00f1o comercial y se montar\u00e1n en forma de arreglo o matriz sobre un sujetador plano. En <\/span><span data-contrast=\"none\">la<\/span><span data-contrast=\"none\"> segunda etapa, <\/span><span data-contrast=\"none\">los<\/span><span data-contrast=\"none\"> fotodiodos ser\u00e1n de tipo CMOS (<\/span><span data-contrast=\"none\">s<\/span><span data-contrast=\"none\">emiconductor<\/span> <span data-contrast=\"none\">complementario de<\/span> <span data-contrast=\"none\">\u00f3xido met\u00e1<\/span><span data-contrast=\"none\">l<\/span><span data-contrast=\"none\">ico<\/span><span data-contrast=\"none\">), tama\u00f1o microm\u00e9trico y se montar\u00e1n sobre una oblea de grosor microm\u00e9trico y flexible, la cual se dise\u00f1ar\u00e1 con materiales inorg\u00e1nicos u org\u00e1nicos en <\/span><i><span data-contrast=\"none\">Microna<\/span><\/i><span data-contrast=\"none\">.<\/span><span data-ccp-props=\"{&quot;335559731&quot;:720,&quot;335559738&quot;:160}\">\u00a0<\/span><\/p>\n<p><span data-contrast=\"none\">Ambos <\/span><span data-contrast=\"none\">tipos de arreglos de fotodiodos<\/span><span data-contrast=\"none\"> se acoplar\u00e1n a antenas para enviar la se\u00f1al inal\u00e1mbrica a un sistema de monitoreo y almacenamiento de las se\u00f1ales \u00f3pticas detectadas en respuesta a la luz pulsada de los LED y a la se\u00f1al BOLD (<\/span><span data-contrast=\"none\">imagen de contraste dependiente del nivel de ox\u00edgeno en la sangre<\/span><span data-contrast=\"none\">).<\/span><span data-ccp-props=\"{&quot;469777462&quot;:[708,1416,2124,2832,3540,4248,4956,5664,6372,7080,7788,8496,9204],&quot;469777927&quot;:[0,0,0,0,0,0,0,0,0,0,0,0,0],&quot;469777928&quot;:[1,1,1,1,1,1,1,1,1,1,1,1,1]}\">\u00a0<\/span><\/p>\n<p><span data-contrast=\"none\">Cabe menci<\/span><span data-contrast=\"none\">onar <\/span><span data-contrast=\"none\">que Pedro <\/span><span data-contrast=\"none\">Mabil<\/span><span data-contrast=\"none\"> Espi<\/span><span data-contrast=\"none\">nos<\/span><span data-contrast=\"none\">a, egresado de Maestr\u00eda en Ciencias en Micro y <\/span><span data-contrast=\"none\">Nanosistemas<\/span><span data-contrast=\"none\">, dise\u00f1\u00f3 el m\u00e9todo de activaci\u00f3n inal\u00e1mbrica, como el empleado en los LED que se encuentran en el mercado, pero aplicado a estos LED encapsulados.<\/span><span data-ccp-props=\"{&quot;335559731&quot;:720,&quot;335559738&quot;:160}\">\u00a0<\/span><\/p>\n<p><span data-contrast=\"none\">Entre los<\/span><span data-contrast=\"none\"> beneficios de este dispositivo en un futuro, es que puede ser empleado por investigadores en el \u00e1<\/span><span data-contrast=\"none\">rea de las n<\/span><span data-contrast=\"none\">eurociencias para estudiar im\u00e1genes funcionales cerebrales en sujetos en libre movimiento<\/span><span data-contrast=\"none\">,<\/span><span data-contrast=\"none\"> con posibles aplicaciones en la terap\u00e9utica m\u00e9dica y en el diagn\u00f3stico de enfermedades del sistema nervioso central.<\/span><span data-ccp-props=\"{&quot;469777462&quot;:[708,1416,2124,2832,3540,4248,4956,5664,6372,7080,7788,8496,9204],&quot;469777927&quot;:[0,0,0,0,0,0,0,0,0,0,0,0,0],&quot;469777928&quot;:[1,1,1,1,1,1,1,1,1,1,1,1,1]}\">\u00a0<\/span><\/p>\n<p><span data-contrast=\"none\">L<\/span><span data-contrast=\"none\">os <\/span><span data-contrast=\"none\">universitarios <\/span><span data-contrast=\"none\">destacaron<\/span> <span data-contrast=\"none\">que su<\/span><span data-contrast=\"none\"> invento cubre la necesidad <\/span><span data-contrast=\"none\">d<\/span><span data-contrast=\"none\">el mercado de <\/span><span data-contrast=\"none\">un dispositivo que permit<\/span><span data-contrast=\"none\">e <\/span><span data-contrast=\"none\">realizar estudios del comportamiento y de sus mecanismos fisiol<\/span><span data-contrast=\"none\">\u00f3<\/span><span data-contrast=\"none\">gicos en animales o en humanos en libre movimiento<\/span><span data-contrast=\"none\">,<\/span><span data-contrast=\"none\"> que pued<\/span><span data-contrast=\"none\">e<\/span><span data-contrast=\"none\"> localizar con precisi<\/span><span data-contrast=\"none\">\u00f3<\/span><span data-contrast=\"none\">n las zonas del cerebro en que ocurre la activaci<\/span><span data-contrast=\"none\">\u00f3<\/span><span data-contrast=\"none\">n neuronal asociada a alguna patolog<\/span><span data-contrast=\"none\">\u00ed<\/span><span data-contrast=\"none\">a o a condiciones funcionales, con el fin de desarrollar estrategias para corregir dic<\/span><span data-contrast=\"none\">ha<\/span><span data-contrast=\"none\"> patolog<\/span><span data-contrast=\"none\">\u00ed<\/span><span data-contrast=\"none\">a<\/span><span data-contrast=\"none\">.<\/span><span data-ccp-props=\"{&quot;469777462&quot;:[708,1416,2124,2832,3540,4248,4956,5664,6372,7080,7788,8496,9204],&quot;469777927&quot;:[0,0,0,0,0,0,0,0,0,0,0,0,0],&quot;469777928&quot;:[1,1,1,1,1,1,1,1,1,1,1,1,1]}\">\u00a0<\/span><\/p>\n<p><span data-contrast=\"none\">Resaltaron que est<\/span><span data-contrast=\"none\">a<\/span> <span data-contrast=\"none\">patente es <\/span><span data-contrast=\"none\">en <\/span><span data-contrast=\"none\">co<\/span><span data-contrast=\"none\">-titularidad con otras instituciones de educaci\u00f3n superior<\/span><span data-contrast=\"none\">: <\/span><span data-contrast=\"none\">Instituto de Fisiolog<\/span><span data-contrast=\"none\">\u00ed<\/span><span data-contrast=\"none\">a de la Benem\u00e9rita Universidad Aut\u00f3nomo de Puebla (BUAP), Universidad Nacional Aut\u00f3noma de M\u00e9xico (UNAM) <\/span><span data-contrast=\"none\">y <\/span><span data-contrast=\"none\">Universidad Aut\u00f3noma de Quer\u00e9taro (UAQ).<\/span><span data-ccp-props=\"{&quot;469777462&quot;:[708,1416,2124,2832,3540,4248,4956,5664,6372,7080,7788,8496,9204],&quot;469777927&quot;:[0,0,0,0,0,0,0,0,0,0,0,0,0],&quot;469777928&quot;:[1,1,1,1,1,1,1,1,1,1,1,1,1]}\">\u00a0<\/span><\/p>\n<p><span data-contrast=\"none\">Mencionaron que el siguiente <\/span><span data-contrast=\"none\">ser<\/span><span data-contrast=\"none\">\u00e1 <\/span><span data-contrast=\"none\">la publicaci<\/span><span data-contrast=\"none\">\u00f3<\/span><span data-contrast=\"none\">n de los resultados en revistas indizadas, adem<\/span><span data-contrast=\"none\">\u00e1<\/span><span data-contrast=\"none\">s de seguir trabajando en al<\/span><span data-contrast=\"none\"> menos dos patentes m<\/span><span data-contrast=\"none\">\u00e1<\/span><span data-contrast=\"none\">s.<\/span><span data-ccp-props=\"{&quot;469777462&quot;:[708,1416,2124,2832,3540,4248,4956,5664,6372,7080,7788,8496,9204],&quot;469777927&quot;:[0,0,0,0,0,0,0,0,0,0,0,0,0],&quot;469777928&quot;:[1,1,1,1,1,1,1,1,1,1,1,1,1]}\">\u00a0<\/span><\/p>\n<p><span data-ccp-props=\"{}\">\u00a0<\/span><\/p>\n<p><b><span data-contrast=\"none\">Proceso de registro<\/span><\/b><span data-ccp-props=\"{}\">\u00a0<\/span><\/p>\n<p><span data-contrast=\"none\">Respecto a<\/span><span data-contrast=\"none\">l proceso de registro ante el IMPI, explicaron que la <\/span><span data-contrast=\"none\">BUAP<\/span> <span data-contrast=\"none\">ingres\u00f3<\/span> <span data-contrast=\"none\">y<\/span> <span data-contrast=\"none\">por<\/span><span data-contrast=\"none\"> parte de<\/span><span data-contrast=\"none\"> la <\/span><span data-contrast=\"none\">U<\/span><span data-contrast=\"none\">V <\/span><span data-contrast=\"none\">se hizo a trav<\/span><span data-contrast=\"none\">\u00e9<\/span><span data-contrast=\"none\">s de<\/span> <span data-contrast=\"none\">la C<\/span><span data-contrast=\"none\">oordinaci<\/span><span data-contrast=\"none\">\u00f3<\/span><span data-contrast=\"none\">n <\/span><span data-contrast=\"none\">R<\/span><span data-contrast=\"none\">egional de <\/span><span data-contrast=\"none\">V<\/span><span data-contrast=\"none\">inculaci<\/span><span data-contrast=\"none\">\u00f3<\/span><span data-contrast=\"none\">n<\/span><span data-contrast=\"none\">,<\/span><span data-contrast=\"none\"> a <\/span><span data-contrast=\"none\">cargo de Mario Pe<\/span><span data-contrast=\"none\">\u00f1<\/span><span data-contrast=\"none\">a Meza<\/span><span data-contrast=\"none\">, y de la Oficina E<\/span><span data-contrast=\"none\">nlace en la regi<\/span><span data-contrast=\"none\">\u00f3<\/span><span data-contrast=\"none\">n Veracruz <\/span><span data-contrast=\"none\">de Transferencia de Tecnolog<\/span><span data-contrast=\"none\">\u00ed<\/span><span data-contrast=\"none\">a <\/span><span data-contrast=\"none\">de la Direcci<\/span><span data-contrast=\"none\">\u00f3<\/span><span data-contrast=\"none\">n General de Vinculaci<\/span><span data-contrast=\"none\">\u00f3<\/span><span data-contrast=\"none\">n<\/span><span data-contrast=\"none\">, representada por Arely Gonz<\/span><span data-contrast=\"none\">\u00e1<\/span><span data-contrast=\"none\">lez Hern<\/span><span data-contrast=\"none\">\u00e1<\/span><span data-contrast=\"none\">ndez<\/span><span data-contrast=\"none\">.<\/span><span data-ccp-props=\"{&quot;469777462&quot;:[708,1416,2124,2832,3540,4248,4956,5664,6372,7080,7788,8496,9204],&quot;469777927&quot;:[0,0,0,0,0,0,0,0,0,0,0,0,0],&quot;469777928&quot;:[1,1,1,1,1,1,1,1,1,1,1,1,1]}\">\u00a0<\/span><\/p>\n<p><span data-contrast=\"none\">Comentaron que e<\/span><span data-contrast=\"none\">l inicio del proceso de registro se realiz<\/span><span data-contrast=\"none\">\u00f3 <\/span><span data-contrast=\"none\">en <\/span><span data-contrast=\"none\">febr<\/span><span data-contrast=\"none\">ero de<\/span><span data-contrast=\"none\"> 2017 y para <\/span><span data-contrast=\"none\">agosto <\/span><span data-contrast=\"none\">de este a<\/span><span data-contrast=\"none\">\u00f1<\/span><span data-contrast=\"none\">o<\/span> <span data-contrast=\"none\">le<\/span><span data-contrast=\"none\">s dieron la noticia del otorgamiento de la patente<\/span><span data-contrast=\"none\">.<\/span><span data-ccp-props=\"{&quot;469777462&quot;:[708,1416,2124,2832,3540,4248,4956,5664,6372,7080,7788,8496,9204],&quot;469777927&quot;:[0,0,0,0,0,0,0,0,0,0,0,0,0],&quot;469777928&quot;:[1,1,1,1,1,1,1,1,1,1,1,1,1]}\">\u00a0<\/span><\/p>\n<p><span data-contrast=\"none\">Mart<\/span><span data-contrast=\"none\">\u00ed<\/span><span data-contrast=\"none\">nez Castillo dijo sentirse muy contento y satisfecho<\/span><span data-contrast=\"none\"> \u201c<\/span><span data-contrast=\"none\">por alcanzar el objetivo y obtener el registro de una patente que emerge del <\/span><i><span data-contrast=\"none\">Microna<\/span><\/i><span data-contrast=\"none\">, basada<\/span><span data-contrast=\"none\"> en proyectos acad<\/span><span data-contrast=\"none\">\u00e9<\/span><span data-contrast=\"none\">micos y de investigaci<\/span><span data-contrast=\"none\">\u00f3<\/span><span data-contrast=\"none\">n para aplicaciones fisiol<\/span><span data-contrast=\"none\">\u00f3<\/span><span data-contrast=\"none\">gicas (biom<\/span><span data-contrast=\"none\">\u00e9<\/span><span data-contrast=\"none\">dicas)<\/span><span data-contrast=\"none\">\u201d<\/span><span data-contrast=\"none\">.<\/span><span data-ccp-props=\"{&quot;469777462&quot;:[708,1416,2124,2832,3540,4248,4956,5664,6372,7080,7788,8496,9204],&quot;469777927&quot;:[0,0,0,0,0,0,0,0,0,0,0,0,0],&quot;469777928&quot;:[1,1,1,1,1,1,1,1,1,1,1,1,1]}\">\u00a0<\/span><\/p>\n<p><span data-contrast=\"none\">Sobre <\/span><span data-contrast=\"none\">la experiencia que les deja este proceso,<\/span> <span data-contrast=\"none\">apunt<\/span><span data-contrast=\"none\">\u00f3<\/span><span data-contrast=\"none\"> que fue una etapa bastantemente cansada, tediosa y ago<\/span><span data-contrast=\"none\">tadora en tr<\/span><span data-contrast=\"none\">\u00e1<\/span><span data-contrast=\"none\">mites de <\/span><span data-contrast=\"none\">formas y administrativos, <\/span><span data-contrast=\"none\">\u201c<\/span><span data-contrast=\"none\">todo estos pasos y seguimiento, sin el apoyo <\/span><span data-contrast=\"none\">de <\/span><span data-contrast=\"none\">la C<\/span><span data-contrast=\"none\">oordinaci<\/span><span data-contrast=\"none\">\u00f3<\/span><span data-contrast=\"none\">n <\/span><span data-contrast=\"none\">R<\/span><span data-contrast=\"none\">egional de <\/span><span data-contrast=\"none\">V<\/span><span data-contrast=\"none\">inculaci<\/span><span data-contrast=\"none\">\u00f3<\/span><span data-contrast=\"none\">n<\/span><span data-contrast=\"none\">, no hubiese<\/span><span data-contrast=\"none\">n<\/span><span data-contrast=\"none\"> sido posible<\/span><span data-contrast=\"none\">s<\/span><span data-contrast=\"none\">\u201d<\/span><span data-contrast=\"none\">.<\/span><span data-ccp-props=\"{&quot;469777462&quot;:[708,1416,2124,2832,3540,4248,4956,5664,6372,7080,7788,8496,9204],&quot;469777927&quot;:[0,0,0,0,0,0,0,0,0,0,0,0,0],&quot;469777928&quot;:[1,1,1,1,1,1,1,1,1,1,1,1,1]}\">\u00a0<\/span><\/p>\n<p><span data-contrast=\"none\">Exhort<\/span><span data-contrast=\"none\">\u00f3<\/span><span data-contrast=\"none\"> a sus compa<\/span><span data-contrast=\"none\">\u00f1<\/span><span data-contrast=\"none\">eros acad<\/span><span data-contrast=\"none\">\u00e9<\/span><span data-contrast=\"none\">micos e investigadores a registrar sus patentes, <\/span><span data-contrast=\"none\">dise<\/span><span data-contrast=\"none\">\u00f1<\/span><span data-contrast=\"none\">os industriales o desarrollos tecnol<\/span><span data-contrast=\"none\">\u00f3<\/span><span data-contrast=\"none\">gicos producto de sus investigacione<\/span><span data-contrast=\"none\">s<\/span><span data-contrast=\"none\">.<\/span> <span data-contrast=\"none\">\u201c<\/span><span data-contrast=\"none\">A<\/span><span data-contrast=\"none\">unque es un proceso prolongado, la investigaci<\/span><span data-contrast=\"none\">\u00f3<\/span><span data-contrast=\"none\">n ser<\/span><span data-contrast=\"none\">\u00e1 <\/span><span data-contrast=\"none\">a<\/span><span data-contrast=\"none\">\u00fa<\/span><span data-contrast=\"none\">n m<\/span><span data-contrast=\"none\">\u00e1<\/span><span data-contrast=\"none\">s valiosa y derivado de ello tendr<\/span><span data-contrast=\"none\">\u00e1<\/span><span data-contrast=\"none\">n y ganar<\/span><span data-contrast=\"none\">\u00e1<\/span><span data-contrast=\"none\">n m<\/span><span data-contrast=\"none\">\u00e1<\/span><span data-contrast=\"none\">s beneficios y productos acad<\/span><span data-contrast=\"none\">\u00e9<\/span><span data-contrast=\"none\">micos que ser<\/span><span data-contrast=\"none\">\u00e1<\/span><span data-contrast=\"none\">n <\/span><span data-contrast=\"none\">\u00fa<\/span><span data-contrast=\"none\">tiles en los <\/span><span data-contrast=\"none\">programas institucionales como perfil <\/span><i><span data-contrast=\"none\">Prodep<\/span><\/i><span data-contrast=\"none\">, cuerpos acad<\/span><span data-contrast=\"none\">\u00e9<\/span><span data-contrast=\"none\">micos, programas de posgrado PNPC y <\/span><span data-contrast=\"none\">el <\/span><span data-contrast=\"none\">Sis<\/span><span data-contrast=\"none\">tema Nacional de Investigadores; <\/span><span data-contrast=\"none\">con todo lo anterior aumentamos los niveles de consolidaci<\/span><span data-contrast=\"none\">\u00f3<\/span><span data-contrast=\"none\">n de nuestra <\/span><span data-contrast=\"none\">a<\/span><span data-contrast=\"none\">lma <\/span><span data-contrast=\"none\">m<\/span><span data-contrast=\"none\">ater<\/span><span data-contrast=\"none\">\u201d<\/span><span data-contrast=\"none\">,<\/span> <span data-contrast=\"none\">finaliz<\/span><span data-contrast=\"none\">\u00f3<\/span><span data-contrast=\"none\"> Mart<\/span><span data-contrast=\"none\">\u00ed<\/span><span data-contrast=\"none\">nez Castillo.<\/span><span data-ccp-props=\"{&quot;469777462&quot;:[708,1416,2124,2832,3540,4248,4956,5664,6372,7080,7788,8496,9204],&quot;469777927&quot;:[0,0,0,0,0,0,0,0,0,0,0,0,0],&quot;469777928&quot;:[1,1,1,1,1,1,1,1,1,1,1,1,1]}\">\u00a0<\/span><\/p>\n<p><span data-contrast=\"none\">Por <\/span><span data-contrast=\"none\">su<\/span><span data-contrast=\"none\"> parte,<\/span><span data-contrast=\"none\"> Leobardo Herrera <\/span><span data-contrast=\"none\">manifest<\/span><span data-contrast=\"none\">\u00f3 <\/span><span data-contrast=\"none\">que <\/span><span data-contrast=\"none\">\u201c<\/span><span data-contrast=\"none\">h<\/span><span data-contrast=\"none\">a sido un gran honor colaborar con el grupo de investigaci<\/span><span data-contrast=\"none\">\u00f3<\/span><span data-contrast=\"none\">n de<\/span> <span data-contrast=\"none\">El<\/span><span data-contrast=\"none\">\u00ed<\/span><span data-contrast=\"none\">as Manjarrez <\/span><span data-contrast=\"none\">L\u00f3pez<\/span> <span data-contrast=\"none\">desde los proyectos de <\/span><i><span data-contrast=\"none\">Conacyt<\/span><\/i> <span data-contrast=\"none\">y <\/span><i><span data-contrast=\"none\">Prodep<\/span><\/i><span data-contrast=\"none\">, de los cuales se han obtenido varios art<\/span><span data-contrast=\"none\">\u00ed<\/span><span data-contrast=\"none\">culos de <\/span><span data-contrast=\"none\">investigaci<\/span><span data-contrast=\"none\">\u00f3<\/span><span data-contrast=\"none\">n en revistas internacionales indizadas en el <\/span><i><span data-contrast=\"none\">Journal<\/span><\/i> <i><span data-contrast=\"none\">Citation<\/span><\/i> <i><span data-contrast=\"none\">Reports<\/span><\/i><span data-contrast=\"none\">;<\/span> <span data-contrast=\"none\">mi agradecimiento a<\/span> <span data-contrast=\"none\">Manjarrez <\/span><span data-contrast=\"none\">L\u00f3pez<\/span> <span data-contrast=\"none\">y a todos los compa<\/span><span data-contrast=\"none\">\u00f1<\/span><span data-contrast=\"none\">eros que han permitido este importante producto de investigaci<\/span><span data-contrast=\"none\">\u00f3<\/span><span data-contrast=\"none\">n<\/span><span data-contrast=\"none\">\u201d<\/span><span data-contrast=\"none\">.<\/span><span data-ccp-props=\"{&quot;469777462&quot;:[708,1416,2124,2832,3540,4248,4956,5664,6372,7080,7788,8496,9204],&quot;469777927&quot;:[0,0,0,0,0,0,0,0,0,0,0,0,0],&quot;469777928&quot;:[1,1,1,1,1,1,1,1,1,1,1,1,1]}\">\u00a0<\/span><\/p>\n<p><span data-contrast=\"none\">A sus <\/span><span data-contrast=\"none\">compa<\/span><span data-contrast=\"none\">\u00f1<\/span><span data-contrast=\"none\">eros acad<\/span><span data-contrast=\"none\">\u00e9<\/span><span data-contrast=\"none\">mic<\/span><span data-contrast=\"none\">os les <\/span><span data-contrast=\"none\">dijo <\/span><span data-contrast=\"none\">que tienen un enorme talento y capacidad de investigaci<\/span><span data-contrast=\"none\">\u00f3<\/span><span data-contrast=\"none\">n, <\/span><span data-contrast=\"none\">que sigan adelante con sus proyectos con disciplina y mucha pasi<\/span><span data-contrast=\"none\">\u00f3<\/span><span data-contrast=\"none\">n; \u201c<\/span><span data-contrast=\"none\">en la investigaci<\/span><span data-contrast=\"none\">\u00f3<\/span><span data-contrast=\"none\">n es fundamental no perder la pasi<\/span><span data-contrast=\"none\">\u00f3<\/span><span data-contrast=\"none\">n y nunca rendirse a pesar de los obst<\/span><span data-contrast=\"none\">\u00e1<\/span><span data-contrast=\"none\">culos que enfrente<\/span><span data-contrast=\"none\">n<\/span><span data-contrast=\"none\">\u201d<\/span><span data-contrast=\"none\">,<\/span> <span data-contrast=\"none\">dijo el inventor.<\/span><span data-ccp-props=\"{&quot;469777462&quot;:[708,1416,2124,2832,3540,4248,4956,5664,6372,7080,7788,8496,9204],&quot;469777927&quot;:[0,0,0,0,0,0,0,0,0,0,0,0,0],&quot;469777928&quot;:[1,1,1,1,1,1,1,1,1,1,1,1,1]}\">\u00a0<\/span><\/p>\n<p><span data-contrast=\"none\">En el desarrollo de esta patente <\/span><span data-contrast=\"none\">tambi\u00e9n <\/span><span data-contrast=\"none\">participaron los investigadores, El<\/span><span data-contrast=\"none\">\u00ed<\/span><span data-contrast=\"none\">as Manjarrez<\/span><span data-contrast=\"none\">, Roberto Meza Andrade, <\/span><span data-contrast=\"none\">Nayeli<\/span><span data-contrast=\"none\"> Huidobro Gonz<\/span><span data-contrast=\"none\">\u00e1<\/span><span data-contrast=\"none\">lez, <\/span><span data-contrast=\"none\">Pedro <\/span><span data-contrast=\"none\">Mabil<\/span><span data-contrast=\"none\">,<\/span> <span data-contrast=\"none\">H<\/span><span data-contrast=\"none\">\u00e9<\/span><span data-contrast=\"none\">ctor<\/span><span data-contrast=\"none\"> E. L<\/span><span data-contrast=\"none\">\u00f3<\/span><span data-contrast=\"none\">pez Vald<\/span><span data-contrast=\"none\">\u00e9<\/span><span data-contrast=\"none\">s, M<\/span><span data-contrast=\"none\">\u00f3<\/span><span data-contrast=\"none\">nica L<\/span><span data-contrast=\"none\">\u00f3<\/span><span data-contrast=\"none\">pez Hidalgo, Jos<\/span><span data-contrast=\"none\">\u00e9 <\/span><span data-contrast=\"none\">Gerardo Rojas <\/span><span data-contrast=\"none\">Piloni<\/span><span data-contrast=\"none\">, <\/span><span data-contrast=\"none\">Sarael<\/span> <span data-contrast=\"none\">Alcauter<\/span><span data-contrast=\"none\"> Sol<\/span><span data-contrast=\"none\">\u00f3<\/span><span data-contrast=\"none\">rzano, Jos<\/span><span data-contrast=\"none\">\u00e9 <\/span><span data-contrast=\"none\">Fernando Pe<\/span><span data-contrast=\"none\">\u00f1<\/span><span data-contrast=\"none\">a Ortega<\/span><span data-contrast=\"none\">. Los <\/span><span data-contrast=\"none\">investigadores <\/span><span data-contrast=\"none\">est\u00e1n <\/span><span data-contrast=\"none\">adscritos a instituciones <\/span><span data-contrast=\"none\">como <\/span><span data-contrast=\"none\">Instituto de Fisiolog<\/span><span data-contrast=\"none\">\u00ed<\/span><span data-contrast=\"none\">a de la BUAP<\/span><span data-contrast=\"none\">,<\/span> <span data-contrast=\"none\">Divisi<\/span><span data-contrast=\"none\">\u00f3<\/span><span data-contrast=\"none\">n de <\/span><span data-contrast=\"none\">Investigaci<\/span><span data-contrast=\"none\">\u00f3<\/span><span data-contrast=\"none\">n<\/span><span data-contrast=\"none\"> de la Facult<\/span><span data-contrast=\"none\">ad de Medicina y <\/span><span data-contrast=\"none\">el <\/span><span data-contrast=\"none\">Instituto de Neurobiolog<\/span><span data-contrast=\"none\">\u00ed<\/span><span data-contrast=\"none\">a<\/span><span data-contrast=\"none\"> de la <\/span><span data-contrast=\"none\">UNAM,<\/span> <span data-contrast=\"none\">Cl<\/span><span data-contrast=\"none\">\u00ed<\/span><span data-contrast=\"none\">nica del Sistema Nervioso de la Facultad de Medicina de la <\/span><span data-contrast=\"none\">UAQ<\/span> <span data-contrast=\"none\">y <\/span><i><span data-contrast=\"none\">Microna<\/span><\/i> <span data-contrast=\"none\">de la <\/span><span data-contrast=\"none\">UV<\/span><span data-contrast=\"none\">.<\/span><span data-ccp-props=\"{&quot;469777462&quot;:[708,1416,2124,2832,3540,4248,4956,5664,6372,7080,7788,8496,9204],&quot;469777927&quot;:[0,0,0,0,0,0,0,0,0,0,0,0,0],&quot;469777928&quot;:[1,1,1,1,1,1,1,1,1,1,1,1,1]}\">\u00a0<\/span><\/p>\n<p><span data-contrast=\"none\">Adem<\/span><span data-contrast=\"none\">\u00e1<\/span><span data-contrast=\"none\">s de estudiantes pasantes del grado de la Maestr<\/span><span data-contrast=\"none\">\u00ed<\/span><span data-contrast=\"none\">a en Ciencias en Micro y <\/span><span data-contrast=\"none\">Nanosistemas<\/span><span data-contrast=\"none\">.<\/span><span data-ccp-props=\"{&quot;469777462&quot;:[708,1416,2124,2832,3540,4248,4956,5664,6372,7080,7788,8496,9204],&quot;469777927&quot;:[0,0,0,0,0,0,0,0,0,0,0,0,0],&quot;469777928&quot;:[1,1,1,1,1,1,1,1,1,1,1,1,1]}\">\u00a0<\/span><\/p>\n<p><span data-ccp-props=\"{&quot;469777462&quot;:[708,1416,2124,2832,3540,4248,4956,5664,6372,7080,7788,8496,9204],&quot;469777927&quot;:[0,0,0,0,0,0,0,0,0,0,0,0,0],&quot;469777928&quot;:[1,1,1,1,1,1,1,1,1,1,1,1,1]}\">\u00a0<\/span><\/p>\n<div id=\"attachment_88406\" style=\"width: 732px\" class=\"wp-caption aligncenter\"><a href=\"https:\/\/www.uv.mx\/prensa\/files\/2020\/10\/051020-Veracruz-obtiene-septima-patente-2.jpg\"><img loading=\"lazy\" decoding=\"async\" aria-describedby=\"caption-attachment-88406\" class=\"size-full wp-image-88406\" src=\"https:\/\/www.uv.mx\/prensa\/files\/2020\/10\/051020-Veracruz-obtiene-septima-patente-2.jpg\" alt=\"\" width=\"722\" height=\"393\" srcset=\"https:\/\/www.uv.mx\/prensa\/files\/2020\/10\/051020-Veracruz-obtiene-septima-patente-2.jpg 722w, https:\/\/www.uv.mx\/prensa\/files\/2020\/10\/051020-Veracruz-obtiene-septima-patente-2-300x163.jpg 300w\" sizes=\"auto, (max-width: 722px) 100vw, 722px\" \/><\/a><p id=\"caption-attachment-88406\" class=\"wp-caption-text\">Agust\u00edn Leobardo Herrera May exhort\u00f3 a que con disciplina m\u00e1s acad\u00e9micos sigan adelante con sus proyectos<\/p><\/div>\n","protected":false},"excerpt":{"rendered":"<p>Por el proyecto \u201cSistema port\u00e1til para la obtenci\u00f3n de im\u00e1genes\u00a0cerebrales y espinales por transiluminaci\u00f3n inal\u00e1mbrica\u201d,\u00a0en el que participan investigadores adscritos a <em>Microna<\/em>\u00a0<\/p>\n","protected":false},"author":1869,"featured_media":88407,"comment_status":"closed","ping_status":"closed","sticky":false,"template":"","format":"standard","meta":{"footnotes":""},"categories":[61,32,55],"tags":[],"class_list":["post-88404","post","type-post","status-publish","format-standard","has-post-thumbnail","hentry","category-banner","category-regiones","category-veracruz"],"_links":{"self":[{"href":"https:\/\/www.uv.mx\/prensa\/wp-json\/wp\/v2\/posts\/88404","targetHints":{"allow":["GET"]}}],"collection":[{"href":"https:\/\/www.uv.mx\/prensa\/wp-json\/wp\/v2\/posts"}],"about":[{"href":"https:\/\/www.uv.mx\/prensa\/wp-json\/wp\/v2\/types\/post"}],"author":[{"embeddable":true,"href":"https:\/\/www.uv.mx\/prensa\/wp-json\/wp\/v2\/users\/1869"}],"replies":[{"embeddable":true,"href":"https:\/\/www.uv.mx\/prensa\/wp-json\/wp\/v2\/comments?post=88404"}],"version-history":[{"count":1,"href":"https:\/\/www.uv.mx\/prensa\/wp-json\/wp\/v2\/posts\/88404\/revisions"}],"predecessor-version":[{"id":88458,"href":"https:\/\/www.uv.mx\/prensa\/wp-json\/wp\/v2\/posts\/88404\/revisions\/88458"}],"wp:featuredmedia":[{"embeddable":true,"href":"https:\/\/www.uv.mx\/prensa\/wp-json\/wp\/v2\/media\/88407"}],"wp:attachment":[{"href":"https:\/\/www.uv.mx\/prensa\/wp-json\/wp\/v2\/media?parent=88404"}],"wp:term":[{"taxonomy":"category","embeddable":true,"href":"https:\/\/www.uv.mx\/prensa\/wp-json\/wp\/v2\/categories?post=88404"},{"taxonomy":"post_tag","embeddable":true,"href":"https:\/\/www.uv.mx\/prensa\/wp-json\/wp\/v2\/tags?post=88404"}],"curies":[{"name":"wp","href":"https:\/\/api.w.org\/{rel}","templated":true}]}}