{"id":88372,"date":"2020-10-06T19:58:01","date_gmt":"2020-10-07T00:58:01","guid":{"rendered":"https:\/\/www.uv.mx\/prensa\/?p=88372"},"modified":"2020-10-07T15:55:51","modified_gmt":"2020-10-07T20:55:51","slug":"osx-ofrecera-conciertos-presenciales-en-tlaqna","status":"publish","type":"post","link":"https:\/\/www.uv.mx\/prensa\/banner\/osx-ofrecera-conciertos-presenciales-en-tlaqna\/","title":{"rendered":"OSX ofrecer\u00e1 conciertos presenciales en Tlaqn\u00e1"},"content":{"rendered":"<ul style=\"font-weight: 400\">\n<li data-leveltext=\"\uf0b7\" data-font=\"Symbol\" data-listid=\"5\" data-aria-posinset=\"1\" data-aria-level=\"1\"><i><span data-contrast=\"none\">A<\/span><\/i><i><span data-contrast=\"none\">nunci\u00f3 su Segunda Temporada de Conciertos 2020, que se realizar\u00e1\u00a0<\/span><\/i><i><span data-contrast=\"none\">l<\/span><\/i><i><span data-contrast=\"none\">os viernes comprendidos del 9 de octubre al 18 de diciembre a las<\/span><\/i><i><span data-contrast=\"none\">\u00a020:30 horas<\/span><\/i><span data-ccp-props=\"{}\">\u00a0<\/span><\/li>\n<li data-leveltext=\"\uf0b7\" data-font=\"Symbol\" data-listid=\"5\" data-aria-posinset=\"2\" data-aria-level=\"1\"><i><span data-contrast=\"none\">Martin\u00a0<\/span><\/i><i><span data-contrast=\"none\">Lebel<\/span><\/i><i><span data-contrast=\"none\">\u00a0comparti\u00f3\u00a0<\/span><\/i><i><span data-contrast=\"none\">que<\/span><\/i><i><span data-contrast=\"none\">\u00a0iniciar\u00e1<\/span><\/i><i><span data-contrast=\"none\">n<\/span><\/i><i><span data-contrast=\"none\">\u00a0con la interpretaci\u00f3n de un par de obras de Igor\u00a0<\/span><\/i><i><span data-contrast=\"none\">Stravinsky<\/span><\/i><i><span data-contrast=\"none\">\u00a0y\u00a0<\/span><\/i><i><span data-contrast=\"none\">Aaron<\/span><\/i><i><span data-contrast=\"none\">\u00a0<\/span><\/i><i><span data-contrast=\"none\">Copland<\/span><\/i><span data-ccp-props=\"{}\">\u00a0<\/span><\/li>\n<li data-leveltext=\"\uf0b7\" data-font=\"Symbol\" data-listid=\"5\" data-aria-posinset=\"3\" data-aria-level=\"1\"><i><span data-contrast=\"none\">Se tendr\u00e1<\/span><\/i><i><span data-contrast=\"none\">\u00a0un aforo limitado, que cambiar\u00e1 de acuerdo al\u00a0<\/span><\/i><i><span data-contrast=\"none\">sem\u00e1foro epidemiol\u00f3gico estatal<\/span><\/i><\/li>\n<\/ul>\n<p>&nbsp;<\/p>\n<div id=\"attachment_88373\" style=\"width: 732px\" class=\"wp-caption aligncenter\"><a href=\"https:\/\/www.uv.mx\/prensa\/files\/2020\/10\/061020-CARLOS-OXS-1-100k.jpg\"><img loading=\"lazy\" decoding=\"async\" aria-describedby=\"caption-attachment-88373\" class=\"size-full wp-image-88373\" src=\"https:\/\/www.uv.mx\/prensa\/files\/2020\/10\/061020-CARLOS-OXS-1-100k.jpg\" alt=\"Octavio Ochoa y Rafael Alcal\u00e1 \" width=\"722\" height=\"542\" srcset=\"https:\/\/www.uv.mx\/prensa\/files\/2020\/10\/061020-CARLOS-OXS-1-100k.jpg 722w, https:\/\/www.uv.mx\/prensa\/files\/2020\/10\/061020-CARLOS-OXS-1-100k-300x225.jpg 300w\" sizes=\"auto, (max-width: 722px) 100vw, 722px\" \/><\/a><p id=\"caption-attachment-88373\" class=\"wp-caption-text\">Octavio Ochoa y Rafael Alcal\u00e1<\/p><\/div>\n<p>&nbsp;<\/p>\n<p><b><i><span data-contrast=\"none\">Carlos Hugo Hermida Rosales<\/span><\/i><\/b><\/p>\n<p><b><i><span data-contrast=\"none\">06\/10\/<\/span><\/i><\/b><b><i><span data-contrast=\"none\">2020<\/span><\/i><\/b><b><i><span data-contrast=\"none\">,<\/span><\/i><\/b><b><i><span data-contrast=\"none\">\u00a0<\/span><\/i><\/b><b><i><span data-contrast=\"none\">Xalapa, Ver.<\/span><\/i><\/b><b><i><span data-contrast=\"none\">&#8211;<\/span><\/i><\/b><b><i><span data-contrast=\"none\">\u00a0<\/span><\/i><\/b><span data-contrast=\"none\">La <a href=\"https:\/\/www.orquestasinfonicadexalapa.com\/\" target=\"_blank\" rel=\"noopener noreferrer\">Orquesta Sinf\u00f3nica de Xalapa<\/a> (OSX) de\u00a0<\/span><span data-contrast=\"none\">la Universidad Veracruzana (UV)<\/span><span data-contrast=\"none\">\u00a0anunci\u00f3 el 6 de octubre su\u00a0<\/span><span data-contrast=\"none\">S<\/span><span data-contrast=\"none\">egunda<\/span><span data-contrast=\"none\">\u00a0Temporada de C<\/span><span data-contrast=\"none\">onciertos<\/span><span data-contrast=\"none\">\u00a02020<\/span><span data-contrast=\"none\">, que se\u00a0<\/span><span data-contrast=\"none\">realizar\u00e1<\/span><span data-contrast=\"none\">\u00a0<\/span><span data-contrast=\"none\">de forma presencial en\u00a0<\/span><span data-contrast=\"none\">Tlaqn\u00e1<\/span><span data-contrast=\"none\">, Centro Cultural,\u00a0<\/span><span data-contrast=\"none\">los viernes comprendidos\u00a0<\/span><span data-contrast=\"none\">del\u00a0<\/span><span data-contrast=\"none\">9 de octubre al 18 de diciembre\u00a0<\/span><span data-contrast=\"none\">a las<\/span><span data-contrast=\"none\">\u00a020:30 horas.<\/span><span data-ccp-props=\"{}\">\u00a0<\/span><\/p>\n<p><span data-contrast=\"none\">El anuncio fue encabezado por\u00a0<\/span><span data-contrast=\"none\">Octavio Ochoa Contreras,\u00a0<\/span><span data-contrast=\"none\">s<\/span><span data-contrast=\"none\">ecretario de Desarrollo Institucional<\/span><span data-contrast=\"none\">,<\/span><span data-contrast=\"none\">\u00a0acompa\u00f1ado por\u00a0<\/span><span data-contrast=\"none\">Raciel<\/span><span data-contrast=\"none\">\u00a0<\/span><span data-contrast=\"none\">Dam\u00f3n<\/span><span data-contrast=\"none\">\u00a0Mart\u00ednez G\u00f3mez,\u00a0<\/span><span data-contrast=\"none\">d<\/span><span data-contrast=\"none\">irector\u00a0<\/span><span data-contrast=\"none\">g<\/span><span data-contrast=\"none\">enera<\/span><span data-contrast=\"none\">l de Comunicaci\u00f3n Universitaria;<\/span><span data-contrast=\"none\">\u00a0Rafael Alcal\u00e1 Hinojosa,\u00a0<\/span><span data-contrast=\"none\">titular de la<\/span><span data-contrast=\"none\">\u00a0<\/span><span data-contrast=\"none\">Direcci\u00f3n General de Difusi\u00f3n Cultural (DGDC)<\/span><span data-contrast=\"none\">;\u00a0<\/span><span data-contrast=\"none\">Rey Alejandro Conde Valdivia, titular de la Direcci\u00f3n de Grupos Art\u00edsticos;<\/span><span data-contrast=\"none\">\u00a0<\/span><span data-contrast=\"none\">Marti<\/span><span data-contrast=\"none\">n\u00a0<\/span><span data-contrast=\"none\">Etienne<\/span><span data-contrast=\"none\">\u00a0<\/span><span data-contrast=\"none\">Lebel<\/span><span data-contrast=\"none\">, director de la OSX<\/span><span data-contrast=\"none\">,<\/span><span data-contrast=\"none\">\u00a0y<\/span><span data-contrast=\"none\">\u00a0Facundo Pacheco Rojas,\u00a0<\/span><span data-contrast=\"none\">d<\/span><span data-contrast=\"none\">irector\u00a0<\/span><span data-contrast=\"none\">g<\/span><span data-contrast=\"none\">eneral de la Fundaci\u00f3n\u00a0<\/span><span data-contrast=\"none\">UV.<\/span><span data-ccp-props=\"{&quot;335559731&quot;:708}\">\u00a0<\/span><\/p>\n<p><span data-contrast=\"none\">Octavio Ochoa<\/span><span data-contrast=\"none\">\u00a0agradeci\u00f3 el<\/span><span data-contrast=\"none\">\u00a0gran esfuerzo conjunto de la DGDC y\u00a0<\/span><span data-contrast=\"none\">la Fundaci\u00f3n UV para hacer posible el retorno de los conciertos presenciales de la\u00a0<\/span><span data-contrast=\"none\">OSX; e<\/span><span data-contrast=\"none\">nfatiz\u00f3 que la UV no ha parado su actividad cultural<\/span><span data-contrast=\"none\">\u00a0pues\u00a0<\/span><span data-contrast=\"none\">durante la contingencia por Covid-19 ha ofrecido presentaciones virtuales de sus grupos y artistas universitarios a trav\u00e9s de la iniciativa\u00a0<\/span><span data-contrast=\"none\">\u201c<\/span><span data-contrast=\"none\">Arte desde el Interior<\/span><span data-contrast=\"none\">\u201d<\/span><span data-contrast=\"none\">,<\/span><span data-contrast=\"none\">\u00a0coordinada por la DGDC.<\/span><\/p>\n<div id=\"attachment_88374\" style=\"width: 732px\" class=\"wp-caption aligncenter\"><a href=\"https:\/\/www.uv.mx\/prensa\/files\/2020\/10\/061020-CARLOS-OXS-2-100k.jpg\"><img loading=\"lazy\" decoding=\"async\" aria-describedby=\"caption-attachment-88374\" class=\"size-full wp-image-88374\" src=\"https:\/\/www.uv.mx\/prensa\/files\/2020\/10\/061020-CARLOS-OXS-2-100k.jpg\" alt=\"Raciel Mart\u00ednez y Facundo Pacheco\" width=\"722\" height=\"542\" srcset=\"https:\/\/www.uv.mx\/prensa\/files\/2020\/10\/061020-CARLOS-OXS-2-100k.jpg 722w, https:\/\/www.uv.mx\/prensa\/files\/2020\/10\/061020-CARLOS-OXS-2-100k-300x225.jpg 300w\" sizes=\"auto, (max-width: 722px) 100vw, 722px\" \/><\/a><p id=\"caption-attachment-88374\" class=\"wp-caption-text\">Raciel Mart\u00ednez y Facundo Pacheco<\/p><\/div>\n<p><span data-contrast=\"none\">Facundo Pacheco mencion\u00f3 que\u00a0<\/span><span data-contrast=\"none\">en<\/span><span data-contrast=\"none\">\u00a0el primer concierto el aforo estar\u00e1 limitado a 246 personas, en respeto a los lineamientos del sem\u00e1foro epidemiol\u00f3gico dictaminado por las autoridades sanitarias\u00a0<\/span><span data-contrast=\"none\">estatal<\/span><span data-contrast=\"none\">es para el municipio de Xalapa, que esta semana se encuentra en color naranja.\u00a0<\/span><span data-ccp-props=\"{&quot;335559731&quot;:708}\">\u00a0<\/span><\/p>\n<p><span data-contrast=\"none\">Explic\u00f3 que los asistentes al concierto deber\u00e1n\u00a0<\/span><span data-contrast=\"none\">superar un filtro sanitario:<\/span><span data-contrast=\"none\">\u00a0<\/span><span data-contrast=\"none\">atravesar\u00e1n un tapete de desinfecci\u00f3n de zapatos, se les\u00a0<\/span><span data-contrast=\"none\">proporcionar\u00e1\u00a0<\/span><span data-contrast=\"none\">gel\u00a0<\/span><span data-contrast=\"none\">antibacterial<\/span><span data-contrast=\"none\">, se les tomar\u00e1 la temperatura y\u00a0<\/span><span data-contrast=\"none\">se\u00a0<\/span><span data-contrast=\"none\">verificar\u00e1 que hagan uso de\u00a0<\/span><span data-contrast=\"none\">cubre<\/span><span data-contrast=\"none\">bocas<\/span><span data-contrast=\"none\">;\u00a0<\/span><span data-contrast=\"none\">estas medidas<\/span><span data-contrast=\"none\">\u00a0tambi\u00e9n ser\u00e1<\/span><span data-contrast=\"none\">n aplicadas<\/span><span data-contrast=\"none\">\u00a0a los m\u00fasicos de la OSX.<\/span><span data-ccp-props=\"{&quot;335559731&quot;:708}\">\u00a0<\/span><\/p>\n<p><span data-contrast=\"none\">En la sala los asistentes estar\u00e1n separados por metro y medio de distancia,\u00a0<\/span><span data-contrast=\"none\">y los lineamientos\u00a0<\/span><span data-contrast=\"none\">se ir\u00e1n modificando conforme a la evoluci\u00f3n del sem\u00e1foro epidemiol\u00f3gico.<\/span><\/p>\n<div id=\"attachment_88375\" style=\"width: 732px\" class=\"wp-caption aligncenter\"><a href=\"https:\/\/www.uv.mx\/prensa\/files\/2020\/10\/061020-CARLOS-OXS-3-100k.jpg\"><img loading=\"lazy\" decoding=\"async\" aria-describedby=\"caption-attachment-88375\" class=\"size-full wp-image-88375\" src=\"https:\/\/www.uv.mx\/prensa\/files\/2020\/10\/061020-CARLOS-OXS-3-100k.jpg\" alt=\"Martin Lebel y Alejandro Conde\" width=\"722\" height=\"542\" srcset=\"https:\/\/www.uv.mx\/prensa\/files\/2020\/10\/061020-CARLOS-OXS-3-100k.jpg 722w, https:\/\/www.uv.mx\/prensa\/files\/2020\/10\/061020-CARLOS-OXS-3-100k-300x225.jpg 300w\" sizes=\"auto, (max-width: 722px) 100vw, 722px\" \/><\/a><p id=\"caption-attachment-88375\" class=\"wp-caption-text\">Martin Lebel y Alejandro Conde<\/p><\/div>\n<p><span data-contrast=\"none\">\u201cLas presentaciones de la OSX no ser\u00e1n conciertos masivos\u00a0<\/span><span data-contrast=\"none\">con la finalidad de<\/span><span data-contrast=\"none\">\u00a0socializar, sino para disfrutar de la cultura y enriquecerse con las melod\u00edas de esta agrupaci\u00f3n\u201d, declar\u00f3.\u00a0<\/span><span data-ccp-props=\"{&quot;335559731&quot;:708}\">\u00a0<\/span><\/p>\n<p><span data-contrast=\"none\">Marti<\/span><span data-contrast=\"none\">n\u00a0<\/span><span data-contrast=\"none\">Lebel<\/span><span data-contrast=\"none\">\u00a0<\/span><span data-contrast=\"none\">comparti\u00f3 que la Segunda Temporada de Conciertos iniciar\u00e1 con la interpretaci\u00f3n de un par de obras de Igor\u00a0<\/span><span data-contrast=\"none\">Stravinsky<\/span><span data-contrast=\"none\">\u00a0y\u00a0<\/span><span data-contrast=\"none\">Aaron<\/span><span data-contrast=\"none\">\u00a0<\/span><span data-contrast=\"none\">Copland<\/span><span data-contrast=\"none\">, y concluir\u00e1 en diciembre con piezas de Silvestre Revueltas y Richard Strauss.\u00a0<\/span><span data-ccp-props=\"{&quot;335559731&quot;:708}\">\u00a0<\/span><\/p>\n<p><span data-contrast=\"none\">Puntualiz\u00f3 que todos los m\u00fasicos interpretar\u00e1n sus instrumentos con dos metros de distancia entre ellos, lo\u00a0<\/span><span data-contrast=\"none\">cual es<\/span><span data-contrast=\"none\">\u00a0un reto\u00a0<\/span><span data-contrast=\"none\">significativo\u00a0<\/span><span data-contrast=\"none\">a superar.\u00a0<\/span><\/p>\n<div id=\"attachment_88376\" style=\"width: 732px\" class=\"wp-caption aligncenter\"><a href=\"https:\/\/www.uv.mx\/prensa\/files\/2020\/10\/061020-CARLOS-OXS-4-100k.jpg\"><img loading=\"lazy\" decoding=\"async\" aria-describedby=\"caption-attachment-88376\" class=\"size-full wp-image-88376\" src=\"https:\/\/www.uv.mx\/prensa\/files\/2020\/10\/061020-CARLOS-OXS-4-100k.jpg\" alt=\"El programa de presentaciones incluye un amplio repertorio de melod\u00edas \" width=\"722\" height=\"429\" srcset=\"https:\/\/www.uv.mx\/prensa\/files\/2020\/10\/061020-CARLOS-OXS-4-100k.jpg 722w, https:\/\/www.uv.mx\/prensa\/files\/2020\/10\/061020-CARLOS-OXS-4-100k-300x178.jpg 300w\" sizes=\"auto, (max-width: 722px) 100vw, 722px\" \/><\/a><p id=\"caption-attachment-88376\" class=\"wp-caption-text\">El programa de presentaciones incluye un amplio repertorio<\/p><\/div>\n<p><span data-contrast=\"none\">\u201cEstoy muy emocionado<\/span><span data-contrast=\"none\">\u00a0por volver a dirigir a la OSX a<\/span><span data-contrast=\"none\">nte el p\u00fablico, ya\u00a0<\/span><span data-contrast=\"none\">que\u00a0<\/span><span data-contrast=\"none\">el que una agrupaci\u00f3n musical de este nivel haya interpretado m\u00fasica por varios meses ante un escenario vac\u00edo fue una experiencia triste\u201d, manifest\u00f3.\u00a0<\/span><span data-ccp-props=\"{&quot;335559731&quot;:708}\">\u00a0<\/span><\/p>\n<p><span data-contrast=\"none\">Rafael Alcal\u00e1<\/span><span data-contrast=\"none\">\u00a0<\/span><span data-contrast=\"none\">mencion\u00f3 que con el objetivo de preservar la integridad<\/span><span data-contrast=\"none\">\u00a0de los sectores de la poblaci\u00f3n que tienen mayor riesgo\u00a0<\/span><span data-contrast=\"none\">a<\/span><span data-contrast=\"none\">\u00a0Covid-19\u00a0<\/span><span data-contrast=\"none\">\u2013<\/span><span data-contrast=\"none\">como los adultos mayores<\/span><span data-contrast=\"none\">\u2013<\/span><span data-contrast=\"none\">, los conciertos de la OSX ser\u00e1n transmitidos en vivo por\u00a0<\/span><span data-contrast=\"none\">R<\/span><span data-contrast=\"none\">adio UV y diferidos a trav\u00e9s de Tele UV y las redes sociales de la agrupaci\u00f3n musical.<\/span><span data-ccp-props=\"{&quot;335559731&quot;:708}\">\u00a0<\/span><\/p>\n<p><span data-contrast=\"none\">Los precios de acceso ser\u00e1n de 120 y 80 pesos para p\u00fablico en general, y 30\u00a0<\/span><span data-contrast=\"none\">pesos\u00a0<\/span><span data-contrast=\"none\">para estudiantes. El programa completo de presentaciones est\u00e1 disponible en la p\u00e1gina de la agrupaci\u00f3n\u00a0<\/span><a href=\"https:\/\/www.orquestasinfonicadexalapa.com\/\"><span data-contrast=\"none\">https:\/\/www.orquestasinfonicadexalapa.com\/<\/span><\/a><span data-contrast=\"auto\">.<\/span><span data-ccp-props=\"{&quot;335559731&quot;:708}\">\u00a0<\/span><\/p>\n","protected":false},"excerpt":{"rendered":"<p>Anunci\u00f3 su Segunda Temporada de Conciertos 2020, que se realizar\u00e1 del 9 de octubre al 18 de diciembre <\/p>\n","protected":false},"author":1775,"featured_media":88377,"comment_status":"closed","ping_status":"closed","sticky":false,"template":"","format":"standard","meta":{"footnotes":""},"categories":[61],"tags":[],"class_list":["post-88372","post","type-post","status-publish","format-standard","has-post-thumbnail","hentry","category-banner"],"_links":{"self":[{"href":"https:\/\/www.uv.mx\/prensa\/wp-json\/wp\/v2\/posts\/88372","targetHints":{"allow":["GET"]}}],"collection":[{"href":"https:\/\/www.uv.mx\/prensa\/wp-json\/wp\/v2\/posts"}],"about":[{"href":"https:\/\/www.uv.mx\/prensa\/wp-json\/wp\/v2\/types\/post"}],"author":[{"embeddable":true,"href":"https:\/\/www.uv.mx\/prensa\/wp-json\/wp\/v2\/users\/1775"}],"replies":[{"embeddable":true,"href":"https:\/\/www.uv.mx\/prensa\/wp-json\/wp\/v2\/comments?post=88372"}],"version-history":[{"count":1,"href":"https:\/\/www.uv.mx\/prensa\/wp-json\/wp\/v2\/posts\/88372\/revisions"}],"predecessor-version":[{"id":88422,"href":"https:\/\/www.uv.mx\/prensa\/wp-json\/wp\/v2\/posts\/88372\/revisions\/88422"}],"wp:featuredmedia":[{"embeddable":true,"href":"https:\/\/www.uv.mx\/prensa\/wp-json\/wp\/v2\/media\/88377"}],"wp:attachment":[{"href":"https:\/\/www.uv.mx\/prensa\/wp-json\/wp\/v2\/media?parent=88372"}],"wp:term":[{"taxonomy":"category","embeddable":true,"href":"https:\/\/www.uv.mx\/prensa\/wp-json\/wp\/v2\/categories?post=88372"},{"taxonomy":"post_tag","embeddable":true,"href":"https:\/\/www.uv.mx\/prensa\/wp-json\/wp\/v2\/tags?post=88372"}],"curies":[{"name":"wp","href":"https:\/\/api.w.org\/{rel}","templated":true}]}}