{"id":88286,"date":"2020-10-05T09:07:29","date_gmt":"2020-10-05T14:07:29","guid":{"rendered":"https:\/\/www.uv.mx\/prensa\/?p=88286"},"modified":"2020-10-05T15:08:53","modified_gmt":"2020-10-05T20:08:53","slug":"investigadores-del-icb-uv-participaron-en-el-latinxchem-2020","status":"publish","type":"post","link":"https:\/\/www.uv.mx\/prensa\/banner\/investigadores-del-icb-uv-participaron-en-el-latinxchem-2020\/","title":{"rendered":"Investigadores del ICB-UV participaron en el LatinXChem 2020\u00a0"},"content":{"rendered":"<ul>\n<li data-leveltext=\"\uf0b7\" data-font=\"Symbol\" data-listid=\"3\" data-aria-posinset=\"1\" data-aria-level=\"1\"><i><span data-contrast=\"auto\">El evento fue virtual y se realiz\u00f3 el pasado 7 de septiembre<\/span><\/i><span data-ccp-props=\"{&quot;134233279&quot;:true,&quot;201341983&quot;:0,&quot;335559739&quot;:160,&quot;335559740&quot;:240}\">\u00a0<\/span><\/li>\n<li data-leveltext=\"\uf0b7\" data-font=\"Symbol\" data-listid=\"3\" data-aria-posinset=\"2\" data-aria-level=\"1\"><i><span data-contrast=\"auto\">Dos de los <\/span><\/i><i><span data-contrast=\"auto\">trabajos presentados<\/span><\/i> <i><span data-contrast=\"auto\">fueron elegidos entre los 500 mejores<\/span><\/i><i><span data-contrast=\"auto\"> de dicho foro<\/span><\/i><span data-ccp-props=\"{&quot;134233279&quot;:true,&quot;201341983&quot;:0,&quot;335559739&quot;:160,&quot;335559740&quot;:240}\">\u00a0<\/span><\/li>\n<li data-leveltext=\"\uf0b7\" data-font=\"Symbol\" data-listid=\"3\" data-aria-posinset=\"3\" data-aria-level=\"1\"><i><span data-contrast=\"auto\">Participaron<\/span><\/i><i><span data-contrast=\"auto\">:<\/span><\/i><i><span data-contrast=\"auto\"> Tom\u00e1s Guerrero Brise\u00f1o, Omar <\/span><\/i><i><span data-contrast=\"auto\">Cortezano<\/span><\/i><i><span data-contrast=\"auto\"> Arellano, Ricardo Tovar Miranda<\/span><\/i><i><span data-contrast=\"auto\"> y<\/span><\/i> <i><span data-contrast=\"auto\">Jos\u00e9 Sergio Durand <\/span><\/i><i><span data-contrast=\"auto\">Niconoff<\/span><\/i><span data-ccp-props=\"{&quot;134233279&quot;:true,&quot;201341983&quot;:0,&quot;335559739&quot;:160,&quot;335559740&quot;:240}\">\u00a0<\/span><\/li>\n<\/ul>\n<p><span data-ccp-props=\"{&quot;134233279&quot;:true,&quot;201341983&quot;:0,&quot;335559685&quot;:720,&quot;335559739&quot;:160,&quot;335559740&quot;:240}\">\u00a0<\/span><\/p>\n<div id=\"attachment_88287\" style=\"width: 491px\" class=\"wp-caption aligncenter\"><a href=\"https:\/\/www.uv.mx\/prensa\/files\/2020\/10\/011020-ICB-1.jpg\"><img loading=\"lazy\" decoding=\"async\" aria-describedby=\"caption-attachment-88287\" class=\"size-full wp-image-88287\" src=\"https:\/\/www.uv.mx\/prensa\/files\/2020\/10\/011020-ICB-1.jpg\" alt=\"\" width=\"481\" height=\"722\" srcset=\"https:\/\/www.uv.mx\/prensa\/files\/2020\/10\/011020-ICB-1.jpg 481w, https:\/\/www.uv.mx\/prensa\/files\/2020\/10\/011020-ICB-1-200x300.jpg 200w\" sizes=\"auto, (max-width: 481px) 100vw, 481px\" \/><\/a><p id=\"caption-attachment-88287\" class=\"wp-caption-text\">Uno de los carteles con los que investigadores del ICB-UV participaron en el LatinXChem 2020<\/p><\/div>\n<p><span data-ccp-props=\"{&quot;134233279&quot;:true,&quot;201341983&quot;:0,&quot;335559685&quot;:720,&quot;335559739&quot;:160,&quot;335559740&quot;:240}\">\u00a0<\/span><\/p>\n<p><span data-ccp-props=\"{&quot;134233279&quot;:true,&quot;201341983&quot;:0,&quot;335559685&quot;:720,&quot;335559739&quot;:160,&quot;335559740&quot;:240}\">\u00a0<\/span><\/p>\n<p><b><i><span data-contrast=\"auto\">Claudia Peralta V\u00e1zquez<\/span><\/i><\/b><span data-ccp-props=\"{&quot;201341983&quot;:0,&quot;335559739&quot;:160,&quot;335559740&quot;:240}\">\u00a0<\/span><\/p>\n<p><b><i><span data-contrast=\"auto\">0<\/span><\/i><\/b><b><i><span data-contrast=\"auto\">5<\/span><\/i><\/b><b><i><span data-contrast=\"auto\">\/<\/span><\/i><\/b><b><i><span data-contrast=\"auto\">10<\/span><\/i><\/b><b><i><span data-contrast=\"auto\">\/<\/span><\/i><\/b><b><i><span data-contrast=\"auto\">20, Xalapa, <\/span><\/i><\/b><b><i><span data-contrast=\"auto\">Ver.-<\/span><\/i><\/b> <span data-contrast=\"auto\">Investigadores del <a href=\"https:\/\/www.uv.mx\/icb\/\" target=\"_blank\" rel=\"noopener noreferrer\">Instituto de Ciencias B\u00e1sicas<\/a> (ICB) de la Universidad Veracruzana (UV)<\/span> <span data-contrast=\"auto\">participaron el pasado 7 de septiembre en el <\/span><span data-contrast=\"auto\">LatinXChem<\/span><span data-contrast=\"auto\"> 2020<\/span><span data-contrast=\"auto\">, <\/span><span data-contrast=\"auto\">foro <\/span><span data-contrast=\"auto\">donde<\/span><span data-contrast=\"auto\"> la comunidad de qu\u00edmicos latinoamericanos<\/span><span data-contrast=\"auto\"> compartieron y discutieron<\/span><span data-contrast=\"auto\">,<\/span> <span data-contrast=\"auto\">durante 24 horas y <\/span><span data-contrast=\"auto\">a trav\u00e9s de <\/span><i><span data-contrast=\"auto\">Twitter<\/span><\/i><i><span data-contrast=\"auto\">,<\/span><\/i><span data-contrast=\"auto\"> los<\/span><span data-contrast=\"auto\"> resultados y avances de <\/span><span data-contrast=\"auto\">sus investigaciones.<\/span><span data-ccp-props=\"{&quot;201341983&quot;:0,&quot;335559739&quot;:160,&quot;335559740&quot;:240}\">\u00a0<\/span><\/p>\n<p><span data-contrast=\"auto\">El <\/span><span data-contrast=\"auto\">LatinXChem<\/span> <span data-contrast=\"auto\">2020<\/span><span data-contrast=\"auto\"> es organizado por la <\/span><span data-contrast=\"auto\">Royal <\/span><span data-contrast=\"auto\">Society<\/span><span data-contrast=\"auto\"> of <\/span><span data-contrast=\"auto\">Chemistry<\/span><span data-contrast=\"auto\"> (RSC)<\/span><span data-contrast=\"auto\">, <\/span><span data-contrast=\"auto\">sociedad cient\u00edfica<\/span> <span data-contrast=\"auto\">prestigiosa del Reino Unido,<\/span> <span data-contrast=\"auto\">y <\/span><span data-contrast=\"auto\">la #<\/span><span data-contrast=\"auto\">RSCPoster<\/span><span data-contrast=\"auto\"> Twitter <\/span><span data-contrast=\"auto\">Conference<\/span><span data-contrast=\"auto\">.<\/span><span data-ccp-props=\"{&quot;201341983&quot;:0,&quot;335559739&quot;:160,&quot;335559740&quot;:240}\">\u00a0<\/span><\/p>\n<p><span data-contrast=\"auto\">E<\/span><span data-contrast=\"auto\">s la <\/span><span data-contrast=\"auto\">primera vez que el ICB<\/span> <span data-contrast=\"auto\">participa <\/span><span data-contrast=\"auto\">e<\/span><span data-contrast=\"auto\">n este evento, espec\u00edficamente el <\/span><span data-contrast=\"auto\">cuerpo acad\u00e9mico (CA) <\/span><span data-contrast=\"auto\">Dise\u00f1o y <\/span><span data-contrast=\"auto\">S<\/span><span data-contrast=\"auto\">\u00edntesis de <\/span><span data-contrast=\"auto\">S<\/span><span data-contrast=\"auto\">istemas <\/span><span data-contrast=\"auto\">Mo<\/span><span data-contrast=\"auto\">leculares<\/span><span data-contrast=\"auto\">, conformado por<\/span><span data-contrast=\"auto\">:<\/span><span data-contrast=\"auto\"> Ricardo Tovar Miranda, <\/span><span data-contrast=\"auto\">Jos\u00e9 <\/span><span data-contrast=\"auto\">Sergio Durand <\/span><span data-contrast=\"auto\">Niconoff<\/span><span data-contrast=\"auto\">, <\/span><span data-contrast=\"auto\">Tom\u00e1s Guerrero Brise\u00f1o<\/span><span data-contrast=\"auto\"> y <\/span><span data-contrast=\"auto\">Omar <\/span><span data-contrast=\"auto\">Cortezano<\/span><span data-contrast=\"auto\"> Arellano<\/span><span data-contrast=\"auto\">.<\/span><span data-ccp-props=\"{&quot;201341983&quot;:0,&quot;335559731&quot;:708,&quot;335559739&quot;:160,&quot;335559740&quot;:240}\">\u00a0<\/span><\/p>\n<p><span data-contrast=\"auto\">En <\/span><span data-contrast=\"auto\">la modalidad de cartel<\/span><span data-contrast=\"auto\">, c<\/span><span data-contrast=\"auto\">ada<\/span><span data-contrast=\"auto\"> investiga<\/span><span data-contrast=\"auto\">dor<\/span><span data-contrast=\"auto\"> particip<\/span><span data-contrast=\"auto\">\u00f3<\/span><span data-contrast=\"auto\"> con<\/span><span data-contrast=\"auto\"> sus respectivos trabajos<\/span><span data-contrast=\"auto\"> y <\/span><span data-contrast=\"auto\">dos de ellos <\/span><span data-contrast=\"auto\">fue<\/span><span data-contrast=\"auto\">ron<\/span><span data-contrast=\"auto\"> seleccionado<\/span><span data-contrast=\"auto\">s<\/span><span data-contrast=\"auto\"> como <\/span><i><span data-contrast=\"auto\">top<\/span><\/i><span data-contrast=\"auto\"> entre <\/span><span data-contrast=\"auto\">los 500 mejores <\/span><span data-contrast=\"auto\">de dicho evento<\/span><span data-contrast=\"auto\">, y <\/span><span data-contrast=\"auto\">su p\u00f3ster fue <\/span><span data-contrast=\"auto\">colocado en la plataforma digital de la <\/span><span data-contrast=\"auto\">American <\/span><span data-contrast=\"auto\">Chemical<\/span> <span data-contrast=\"auto\">Society<\/span> <span data-contrast=\"auto\">(<\/span><span data-contrast=\"auto\">ACS <\/span><span data-contrast=\"auto\">Publications<\/span><span data-contrast=\"auto\">).<\/span><span data-ccp-props=\"{&quot;201341983&quot;:0,&quot;335559731&quot;:708,&quot;335559739&quot;:160,&quot;335559740&quot;:240}\">\u00a0<\/span><\/p>\n<p><span data-contrast=\"auto\">Los responsables de est<\/span><span data-contrast=\"auto\">os carteles son: <\/span><span data-contrast=\"auto\">Tom\u00e1s Guerrero y Omar <\/span><span data-contrast=\"auto\">Cortezano<\/span><span data-contrast=\"auto\">,<\/span><span data-contrast=\"auto\"> quienes tambi\u00e9n colaboraron con <\/span><span data-contrast=\"auto\">estudiantes de la UV y del <\/span><span data-contrast=\"auto\">Instituto Tecnol\u00f3gico Superior<\/span> <span data-contrast=\"auto\">de Xalapa<\/span><span data-contrast=\"auto\"> (ITSX).\u00a0<\/span><span data-ccp-props=\"{&quot;201341983&quot;:0,&quot;335559731&quot;:708,&quot;335559739&quot;:160,&quot;335559740&quot;:240}\">\u00a0<\/span><\/p>\n<p><span data-contrast=\"auto\">D<\/span><span data-contrast=\"auto\">e ahora en adelante podr\u00e1<\/span><span data-contrast=\"auto\">n<\/span><span data-contrast=\"auto\"> ser <\/span><span data-contrast=\"auto\">ampliamente difundido<\/span><span data-contrast=\"auto\">s<\/span> <span data-contrast=\"auto\">a trav\u00e9s de<\/span><span data-contrast=\"auto\"> un <\/span><span data-contrast=\"auto\">DOI<\/span><span data-contrast=\"auto\">, o <\/span><span data-contrast=\"auto\">c\u00f3digo esencial para citas bibliogr\u00e1ficas y b\u00fasquedas cient\u00edficas<\/span><span data-contrast=\"auto\">.<\/span><span data-ccp-props=\"{&quot;201341983&quot;:0,&quot;335559731&quot;:708,&quot;335559739&quot;:160,&quot;335559740&quot;:240}\">\u00a0<\/span><\/p>\n<p><span data-contrast=\"auto\">Los participantes comentaron que <\/span><span data-contrast=\"auto\">el <\/span><span data-contrast=\"auto\">proceso consisti\u00f3 en tuitear los carteles en <\/span><i><span data-contrast=\"auto\">@<\/span><\/i><span data-contrast=\"auto\">LatinXChem<\/span><span data-contrast=\"auto\"> junto con el <\/span><span data-contrast=\"auto\">t\u00edtulo, resumen y <\/span><i><span data-contrast=\"auto\">hashtags<\/span><\/i><span data-contrast=\"auto\"> relevantes a la tem\u00e1tica<\/span><span data-contrast=\"auto\">, mientras que sus pares de otros pa\u00edses les hac\u00edan preguntas acerca de los mismos.<\/span><span data-ccp-props=\"{&quot;201341983&quot;:0,&quot;335559731&quot;:708,&quot;335559739&quot;:160,&quot;335559740&quot;:240}\">\u00a0<\/span><\/p>\n<p><span data-contrast=\"auto\">Cabe mencionar que el <\/span><span data-contrast=\"auto\">LatinXChem<\/span><span data-contrast=\"auto\"> 2020<\/span> <span data-contrast=\"auto\">consider\u00f3 <\/span><span data-contrast=\"auto\">11<\/span><span data-contrast=\"auto\"> categor\u00edas<\/span><span data-contrast=\"auto\">: Qu\u00edmica Anal\u00edtica, Biol\u00f3gica,<\/span><span data-contrast=\"auto\"> Ambiental, Inorg\u00e1nica, Org\u00e1nica,<\/span> <span data-contrast=\"auto\">Te\u00f3rica, <\/span><span data-contrast=\"auto\">Cat\u00e1lisis, Educaci\u00f3n Qu\u00edmica, <\/span><span data-contrast=\"auto\">Fisicoqu\u00edmica<\/span><span data-contrast=\"auto\">, <\/span><span data-contrast=\"auto\">Energ\u00eda y Sustentabilidad<\/span><span data-contrast=\"auto\">, <\/span><span data-contrast=\"auto\">Nanociencias y Qu\u00edmica de Materiales<\/span><span data-contrast=\"auto\">.<\/span><span data-ccp-props=\"{&quot;201341983&quot;:0,&quot;335559731&quot;:708,&quot;335559739&quot;:160,&quot;335559740&quot;:240}\">\u00a0<\/span><\/p>\n<p><span data-contrast=\"auto\">Omar <\/span><span data-contrast=\"auto\">Cortezano<\/span><span data-contrast=\"auto\">, quien se incorpor\u00f3 el a\u00f1o pasado al ICB y es miembro del Sistema Nacional de Investigadores (SNI),<\/span><span data-contrast=\"auto\"> coment\u00f3 que el trabajo expuesto se <\/span><span data-contrast=\"auto\">relacion\u00f3 con la \u201c<\/span><span data-contrast=\"auto\">S<\/span><span data-contrast=\"auto\">\u00edntesis total de alcaloides a partir de<\/span> <span data-contrast=\"auto\">carbohidratos\u201d<\/span><span data-contrast=\"auto\">, el cual desarroll\u00f3 en colaboraci\u00f3n con <\/span><span data-contrast=\"auto\">Ricardo<\/span> <span data-contrast=\"auto\">Tovar<\/span><span data-contrast=\"auto\">.<\/span><span data-ccp-props=\"{&quot;201341983&quot;:0,&quot;335559731&quot;:708,&quot;335559739&quot;:160,&quot;335559740&quot;:240}\">\u00a0<\/span><\/p>\n<p><span data-contrast=\"auto\">Sus<\/span><span data-contrast=\"auto\"> l\u00edneas de investigaci\u00f3n<\/span><span data-contrast=\"auto\"> se centran en la <\/span><span data-contrast=\"auto\">s\u00edntesis total de productos naturales<\/span><span data-contrast=\"auto\">, empleo de <\/span><span data-contrast=\"auto\">carbohidratos<\/span> <span data-contrast=\"auto\">como fuente natural de quiralidad, desarrollo de nuevas metodolog\u00edas sint\u00e9ticas v\u00eda<\/span> <span data-contrast=\"auto\">radicales libres<\/span><span data-contrast=\"auto\">,<\/span><span data-contrast=\"auto\"> preparaci\u00f3n de mol\u00e9culas biol\u00f3gicamente activas <\/span><span data-contrast=\"auto\">con empleo de <\/span><span data-contrast=\"auto\">reacciones <\/span><span data-contrast=\"auto\">multicomponente<\/span><span data-contrast=\"auto\">s<\/span><span data-contrast=\"auto\">.<\/span><span data-ccp-props=\"{&quot;201341983&quot;:0,&quot;335559731&quot;:708,&quot;335559739&quot;:160,&quot;335559740&quot;:240}\">\u00a0<\/span><\/p>\n<p>&nbsp;<\/p>\n<div id=\"attachment_88288\" style=\"width: 491px\" class=\"wp-caption aligncenter\"><a href=\"https:\/\/www.uv.mx\/prensa\/files\/2020\/10\/011020-ICB-2.jpg\"><img loading=\"lazy\" decoding=\"async\" aria-describedby=\"caption-attachment-88288\" class=\"size-full wp-image-88288\" src=\"https:\/\/www.uv.mx\/prensa\/files\/2020\/10\/011020-ICB-2.jpg\" alt=\"\" width=\"481\" height=\"722\" srcset=\"https:\/\/www.uv.mx\/prensa\/files\/2020\/10\/011020-ICB-2.jpg 481w, https:\/\/www.uv.mx\/prensa\/files\/2020\/10\/011020-ICB-2-200x300.jpg 200w\" sizes=\"auto, (max-width: 481px) 100vw, 481px\" \/><\/a><p id=\"caption-attachment-88288\" class=\"wp-caption-text\">Entre los trabajos presentados, dos de ellos fueron elegidos entre los 500 mejores<\/p><\/div>\n<p>&nbsp;<\/p>\n<p><span data-contrast=\"auto\">\u201c<\/span><span data-contrast=\"auto\">Nuestro trabajo consiste en sintetizar<\/span><span data-contrast=\"auto\"> \u2013que es algo parecido a \u2018<\/span><span data-contrast=\"auto\">construir<\/span><span data-contrast=\"auto\">\u2019\u2013<\/span> <span data-contrast=\"auto\">estos<\/span> <span data-contrast=\"auto\">productos encontrados en cantidades \u00ednfimas en la propia naturaleza<\/span><span data-contrast=\"auto\">,<\/span><span data-contrast=\"auto\"> pero<\/span> <span data-contrast=\"auto\">haci\u00e9ndolo en una mesa de laboratorio a trav\u00e9s de reacciones qu\u00edmicas a partir de<\/span> <span data-contrast=\"auto\">materias primas simples y de bajo costo como son los carbohidratos<\/span><span data-contrast=\"auto\">.<\/span><span data-contrast=\"auto\">\u201d<\/span><span data-ccp-props=\"{&quot;201341983&quot;:0,&quot;335559731&quot;:708,&quot;335559739&quot;:160,&quot;335559740&quot;:240}\">\u00a0<\/span><\/p>\n<p><span data-contrast=\"auto\">Por su parte, Ricardo Tovar<\/span><span data-contrast=\"auto\"> particip\u00f3 con el cartel titulado<\/span><span data-contrast=\"auto\"> \u201cS\u00edntesis formal de la <\/span><span data-contrast=\"auto\">parvistemonine<\/span><span data-contrast=\"auto\"> A\u201d,<\/span> <span data-contrast=\"auto\">alcaloide presente en plantas del g\u00e9nero <\/span><i><span data-contrast=\"auto\">Stemona<\/span><\/i><span data-contrast=\"auto\">, <\/span><span data-contrast=\"auto\">las cuales tienen <\/span><span data-contrast=\"auto\">muchos usos como remedio herbolario, sobre todo en Asia.<\/span><span data-ccp-props=\"{&quot;201341983&quot;:0,&quot;335559731&quot;:708,&quot;335559739&quot;:160,&quot;335559740&quot;:240}\">\u00a0<\/span><\/p>\n<p><span data-contrast=\"auto\">Se espera<\/span><span data-contrast=\"auto\">, dijo,<\/span><span data-contrast=\"auto\"> que este compuesto presente actividad biol\u00f3gica como fungicida, <\/span><span data-contrast=\"auto\">antibacterial<\/span><span data-contrast=\"auto\"> o en el tratamiento de enfermedades respiratorias como bronquitis<\/span><span data-contrast=\"auto\">. Por tanto, el<\/span><span data-contrast=\"auto\"> objetivo es preparar mediante s\u00edntesis qu\u00edmica este producto natural.\u00a0<\/span><span data-ccp-props=\"{&quot;201341983&quot;:0,&quot;335559731&quot;:708,&quot;335559739&quot;:160,&quot;335559740&quot;:240}\">\u00a0<\/span><\/p>\n<p><span data-contrast=\"auto\">En tanto, Jos\u00e9 Sergio Durand<\/span><span data-contrast=\"auto\">, con <\/span><span data-contrast=\"auto\">Maestr\u00eda y Doctorado en el Instituto de F\u00edsica de la <\/span><span data-contrast=\"auto\">Benem\u00e9rita Universidad Aut\u00f3noma de Puebla (<\/span><span data-contrast=\"auto\">BUAP<\/span><span data-contrast=\"auto\">)<\/span><span data-contrast=\"auto\">,<\/span> <span data-contrast=\"auto\">estudi\u00f3 la <\/span><span data-contrast=\"auto\">reactividad local de ISA mediante similitud cu\u00e1ntica<\/span><span data-contrast=\"auto\">.<\/span><span data-ccp-props=\"{&quot;201341983&quot;:0,&quot;335559731&quot;:708,&quot;335559739&quot;:160,&quot;335559740&quot;:240}\">\u00a0<\/span><\/p>\n<p><span data-contrast=\"auto\">\u201c<\/span><span data-contrast=\"auto\">En general<\/span><span data-contrast=\"auto\">,<\/span><span data-contrast=\"auto\"> mi actividad dentro del grupo de trabajo es hacer estudios de reactividad global y local de compuestos qu\u00edmicos mediante m\u00e9todos de qu\u00edmica computacional<\/span><span data-contrast=\"auto\">.<\/span><span data-contrast=\"auto\">\u201d<\/span><span data-ccp-props=\"{&quot;201341983&quot;:0,&quot;335559731&quot;:708,&quot;335559739&quot;:160,&quot;335559740&quot;:240}\">\u00a0<\/span><\/p>\n<p><span data-contrast=\"auto\">Dio a conocer que dicho<\/span><span data-contrast=\"auto\"> trabajo explora el desempe\u00f1o de una herramienta basada en una medida de similitud que espera<\/span><span data-contrast=\"auto\">n<\/span><span data-contrast=\"auto\"> sea \u00fatil para determinar las zonas reactivas de las mol\u00e9culas de inter\u00e9s.<\/span> <span data-contrast=\"auto\">Hasta ahora, con este trabajo <\/span><span data-contrast=\"auto\">han <\/span><span data-contrast=\"auto\">comproba<\/span><span data-contrast=\"auto\">do <\/span><span data-contrast=\"auto\">que es plausible en el sistema estudiado, ISA. La exploraci\u00f3n continuar\u00e1 con otros compuestos para explicar su actividad biol\u00f3gica.<\/span><span data-ccp-props=\"{&quot;201341983&quot;:0,&quot;335559731&quot;:708,&quot;335559739&quot;:160,&quot;335559740&quot;:240}\">\u00a0<\/span><\/p>\n<p><span data-contrast=\"auto\">Tom\u00e1s Guerrero Brise\u00f1o<\/span><span data-contrast=\"auto\">, con Doctorado en Ciencias por la <\/span><span data-contrast=\"auto\">Universidad Nacional Aut\u00f3noma de M\u00e9xico (<\/span><span data-contrast=\"auto\">UNAM<\/span><span data-contrast=\"auto\">)<\/span><span data-contrast=\"auto\">, <\/span><span data-contrast=\"auto\">present\u00f3 <\/span><span data-contrast=\"auto\">un trabajo relacionado<\/span><span data-contrast=\"auto\"> con una <\/span><span data-contrast=\"auto\">base de operaciones pr\u00e1ctica<\/span><span data-contrast=\"auto\"> y<\/span> <span data-contrast=\"auto\">experiencia para superar las dificultades relacionadas con <\/span><span data-contrast=\"auto\">C<\/span><span data-contrast=\"auto\">ovid<\/span><span data-contrast=\"auto\">&#8211;<\/span><span data-contrast=\"auto\">19 en la ense\u00f1anza de la <\/span><span data-contrast=\"auto\">q<\/span><span data-contrast=\"auto\">u\u00edmica <\/span><span data-contrast=\"auto\">a<\/span><span data-contrast=\"auto\">nal\u00edtica<\/span><span data-contrast=\"auto\">; y o<\/span><span data-contrast=\"auto\">tro sobre las <\/span><span data-contrast=\"auto\">b<\/span><span data-contrast=\"auto\">ases de <\/span><span data-contrast=\"auto\">Mannich<\/span><span data-contrast=\"auto\"> de 7 <\/span><span data-contrast=\"auto\">hidroxicumarinas<\/span><span data-contrast=\"auto\">: andamios qu\u00edmicos \u00fanicos e inexplorados, en el que tambi\u00e9n intervinieron investigadores del Instituto de Ciencias de la Salud<\/span><span data-contrast=\"auto\"> (ICS) de la UV<\/span><span data-contrast=\"auto\"> y de la BUAP.<\/span><span data-ccp-props=\"{&quot;201341983&quot;:0,&quot;335559731&quot;:708,&quot;335559739&quot;:160,&quot;335559740&quot;:240}\">\u00a0<\/span><\/p>\n<p><span data-contrast=\"auto\">Los cuatro investigadores coincidieron en resaltar que <\/span><span data-contrast=\"auto\">su participaci\u00f3n <\/span><span data-contrast=\"auto\">en este foro represent<\/span><span data-contrast=\"auto\">\u00f3<\/span><span data-contrast=\"auto\"> la<\/span><span data-contrast=\"auto\"> oportunidad de<\/span><span data-contrast=\"auto\"> que otras universidades e instituciones volte<\/span><span data-contrast=\"auto\">aran a ver el trabajo <\/span><span data-contrast=\"auto\">que al interior de la UV se realiza en materia de <\/span><span data-contrast=\"auto\">c<\/span><span data-contrast=\"auto\">iencias <\/span><span data-contrast=\"auto\">b<\/span><span data-contrast=\"auto\">\u00e1sicas<\/span><span data-contrast=\"auto\">, con gran inter\u00e9s en los<\/span><span data-contrast=\"auto\"> \u00e1mbitos nacional e internacional.<\/span><span data-ccp-props=\"{&quot;201341983&quot;:0,&quot;335559731&quot;:708,&quot;335559739&quot;:160,&quot;335559740&quot;:240}\">\u00a0<\/span><\/p>\n<p><span data-contrast=\"auto\">Asimismo, estos eventos no s\u00f3<\/span><span data-contrast=\"auto\">lo ayudan a <\/span><span data-contrast=\"auto\">divulgar y<\/span> <span data-contrast=\"auto\">difundir los resultados <\/span><span data-contrast=\"auto\">de los <\/span><span data-contrast=\"auto\">proyectos<\/span><span data-contrast=\"auto\"> de investigaci\u00f3n, sino tambi\u00e9n <\/span><span data-contrast=\"auto\">fomentan el debate y la discusi\u00f3n cient\u00edfica entre colegas,<\/span> <span data-contrast=\"auto\">estudiantes de licenciatura, doctorado y posgrado<\/span><span data-contrast=\"auto\">.<\/span> <span data-contrast=\"auto\">Tambi\u00e9n, se <\/span><span data-contrast=\"auto\">crea<\/span><span data-contrast=\"auto\">n<\/span> <span data-contrast=\"auto\">lazos de colaboraci\u00f3n con otras instituciones y<\/span><span data-contrast=\"auto\"> u<\/span><span data-contrast=\"auto\">niversidades<\/span><span data-contrast=\"auto\">.<\/span><span data-ccp-props=\"{&quot;201341983&quot;:0,&quot;335559731&quot;:709,&quot;335559739&quot;:160,&quot;335559740&quot;:240}\">\u00a0<\/span><\/p>\n<p><span data-contrast=\"auto\">En este sentido, Omar <\/span><span data-contrast=\"auto\">Cortezano<\/span><span data-contrast=\"auto\"> se pronunci\u00f3 por la necesidad de que autoridades <\/span><span data-contrast=\"auto\">gubernamentales<\/span><span data-contrast=\"auto\"> e institucionales apuesten a la inversi\u00f3n en <\/span><span data-contrast=\"auto\">c<\/span><span data-contrast=\"auto\">iencia <\/span><span data-contrast=\"auto\">b<\/span><span data-contrast=\"auto\">\u00e1sica<\/span><span data-contrast=\"auto\">,<\/span><span data-contrast=\"auto\"> pues es imprescindible <\/span><span data-contrast=\"auto\">para la educac<\/span><span data-contrast=\"auto\">i\u00f3n y el desarrollo de un pa\u00eds.<\/span><span data-ccp-props=\"{&quot;201341983&quot;:0,&quot;335559731&quot;:709,&quot;335559739&quot;:160,&quot;335559740&quot;:240}\">\u00a0<\/span><\/p>\n<p><span data-contrast=\"auto\">Junto con el ICB tambi\u00e9n particip\u00f3 la Unidad de Servicios de Apoyo en Resoluci\u00f3n Anal\u00edtica (SARA) de la UV, y otras instituciones de educaci\u00f3n superior de M\u00e9xico como: <\/span><span data-contrast=\"auto\">el Instituto de Qu\u00edmica de la <\/span><span data-contrast=\"auto\">UNAM, Universidad Aut\u00f3noma Metropolitana y <\/span><span data-contrast=\"auto\">la <\/span><span data-contrast=\"auto\">BUAP.<\/span><span data-ccp-props=\"{&quot;201341983&quot;:0,&quot;335559731&quot;:709,&quot;335559739&quot;:160,&quot;335559740&quot;:240}\">\u00a0<\/span><\/p>\n<p><span data-contrast=\"auto\">Asimismo, el Centro de Investigaci\u00f3n y de Estudios Avanzados (<\/span><i><span data-contrast=\"auto\">Cinvestav<\/span><\/i><span data-contrast=\"auto\">) del Instituto Polit\u00e9cnico Nacional, y <\/span><span data-contrast=\"auto\">u<\/span><span data-contrast=\"auto\">niversidades de Am\u00e9rica Latina<\/span> <span data-contrast=\"auto\">y Canad\u00e1.<\/span><span data-ccp-props=\"{&quot;201341983&quot;:0,&quot;335559731&quot;:708,&quot;335559739&quot;:160,&quot;335559740&quot;:240}\">\u00a0<\/span><\/p>\n<p><span data-ccp-props=\"{&quot;201341983&quot;:0,&quot;335559739&quot;:160,&quot;335559740&quot;:240}\">\u00a0<\/span><\/p>\n<div id=\"attachment_88289\" style=\"width: 732px\" class=\"wp-caption aligncenter\"><a href=\"https:\/\/www.uv.mx\/prensa\/files\/2020\/10\/011020-ICB-3.jpg\"><img loading=\"lazy\" decoding=\"async\" aria-describedby=\"caption-attachment-88289\" class=\"size-full wp-image-88289\" src=\"https:\/\/www.uv.mx\/prensa\/files\/2020\/10\/011020-ICB-3.jpg\" alt=\"\" width=\"722\" height=\"406\" srcset=\"https:\/\/www.uv.mx\/prensa\/files\/2020\/10\/011020-ICB-3.jpg 722w, https:\/\/www.uv.mx\/prensa\/files\/2020\/10\/011020-ICB-3-300x169.jpg 300w\" sizes=\"auto, (max-width: 722px) 100vw, 722px\" \/><\/a><p id=\"caption-attachment-88289\" class=\"wp-caption-text\">El CA Dise\u00f1o y S\u00edntesis de Sistemas Moleculares tambi\u00e9n colabora con estudiantes de licenciatura y posgrado<\/p><\/div>\n","protected":false},"excerpt":{"rendered":"<p>Tambi\u00e9n participaron la Unidad de Servicios de Apoyo en Resoluci\u00f3n Anal\u00edtica de la UV y otras instituciones de educaci\u00f3n superior\u00a0<\/p>\n","protected":false},"author":1869,"featured_media":88291,"comment_status":"closed","ping_status":"closed","sticky":false,"template":"","format":"standard","meta":{"footnotes":""},"categories":[61],"tags":[],"class_list":["post-88286","post","type-post","status-publish","format-standard","has-post-thumbnail","hentry","category-banner"],"_links":{"self":[{"href":"https:\/\/www.uv.mx\/prensa\/wp-json\/wp\/v2\/posts\/88286","targetHints":{"allow":["GET"]}}],"collection":[{"href":"https:\/\/www.uv.mx\/prensa\/wp-json\/wp\/v2\/posts"}],"about":[{"href":"https:\/\/www.uv.mx\/prensa\/wp-json\/wp\/v2\/types\/post"}],"author":[{"embeddable":true,"href":"https:\/\/www.uv.mx\/prensa\/wp-json\/wp\/v2\/users\/1869"}],"replies":[{"embeddable":true,"href":"https:\/\/www.uv.mx\/prensa\/wp-json\/wp\/v2\/comments?post=88286"}],"version-history":[{"count":1,"href":"https:\/\/www.uv.mx\/prensa\/wp-json\/wp\/v2\/posts\/88286\/revisions"}],"predecessor-version":[{"id":88312,"href":"https:\/\/www.uv.mx\/prensa\/wp-json\/wp\/v2\/posts\/88286\/revisions\/88312"}],"wp:featuredmedia":[{"embeddable":true,"href":"https:\/\/www.uv.mx\/prensa\/wp-json\/wp\/v2\/media\/88291"}],"wp:attachment":[{"href":"https:\/\/www.uv.mx\/prensa\/wp-json\/wp\/v2\/media?parent=88286"}],"wp:term":[{"taxonomy":"category","embeddable":true,"href":"https:\/\/www.uv.mx\/prensa\/wp-json\/wp\/v2\/categories?post=88286"},{"taxonomy":"post_tag","embeddable":true,"href":"https:\/\/www.uv.mx\/prensa\/wp-json\/wp\/v2\/tags?post=88286"}],"curies":[{"name":"wp","href":"https:\/\/api.w.org\/{rel}","templated":true}]}}