{"id":87731,"date":"2020-09-22T08:00:58","date_gmt":"2020-09-22T13:00:58","guid":{"rendered":"https:\/\/www.uv.mx\/prensa\/?p=87731"},"modified":"2020-09-22T10:41:19","modified_gmt":"2020-09-22T15:41:19","slug":"especializacion-en-diseno-de-cartel-inicio-actividades","status":"publish","type":"post","link":"https:\/\/www.uv.mx\/prensa\/banner\/especializacion-en-diseno-de-cartel-inicio-actividades\/","title":{"rendered":"Especializaci\u00f3n en Dise\u00f1o de Cartel inici\u00f3 actividades"},"content":{"rendered":"<ul style=\"font-weight: 400\">\n<li data-leveltext=\"\uf0b7\" data-font=\"Symbol\" data-listid=\"1\" data-aria-posinset=\"1\" data-aria-level=\"1\"><i><span data-contrast=\"none\">Est\u00e1 adscrita<\/span><\/i><i><span data-contrast=\"none\">\u00a0al Instituto de Artes Pl\u00e1sticas<\/span><\/i><i><span data-contrast=\"none\">,<\/span><\/i><i><span data-contrast=\"none\">\u00a0en coordinaci\u00f3n con<\/span><\/i><i><span data-contrast=\"none\">\u00a0la Facultad de Artes Pl\u00e1sticas<\/span><\/i><span data-ccp-props=\"{&quot;134233279&quot;:true,&quot;201341983&quot;:0,&quot;335559739&quot;:0,&quot;335559740&quot;:240}\">\u00a0<\/span><\/li>\n<li data-leveltext=\"\uf0b7\" data-font=\"Symbol\" data-listid=\"1\" data-aria-posinset=\"2\" data-aria-level=\"1\"><i><span data-contrast=\"none\">Tiene\u00a0<\/span><\/i><i><span data-contrast=\"none\">vinculaci\u00f3n con la Facultad de Artes y Dise\u00f1o de la U<\/span><\/i><i><span data-contrast=\"none\">NAM\u00a0<\/span><\/i><i><span data-contrast=\"none\">y la R<\/span><\/i><i><span data-contrast=\"none\">ed Interuniversitaria de Cartel<\/span><\/i><\/li>\n<\/ul>\n<div id=\"attachment_87733\" style=\"width: 1010px\" class=\"wp-caption aligncenter\"><a href=\"https:\/\/www.uv.mx\/prensa\/files\/2020\/09\/Banner-PUV-220920-EDC-Banner.jpg\"><img loading=\"lazy\" decoding=\"async\" aria-describedby=\"caption-attachment-87733\" class=\"wp-image-87733 size-full\" src=\"https:\/\/www.uv.mx\/prensa\/files\/2020\/09\/Banner-PUV-220920-EDC-Banner.jpg\" alt=\"\" width=\"1000\" height=\"350\" srcset=\"https:\/\/www.uv.mx\/prensa\/files\/2020\/09\/Banner-PUV-220920-EDC-Banner.jpg 1000w, https:\/\/www.uv.mx\/prensa\/files\/2020\/09\/Banner-PUV-220920-EDC-Banner-300x105.jpg 300w, https:\/\/www.uv.mx\/prensa\/files\/2020\/09\/Banner-PUV-220920-EDC-Banner-768x269.jpg 768w\" sizes=\"auto, (max-width: 1000px) 100vw, 1000px\" \/><\/a><p id=\"caption-attachment-87733\" class=\"wp-caption-text\">La Especializaci\u00f3n en Dise\u00f1o de Cartel tiene como objetivo primordial la profesionalizaci\u00f3n de dise\u00f1adores gr\u00e1ficos, artistas visuales y comunic\u00f3logos en la pr\u00e1ctica del cartel<\/p><\/div>\n<p><b><i><span data-contrast=\"auto\">2<\/span><\/i><\/b><b><i><span data-contrast=\"auto\">2<\/span><\/i><\/b><b><i><span data-contrast=\"auto\">\/09\/2020, Xalapa,\u00a0Ver.-\u00a0<\/span><\/i><\/b><span data-contrast=\"auto\">E<\/span><span data-contrast=\"auto\">l pasado\u00a0<\/span><span data-contrast=\"auto\">18 de septiembre\u00a0<\/span><span data-contrast=\"auto\">iniciaron las actividades acad\u00e9micas de la<\/span><span data-contrast=\"auto\">\u00a0<\/span><span data-contrast=\"auto\">Espe<\/span><span data-contrast=\"auto\">cializaci\u00f3n en Dise\u00f1o de Cartel<\/span><span data-contrast=\"auto\">\u00a0de la Universidad Veracruzana<\/span><span data-contrast=\"auto\">\u00a0(UV)<\/span><span data-contrast=\"auto\">, posgrado coordin<\/span><span data-contrast=\"auto\">a<\/span><span data-contrast=\"auto\">do\u00a0<\/span><span data-contrast=\"auto\">por\u00a0<\/span><span data-contrast=\"auto\">el<\/span><span data-contrast=\"auto\">\u00a0<a href=\"https:\/\/www.uv.mx\/iap\/\" target=\"_blank\" rel=\"noopener noreferrer\">Instituto\u00a0<\/a><\/span><span data-contrast=\"auto\">de Artes Pl\u00e1sticas<\/span><span data-contrast=\"auto\">\u00a0<\/span><span data-contrast=\"auto\">(IAP)\u00a0<\/span><span data-contrast=\"auto\">y la <a href=\"https:\/\/www.uv.mx\/artesplasticas\/\" target=\"_blank\" rel=\"noopener noreferrer\">Facultad de Artes Pl\u00e1sticas<\/a><\/span><span data-contrast=\"auto\">,\u00a0<\/span><span data-contrast=\"auto\">cuyo<\/span><span data-contrast=\"auto\">\u00a0objetivo primordial\u00a0<\/span><span data-contrast=\"auto\">es\u00a0<\/span><span data-contrast=\"auto\">la profesionalizaci\u00f3n de dise\u00f1ado<\/span><span data-contrast=\"auto\">res gr\u00e1ficos, artistas visuales y<\/span><span data-contrast=\"auto\">\u00a0comunic\u00f3logos en la pr\u00e1ctica del\u00a0<\/span><span data-contrast=\"auto\">c<\/span><span data-contrast=\"auto\">artel<\/span><span data-contrast=\"auto\">.<\/span><span data-ccp-props=\"{&quot;201341983&quot;:0,&quot;335559739&quot;:0,&quot;335559740&quot;:240}\">\u00a0<\/span><\/p>\n<p><span data-contrast=\"none\">Vinicio Reyes Contreras<\/span><span data-contrast=\"auto\">, director del IAP,\u00a0<\/span><span data-contrast=\"auto\">dijo\u00a0<\/span><span data-contrast=\"auto\">que\u00a0<\/span><span data-contrast=\"none\">ser\u00e1<\/span><span data-contrast=\"none\">\u00a0el prim<\/span><span data-contrast=\"none\">er\u00a0<\/span><span data-contrast=\"none\">posgrado<\/span><span data-contrast=\"none\">\u00a0que se\u00a0<\/span><span data-contrast=\"none\">implementa<\/span><span data-contrast=\"none\">\u00a0<\/span><span data-contrast=\"none\">en 42\u00a0<\/span><span data-contrast=\"none\">a\u00f1os<\/span><span data-contrast=\"none\">\u00a0de<\/span><span data-contrast=\"none\">sde\u00a0la<\/span><span data-contrast=\"none\">\u00a0fundaci\u00f3n\u00a0del\u00a0<\/span><span data-contrast=\"none\">i<\/span><span data-contrast=\"none\">nstituto<\/span><span data-contrast=\"none\">,<\/span><span data-contrast=\"none\">\u00a0<\/span><span data-contrast=\"none\">lo\u00a0<\/span><span data-contrast=\"none\">cual<\/span><span data-contrast=\"none\">\u00a0se\u00a0<\/span><span data-contrast=\"none\">logr\u00f3<\/span><span data-contrast=\"none\">\u00a0<\/span><span data-contrast=\"none\">gracias\u00a0<\/span><span data-contrast=\"none\">a<\/span><span data-contrast=\"none\">l\u00a0<\/span><span data-contrast=\"none\">excelente<\/span><span data-contrast=\"none\">\u00a0<\/span><span data-contrast=\"none\">equipo<\/span><span data-contrast=\"none\">\u00a0de\u00a0<\/span><span data-contrast=\"none\">trabajo<\/span><span data-contrast=\"none\">\u00a0y<\/span><span data-contrast=\"none\">\u00a0a la\u00a0<\/span><span data-contrast=\"none\">asesor\u00eda<\/span><span data-contrast=\"none\">\u00a0de\u00a0<\/span><span data-contrast=\"none\">distintos<\/span><span data-contrast=\"none\">\u00a0<\/span><span data-contrast=\"none\">\u00f3rganos<\/span><span data-contrast=\"none\">\u00a0<\/span><span data-contrast=\"none\">colegiados<\/span><span data-contrast=\"none\">\u00a0de\u00a0<\/span><span data-contrast=\"none\">la UV<\/span><span data-contrast=\"none\">.<\/span><span data-ccp-props=\"{&quot;134233117&quot;:true,&quot;134233118&quot;:true,&quot;201341983&quot;:0,&quot;335559731&quot;:720,&quot;335559740&quot;:240}\">\u00a0<\/span><\/p>\n<p><span data-contrast=\"none\">Agradeci\u00f3<\/span><span data-contrast=\"none\">\u00a0a<\/span><span data-contrast=\"none\">\u00a0<\/span><span data-contrast=\"none\">\u00c1ngel Trigos Landa,\u00a0<\/span><span data-contrast=\"none\">d<\/span><span data-contrast=\"none\">irector\u00a0<\/span><span data-contrast=\"none\">general de\u00a0Investigaciones;<\/span><span data-contrast=\"none\">\u00a0<\/span><span data-contrast=\"none\">Miguel Flores Covarrubias, d<\/span><span data-contrast=\"none\">irector\u00a0<\/span><span data-contrast=\"none\">g<\/span><span data-contrast=\"none\">eneral de\u00a0\u00c1rea\u00a0<\/span><span data-contrast=\"none\">Acad\u00e9mica\u00a0<\/span><span data-contrast=\"none\">de Artes<\/span><span data-contrast=\"none\">;\u00a0<\/span><span data-contrast=\"none\">Ana Gabriela Ram\u00edrez Liz\u00e1rraga<\/span><span data-contrast=\"none\">,<\/span><span data-contrast=\"none\">\u00a0por\u00a0su\u00a0colaboraci\u00f3n\u00a0para\u00a0imple<\/span><span data-contrast=\"none\">mentar\u00a0este\u00a0programa\u00a0educativo;\u00a0<\/span><span data-contrast=\"none\">Deyanira Guzm\u00e1n<\/span><span data-contrast=\"none\">,<\/span><span data-contrast=\"none\">\u00a0por\u00a0su\u00a0acompa\u00f1amiento\u00a0en la\u00a0formulaci\u00f3n\u00a0de la\u00a0<\/span><span data-contrast=\"none\">e<\/span><span data-contrast=\"none\">specializaci\u00f3n<\/span><span data-contrast=\"none\">; Jos\u00e9 Rigoberto Gabriel Arg\u00fcelles,<\/span><span data-contrast=\"none\">\u00a0por\u00a0su\u00a0apoyo\u00a0y\u00a0consideraciones\u00a0para\u00a0este\u00a0arranque\u00a0del\u00a0programa<\/span><span data-contrast=\"none\">;\u00a0<\/span><span data-contrast=\"none\">Guillermo Cruz Gonz\u00e1lez<\/span><span data-contrast=\"none\">,<\/span><span data-contrast=\"none\">\u00a0por sus\u00a0orientaciones\u00a0durante\u00a0los\u00a0procesos\u00a0de\u00a0registro\u00a0del\u00a0mismo.<\/span><span data-ccp-props=\"{&quot;134233117&quot;:true,&quot;134233118&quot;:true,&quot;201341983&quot;:0,&quot;335559731&quot;:720,&quot;335559740&quot;:240}\">\u00a0<\/span><\/p>\n<p><span data-contrast=\"none\">De\u00a0igual\u00a0forma<\/span><span data-contrast=\"none\">,\u00a0<\/span><span data-contrast=\"none\">hizo\u00a0un\u00a0reconocimiento\u00a0<\/span><span data-contrast=\"none\">a<\/span><span data-contrast=\"none\">\u00a0<\/span><span data-contrast=\"none\">Jos\u00e9 Manuel Morelos, Abraham M\u00e9ndez y Alfredo Ayala<\/span><span data-contrast=\"none\">,\u00a0quienes\u00a0han\u00a0dedicado\u00a0su\u00a0experiencia,\u00a0tiempo\u00a0y\u00a0e<\/span><span data-contrast=\"none\">sfuerzo\u00a0para\u00a0alcanzar\u00a0esta\u00a0meta.<\/span><span data-ccp-props=\"{&quot;134233117&quot;:true,&quot;134233118&quot;:true,&quot;201341983&quot;:0,&quot;335559731&quot;:720,&quot;335559740&quot;:240}\">\u00a0<\/span><\/p>\n<p><span data-contrast=\"none\">Jos\u00e9 Manuel Morelos\u00a0destac\u00f3\u00a0la\u00a0importancia\u00a0de la\u00a0implementaci\u00f3n\u00a0de un\u00a0programa\u00a0de\u00a0estudios\u00a0especializado\u00a0<\/span><span data-contrast=\"none\">como\u00a0\u00e9<\/span><span data-contrast=\"none\">ste<\/span><span data-contrast=\"none\">,<\/span><span data-contrast=\"none\">\u00a0en el\u00a0arraigo\u00a0e\u00a0historia\u00a0en la\u00a0cultura\u00a0de\u00a0nuestra\u00a0ciudad en<\/span><span data-contrast=\"none\">\u00a0<\/span><span data-contrast=\"none\">torno\u00a0a la\u00a0disciplina<\/span><span data-contrast=\"none\">\u00a0del\u00a0d<\/span><span data-contrast=\"none\">ise\u00f1o\u00a0de\u00a0<\/span><span data-contrast=\"none\">c<\/span><span data-contrast=\"none\">artel.\u00a0<\/span><span data-contrast=\"none\">E<\/span><span data-contrast=\"none\">nfatiz\u00f3\u00a0los\u00a0v\u00ed<\/span><span data-contrast=\"none\">nculos\u00a0inter<\/span><span data-contrast=\"none\">universitarios\u00a0con la\u00a0Especializaci\u00f3n\u00a0en\u00a0Estudios\u00a0Cinematogr\u00e1ficos,\u00a0<\/span><span data-contrast=\"none\">a la par de los\u00a0convenios\u00a0acad\u00e9micos\u00a0con la UNAM y\u00a0otras\u00a0entidades\u00a0del\u00a0\u00e1mbito\u00a0internacional.<\/span><span data-ccp-props=\"{&quot;134233117&quot;:true,&quot;134233118&quot;:true,&quot;201341983&quot;:0,&quot;335559731&quot;:720,&quot;335559740&quot;:240}\">\u00a0<\/span><\/p>\n<div id=\"attachment_87753\" style=\"width: 732px\" class=\"wp-caption aligncenter\"><a href=\"https:\/\/www.uv.mx\/prensa\/files\/2020\/09\/220920-EDC-Vinicio-Reyes.jpg\"><img loading=\"lazy\" decoding=\"async\" aria-describedby=\"caption-attachment-87753\" class=\"size-full wp-image-87753\" src=\"https:\/\/www.uv.mx\/prensa\/files\/2020\/09\/220920-EDC-Vinicio-Reyes.jpg\" alt=\"\" width=\"722\" height=\"481\" srcset=\"https:\/\/www.uv.mx\/prensa\/files\/2020\/09\/220920-EDC-Vinicio-Reyes.jpg 722w, https:\/\/www.uv.mx\/prensa\/files\/2020\/09\/220920-EDC-Vinicio-Reyes-300x200.jpg 300w\" sizes=\"auto, (max-width: 722px) 100vw, 722px\" \/><\/a><p id=\"caption-attachment-87753\" class=\"wp-caption-text\">V<span data-contrast=\"none\">inicio Reyes Contreras<\/span><span data-contrast=\"auto\">, director del Instituto\u00a0de Artes Pl\u00e1sticas<\/span><\/p><\/div>\n<p><span data-contrast=\"auto\">En\u00a0<\/span><span data-contrast=\"auto\">tanto<\/span><span data-contrast=\"none\">\u00a0<\/span><span data-contrast=\"none\">Rub\u00e9n Cerrillo, c<\/span><span data-contrast=\"none\">oordinador de la Red Interuniversitaria de Cartel y\u00a0<\/span><span data-contrast=\"none\">c<\/span><span data-contrast=\"none\">oordinador de la\u00a0<\/span><span data-contrast=\"none\">Licenciatura en<\/span><span data-contrast=\"none\">\u00a0Dise\u00f1o y Comunicaci\u00f3n\u00a0<\/span><span data-contrast=\"none\">de la Facultad de Arte y Dise\u00f1o de la UNAM,\u00a0<\/span><span data-contrast=\"none\">se comprometi\u00f3 en<\/span><span data-contrast=\"none\">\u00a0estrechar lazos comunitarios, que sin lugar a dudas impactar\u00e1n en el beneficio de la sociedad.<\/span><span data-ccp-props=\"{&quot;201341983&quot;:0,&quot;335559731&quot;:720,&quot;335559739&quot;:0,&quot;335559740&quot;:240}\">\u00a0<\/span><\/p>\n<p><span data-contrast=\"auto\">A<\/span><span data-contrast=\"auto\">\u00a0<\/span><span data-contrast=\"auto\">trav\u00e9s de u<\/span><span data-contrast=\"auto\">n\u00a0<\/span><span data-contrast=\"auto\">video<\/span><span data-contrast=\"auto\">mensaje<\/span><span data-contrast=\"auto\">,<\/span><span data-contrast=\"auto\">\u00a0<\/span><span data-contrast=\"auto\">Antonio P\u00e9rez \u201c<\/span><span data-contrast=\"auto\">\u00d1iko<\/span><span data-contrast=\"auto\">\u201d,\u00a0<\/span><span data-contrast=\"auto\">mencion\u00f3 que\u00a0<\/span><span data-contrast=\"auto\">el cartel se ha vuelto\u00a0<\/span><span data-contrast=\"auto\">parte del pensamiento activo de la hum<\/span><span data-contrast=\"auto\">an<\/span><span data-contrast=\"auto\">idad, que con im\u00e1genes y contenido\u00a0<\/span><span data-contrast=\"auto\">es<\/span><span data-contrast=\"auto\">\u00a0fundamental<\/span><span data-contrast=\"auto\">\u00a0en<\/span><span data-contrast=\"auto\">\u00a0<\/span><span data-contrast=\"auto\">la vida\u00a0<\/span><span data-contrast=\"auto\">cotidiana<\/span><span data-contrast=\"auto\">, llenando a<\/span><span data-contrast=\"auto\">\u00a0<\/span><span data-contrast=\"auto\">las ciudades de sentimientos y figuraciones para con el\u00a0<\/span><span data-contrast=\"auto\">receptor.\u00a0<\/span><span data-contrast=\"auto\">\u201cC<\/span><span data-contrast=\"auto\">on el ti<\/span><span data-contrast=\"auto\">empo, el cartel se torna arte, a<\/span><span data-contrast=\"auto\">l hacerlo, es como enamorar a los mensajes dados y aprender desde la imaginaci\u00f3n. Por todo esto, la U<\/span><span data-contrast=\"auto\">V\u00a0<\/span><span data-contrast=\"auto\">in<\/span><span data-contrast=\"auto\">i<\/span><span data-contrast=\"auto\">cia un viaje\u00a0<\/span><span data-contrast=\"auto\">a<\/span><span data-contrast=\"auto\">l interior del\u00a0<\/span><span data-contrast=\"auto\">c<\/span><span data-contrast=\"auto\">artel\u00a0<\/span><span data-contrast=\"auto\">c<\/span><span data-contrast=\"auto\">ontempor\u00e1neo y est\u00e1 haciendo<\/span><span data-contrast=\"auto\">\u00a0historia<\/span><span data-contrast=\"auto\">\u201d<\/span><span data-contrast=\"auto\">.<\/span><span data-ccp-props=\"{&quot;201341983&quot;:0,&quot;335559731&quot;:720,&quot;335559739&quot;:0,&quot;335559740&quot;:240}\">\u00a0<\/span><\/p>\n<p><span data-contrast=\"none\">En la\u00a0<\/span><span data-contrast=\"none\">inauguraci\u00f3n\u00a0<\/span><span data-contrast=\"none\">se co<\/span><span data-contrast=\"none\">nt\u00f3 con la par<\/span><span data-contrast=\"none\">ticipaci\u00f3n de<\/span><span data-contrast=\"none\">\u00a0<\/span><span data-contrast=\"none\">Gerardo Garc\u00eda Luna Mart\u00ednez<\/span><span data-contrast=\"none\">, d<\/span><span data-contrast=\"none\">irector de la Facultad de Artes y Dise\u00f1o de la UNAM, quien\u00a0<\/span><span data-contrast=\"none\">fue<\/span><span data-contrast=\"none\">\u00a0testigo de este hecho hist\u00f3rico\u00a0<\/span><span data-contrast=\"none\">que<\/span><span data-contrast=\"none\">\u00a0a pesar de la incertidu<\/span><span data-contrast=\"none\">m<\/span><span data-contrast=\"none\">bre de estos tiempo<\/span><span data-contrast=\"none\">s, un programa educativo como \u00e9<\/span><span data-contrast=\"none\">ste<\/span><span data-contrast=\"none\">\u00a0hace remitirse al origen del d<\/span><span data-contrast=\"none\">ise\u00f1o mismo<\/span><span data-contrast=\"none\">,<\/span><span data-contrast=\"none\">\u00a0en su formato m\u00e1s prol\u00edfero, com<\/span><span data-contrast=\"none\">o<\/span><span data-contrast=\"none\">\u00a0lo es el cartel.<\/span><span data-ccp-props=\"{&quot;201341983&quot;:0,&quot;335559731&quot;:720,&quot;335559739&quot;:0,&quot;335559740&quot;:240}\">\u00a0<\/span><\/p>\n<p><span data-contrast=\"auto\">Por su parte, Flores Covarrubias<\/span><span data-contrast=\"auto\">\u00a0record\u00f3\u00a0<\/span><span data-contrast=\"auto\">que<\/span><span data-contrast=\"auto\">\u00a0desde hace un par de a\u00f1os se inici\u00f3 con la formulaci\u00f3n del proyecto y que fue madurando de a poco hasta llegar a la presentaci\u00f3n e inicio de sus actividades. Tambi\u00e9n resalt\u00f3 la importancia de las vinculaciones que\u00a0<\/span><span data-contrast=\"auto\">se realizan desde\u00a0<\/span><span data-contrast=\"auto\">este programa\u00a0<\/span><span data-ccp-props=\"{&quot;201341983&quot;:0,&quot;335559731&quot;:720,&quot;335559739&quot;:0,&quot;335559740&quot;:240}\">\u00a0<\/span><\/p>\n<p><span data-contrast=\"auto\">Raciel<\/span><span data-contrast=\"auto\">\u00a0<\/span><span data-contrast=\"auto\">Dam\u00f3n<\/span><span data-contrast=\"auto\">\u00a0Mart\u00ednez G\u00f3mez, d<\/span><span data-contrast=\"auto\">irector\u00a0<\/span><span data-contrast=\"auto\">g<\/span><span data-contrast=\"auto\">eneral de Comunicaci\u00f3n Universitaria,\u00a0<\/span><span data-contrast=\"auto\">en\u00a0<\/span><span data-contrast=\"auto\">representaci\u00f3n de la\u00a0<\/span><span data-contrast=\"auto\">rectora\u00a0<\/span><span data-contrast=\"auto\">Sara<\/span><span data-contrast=\"auto\">\u00a0Ladr\u00f3n de Guevara<\/span><span data-contrast=\"auto\">,<\/span><span data-contrast=\"auto\">\u00a0<\/span><span data-contrast=\"auto\">inaugur<\/span><span data-contrast=\"auto\">\u00f3\u00a0<\/span><span data-contrast=\"auto\">la<\/span><span data-contrast=\"auto\">s actividades acad\u00e9micas de la e<\/span><span data-contrast=\"auto\">specializaci\u00f3n con un mensaje de benepl\u00e1cito por el<\/span><span data-contrast=\"auto\">\u00a0triple desaf\u00edo del programa:<\/span><span data-contrast=\"auto\">\u00a0al plantearse la interacci\u00f3n de la reflexi\u00f3n te\u00f3rica, la investigaci\u00f3n y la creaci\u00f3n en<\/span><span data-contrast=\"auto\">\u00a0torno al cartel;\u00a0<\/span><span data-contrast=\"auto\">por c<\/span><span data-contrast=\"auto\">onsiderar al cartel dentro de la congesti\u00f3n audiovisual de la comunicaci\u00f3n visual como la unidad y s\u00edntesis del mensaje reflexivo<\/span><span data-contrast=\"auto\">; y por\u00a0<\/span><span data-contrast=\"auto\">la importancia del compromiso social expresado en la participaci\u00f3n de los<\/span><span data-contrast=\"auto\">\u00a0docentes involucrados, lo cual<\/span><span data-contrast=\"auto\">\u00a0ser\u00e1 el inicio de una cadena de \u00e9xitos.<\/span><span data-ccp-props=\"{&quot;201341983&quot;:0,&quot;335559731&quot;:720,&quot;335559739&quot;:0,&quot;335559740&quot;:240}\">\u00a0<\/span><\/p>\n<div id=\"attachment_87755\" style=\"width: 732px\" class=\"wp-caption aligncenter\"><a href=\"https:\/\/www.uv.mx\/prensa\/files\/2020\/09\/220920-EDC.jpg\"><img loading=\"lazy\" decoding=\"async\" aria-describedby=\"caption-attachment-87755\" class=\"wp-image-87755 size-full\" src=\"https:\/\/www.uv.mx\/prensa\/files\/2020\/09\/220920-EDC.jpg\" alt=\"\" width=\"722\" height=\"481\" srcset=\"https:\/\/www.uv.mx\/prensa\/files\/2020\/09\/220920-EDC.jpg 722w, https:\/\/www.uv.mx\/prensa\/files\/2020\/09\/220920-EDC-300x200.jpg 300w\" sizes=\"auto, (max-width: 722px) 100vw, 722px\" \/><\/a><p id=\"caption-attachment-87755\" class=\"wp-caption-text\">Participantes en la inauguraci\u00f3n de la Especializaci\u00f3n en Dise\u00f1o de Cartel<\/p><\/div>\n","protected":false},"excerpt":{"rendered":"<p>Es el primer posgrado que se implementa en 42 a\u00f1os desde la fundaci\u00f3n del instituto <\/p>\n","protected":false},"author":1775,"featured_media":87733,"comment_status":"closed","ping_status":"closed","sticky":false,"template":"","format":"standard","meta":{"footnotes":""},"categories":[61],"tags":[],"class_list":["post-87731","post","type-post","status-publish","format-standard","has-post-thumbnail","hentry","category-banner"],"_links":{"self":[{"href":"https:\/\/www.uv.mx\/prensa\/wp-json\/wp\/v2\/posts\/87731","targetHints":{"allow":["GET"]}}],"collection":[{"href":"https:\/\/www.uv.mx\/prensa\/wp-json\/wp\/v2\/posts"}],"about":[{"href":"https:\/\/www.uv.mx\/prensa\/wp-json\/wp\/v2\/types\/post"}],"author":[{"embeddable":true,"href":"https:\/\/www.uv.mx\/prensa\/wp-json\/wp\/v2\/users\/1775"}],"replies":[{"embeddable":true,"href":"https:\/\/www.uv.mx\/prensa\/wp-json\/wp\/v2\/comments?post=87731"}],"version-history":[{"count":0,"href":"https:\/\/www.uv.mx\/prensa\/wp-json\/wp\/v2\/posts\/87731\/revisions"}],"wp:featuredmedia":[{"embeddable":true,"href":"https:\/\/www.uv.mx\/prensa\/wp-json\/wp\/v2\/media\/87733"}],"wp:attachment":[{"href":"https:\/\/www.uv.mx\/prensa\/wp-json\/wp\/v2\/media?parent=87731"}],"wp:term":[{"taxonomy":"category","embeddable":true,"href":"https:\/\/www.uv.mx\/prensa\/wp-json\/wp\/v2\/categories?post=87731"},{"taxonomy":"post_tag","embeddable":true,"href":"https:\/\/www.uv.mx\/prensa\/wp-json\/wp\/v2\/tags?post=87731"}],"curies":[{"name":"wp","href":"https:\/\/api.w.org\/{rel}","templated":true}]}}