{"id":87714,"date":"2020-09-21T15:04:48","date_gmt":"2020-09-21T20:04:48","guid":{"rendered":"https:\/\/www.uv.mx\/prensa\/?p=87714"},"modified":"2020-09-22T11:09:15","modified_gmt":"2020-09-22T16:09:15","slug":"directores-de-institutos-de-investigacion-compartieron-logros","status":"publish","type":"post","link":"https:\/\/www.uv.mx\/prensa\/regiones\/directores-de-institutos-de-investigacion-compartieron-logros\/","title":{"rendered":"Directores de institutos de investigaci\u00f3n compartieron logros\u00a0\u00a0"},"content":{"rendered":"<div id=\"attachment_87715\" style=\"width: 732px\" class=\"wp-caption aligncenter\"><a href=\"https:\/\/www.uv.mx\/prensa\/files\/2020\/09\/210920-VERACRUZ-Informes-investigacion-1.jpg\"><img loading=\"lazy\" decoding=\"async\" aria-describedby=\"caption-attachment-87715\" class=\"size-full wp-image-87715\" src=\"https:\/\/www.uv.mx\/prensa\/files\/2020\/09\/210920-VERACRUZ-Informes-investigacion-1.jpg\" alt=\"\" width=\"722\" height=\"463\" srcset=\"https:\/\/www.uv.mx\/prensa\/files\/2020\/09\/210920-VERACRUZ-Informes-investigacion-1.jpg 722w, https:\/\/www.uv.mx\/prensa\/files\/2020\/09\/210920-VERACRUZ-Informes-investigacion-1-300x192.jpg 300w\" sizes=\"auto, (max-width: 722px) 100vw, 722px\" \/><\/a><p id=\"caption-attachment-87715\" class=\"wp-caption-text\">Jos\u00e9 Mar\u00eda Remes Troche, director del IIMB<\/p><\/div>\n<p>&nbsp;<\/p>\n<p><b><i><span data-contrast=\"none\">Aracely <\/span><\/i><\/b><b><i><span data-contrast=\"none\">Hern<\/span><\/i><\/b><b><i><span data-contrast=\"none\">\u00e1<\/span><\/i><\/b><b><i><span data-contrast=\"none\">ndez<\/span><\/i><\/b><b><i><span data-contrast=\"none\">, <\/span><\/i><\/b><b><i><span data-contrast=\"none\">Shuguey <\/span><\/i><\/b><b><i><span data-contrast=\"none\">Enr<\/span><\/i><\/b><b><i><span data-contrast=\"none\">\u00ed<\/span><\/i><\/b><b><i><span data-contrast=\"none\">quez<\/span><\/i><\/b><b><i><span data-contrast=\"none\"> y B<\/span><\/i><\/b><b><i><span data-contrast=\"none\">l<\/span><\/i><\/b><b><i><span data-contrast=\"none\">anca Gonz<\/span><\/i><\/b><b><i><span data-contrast=\"none\">\u00e1<\/span><\/i><\/b><b><i><span data-contrast=\"none\">lez<\/span><\/i><\/b><span data-ccp-props=\"{&quot;201341983&quot;:0,&quot;335559739&quot;:200,&quot;335559740&quot;:240}\">\u00a0<\/span><\/p>\n<p><b><i><span data-contrast=\"none\">21\/09\/2020, Veracruz, Ver.- <\/span><\/i><\/b><span data-contrast=\"none\">D<\/span><span data-contrast=\"none\">irectivos de<\/span><span data-contrast=\"none\">l <a href=\"https:\/\/www.uv.mx\/veracruz\/iimb\/\" target=\"_blank\" rel=\"noopener noreferrer\">Instituto de Investigaciones M<\/a><\/span><span data-contrast=\"none\">\u00e9<\/span><span data-contrast=\"none\">dicas Biol<\/span><span data-contrast=\"none\">\u00f3<\/span><span data-contrast=\"none\">gicas<\/span><span data-contrast=\"none\"> (IIMB)<\/span><span data-contrast=\"none\">, <\/span><span data-contrast=\"none\">Instituto de Ingenier<\/span><span data-contrast=\"none\">\u00ed<\/span><span data-contrast=\"none\">a <\/span><span data-contrast=\"none\">e<\/span><span data-contrast=\"none\"> Instituto de Medicina <\/span><span data-contrast=\"none\">Forense<\/span> <span data-contrast=\"none\">de investigaci\u00f3n de la Universidad Veracruzana (UV), <\/span><span data-contrast=\"none\">regi\u00f3n Veracruz, <\/span><span data-contrast=\"none\">rindieron su<\/span><span data-contrast=\"none\">s<\/span> <span data-contrast=\"none\">I<\/span><span data-contrast=\"none\">nforme<\/span><span data-contrast=\"none\">s<\/span><span data-contrast=\"none\"> de <\/span><span data-contrast=\"none\">A<\/span><span data-contrast=\"none\">ctividades <\/span><span data-contrast=\"none\">d<\/span><span data-contrast=\"none\">el periodo 2019-2020<\/span><span data-contrast=\"none\">,<\/span><span data-contrast=\"none\"> el martes 15 de septiembre.<\/span><span data-ccp-props=\"{&quot;201341983&quot;:0,&quot;335559739&quot;:200,&quot;335559740&quot;:240}\">\u00a0<\/span><\/p>\n<p><span data-contrast=\"none\">Estuvieron <\/span><span data-contrast=\"none\">presentes Alfonso Gerardo P<\/span><span data-contrast=\"none\">\u00e9<\/span><span data-contrast=\"none\">rez Morales, vicerrector de la regi<\/span><span data-contrast=\"none\">\u00f3<\/span><span data-contrast=\"none\">n Veracruz; <\/span><span data-contrast=\"none\">\u00c1<\/span><span data-contrast=\"none\">ngel Rafael Trigos Landa, director genera<\/span><span data-contrast=\"none\">l de Investigaciones; <\/span><span data-contrast=\"none\">Ulises Gonzalo Aguirre Orozco<\/span> <span data-contrast=\"none\">y <\/span><span data-contrast=\"none\">Juan Pablo <\/span><span data-contrast=\"none\">Mungu<\/span><span data-contrast=\"none\">\u00ed<\/span><span data-contrast=\"none\">a Tiburci<\/span><span data-contrast=\"none\">o<\/span><span data-contrast=\"none\">, s<\/span><span data-contrast=\"none\">ecretario<\/span><span data-contrast=\"none\">s regionales<\/span> <span data-contrast=\"none\">Acad<\/span><span data-contrast=\"none\">\u00e9<\/span><span data-contrast=\"none\">mico, y <\/span><span data-contrast=\"none\">de A<\/span><span data-contrast=\"none\">dministraci<\/span><span data-contrast=\"none\">\u00f3<\/span><span data-contrast=\"none\">n y Finanzas<\/span><span data-contrast=\"none\">, respectivamente<\/span><span data-contrast=\"none\">; Enrique Morales Gonz<\/span><span data-contrast=\"none\">\u00e1<\/span><span data-contrast=\"none\">lez<\/span><span data-contrast=\"none\">, <\/span><span data-contrast=\"none\">c<\/span><span data-contrast=\"none\">oordinador <\/span><span data-contrast=\"none\">r<\/span><span data-contrast=\"none\">egional de Posgrados<\/span><span data-contrast=\"none\">,<\/span><span data-contrast=\"none\"> y <\/span><span data-contrast=\"none\">Juan Manuel Fragoso Montalvo<\/span><span data-contrast=\"none\">, <\/span><span data-contrast=\"none\">s<\/span><span data-contrast=\"none\">ecretario <\/span><span data-contrast=\"none\">r<\/span><span data-contrast=\"none\">egional del <\/span><span data-contrast=\"none\">Sindicato del Personal Acad\u00e9mico (<\/span><i><span data-contrast=\"none\">Fesapauv<\/span><\/i><span data-contrast=\"none\">)<\/span><span data-contrast=\"none\">.<\/span><span data-ccp-props=\"{&quot;201341983&quot;:0,&quot;335559731&quot;:708,&quot;335559739&quot;:200,&quot;335559740&quot;:240}\">\u00a0<\/span><\/p>\n<p><span data-ccp-props=\"{&quot;201341983&quot;:0,&quot;335559739&quot;:200,&quot;335559740&quot;:240}\">\u00a0<\/span><\/p>\n<p><b><span data-contrast=\"none\">Instituto de Investigaciones M<\/span><\/b><b><span data-contrast=\"none\">\u00e9<\/span><\/b><b><span data-contrast=\"none\">dico Biol<\/span><\/b><b><span data-contrast=\"none\">\u00f3<\/span><\/b><b><span data-contrast=\"none\">gica<\/span><\/b><b><span data-contrast=\"none\">s<\/span><\/b><span data-ccp-props=\"{&quot;201341983&quot;:0,&quot;335559739&quot;:200,&quot;335559740&quot;:240}\">\u00a0<\/span><\/p>\n<p><span data-contrast=\"none\">Jos<\/span><span data-contrast=\"none\">\u00e9<\/span> <span data-contrast=\"none\">Mar<\/span><span data-contrast=\"none\">\u00ed<\/span><span data-contrast=\"none\">a <\/span><span data-contrast=\"none\">Remes<\/span><span data-contrast=\"none\"> Troche<\/span><span data-contrast=\"none\">, <\/span><span data-contrast=\"none\">en la presentaci<\/span><span data-contrast=\"none\">\u00f3<\/span><span data-contrast=\"none\">n de su <\/span><span data-contrast=\"none\">II<\/span> <span data-contrast=\"none\">I<\/span><span data-contrast=\"none\">nforme<\/span><span data-contrast=\"none\">, dio a conocer que <\/span><span data-contrast=\"none\">el IIMB <\/span><span data-contrast=\"none\">fue una de las intuiciones de la regi<\/span><span data-contrast=\"none\">\u00f3<\/span><span data-contrast=\"none\">n que no detuvo<\/span><span data-contrast=\"none\"> actividades por <\/span><span data-contrast=\"none\">la<\/span><span data-contrast=\"none\"> Covid-19.<\/span><span data-ccp-props=\"{&quot;201341983&quot;:0,&quot;335559739&quot;:200,&quot;335559740&quot;:240}\">\u00a0<\/span><\/p>\n<p><span data-contrast=\"none\">Se<\/span><span data-contrast=\"none\">\u00f1<\/span><span data-contrast=\"none\">al<\/span><span data-contrast=\"none\">\u00f3 <\/span><span data-contrast=\"none\">que uno de los componente<\/span><span data-contrast=\"none\">s<\/span><span data-contrast=\"none\"> m<\/span><span data-contrast=\"none\">\u00e1<\/span><span data-contrast=\"none\">s importantes de esta instituci<\/span><span data-contrast=\"none\">\u00f3<\/span><span data-contrast=\"none\">n, sin dejar a un lado la docencia y la investigaci<\/span><span data-contrast=\"none\">\u00f3<\/span><span data-contrast=\"none\">n, es el centro de atenci<\/span><span data-contrast=\"none\">\u00f3<\/span><span data-contrast=\"none\">n al c<\/span><span data-contrast=\"none\">\u00e1<\/span><span data-contrast=\"none\">ncer, una actividad esencial que contin<\/span><span data-contrast=\"none\">u\u00f3 <\/span><span data-contrast=\"none\">brindando atenci<\/span><span data-contrast=\"none\">\u00f3<\/span><span data-contrast=\"none\">n a los pacient<\/span><span data-contrast=\"none\">es oncol<\/span><span data-contrast=\"none\">\u00f3<\/span><span data-contrast=\"none\">gicos a pesar de la pandemia.<\/span><span data-ccp-props=\"{&quot;201341983&quot;:0,&quot;335559731&quot;:708,&quot;335559739&quot;:200,&quot;335559740&quot;:240}\">\u00a0<\/span><\/p>\n<p><span data-contrast=\"none\">De esta forma y gracias a la gesti<\/span><span data-contrast=\"none\">\u00f3<\/span><span data-contrast=\"none\">n de la Vicerrector<\/span><span data-contrast=\"none\">\u00ed<\/span><span data-contrast=\"none\">a, recibieron todo el apoyo para que el personal mantuviera las medidas de seguridad sanitaria.<\/span><span data-ccp-props=\"{&quot;201341983&quot;:0,&quot;335559731&quot;:708,&quot;335559739&quot;:200,&quot;335559740&quot;:240}\">\u00a0<\/span><\/p>\n<p><span data-contrast=\"none\">A este respecto<\/span><span data-contrast=\"none\">, Remes Troche record<\/span><span data-contrast=\"none\">\u00f3 <\/span><span data-contrast=\"none\">la partida de<\/span> <span data-contrast=\"none\">Ra<\/span><span data-contrast=\"none\">\u00fa<\/span><span data-contrast=\"none\">l <\/span><span data-contrast=\"none\">D<\/span><span data-contrast=\"none\">eveze<\/span> <span data-contrast=\"none\">Bocardi<\/span><span data-contrast=\"none\">, a quien defini<\/span><span data-contrast=\"none\">\u00f3 <\/span><span data-contrast=\"none\">como un pionero y estandarte del Centro de <\/span><span data-contrast=\"none\">A<\/span><span data-contrast=\"none\">tenci<\/span><span data-contrast=\"none\">\u00f3<\/span><span data-contrast=\"none\">n al<\/span> <span data-contrast=\"none\">C<\/span><span data-contrast=\"none\">\u00e1<\/span><span data-contrast=\"none\">ncer<\/span><span data-contrast=\"none\"> y<\/span><span data-contrast=\"none\"> quien falleciera cumpliendo su labor.<\/span><span data-ccp-props=\"{&quot;201341983&quot;:0,&quot;335559731&quot;:708,&quot;335559739&quot;:200,&quot;335559740&quot;:240}\">\u00a0<\/span><\/p>\n<p><span data-contrast=\"none\">En este sentido y a manera de homenaje, el titular del IIMB pidi<\/span><span data-contrast=\"none\">\u00f3 <\/span><span data-contrast=\"none\">a la Junta Acad<\/span><span data-contrast=\"none\">\u00e9<\/span><span data-contrast=\"none\">mica y autoridades universitarias present<\/span><span data-contrast=\"none\">es un minuto de silencio.<\/span><span data-ccp-props=\"{&quot;201341983&quot;:0,&quot;335559731&quot;:708,&quot;335559739&quot;:200,&quot;335559740&quot;:240}\">\u00a0<\/span><\/p>\n<p><span data-contrast=\"none\">E<\/span><span data-contrast=\"none\">l investigador <\/span><span data-contrast=\"none\">tambi\u00e9n <\/span><span data-contrast=\"none\">resalt<\/span><span data-contrast=\"none\">\u00f3 <\/span><span data-contrast=\"none\">que este a<\/span><span data-contrast=\"none\">\u00f1<\/span><span data-contrast=\"none\">o se cumpli<\/span><span data-contrast=\"none\">\u00f3 <\/span><span data-contrast=\"none\">con un objetivo importante para <\/span><span data-contrast=\"none\">el<\/span><span data-contrast=\"none\"> I<\/span><span data-contrast=\"none\">IMB<\/span><span data-contrast=\"none\">, que fue la consolidaci<\/span><span data-contrast=\"none\">\u00f3<\/span><span data-contrast=\"none\">n del cuerpo acad<\/span><span data-contrast=\"none\">\u00e9<\/span><span data-contrast=\"none\">mico <\/span><span data-contrast=\"none\">(CA) I<\/span><span data-contrast=\"none\">nvestigaci<\/span><span data-contrast=\"none\">\u00f3<\/span><span data-contrast=\"none\">n y <\/span><span data-contrast=\"none\">S<\/span><span data-contrast=\"none\">ervicio.<\/span><span data-ccp-props=\"{&quot;201341983&quot;:0,&quot;335559731&quot;:708,&quot;335559739&quot;:200,&quot;335559740&quot;:240}\">\u00a0<\/span><\/p>\n<p><span data-contrast=\"none\">Otro punto relev<\/span><span data-contrast=\"none\">ante que mencion<\/span><span data-contrast=\"none\">\u00f3 <\/span><span data-contrast=\"none\">fue la generaci<\/span><span data-contrast=\"none\">\u00f3<\/span><span data-contrast=\"none\">n de conocimiento cient<\/span><span data-contrast=\"none\">\u00ed<\/span><span data-contrast=\"none\">fico<\/span><span data-contrast=\"none\"> durante este per<\/span><span data-contrast=\"none\">i<\/span><span data-contrast=\"none\">odo, con la <\/span><span data-contrast=\"none\">de 22 trabajos de investigaci<\/span><span data-contrast=\"none\">\u00f3<\/span><span data-contrast=\"none\">n en revistas indizadas nacionales e internacionales.<\/span><span data-ccp-props=\"{&quot;201341983&quot;:0,&quot;335559731&quot;:708,&quot;335559739&quot;:200,&quot;335559740&quot;:240}\">\u00a0<\/span><\/p>\n<p><span data-contrast=\"none\">Sobresale la campa<\/span><span data-contrast=\"none\">\u00f1<\/span><span data-contrast=\"none\">a de detecci<\/span><span data-contrast=\"none\">\u00f3<\/span><span data-contrast=\"none\">n <\/span><span data-contrast=\"none\">oportuna de h<\/span><span data-contrast=\"none\">\u00ed<\/span><span data-contrast=\"none\">gado graso para los trabajadores de la regi<\/span><span data-contrast=\"none\">\u00f3<\/span><span data-contrast=\"none\">n<\/span><span data-contrast=\"none\">,<\/span><span data-contrast=\"none\"> que se hizo en colaboraci<\/span><span data-contrast=\"none\">\u00f3<\/span><span data-contrast=\"none\">n con el Centro de Estudios y Servicios en Salud (CESS) y la Asociaci<\/span><span data-contrast=\"none\">\u00f3<\/span><span data-contrast=\"none\">n Mexicana de Gastroenterolog<\/span><span data-contrast=\"none\">\u00ed<\/span><span data-contrast=\"none\">a, beneficiando a <\/span><span data-contrast=\"none\">casi<\/span> <span data-contrast=\"none\">500 personas<\/span><span data-contrast=\"none\">.<\/span><span data-ccp-props=\"{&quot;201341983&quot;:0,&quot;335559731&quot;:708,&quot;335559739&quot;:200,&quot;335559740&quot;:240}\">\u00a0<\/span><\/p>\n<p><span data-contrast=\"none\">Tam<\/span><span data-contrast=\"none\">bi<\/span><span data-contrast=\"none\">\u00e9<\/span><span data-contrast=\"none\">n, al inicio de la pandemia, se crearon c<\/span><span data-contrast=\"none\">\u00e1<\/span><span data-contrast=\"none\">psulas <\/span><span data-contrast=\"none\">informativas <\/span><span data-contrast=\"none\">en colaboraci<\/span><span data-contrast=\"none\">\u00f3<\/span><span data-contrast=\"none\">n con la Facultad de Medicina y <\/span><span data-contrast=\"none\">la <\/span><span data-contrast=\"none\">Vicerrector<\/span><span data-contrast=\"none\">\u00ed<\/span><span data-contrast=\"none\">a<\/span><span data-contrast=\"none\">,<\/span><span data-contrast=\"none\"> con el objetivo de educar a la poblaci<\/span><span data-contrast=\"none\">\u00f3<\/span><span data-contrast=\"none\">n sobre <\/span><span data-contrast=\"none\">Covid-19.<\/span><span data-ccp-props=\"{&quot;201341983&quot;:0,&quot;335559731&quot;:708,&quot;335559739&quot;:200,&quot;335559740&quot;:240}\">\u00a0<\/span><\/p>\n<p><span data-contrast=\"none\">Finalmente, un reto importante para esta dependencia fue <\/span><span data-contrast=\"none\">conseguir <\/span><span data-contrast=\"none\">la prueba de <\/span><span data-contrast=\"none\">d<\/span><span data-contrast=\"none\">etecci<\/span><span data-contrast=\"none\">\u00f3<\/span><span data-contrast=\"none\">n de SARS-CoV<\/span><span data-contrast=\"none\">&#8211;<\/span><span data-contrast=\"none\">2, una labor tit<\/span><span data-contrast=\"none\">\u00e1<\/span><span data-contrast=\"none\">nica que se hizo en conjunto con la Vicerrector<\/span><span data-contrast=\"none\">\u00ed<\/span><span data-contrast=\"none\">a y el CESS.<\/span> <span data-contrast=\"none\">Hasta el momento se han realizado cerca de 300 pruebas.<\/span><span data-ccp-props=\"{&quot;201341983&quot;:0,&quot;335559731&quot;:708,&quot;335559739&quot;:200,&quot;335559740&quot;:240}\">\u00a0<\/span><\/p>\n<p><span data-contrast=\"none\">Co<\/span><span data-contrast=\"none\">n relaci<\/span><span data-contrast=\"none\">\u00f3<\/span><span data-contrast=\"none\">n al C<\/span><span data-contrast=\"none\">entro de <\/span><span data-contrast=\"none\">A<\/span><span data-contrast=\"none\">tenci<\/span><span data-contrast=\"none\">\u00f3<\/span><span data-contrast=\"none\">n al <\/span><span data-contrast=\"none\">C<\/span><span data-contrast=\"none\">\u00e1<\/span><span data-contrast=\"none\">ncer, resalt<\/span><span data-contrast=\"none\">\u00f3 <\/span><span data-contrast=\"none\">que <\/span><span data-contrast=\"none\">se logr<\/span><span data-contrast=\"none\">\u00f3 <\/span><span data-contrast=\"none\">tener las autorizaciones de las instituciones de respaldo y vigilancia tanto de la <\/span><span data-contrast=\"none\">Comisi\u00f3n Federal para la Protecci\u00f3n contra Riesgos Sanitarios (<\/span><i><span data-contrast=\"none\">Cofepris<\/span><\/i><span data-contrast=\"none\">) <\/span><span data-contrast=\"none\">como de la Comisi<\/span><span data-contrast=\"none\">\u00f3<\/span><span data-contrast=\"none\">n Nacional de Seguridad Nuclear y Salvaguardias<\/span><span data-contrast=\"none\">.<\/span><span data-ccp-props=\"{&quot;201341983&quot;:0,&quot;335559731&quot;:708,&quot;335559739&quot;:200,&quot;335559740&quot;:240}\">\u00a0<\/span><\/p>\n<p><span data-contrast=\"none\">Tambi<\/span><span data-contrast=\"none\">\u00e9<\/span><span data-contrast=\"none\">n coment<\/span><span data-contrast=\"none\">\u00f3 <\/span><span data-contrast=\"none\">que aun <\/span><span data-contrast=\"none\">en <\/span><span data-contrast=\"none\">medio de la pandemia, se brind<\/span><span data-contrast=\"none\">\u00f3\u00a0 <\/span><span data-contrast=\"none\">atenci<\/span><span data-contrast=\"none\">\u00f3<\/span><span data-contrast=\"none\">n <\/span><span data-contrast=\"none\">de radioterapia a m<\/span><span data-contrast=\"none\">\u00e1<\/span><span data-contrast=\"none\">s de 150 pacientes, <\/span><span data-contrast=\"none\">que <\/span><span data-contrast=\"none\">comparado con el a<\/span><span data-contrast=\"none\">\u00f1<\/span><span data-contrast=\"none\">o pasado <\/span><span data-contrast=\"none\">represent\u00f3 <\/span><span data-contrast=\"none\">un incremento del 65 por ciento.<\/span><span data-ccp-props=\"{&quot;201341983&quot;:0,&quot;335559731&quot;:708,&quot;335559739&quot;:200,&quot;335559740&quot;:240}\">\u00a0<\/span><\/p>\n<p><span data-contrast=\"none\">En el tema de internacionalizaci<\/span><span data-contrast=\"none\">\u00f3<\/span><span data-contrast=\"none\">n e interculturalidad, los investigadores <\/span><span data-contrast=\"none\">del <\/span><span data-contrast=\"none\">IIMB han participado en m<\/span><span data-contrast=\"none\">\u00fa<\/span><span data-contrast=\"none\">ltiples proyectos <\/span><span data-contrast=\"none\">que se <\/span><span data-contrast=\"none\">ha presentado en otros pa<\/span><span data-contrast=\"none\">\u00ed<\/span><span data-contrast=\"none\">ses, lo que ha dado difusi<\/span><span data-contrast=\"none\">\u00f3<\/span><span data-contrast=\"none\">n y visibilidad a la U<\/span><span data-contrast=\"none\">V<\/span><span data-contrast=\"none\">.<\/span><span data-ccp-props=\"{&quot;201341983&quot;:0,&quot;335559731&quot;:708,&quot;335559739&quot;:200,&quot;335559740&quot;:240}\">\u00a0<\/span><\/p>\n<p><span data-ccp-props=\"{&quot;201341983&quot;:0,&quot;335559739&quot;:200,&quot;335559740&quot;:240}\">\u00a0<\/span><\/p>\n<div id=\"attachment_87716\" style=\"width: 732px\" class=\"wp-caption aligncenter\"><a href=\"https:\/\/www.uv.mx\/prensa\/files\/2020\/09\/210920-VERACRUZ-Informes-investigacion-2.jpg\"><img loading=\"lazy\" decoding=\"async\" aria-describedby=\"caption-attachment-87716\" class=\"size-full wp-image-87716\" src=\"https:\/\/www.uv.mx\/prensa\/files\/2020\/09\/210920-VERACRUZ-Informes-investigacion-2.jpg\" alt=\"\" width=\"722\" height=\"435\" srcset=\"https:\/\/www.uv.mx\/prensa\/files\/2020\/09\/210920-VERACRUZ-Informes-investigacion-2.jpg 722w, https:\/\/www.uv.mx\/prensa\/files\/2020\/09\/210920-VERACRUZ-Informes-investigacion-2-300x181.jpg 300w\" sizes=\"auto, (max-width: 722px) 100vw, 722px\" \/><\/a><p id=\"caption-attachment-87716\" class=\"wp-caption-text\"><span class=\"TextRun Highlight SCXW196526698 BCX4\" lang=\"ES-ES\" xml:lang=\"ES-ES\" data-contrast=\"none\"><span class=\"NormalTextRun SCXW196526698 BCX4\" data-ccp-parastyle=\"Cuerpo\">Estela Montes Carmona, directora del Instituto de Ingenier\u00eda<\/span><\/span><span class=\"EOP SCXW196526698 BCX4\" data-ccp-props=\"{&quot;201341983&quot;:0,&quot;335559739&quot;:200,&quot;335559740&quot;:240}\">\u00a0<\/span><\/p><\/div>\n<p><b><span data-contrast=\"none\">Instituto de Ingenier<\/span><\/b><b><span data-contrast=\"none\">\u00ed<\/span><\/b><b><span data-contrast=\"none\">a<\/span><\/b><span data-ccp-props=\"{&quot;201341983&quot;:0,&quot;335559739&quot;:200,&quot;335559740&quot;:240}\">\u00a0<\/span><\/p>\n<p><span data-contrast=\"none\">En <\/span><span data-contrast=\"none\">su <\/span><span data-contrast=\"none\">III I<\/span><span data-contrast=\"none\">nforme<\/span><span data-contrast=\"none\">, <\/span><span data-contrast=\"none\">Estela Montes Carmon<\/span><span data-contrast=\"none\">a, directora del Instituto de Ingenier<\/span><span data-contrast=\"none\">\u00ed<\/span><span data-contrast=\"none\">a<\/span><span data-contrast=\"none\">, asegur<\/span><span data-contrast=\"none\">\u00f3 <\/span><span data-contrast=\"none\">que dentro del eje de liderazgo acad<\/span><span data-contrast=\"none\">\u00e9<\/span><span data-contrast=\"none\">mico del plan rectoral de la UV<\/span><span data-contrast=\"none\"> han cumplido con los est<\/span><span data-contrast=\"none\">\u00e1<\/span><span data-contrast=\"none\">ndares de calidad, pertinencia, equidad y <\/span><span data-contrast=\"none\">\u00e9<\/span><span data-contrast=\"none\">tica.<\/span><span data-ccp-props=\"{&quot;201341983&quot;:0,&quot;335559739&quot;:200,&quot;335559740&quot;:240}\">\u00a0<\/span><\/p>\n<p><span data-contrast=\"none\">Ejemplo de ello es el p<\/span><span data-contrast=\"none\">rograma <\/span><span data-contrast=\"none\">educativo <\/span><span data-contrast=\"none\">de <\/span><span data-contrast=\"none\">la <\/span><span data-contrast=\"none\">Maestr<\/span><span data-contrast=\"none\">\u00ed<\/span><span data-contrast=\"none\">a en <\/span><span data-contrast=\"none\">Ingenier<\/span><span data-contrast=\"none\">\u00ed<\/span><span data-contrast=\"none\">a de Corrosi<\/span><span data-contrast=\"none\">\u00f3<\/span><span data-contrast=\"none\">n<\/span><span data-contrast=\"none\">, que se encuentra en el<\/span><span data-contrast=\"none\"> p<\/span><span data-contrast=\"none\">adr<\/span><span data-contrast=\"none\">\u00f3<\/span><span data-contrast=\"none\">n<\/span><span data-contrast=\"none\"> del Programa Nacional de Posgrados <\/span><span data-contrast=\"none\">de Calidad <\/span><span data-contrast=\"none\">(PNPC) <\/span><span data-contrast=\"none\">del Consejo Nacional de Ciencia y Tecnolog\u00eda (<\/span><i><span data-contrast=\"none\">Conacyt<\/span><\/i><span data-contrast=\"none\">), <\/span><span data-contrast=\"none\">que gracias al n<\/span><span data-contrast=\"none\">\u00fa<\/span><span data-contrast=\"none\">cleo acad<\/span><span data-contrast=\"none\">\u00e9<\/span><span data-contrast=\"none\">mico b<\/span><span data-contrast=\"none\">\u00e1<\/span><span data-contrast=\"none\">sico<\/span><span data-contrast=\"none\"> integrado por investigadores lo han mantenido como uno de los m<\/span><span data-contrast=\"none\">\u00e1<\/span><span data-contrast=\"none\">s relevantes en el pa<\/span><span data-contrast=\"none\">\u00ed<\/span><span data-contrast=\"none\">s.<\/span><span data-ccp-props=\"{&quot;201341983&quot;:0,&quot;335559731&quot;:708,&quot;335559739&quot;:200,&quot;335559740&quot;:240}\">\u00a0<\/span><\/p>\n<p><span data-contrast=\"none\">La planta acad<\/span><span data-contrast=\"none\">\u00e9<\/span><span data-contrast=\"none\">mica <\/span><span data-contrast=\"none\">est\u00e1<\/span><span data-contrast=\"none\"> integrada por 27 docentes, m<\/span><span data-contrast=\"none\">\u00e1<\/span><span data-contrast=\"none\">s de la mitad de ellos con d<\/span><span data-contrast=\"none\">octorado, asegurando con esto una educaci<\/span><span data-contrast=\"none\">\u00f3<\/span><span data-contrast=\"none\">n de calidad.<\/span><span data-ccp-props=\"{&quot;201341983&quot;:0,&quot;335559731&quot;:708,&quot;335559739&quot;:200,&quot;335559740&quot;:240}\">\u00a0<\/span><\/p>\n<p><span data-contrast=\"none\">Dijo que <\/span><span data-contrast=\"none\">se<\/span><span data-contrast=\"none\"> cuenta con dos <\/span><span data-contrast=\"none\">CA<\/span><span data-contrast=\"none\"> consolidados<\/span><span data-contrast=\"none\">: C<\/span><span data-contrast=\"none\">orrosi<\/span><span data-contrast=\"none\">\u00f3<\/span><span data-contrast=\"none\">n<\/span><span data-contrast=\"none\">,<\/span><span data-contrast=\"none\"> y <\/span><span data-contrast=\"none\">E<\/span><span data-contrast=\"none\">lectroqu<\/span><span data-contrast=\"none\">\u00ed<\/span><span data-contrast=\"none\">mica, <\/span><span data-contrast=\"none\">M<\/span><span data-contrast=\"none\">ateriales y <\/span><span data-contrast=\"none\">M<\/span><span data-contrast=\"none\">edio <\/span><span data-contrast=\"none\">A<\/span><span data-contrast=\"none\">mbiente, esto ha permitido que se establezca<\/span><span data-contrast=\"none\">n<\/span><span data-contrast=\"none\"> relaciones con algunas de las f<\/span><span data-contrast=\"none\">acultades de ingenier<\/span><span data-contrast=\"none\">\u00ed<\/span><span data-contrast=\"none\">a y v<\/span><span data-contrast=\"none\">\u00ed<\/span><span data-contrast=\"none\">nculos internacionales,<\/span> <span data-contrast=\"none\">con la participaci<\/span><span data-contrast=\"none\">\u00f3<\/span><span data-contrast=\"none\">n de investigadores de Espa<\/span><span data-contrast=\"none\">\u00f1<\/span><span data-contrast=\"none\">a y Portugal que han impartido cursos como <\/span><span data-contrast=\"none\">\u201c<\/span><span data-contrast=\"none\">Ciencia y <\/span><span data-contrast=\"none\">t<\/span><span data-contrast=\"none\">ecnolog<\/span><span data-contrast=\"none\">\u00ed<\/span><span data-contrast=\"none\">a<\/span><span data-contrast=\"none\"> para el <\/span><span data-contrast=\"none\">e<\/span><span data-contrast=\"none\">studio y <\/span><span data-contrast=\"none\">c<\/span><span data-contrast=\"none\">onservaci<\/span><span data-contrast=\"none\">\u00f3<\/span><span data-contrast=\"none\">n de <\/span><span data-contrast=\"none\">m<\/span><span data-contrast=\"none\">ateriales <\/span><span data-contrast=\"none\">m<\/span><span data-contrast=\"none\">et<\/span><span data-contrast=\"none\">\u00e1<\/span><span data-contrast=\"none\">licos de <\/span><span data-contrast=\"none\">i<\/span><span data-contrast=\"none\">nter<\/span><span data-contrast=\"none\">\u00e9<\/span><span data-contrast=\"none\">s<\/span> <span data-contrast=\"none\">h<\/span><span data-contrast=\"none\">ist<\/span><span data-contrast=\"none\">\u00f3<\/span><span data-contrast=\"none\">rico<\/span><span data-contrast=\"none\">\u201d<\/span><span data-contrast=\"none\">.<\/span><span data-ccp-props=\"{&quot;201341983&quot;:0,&quot;335559731&quot;:708,&quot;335559739&quot;:200,&quot;335559740&quot;:240}\">\u00a0<\/span><\/p>\n<p><span data-contrast=\"none\">Con<\/span><span data-contrast=\"none\"> relaci<\/span><span data-contrast=\"none\">\u00f3<\/span><span data-contrast=\"none\">n al desarrollo e investigaci<\/span><span data-contrast=\"none\">\u00f3<\/span><span data-contrast=\"none\">n, la acad<\/span><span data-contrast=\"none\">\u00e9<\/span><span data-contrast=\"none\">mica se<\/span><span data-contrast=\"none\">\u00f1<\/span><span data-contrast=\"none\">al<\/span><span data-contrast=\"none\">\u00f3 <\/span><span data-contrast=\"none\">que en el presente periodo se han producido 25 art<\/span><span data-contrast=\"none\">\u00ed<\/span><span data-contrast=\"none\">culos y un cap<\/span><span data-contrast=\"none\">\u00ed<\/span><span data-contrast=\"none\">tulo de libro.<\/span> <span data-contrast=\"none\">Tambi<\/span><span data-contrast=\"none\">\u00e9<\/span><span data-contrast=\"none\">n han tenido participaci<\/span><span data-contrast=\"none\">\u00f3<\/span><span data-contrast=\"none\">n en diferentes espacios interdisciplinarios.<\/span><span data-ccp-props=\"{&quot;201341983&quot;:0,&quot;335559731&quot;:708,&quot;335559739&quot;:200,&quot;335559740&quot;:240}\">\u00a0<\/span><\/p>\n<p><span data-contrast=\"none\">Adem<\/span><span data-contrast=\"none\">\u00e1<\/span><span data-contrast=\"none\">s<\/span><span data-contrast=\"none\">,<\/span> <span data-contrast=\"none\">los investigadores <\/span><span data-contrast=\"none\">Jos<\/span><span data-contrast=\"none\">\u00e9 <\/span><span data-contrast=\"none\">Luis Ram<\/span><span data-contrast=\"none\">\u00edrez<\/span><span data-contrast=\"none\"> y Gonzalo Galicia<\/span><span data-contrast=\"none\"> \u2013<\/span><span data-contrast=\"none\">integrantes del CA Electroqu\u00edmica, Materiales y Medio Ambiente<\/span><span data-contrast=\"none\">\u2013 obtuvieron <\/span><span data-contrast=\"none\">la patente por el <\/span><span data-contrast=\"none\">\u201c<\/span><span data-contrast=\"none\">Dispositivo <\/span><span data-contrast=\"none\">p<\/span><span data-contrast=\"none\">ort<\/span><span data-contrast=\"none\">\u00e1<\/span><span data-contrast=\"none\">til para <\/span><span data-contrast=\"none\">m<\/span><span data-contrast=\"none\">edir la <\/span><span data-contrast=\"none\">c<\/span><span data-contrast=\"none\">orrosi<\/span><span data-contrast=\"none\">\u00f3<\/span><span data-contrast=\"none\">n<\/span><span data-contrast=\"none\">\u201d<\/span><span data-contrast=\"none\">.<\/span><span data-ccp-props=\"{&quot;201341983&quot;:0,&quot;335559731&quot;:708,&quot;335559739&quot;:200,&quot;335559740&quot;:240}\">\u00a0<\/span><\/p>\n<p><span data-contrast=\"none\">En proceso est<\/span><span data-contrast=\"none\">\u00e1<\/span><span data-contrast=\"none\">n dos patentes m<\/span><span data-contrast=\"none\">\u00e1<\/span><span data-contrast=\"none\">s, una de ellas denominada <\/span><span data-contrast=\"none\">\u201c<\/span><span data-contrast=\"none\">Dispositivo de separaci<\/span><span data-contrast=\"none\">\u00f3<\/span><span data-contrast=\"none\">n de gas en flujo <\/span><span data-contrast=\"none\">multifase<\/span><span data-contrast=\"none\"> de hidrocarburos<\/span><span data-contrast=\"none\">\u201d<\/span><span data-contrast=\"none\">,<\/span> <span data-contrast=\"none\">que se hizo en colaboraci<\/span><span data-contrast=\"none\">\u00f3<\/span><span data-contrast=\"none\">n con la empresa <\/span><span data-contrast=\"none\">Geolis<\/span><span data-contrast=\"none\">, S.A de C.V<\/span><span data-contrast=\"none\">., <\/span><span data-contrast=\"none\">y el <\/span><span data-contrast=\"none\">CA<\/span> <span data-contrast=\"none\">D<\/span><span data-contrast=\"none\">in<\/span><span data-contrast=\"none\">\u00e1<\/span><span data-contrast=\"none\">mica de <\/span><span data-contrast=\"none\">S<\/span><span data-contrast=\"none\">istemas<\/span><span data-contrast=\"none\">.<\/span><span data-ccp-props=\"{&quot;201341983&quot;:0,&quot;335559731&quot;:708,&quot;335559739&quot;:200,&quot;335559740&quot;:240}\">\u00a0<\/span><\/p>\n<p><span data-contrast=\"none\">La otra es <\/span><span data-contrast=\"none\">\u201c<\/span><span data-contrast=\"none\">M<\/span><span data-contrast=\"none\">\u00e9<\/span><span data-contrast=\"none\">todo y <\/span><span data-contrast=\"none\">p<\/span><span data-contrast=\"none\">rocesador para la maxi<\/span><span data-contrast=\"none\">mizaci<\/span><span data-contrast=\"none\">\u00f3<\/span><span data-contrast=\"none\">n y eficiencia de bomba jet en sistemas hidr<\/span><span data-contrast=\"none\">\u00e1<\/span><span data-contrast=\"none\">ulicos en levantamiento artificial<\/span><span data-contrast=\"none\">\u201d<\/span><span data-contrast=\"none\">,<\/span> <span data-contrast=\"none\">del <\/span><span data-contrast=\"none\">CA <\/span><span data-contrast=\"none\">Sistemas <\/span><span data-contrast=\"none\">D<\/span><span data-contrast=\"none\">in<\/span><span data-contrast=\"none\">\u00e1<\/span><span data-contrast=\"none\">micos <\/span><span data-contrast=\"none\">y<\/span> <span data-contrast=\"none\">A<\/span><span data-contrast=\"none\">ut<\/span><span data-contrast=\"none\">\u00f3<\/span><span data-contrast=\"none\">nomos<\/span><span data-contrast=\"none\">.<\/span><span data-ccp-props=\"{&quot;201341983&quot;:0,&quot;335559731&quot;:708,&quot;335559739&quot;:200,&quot;335559740&quot;:240}\">\u00a0<\/span><\/p>\n<p><span data-ccp-props=\"{&quot;201341983&quot;:0,&quot;335559739&quot;:200,&quot;335559740&quot;:240}\">\u00a0<\/span><\/p>\n<p><b><span data-contrast=\"none\">Instituto de Medicina Forense<\/span><\/b><span data-ccp-props=\"{&quot;201341983&quot;:0,&quot;335559739&quot;:200,&quot;335559740&quot;:240}\">\u00a0<\/span><\/p>\n<p><span data-contrast=\"none\">Guadalupe Melo <\/span><span data-contrast=\"none\">Santiesteban<\/span> <span data-contrast=\"none\">present<\/span><span data-contrast=\"none\">\u00f3<\/span><span data-contrast=\"none\"> su Informe de <\/span><span data-contrast=\"none\">Act<\/span><span data-contrast=\"none\">i<\/span><span data-contrast=\"none\">vidades y entre<\/span> <span data-contrast=\"none\">los logros <\/span><span data-contrast=\"none\">destac<\/span><span data-contrast=\"none\">\u00f3 <\/span><span data-contrast=\"none\">el rubro de <\/span><span data-contrast=\"none\">investigaci<\/span><span data-contrast=\"none\">\u00f3<\/span><span data-contrast=\"none\">n <\/span><span data-contrast=\"none\">con la <\/span><span data-contrast=\"none\">publicaci<\/span><span data-contrast=\"none\">\u00f3<\/span><span data-contrast=\"none\">n<\/span><span data-contrast=\"none\"> de <\/span><span data-contrast=\"none\">cuatro<\/span><span data-contrast=\"none\"> art<\/span><span data-contrast=\"none\">\u00ed<\/span><span data-contrast=\"none\">culos<\/span><span data-contrast=\"none\"> indizados y tres<\/span><span data-contrast=\"none\"> m<\/span><span data-contrast=\"none\">\u00e1<\/span><span data-contrast=\"none\">s de <\/span><span data-contrast=\"none\">difusi<\/span><span data-contrast=\"none\">\u00f3<\/span><span data-contrast=\"none\">n<\/span><span data-contrast=\"none\">, para<\/span> <span data-contrast=\"none\">pr<\/span><span data-contrast=\"none\">\u00f3<\/span><span data-contrast=\"none\">ximamente<\/span><span data-contrast=\"none\"> publicar <\/span><span data-contrast=\"none\">en el libro <\/span><i><span data-contrast=\"none\">T<\/span><\/i><i><span data-contrast=\"none\">\u00e9<\/span><\/i><i><span data-contrast=\"none\">cnicas <\/span><\/i><i><span data-contrast=\"none\">a<\/span><\/i><i><span data-contrast=\"none\">ctuales de <\/span><\/i><i><span data-contrast=\"none\">n<\/span><\/i><i><span data-contrast=\"none\">eurocirug<\/span><\/i><i><span data-contrast=\"none\">\u00ed<\/span><\/i><i><span data-contrast=\"none\">a<\/span><\/i><span data-contrast=\"none\">.<\/span><span data-ccp-props=\"{&quot;201341983&quot;:0,&quot;335559739&quot;:200,&quot;335559740&quot;:240}\">\u00a0<\/span><\/p>\n<p><span data-contrast=\"none\">En docencia, <\/span><span data-contrast=\"none\">dijo que se gener<\/span><span data-contrast=\"none\">\u00f3<\/span><span data-contrast=\"none\"> la vinculaci<\/span><span data-contrast=\"none\">\u00f3<\/span><span data-contrast=\"none\">n con la <\/span><span data-contrast=\"none\">A<\/span><span data-contrast=\"none\">sociaci<\/span><span data-contrast=\"none\">\u00f3<\/span><span data-contrast=\"none\">n de T<\/span><span data-contrast=\"none\">\u00e9<\/span><span data-contrast=\"none\">cnicos<\/span><span data-contrast=\"none\"> Embalsamadores de la Rep<\/span><span data-contrast=\"none\">\u00fa<\/span><span data-contrast=\"none\">blica Mexicana <\/span><span data-contrast=\"none\">y un nuevo convenio con los <\/span><span data-contrast=\"none\">h<\/span><span data-contrast=\"none\">istot<\/span><span data-contrast=\"none\">e<\/span><span data-contrast=\"none\">cn<\/span><span data-contrast=\"none\">\u00f3<\/span><span data-contrast=\"none\">logos<\/span><span data-contrast=\"none\"> a nivel nacional.<\/span><span data-ccp-props=\"{&quot;201341983&quot;:0,&quot;335559731&quot;:708,&quot;335559739&quot;:200,&quot;335559740&quot;:240}\">\u00a0<\/span><\/p>\n<p><span data-contrast=\"none\">Tambi\u00e9n mencion\u00f3<\/span><span data-contrast=\"none\"> el <\/span><span data-contrast=\"none\">p<\/span><span data-contrast=\"none\">rograma <\/span><span data-contrast=\"none\">educativo <\/span><span data-contrast=\"none\">de <\/span><span data-contrast=\"none\">la <\/span><span data-contrast=\"none\">Maestr<\/span><span data-contrast=\"none\">\u00ed<\/span><span data-contrast=\"none\">a<\/span><span data-contrast=\"none\"> en Medicina Forense<\/span><span data-contrast=\"none\">,<\/span><span data-contrast=\"none\"> que ha permitido que los alumnos<\/span><span data-contrast=\"none\"> participen<\/span> <span data-contrast=\"none\">en estancias universitari<\/span><span data-contrast=\"none\">as y profesionales, como en la <\/span><span data-contrast=\"none\">Universidad Complutense de Madrid y la Universidad de Murcia.<\/span><span data-ccp-props=\"{&quot;201341983&quot;:0,&quot;335559731&quot;:708,&quot;335559739&quot;:200,&quot;335559740&quot;:240}\">\u00a0<\/span><\/p>\n<p><span data-contrast=\"none\">En este sentido, tambi<\/span><span data-contrast=\"none\">\u00e9<\/span><span data-contrast=\"none\">n se han tenido intercambios estudiantiles<\/span><span data-contrast=\"none\">,<\/span><span data-contrast=\"none\"> como <\/span><span data-contrast=\"none\">es el caso de una alumna de Bolivia, as<\/span><span data-contrast=\"none\">\u00ed <\/span><span data-contrast=\"none\">como una <\/span><span data-contrast=\"none\">e<\/span><span data-contrast=\"none\">stancia en el Instituto de Ciencias Forenses de Per<\/span><span data-contrast=\"none\">\u00fa <\/span><span data-contrast=\"none\">de una alumna que cursa la Maestr<\/span><span data-contrast=\"none\">\u00ed<\/span><span data-contrast=\"none\">a en Medicina Forense.<\/span><span data-ccp-props=\"{&quot;201341983&quot;:0,&quot;335559731&quot;:708,&quot;335559739&quot;:200,&quot;335559740&quot;:240}\">\u00a0<\/span><\/p>\n<p><span data-contrast=\"none\">Mencion<\/span><span data-contrast=\"none\">\u00f3<\/span><span data-contrast=\"none\"> que se consigui<\/span><span data-contrast=\"none\">\u00f3<\/span> <span data-contrast=\"none\">que los alumnos del T<\/span><span data-contrast=\"none\">\u00e9<\/span><span data-contrast=\"none\">cnico Superior Universitario (TSU) <\/span><span data-contrast=\"none\">Histotecn<\/span><span data-contrast=\"none\">\u00f3<\/span><span data-contrast=\"none\">logo<\/span><span data-contrast=\"none\"> y Embalsamador <\/span><span data-contrast=\"none\">realicen su servic<\/span><span data-contrast=\"none\">io social en los laboratorios de patolog<\/span><span data-contrast=\"none\">\u00ed<\/span><span data-contrast=\"none\">a del sector salud p<\/span><span data-contrast=\"none\">\u00fa<\/span><span data-contrast=\"none\">blico, como en los hospitales del IMSS <\/span><span data-contrast=\"none\">e<\/span><span data-contrast=\"none\"> ISSSTE, as<\/span><span data-contrast=\"none\">\u00ed<\/span><span data-contrast=\"none\"> como en el sector privado con en el<\/span><span data-contrast=\"none\"> H<\/span><span data-contrast=\"none\">ospital <\/span><span data-contrast=\"none\">\u00c1<\/span><span data-contrast=\"none\">ngeles.<\/span><span data-ccp-props=\"{&quot;201341983&quot;:0,&quot;335559731&quot;:708,&quot;335559739&quot;:200,&quot;335559740&quot;:240}\">\u00a0<\/span><\/p>\n<p><span data-contrast=\"none\">La actividad editorial es otra de las <\/span><span data-contrast=\"none\">\u00e1<\/span><span data-contrast=\"none\">reas que muestra mayor productividad <\/span><span data-contrast=\"none\">con la Revista Mexicana en Medicina Forense<\/span><span data-contrast=\"none\">,<\/span><span data-contrast=\"none\"> que <\/span><span data-contrast=\"none\">este a<\/span><span data-contrast=\"none\">\u00f1<\/span><span data-contrast=\"none\">o <\/span><span data-contrast=\"none\">logr<\/span><span data-contrast=\"none\">\u00f3<\/span> <span data-contrast=\"none\">consolidarse y <\/span><span data-contrast=\"none\">permite la publicaci<\/span><span data-contrast=\"none\">\u00f3<\/span><span data-contrast=\"none\">n de tres <\/span><span data-contrast=\"none\">n\u00fameros<\/span><span data-contrast=\"none\"> por periodo cuatrimestral <\/span><span data-contrast=\"none\">con <\/span><span data-contrast=\"none\">gran difusi<\/span><span data-contrast=\"none\">\u00f3<\/span><span data-contrast=\"none\">n <\/span><span data-contrast=\"none\">en <\/span><span data-contrast=\"none\">Latinoam<\/span><span data-contrast=\"none\">\u00e9<\/span><span data-contrast=\"none\">rica.<\/span><span data-ccp-props=\"{&quot;201341983&quot;:0,&quot;335559731&quot;:708,&quot;335559739&quot;:200,&quot;335559740&quot;:240}\">\u00a0<\/span><\/p>\n<p><span data-contrast=\"none\">Respecto a <\/span><span data-contrast=\"none\">la infrae<\/span><span data-contrast=\"none\">structura, dijo que se lograron<\/span><span data-contrast=\"none\"> muchos<\/span><span data-contrast=\"none\"> avances <\/span><span data-contrast=\"none\">gracias al apoyo de las autoridades universitarias,<\/span><span data-contrast=\"none\"> entre ellos la remodelaci<\/span><span data-contrast=\"none\">\u00f3<\/span><span data-contrast=\"none\">n total de la sala de autopsia de quir<\/span><span data-contrast=\"none\">\u00f3<\/span><span data-contrast=\"none\">fanos de <\/span><span data-contrast=\"none\">neurocirug<\/span><span data-contrast=\"none\">\u00ed<\/span><span data-contrast=\"none\">a, as<\/span><span data-contrast=\"none\">\u00ed <\/span><span data-contrast=\"none\">como del <\/span><span data-contrast=\"none\">horno crematorio <\/span><span data-contrast=\"none\">que ya tiene la chimenea que r<\/span><span data-contrast=\"none\">equer<\/span><span data-contrast=\"none\">\u00ed<\/span><span data-contrast=\"none\">a<\/span><span data-contrast=\"none\"> el sistema de <\/span><span data-contrast=\"none\">salud para la legalizaci<\/span><span data-contrast=\"none\">\u00f3<\/span><span data-contrast=\"none\">n de no contaminaci<\/span><span data-contrast=\"none\">\u00f3<\/span><span data-contrast=\"none\">n y de emisi<\/span><span data-contrast=\"none\">\u00f3<\/span><span data-contrast=\"none\">n de gases; las aulas y laboratorios de patolog<\/span><span data-contrast=\"none\">\u00ed<\/span><span data-contrast=\"none\">a, biolog<\/span><span data-contrast=\"none\">\u00ed<\/span><span data-contrast=\"none\">a molecular y <\/span><span data-contrast=\"none\">de toxicolog<\/span><span data-contrast=\"none\">\u00ed<\/span><span data-contrast=\"none\">a fueron remodeladas.<\/span><span data-ccp-props=\"{&quot;201341983&quot;:0,&quot;335559731&quot;:708,&quot;335559739&quot;:200,&quot;335559740&quot;:240}\">\u00a0<\/span><\/p>\n<p><span data-contrast=\"none\">El <\/span><span data-contrast=\"none\">Vicerrector<\/span><span data-contrast=\"none\">, <\/span><span data-contrast=\"none\">el D<\/span><span data-contrast=\"none\">irector <\/span><span data-contrast=\"none\">G<\/span><span data-contrast=\"none\">eneral de Investigaciones y<\/span><span data-contrast=\"none\"> Pedro Guti<\/span><span data-contrast=\"none\">\u00e9<\/span><span data-contrast=\"none\">rrez<\/span><span data-contrast=\"none\"> Aguilar, director general del <\/span><span data-contrast=\"none\">\u00c1<\/span><span data-contrast=\"none\">rea Acad<\/span><span data-contrast=\"none\">\u00e9<\/span><span data-contrast=\"none\">mica de Ciencias de la Salud, coincidieron en las felicitaciones por los logros obtenidos<\/span><span data-contrast=\"none\">, as<\/span><span data-contrast=\"none\">\u00ed <\/span><span data-contrast=\"none\">como la proyecc<\/span><span data-contrast=\"none\">i<\/span><span data-contrast=\"none\">\u00f3<\/span><span data-contrast=\"none\">n que el i<\/span><span data-contrast=\"none\">nstituto ha tenido por la labor de los acad<\/span><span data-contrast=\"none\">\u00e9<\/span><span data-contrast=\"none\">micos e investigadores y de todo el equipo<\/span><span data-contrast=\"none\">.<\/span><span data-ccp-props=\"{&quot;201341983&quot;:0,&quot;335559731&quot;:708,&quot;335559739&quot;:200,&quot;335559740&quot;:240}\">\u00a0<\/span><\/p>\n<p><span data-contrast=\"none\">Asimismo, d<\/span><span data-contrast=\"none\">estacaron el gran avance que <\/span><span data-contrast=\"none\">ha tenido <\/span><span data-contrast=\"none\">la entidad universitaria<\/span><span data-contrast=\"none\">, sobresaliendo sus programas <\/span><span data-contrast=\"none\">acad<\/span><span data-contrast=\"none\">\u00e9<\/span><span data-contrast=\"none\">micos como <\/span><span data-contrast=\"none\">\u00fa<\/span><span data-contrast=\"none\">nicos en el estado, por ello <\/span><span data-contrast=\"none\">tambi<\/span><span data-contrast=\"none\">\u00e9<\/span><span data-contrast=\"none\">n re<\/span><span data-contrast=\"none\">conocieron a los investigadores<\/span><span data-contrast=\"none\"> que tienen <\/span><span data-contrast=\"none\">el perfil del<\/span> <span data-contrast=\"none\">Programa para el Desarrollo Profesional Docente (<\/span><i><span data-contrast=\"none\">Prodep<\/span><\/i><span data-contrast=\"none\">) y que <\/span><span data-contrast=\"none\">est<\/span><span data-contrast=\"none\">\u00e1<\/span><span data-contrast=\"none\">n adscritos al Sistema Nacional de Investigadores (SNI).<\/span><span data-ccp-props=\"{&quot;201341983&quot;:0,&quot;335559731&quot;:708,&quot;335559739&quot;:200,&quot;335559740&quot;:240}\">\u00a0<\/span><\/p>\n<div id=\"attachment_87717\" style=\"width: 732px\" class=\"wp-caption aligncenter\"><a href=\"https:\/\/www.uv.mx\/prensa\/files\/2020\/09\/210920-VERACRUZ-Informes-investigacion-3.jpg\"><img loading=\"lazy\" decoding=\"async\" aria-describedby=\"caption-attachment-87717\" class=\"size-full wp-image-87717\" src=\"https:\/\/www.uv.mx\/prensa\/files\/2020\/09\/210920-VERACRUZ-Informes-investigacion-3.jpg\" alt=\"\" width=\"722\" height=\"521\" srcset=\"https:\/\/www.uv.mx\/prensa\/files\/2020\/09\/210920-VERACRUZ-Informes-investigacion-3.jpg 722w, https:\/\/www.uv.mx\/prensa\/files\/2020\/09\/210920-VERACRUZ-Informes-investigacion-3-300x216.jpg 300w\" sizes=\"auto, (max-width: 722px) 100vw, 722px\" \/><\/a><p id=\"caption-attachment-87717\" class=\"wp-caption-text\">Guadalupe Melo Santiesteban, directora del Instituto de Medicina Forense<\/p><\/div>\n","protected":false},"excerpt":{"rendered":"<p>Se record\u00f3 a Ra\u00fal Deveze Bocardi, a quien defini\u00f3 como un pionero y estandarte del Centro de Atenci\u00f3n al C\u00e1ncer y quien falleciera cumpliendo su labor.\u00a0<\/p>\n","protected":false},"author":1869,"featured_media":87715,"comment_status":"closed","ping_status":"closed","sticky":false,"template":"","format":"standard","meta":{"footnotes":""},"categories":[32,55],"tags":[],"class_list":["post-87714","post","type-post","status-publish","format-standard","has-post-thumbnail","hentry","category-regiones","category-veracruz"],"_links":{"self":[{"href":"https:\/\/www.uv.mx\/prensa\/wp-json\/wp\/v2\/posts\/87714","targetHints":{"allow":["GET"]}}],"collection":[{"href":"https:\/\/www.uv.mx\/prensa\/wp-json\/wp\/v2\/posts"}],"about":[{"href":"https:\/\/www.uv.mx\/prensa\/wp-json\/wp\/v2\/types\/post"}],"author":[{"embeddable":true,"href":"https:\/\/www.uv.mx\/prensa\/wp-json\/wp\/v2\/users\/1869"}],"replies":[{"embeddable":true,"href":"https:\/\/www.uv.mx\/prensa\/wp-json\/wp\/v2\/comments?post=87714"}],"version-history":[{"count":0,"href":"https:\/\/www.uv.mx\/prensa\/wp-json\/wp\/v2\/posts\/87714\/revisions"}],"wp:featuredmedia":[{"embeddable":true,"href":"https:\/\/www.uv.mx\/prensa\/wp-json\/wp\/v2\/media\/87715"}],"wp:attachment":[{"href":"https:\/\/www.uv.mx\/prensa\/wp-json\/wp\/v2\/media?parent=87714"}],"wp:term":[{"taxonomy":"category","embeddable":true,"href":"https:\/\/www.uv.mx\/prensa\/wp-json\/wp\/v2\/categories?post=87714"},{"taxonomy":"post_tag","embeddable":true,"href":"https:\/\/www.uv.mx\/prensa\/wp-json\/wp\/v2\/tags?post=87714"}],"curies":[{"name":"wp","href":"https:\/\/api.w.org\/{rel}","templated":true}]}}