{"id":87674,"date":"2020-09-19T08:00:20","date_gmt":"2020-09-19T13:00:20","guid":{"rendered":"https:\/\/www.uv.mx\/prensa\/?p=87674"},"modified":"2020-09-22T11:32:33","modified_gmt":"2020-09-22T16:32:33","slug":"murcielagos-tienen-una-historia-co-evolutiva-con-el-coronavirus","status":"publish","type":"post","link":"https:\/\/www.uv.mx\/prensa\/ciencia\/murcielagos-tienen-una-historia-co-evolutiva-con-el-coronavirus\/","title":{"rendered":"Murci\u00e9lagos tienen una historia co-evolutiva con el coronavirus\u00a0"},"content":{"rendered":"<ul>\n<li data-leveltext=\"\uf0b7\" data-font=\"Symbol\" data-listid=\"1\" data-aria-posinset=\"1\" data-aria-level=\"1\"><i><span data-contrast=\"auto\">Mar\u00eda Cristina Mac <\/span><\/i><i><span data-contrast=\"auto\">Swiney<\/span><\/i><i><span data-contrast=\"auto\">, investigadora del <\/span><\/i><span data-contrast=\"auto\">Citro<\/span><i><span data-contrast=\"auto\">-UV<\/span><\/i><i><span data-contrast=\"auto\">, dijo que un<\/span><\/i><i><span data-contrast=\"auto\"> art\u00edculo<\/span><\/i> <i><span data-contrast=\"auto\">publicado en julio pasado menciona que el coronavirus tiene cerca de 70 a\u00f1os conviviendo con el murci\u00e9lago<\/span><\/i><span data-ccp-props=\"{&quot;134233279&quot;:true}\">\u00a0<\/span><\/li>\n<li data-leveltext=\"\uf0b7\" data-font=\"Symbol\" data-listid=\"1\" data-aria-posinset=\"2\" data-aria-level=\"1\"><i><span data-contrast=\"auto\">Los expertos dicen que hubo tres momentos o mutaciones: 1948, 1969 y 1982.<\/span><\/i><span data-ccp-props=\"{&quot;134233279&quot;:true}\"><br \/>\n<\/span><\/li>\n<\/ul>\n<div id=\"attachment_87685\" style=\"width: 732px\" class=\"wp-caption aligncenter\"><a href=\"https:\/\/www.uv.mx\/prensa\/files\/2020\/09\/150920-PAOLA-Murcielagos.jpg\"><img loading=\"lazy\" decoding=\"async\" aria-describedby=\"caption-attachment-87685\" class=\"size-full wp-image-87685\" src=\"https:\/\/www.uv.mx\/prensa\/files\/2020\/09\/150920-PAOLA-Murcielagos.jpg\" alt=\"\" width=\"722\" height=\"352\" srcset=\"https:\/\/www.uv.mx\/prensa\/files\/2020\/09\/150920-PAOLA-Murcielagos.jpg 722w, https:\/\/www.uv.mx\/prensa\/files\/2020\/09\/150920-PAOLA-Murcielagos-300x146.jpg 300w\" sizes=\"auto, (max-width: 722px) 100vw, 722px\" \/><\/a><p id=\"caption-attachment-87685\" class=\"wp-caption-text\">La familia de murci\u00e9lagos <em>Rhinolophidae<\/em> tiene una larga historia co-evolutiva con el coronavirus<\/p><\/div>\n<p><span data-ccp-props=\"{&quot;335559731&quot;:709}\">\u00a0<\/span><b><i><span data-contrast=\"auto\">Paola Cort\u00e9s P\u00e9rez<\/span><\/i><\/b><span data-ccp-props=\"{&quot;335559731&quot;:709}\">\u00a0<\/span><\/p>\n<p><b><i><span data-contrast=\"auto\">1<\/span><\/i><\/b><b><i><span data-contrast=\"auto\">9<\/span><\/i><\/b><b><i><span data-contrast=\"auto\">\/09\/2020, Xalapa, Ver.-<\/span><\/i><\/b> <span data-contrast=\"auto\">Mar\u00eda Cristina Mac <\/span><span data-contrast=\"auto\">Swiney<\/span><span data-contrast=\"auto\"> Gonz\u00e1lez, investigadora del <a href=\"https:\/\/www.uv.mx\/citro\/\" target=\"_blank\" rel=\"noopener noreferrer\">Centro de Investigaciones Tropicales<\/a> (<\/span><i><span data-contrast=\"auto\">Citro<\/span><\/i><span data-contrast=\"auto\">)<\/span><span data-contrast=\"auto\"> de la Universidad Veracruzana (UV)<\/span><span data-contrast=\"auto\">, coment\u00f3 <\/span><span data-contrast=\"auto\">en la cuarta sesi\u00f3n del ciclo conferencias \u201cSalud, <\/span><span data-contrast=\"auto\">c<\/span><span data-contrast=\"auto\">iencia y <\/span><span data-contrast=\"auto\">a<\/span><span data-contrast=\"auto\">rte\u201d<\/span> <span data-contrast=\"auto\">que <\/span><span data-contrast=\"auto\">la familia de murci\u00e9lagos <\/span><i><span data-contrast=\"auto\">Rhino<\/span><\/i><i><span data-contrast=\"auto\">l<\/span><\/i><i><span data-contrast=\"auto\">ophidae<\/span><\/i><span data-contrast=\"auto\"> tiene una larga historia<\/span> <span data-contrast=\"auto\">co<\/span><span data-contrast=\"auto\">-evolutiva<\/span><span data-contrast=\"auto\"> con el coronavirus<\/span><span data-contrast=\"auto\">, que se o<\/span><span data-contrast=\"auto\">rigin\u00f3 hace millones de a\u00f1os<\/span><span data-contrast=\"auto\">.<\/span><span data-ccp-props=\"{&quot;335559731&quot;:709}\">\u00a0<\/span><\/p>\n<p><span data-contrast=\"auto\">El evento acad\u00e9mico es organizado por la Cl\u00ednica Universitaria de Salud Reproductiva y Sexual (CUSRS),<\/span> <span data-contrast=\"auto\">y la investigadora particip\u00f3 con la charla \u201cLa vida de los murci\u00e9lagos: mitos y realidades sobre la transmisi\u00f3n de enfermedades al ser humano\u201d<\/span><span data-contrast=\"auto\">,<\/span><span data-contrast=\"auto\"> a trav\u00e9s de la plataforma <\/span><i><span data-contrast=\"auto\">Zoom<\/span><\/i><span data-contrast=\"auto\">.<\/span><span data-ccp-props=\"{&quot;335559731&quot;:708}\">\u00a0<\/span><\/p>\n<p><span data-contrast=\"auto\">Dijo que e<\/span><span data-contrast=\"auto\">n el planeta se tienen registrad<\/span><span data-contrast=\"auto\">a<\/span><span data-contrast=\"auto\">s poco m\u00e1s de mil 400 especies de murci\u00e9lagos, siendo el grupo de mam\u00edferos m\u00e1s diverso<\/span> <span data-contrast=\"auto\">despu\u00e9s de los roedores<\/span><span data-contrast=\"auto\">. Centroam\u00e9rica alberga la mayor cantidad, <\/span><span data-contrast=\"auto\">con<\/span><span data-contrast=\"auto\"> 58 de las 170 especies registradas.<\/span><span data-ccp-props=\"{&quot;335559731&quot;:708}\">\u00a0<\/span><\/p>\n<p><span data-contrast=\"auto\">\u201cUno de los objetivos de la charla <\/span><span data-contrast=\"auto\">es<\/span><span data-contrast=\"auto\"> desmitificar a los murci\u00e9lagos como seres de la oscuridad, transmisores de enfermedades y que muerden<\/span><span data-contrast=\"auto\"> a los seres humanos<\/span><span data-contrast=\"auto\">.\u201d<\/span><span data-ccp-props=\"{&quot;335559731&quot;:708}\">\u00a0<\/span><\/p>\n<p><span data-contrast=\"auto\">En los \u00faltimos meses, a partir de la presencia de<\/span> <span data-contrast=\"auto\">l<\/span><span data-contrast=\"auto\">a<\/span><span data-contrast=\"auto\"> Covid-19 causada por el virus SARS-Co<\/span><span data-contrast=\"auto\">V<\/span><span data-contrast=\"auto\">-2, se ha responsabilizado a los murci\u00e9lagos como transmisores de la enfermedad, derivado en una respuesta negativa para con ellos, al ser <\/span><span data-contrast=\"auto\">v\u00edctimas<\/span><span data-contrast=\"auto\"> de vandalismo y asesinatos masivos.<\/span><span data-ccp-props=\"{&quot;335559731&quot;:708}\">\u00a0<\/span><\/p>\n<p><span data-contrast=\"auto\">Los murci\u00e9lagos son posibles reservorios de varios virus que son mortales o <\/span><span data-contrast=\"auto\">zoon\u00f3ticos<\/span><span data-contrast=\"auto\">;<\/span><span data-contrast=\"auto\"> al ser transmitidos al hombre <\/span><span data-contrast=\"auto\">causan mortandad<\/span><span data-contrast=\"auto\"> y<\/span><span data-contrast=\"auto\"> alguno<\/span><span data-contrast=\"auto\">s<\/span><span data-contrast=\"auto\"> de ellos son: el virus de <\/span><span data-contrast=\"auto\">Nipah<\/span><span data-contrast=\"auto\">, <\/span><span data-contrast=\"auto\">Marburg<\/span><span data-contrast=\"auto\">o<\/span><span data-contrast=\"auto\">, <\/span><span data-contrast=\"auto\">Hendra<\/span><span data-contrast=\"auto\">, <\/span><span data-contrast=\"auto\">que <\/span><span data-contrast=\"auto\">han causado brotes de enfermedades en diferentes pa\u00edses.<\/span><span data-ccp-props=\"{&quot;335559731&quot;:708}\">\u00a0<\/span><\/p>\n<p><span data-contrast=\"auto\">Mencion\u00f3 que los murci\u00e9lagos son hu\u00e9spedes naturales de virus importantes como el <\/span><span data-contrast=\"auto\">\u00c9bola<\/span><span data-contrast=\"auto\">, la rabia, el SARS y el MERS<\/span><span data-contrast=\"auto\">, estos dos \u00faltimos muy relacionados con <\/span><span data-contrast=\"auto\">la<\/span><span data-contrast=\"auto\"> Covid-19.<\/span><span data-ccp-props=\"{&quot;335559731&quot;:708}\">\u00a0<\/span><\/p>\n<p><span data-contrast=\"auto\">En 2003 hubo un brote del S\u00edndrome Respiratorio Agudo Severo (SARS), que fue controlado hasta 2004, pudo rastrearse su origen y fue en los murci\u00e9lagos asi\u00e1ticos (China). En 2012 se registr\u00f3 un nuevo brote que fue denominado S\u00edndrome Respiratorio de Oriente Medio (MERS), tambi\u00e9n fue transmitido por el murci\u00e9lago y despu\u00e9s de varias investigaciones de rastreo y trabajo molecular se supo que el hu\u00e9sped intermedio fue un dromedario.<\/span><span data-ccp-props=\"{&quot;335559731&quot;:708}\">\u00a0<\/span><\/p>\n<p><span data-contrast=\"auto\">En 2007 se publicaron algunos art\u00edculos que advert\u00edan de la posibilidad de una infecci\u00f3n reemergente del SARS o de otra enfermedad parecida, probablemente resultado de la costumbre de comer carne de monte ex\u00f3tica en los mercados h\u00famedos del sur de China.<\/span><span data-ccp-props=\"{&quot;335559731&quot;:708}\">\u00a0<\/span><\/p>\n<p><span data-contrast=\"auto\">\u201c<\/span><span data-contrast=\"auto\">Desde 2007 ya se advert\u00eda de esta posibilidad de una enfermedad parecida al <\/span><span data-contrast=\"auto\">SARS <\/span><span data-contrast=\"auto\">derivado de un c<\/span><span data-contrast=\"auto\">oronavirus, pero no se tomaron las precauciones adecuadas.<\/span><span data-contrast=\"auto\">\u201d<\/span><span data-ccp-props=\"{&quot;335559731&quot;:708}\">\u00a0<\/span><\/p>\n<p><span data-contrast=\"auto\">El riesgo en estos mercados h\u00famedos es grande porque son lugares donde es destazada y vendida carne fresca ex\u00f3tica, adem\u00e1s conviven diferentes especies al mismo tiempo, se tienen animales reci\u00e9n muertos (ya sea en jaulas o colgados) que entran en contacto con otros que est\u00e1n defecando, orinando, respirando y <\/span><span data-contrast=\"auto\">con niveles altos de estr\u00e9s, teniendo como resultado una recombinaci\u00f3n de virus.<\/span><span data-ccp-props=\"{&quot;335559731&quot;:708}\">\u00a0<\/span><\/p>\n<p><span data-contrast=\"auto\">Al registrarse los primeros casos de Covid-19, lo primero que o\u00edmos y le\u00edmos fue que derivaba de algunas serpientes que fueron consumidas en este mercado de Wuhan, China. Luego se habl\u00f3 del pangol\u00edn, y \u00faltimamente <\/span><span data-contrast=\"auto\">se dice que<\/span><span data-contrast=\"auto\"> los murci\u00e9lagos probablemente originaron esta enfermedad.<\/span><span data-ccp-props=\"{&quot;335559731&quot;:708}\">\u00a0<\/span><\/p>\n<p><span data-contrast=\"auto\">De acuerdo con investigaciones, ahora se sabe que <\/span><span data-contrast=\"auto\">la <\/span><span data-contrast=\"auto\">familia de murci\u00e9lagos <\/span><i><span data-contrast=\"auto\">Rhinolophidae<\/span><\/i><span data-contrast=\"auto\">, que tiene su origen en Asia hace millones de a\u00f1os, tiene una larga historia evolutiva con el <\/span><span data-contrast=\"auto\">c<\/span><span data-contrast=\"auto\">oronavirus.<\/span><span data-ccp-props=\"{&quot;335559731&quot;:708}\">\u00a0<\/span><\/p>\n<p><span data-contrast=\"auto\">\u201cSe encontr\u00f3 un <\/span><span data-contrast=\"auto\">art\u00edculo<\/span><span data-contrast=\"auto\"> que menciona que, en muestreos realizados en 2013 en Yunnan, China, el <\/span><i><span data-contrast=\"auto\">Rhinolophus<\/span><\/i> <i><span data-contrast=\"auto\">affinis<\/span><\/i> <span data-contrast=\"auto\">portaba un coronavirus que al ser comparado con el SARS-Co<\/span><span data-contrast=\"auto\">V-2 arroj\u00f3<\/span><span data-contrast=\"auto\"> un parentesco del 96.3 por ciento con un coronavirus, el cual no puede infectar a las c\u00e9lulas humanas.<\/span><span data-ccp-props=\"{&quot;335559731&quot;:708}\">\u00a0<\/span><\/p>\n<p><span data-contrast=\"auto\">\u201d<\/span><span data-contrast=\"auto\">O<\/span><span data-contrast=\"auto\">tros trabajos asocian que hay prote\u00ednas en la periferia de los coronavirus que podr\u00edan recombinarse con el coronavirus del pangol\u00edn<\/span><span data-contrast=\"auto\">, lo que podr\u00eda significar el paso cr\u00edtico para infectar a las c\u00e9lulas humanas.\u201d<\/span><span data-ccp-props=\"{&quot;335559731&quot;:708}\">\u00a0<\/span><\/p>\n<p><span data-contrast=\"auto\">Mencion\u00f3 que en un<\/span> <i><span data-contrast=\"auto\">paper<\/span><\/i><span data-contrast=\"auto\"> publicado en julio de este a\u00f1o, se hace un rastreo que habla so<\/span><span data-contrast=\"auto\">bre c\u00f3mo ha cambiado el SARS-CoV<\/span><span data-contrast=\"auto\">-2, y <\/span><span data-contrast=\"auto\">se encontr\u00f3 que el c<\/span><span data-contrast=\"auto\">oronavirus tiene cerca de 70 a\u00f1os conviviendo con el murci\u00e9lago, y los expertos dicen que hubo tres momentos o mutaciones: 1948, 1969 y 1982.<\/span><span data-ccp-props=\"{&quot;335559731&quot;:708}\">\u00a0<\/span><\/p>\n<p><span data-contrast=\"auto\">\u201cNos habla que este corona<\/span><span data-contrast=\"auto\">virus no es nuevo, que no se origin\u00f3<\/span><span data-contrast=\"auto\"> en el mercado de Wuhan, probablemente estaba desde hace 70 a\u00f1os conviviendo <\/span><span data-contrast=\"auto\">con <\/span><span data-contrast=\"auto\">los murci\u00e9lagos<\/span> <i><span data-contrast=\"auto\">Rhinolophus<\/span><\/i> <i><span data-contrast=\"auto\">affinis<\/span><\/i><span data-contrast=\"auto\">. Lo que se desconoce es si se <\/span><span data-contrast=\"auto\">trat\u00f3<\/span><span data-contrast=\"auto\"> de una transmisi\u00f3n directa al ser humano o si hubo un hu\u00e9sped intermediario que podr\u00eda ser el pangol\u00edn.<\/span><span data-contrast=\"auto\">\u201d<\/span><span data-ccp-props=\"{&quot;335559731&quot;:708}\">\u00a0<\/span><\/p>\n<p><span data-contrast=\"auto\">Debe tenerse claro, apunt\u00f3, <\/span><span data-contrast=\"auto\">que <\/span><span data-contrast=\"auto\">as\u00ed como hay una gran diversidad de mam\u00edferos y vertebrados, tambi\u00e9n <\/span><span data-contrast=\"auto\">hay una <\/span><span data-contrast=\"auto\">diversidad de coronavirus asocia<\/span><span data-contrast=\"auto\">dos a los murci\u00e9lagos. Se tiene<\/span><span data-contrast=\"auto\"> la teor\u00eda de que varias especies de murci\u00e9lagos son los posibles<\/span><span data-contrast=\"auto\"> or\u00edgenes de los coronavirus Alf<\/span><span data-contrast=\"auto\">a y Beta.<\/span><span data-ccp-props=\"{&quot;335559731&quot;:708}\">\u00a0<\/span><\/p>\n<p><span data-contrast=\"auto\">Explic\u00f3 que los murci\u00e9lagos comparten un refugio o el mismo espacio con varias especies, esto ocasiona que las cargas virales puedan recombinarse, lo que hace dif\u00edcil saber d\u00f3nde se origin\u00f3.<\/span><span data-contrast=\"auto\"> Estos virus no son pat\u00f3genos para ellos, no muestran s\u00edntomas de enfermedad, probablemente porque tienen periodos de hibernaci\u00f3n que favorecen la presencia de estos virus y porque tienen una fisiolog\u00eda \u00fanica que muestra que su ADN se repara.<\/span><span data-ccp-props=\"{&quot;335559731&quot;:708}\">\u00a0<\/span><\/p>\n<p><span data-contrast=\"auto\">\u201cSon animales muy <\/span><span data-contrast=\"auto\">longevos, se ha visto que tienen un sistema de genes especializados en reparar el ADN, tienen autofagias diferentes <\/span><span data-contrast=\"auto\">que<\/span><span data-contrast=\"auto\"> hace que tengan una inmunidad alta en comparaci\u00f3n con otros mam\u00edferos<\/span><span data-contrast=\"auto\">, y tienen un sistema de limpieza del ADN, con esto se suprimen las mutaciones generadoras de tumores<\/span><span data-contrast=\"auto\">.<\/span> <span data-contrast=\"auto\">E<\/span><span data-contrast=\"auto\">stas son algunas razones por las que pueden lidiar con la convivencia del coronavirus.\u201d<\/span><span data-ccp-props=\"{&quot;335559731&quot;:708}\">\u00a0<\/span><\/p>\n<p><span data-contrast=\"auto\">Coment\u00f3 que estas enfermedades son resultado de las acciones humanas: muchas especies han perdido su h\u00e1bitat, por lo que han tenido que convivir con otras especies en refugios donde no lo hac\u00edan, lo que propicia un ace<\/span><span data-contrast=\"auto\">rcamiento y recombinaci\u00f3n entre diferentes variantes de virus, bacterias, hogos, pat\u00f3genos, que causen nuevos brotes de enfermedades.<\/span><span data-ccp-props=\"{&quot;335559731&quot;:708}\">\u00a0<\/span><\/p>\n<p><span data-contrast=\"auto\">Subray\u00f3 que con la pandemia se ha reducido a cero el trabajo mastozool\u00f3gico<\/span><span data-contrast=\"auto\">, les han pedido no manipular <\/span><span data-contrast=\"auto\">a <\/span><span data-contrast=\"auto\">los animales sin protecci\u00f3n, evitar contagiar a otras especies y causar un problema may\u00fasculo.<\/span><span data-ccp-props=\"{&quot;335559731&quot;:708}\">\u00a0<\/span><\/p>\n<p><span data-contrast=\"auto\">\u201cNecesitamos m\u00e1s informaci\u00f3n e investigaci\u00f3n, es donde est<\/span><span data-contrast=\"auto\">\u00e1<\/span><span data-contrast=\"auto\"> clave para elaborar vacunas, acciones de remediaci\u00f3n y sobre todo de precauci\u00f3n.\u201d<\/span><span data-ccp-props=\"{&quot;335559731&quot;:708}\">\u00a0<\/span><\/p>\n","protected":false},"excerpt":{"rendered":"<p>Asegur\u00f3 Mar\u00eda Cristina Mac Swiney en la charla \u201cLa vida de los murci\u00e9lagos: mitos y realidades sobre la transmisi\u00f3n de enfermedades al ser humano\u201d\u00a0<\/p>\n","protected":false},"author":1869,"featured_media":87684,"comment_status":"closed","ping_status":"closed","sticky":false,"template":"","format":"standard","meta":{"footnotes":""},"categories":[45,61],"tags":[],"class_list":["post-87674","post","type-post","status-publish","format-standard","has-post-thumbnail","hentry","category-ciencia","category-banner"],"_links":{"self":[{"href":"https:\/\/www.uv.mx\/prensa\/wp-json\/wp\/v2\/posts\/87674","targetHints":{"allow":["GET"]}}],"collection":[{"href":"https:\/\/www.uv.mx\/prensa\/wp-json\/wp\/v2\/posts"}],"about":[{"href":"https:\/\/www.uv.mx\/prensa\/wp-json\/wp\/v2\/types\/post"}],"author":[{"embeddable":true,"href":"https:\/\/www.uv.mx\/prensa\/wp-json\/wp\/v2\/users\/1869"}],"replies":[{"embeddable":true,"href":"https:\/\/www.uv.mx\/prensa\/wp-json\/wp\/v2\/comments?post=87674"}],"version-history":[{"count":0,"href":"https:\/\/www.uv.mx\/prensa\/wp-json\/wp\/v2\/posts\/87674\/revisions"}],"wp:featuredmedia":[{"embeddable":true,"href":"https:\/\/www.uv.mx\/prensa\/wp-json\/wp\/v2\/media\/87684"}],"wp:attachment":[{"href":"https:\/\/www.uv.mx\/prensa\/wp-json\/wp\/v2\/media?parent=87674"}],"wp:term":[{"taxonomy":"category","embeddable":true,"href":"https:\/\/www.uv.mx\/prensa\/wp-json\/wp\/v2\/categories?post=87674"},{"taxonomy":"post_tag","embeddable":true,"href":"https:\/\/www.uv.mx\/prensa\/wp-json\/wp\/v2\/tags?post=87674"}],"curies":[{"name":"wp","href":"https:\/\/api.w.org\/{rel}","templated":true}]}}