{"id":87459,"date":"2020-09-14T08:00:05","date_gmt":"2020-09-14T13:00:05","guid":{"rendered":"https:\/\/www.uv.mx\/prensa\/?p=87459"},"modified":"2020-09-14T14:08:57","modified_gmt":"2020-09-14T19:08:57","slug":"fime-uv-reestructuro-su-programa-educativo-en-las-cinco-regiones","status":"publish","type":"post","link":"https:\/\/www.uv.mx\/prensa\/banner\/fime-uv-reestructuro-su-programa-educativo-en-las-cinco-regiones\/","title":{"rendered":"FIME-UV reestructur\u00f3 su programa educativo en las cinco regiones\u00a0"},"content":{"rendered":"<ul>\n<li data-leveltext=\"\uf0b7\" data-font=\"Symbol\" data-listid=\"1\" data-aria-posinset=\"1\" data-aria-level=\"1\"><i><span data-contrast=\"auto\">A partir del ciclo escolar<\/span><\/i><i><span data-contrast=\"auto\"> 2020-2021, los alumnos de nuevo ingreso cursar\u00e1n la<\/span><\/i> <i><span data-contrast=\"auto\">L<\/span><\/i><i><span data-contrast=\"auto\">icenciatura en Ingenier\u00eda Mec\u00e1nica El\u00e9ctrica<\/span><\/i><span data-ccp-props=\"{&quot;134233279&quot;:true,&quot;201341983&quot;:0,&quot;335559739&quot;:160,&quot;335559740&quot;:240}\">\u00a0<\/span><\/li>\n<li data-leveltext=\"\uf0b7\" data-font=\"Symbol\" data-listid=\"1\" data-aria-posinset=\"2\" data-aria-level=\"1\"><i><span data-contrast=\"auto\">Fue aprobado por el Consejo Universitario General, el pasado 21 de agosto<\/span><\/i><\/li>\n<li data-leveltext=\"\uf0b7\" data-font=\"Symbol\" data-listid=\"1\" data-aria-posinset=\"2\" data-aria-level=\"1\"><i><span data-contrast=\"auto\">Durante 16 a\u00f1os se imparti\u00f3 como Ingenier\u00eda <\/span><\/i><i><span data-contrast=\"auto\">Mec\u00e1nica e Ingenier\u00eda El\u00e9ctrica<\/span><\/i><span data-ccp-props=\"{&quot;134233279&quot;:true,&quot;201341983&quot;:0,&quot;335559739&quot;:160,&quot;335559740&quot;:240}\"><br \/>\n<\/span><\/li>\n<\/ul>\n<div id=\"attachment_82308\" style=\"width: 732px\" class=\"wp-caption aligncenter\"><a href=\"https:\/\/www.uv.mx\/prensa\/files\/2020\/04\/300320-FIME-XALAPA-1-100k.jpg\"><img loading=\"lazy\" decoding=\"async\" aria-describedby=\"caption-attachment-82308\" class=\"size-full wp-image-82308\" src=\"https:\/\/www.uv.mx\/prensa\/files\/2020\/04\/300320-FIME-XALAPA-1-100k.jpg\" alt=\"\" width=\"722\" height=\"482\" srcset=\"https:\/\/www.uv.mx\/prensa\/files\/2020\/04\/300320-FIME-XALAPA-1-100k.jpg 722w, https:\/\/www.uv.mx\/prensa\/files\/2020\/04\/300320-FIME-XALAPA-1-100k-300x200.jpg 300w\" sizes=\"auto, (max-width: 722px) 100vw, 722px\" \/><\/a><p id=\"caption-attachment-82308\" class=\"wp-caption-text\"><span data-contrast=\"auto\">Francisco <\/span><span data-contrast=\"auto\">Rica\u00f1o<\/span><span data-contrast=\"auto\"> Herrera, director de la FIME-Xalapa<\/span><span data-ccp-props=\"{&quot;201341983&quot;:0,&quot;335559739&quot;:160,&quot;335559740&quot;:240}\">\u00a0<\/span><\/p><\/div>\n<p><span data-ccp-props=\"{&quot;201341983&quot;:0,&quot;335559739&quot;:160,&quot;335559740&quot;:240}\">\u00a0<\/span><b><i><span data-contrast=\"auto\">Claudia Peralta V\u00e1zquez<\/span><\/i><\/b><span data-ccp-props=\"{&quot;201341983&quot;:0,&quot;335559739&quot;:160,&quot;335559740&quot;:240}\">\u00a0<\/span><\/p>\n<p><b><i><span data-contrast=\"auto\">1<\/span><\/i><\/b><b><i><span data-contrast=\"auto\">4<\/span><\/i><\/b><b><i><span data-contrast=\"auto\">\/<\/span><\/i><\/b><b><i><span data-contrast=\"auto\">09<\/span><\/i><\/b><b><i><span data-contrast=\"auto\">\/<\/span><\/i><\/b><b><i><span data-contrast=\"auto\">20<\/span><\/i><\/b><b><i><span data-contrast=\"auto\">20<\/span><\/i><\/b><b><i><span data-contrast=\"auto\">, Xalapa, <\/span><\/i><\/b><b><i><span data-contrast=\"auto\">Ver.-<\/span><\/i><\/b> <span data-contrast=\"auto\">La <a href=\"https:\/\/www.uv.mx\/fime\/\" target=\"_blank\" rel=\"noopener noreferrer\">Facultad de Ingenier\u00eda Mec\u00e1nica El\u00e9ctrica<\/a> <\/span><span data-contrast=\"auto\">(FIME) de la Universidad Veracruzana (UV), en <\/span><span data-contrast=\"auto\">su<\/span><span data-contrast=\"auto\">s<\/span><span data-contrast=\"auto\"> cinco regiones, re<\/span><span data-contrast=\"auto\">e<\/span><span data-contrast=\"auto\">structur\u00f3 su programa educativo<\/span><span data-contrast=\"auto\"> (PE)<\/span><span data-contrast=\"auto\"> y plan de estudios<\/span><span data-contrast=\"auto\">, por lo que a partir del presente ciclo escolar 2020-2021 los alumnos de nuevo ingreso cursar\u00e1n la <\/span><span data-contrast=\"auto\">L<\/span><span data-contrast=\"auto\">icenciatura en Ingenier\u00eda Mec\u00e1nica El\u00e9ctrica.<\/span><span data-ccp-props=\"{&quot;201341983&quot;:0,&quot;335559739&quot;:160,&quot;335559740&quot;:240}\">\u00a0<\/span><\/p>\n<p><span data-contrast=\"auto\">Esta modificaci\u00f3n fue aprobada <\/span><span data-contrast=\"auto\">inicialmente <\/span><span data-contrast=\"auto\">por el Consejo Universitario de \u00c1rea y, posteriormente, por el Consejo Universitario General (CUG), en sesi\u00f3n del<\/span><span data-contrast=\"auto\"> pasado<\/span><span data-contrast=\"auto\"> 21 de agosto<\/span><span data-contrast=\"auto\">.<\/span><span data-ccp-props=\"{&quot;201341983&quot;:0,&quot;335559739&quot;:160,&quot;335559740&quot;:240}\">\u00a0<\/span><\/p>\n<p><span data-contrast=\"auto\">Francisco <\/span><span data-contrast=\"auto\">Rica\u00f1o<\/span><span data-contrast=\"auto\"> Herrera, director de la FIME-Xalapa y representante de las cinco facultades dentro del Consejo Universitario de \u00c1rea, manifest\u00f3 que este proceso surgi\u00f3 a ra\u00edz de los requerimientos expuestos por la industria y empleadores, de que era necesario unificar nuevamente el doble perfil de los universitarios en u<\/span><span data-contrast=\"auto\">n solo PE.<\/span><span data-ccp-props=\"{&quot;201341983&quot;:0,&quot;335559739&quot;:160,&quot;335559740&quot;:240}\">\u00a0<\/span><\/p>\n<p><span data-contrast=\"auto\">Se\u00f1al\u00f3 que a pesar de que las oportunidades laborales tanto para el <\/span><span data-contrast=\"auto\">i<\/span><span data-contrast=\"auto\">ngeniero <\/span><span data-contrast=\"auto\">m<\/span><span data-contrast=\"auto\">ec\u00e1nico como para el <\/span><span data-contrast=\"auto\">i<\/span><span data-contrast=\"auto\">ngeniero <\/span><span data-contrast=\"auto\">e<\/span><span data-contrast=\"auto\">l\u00e9ctrico eran muy amplias, <\/span><span data-contrast=\"auto\">evidentemente el doble perfil le<\/span><span data-contrast=\"auto\">s brinda<\/span><span data-contrast=\"auto\"> una <\/span><span data-contrast=\"auto\">mayor <\/span><span data-contrast=\"auto\">fortaleza<\/span><span data-contrast=\"auto\">.<\/span><span data-ccp-props=\"{&quot;201341983&quot;:0,&quot;335559739&quot;:160,&quot;335559740&quot;:240}\">\u00a0<\/span><\/p>\n<p><span data-contrast=\"auto\">Por ello, hace aproximadamente un a\u00f1o <\/span><span data-contrast=\"auto\">iniciaron<\/span><span data-contrast=\"auto\"> un trabajo encaminado hacia la recolecci\u00f3n de <\/span><span data-contrast=\"auto\">informaci\u00f3n<\/span><span data-contrast=\"auto\">, justamente para darle validez a la <\/span><span data-contrast=\"auto\">solicitud de los empleadores.<\/span><span data-ccp-props=\"{&quot;201341983&quot;:0,&quot;335559731&quot;:708,&quot;335559739&quot;:160,&quot;335559740&quot;:240}\">\u00a0<\/span><\/p>\n<p><span data-contrast=\"auto\">\u201c<\/span><span data-contrast=\"auto\">A trav\u00e9s de un an\u00e1lisis de las necesidades sociales se captur\u00f3 toda esta informaci\u00f3n y <\/span><span data-contrast=\"auto\">se <\/span><span data-contrast=\"auto\">decidi\u00f3 que era necesario regresar a los or\u00edgenes<\/span><span data-contrast=\"auto\">.\u201d<\/span><span data-ccp-props=\"{&quot;201341983&quot;:0,&quot;335559731&quot;:708,&quot;335559739&quot;:160,&quot;335559740&quot;:240}\">\u00a0<\/span><\/p>\n<p><span data-contrast=\"auto\">\u00a0<\/span><span data-contrast=\"auto\">Rica\u00f1o<\/span><span data-contrast=\"auto\"> Herrera mencion\u00f3 que<\/span><span data-contrast=\"auto\">, en un principio, cuan<\/span><span data-contrast=\"auto\">do se fund\u00f3 la FIME, surgi\u00f3 la L<\/span><span data-contrast=\"auto\">icenciatura en Ingenier\u00eda Mec\u00e1nica El\u00e9ctrica, pero posteriormente el PE fue re<\/span><span data-contrast=\"auto\">e<\/span><span data-contrast=\"auto\">structurado y <\/span><span data-contrast=\"auto\">dividido en Ingenier\u00eda Mec\u00e1nica e Ingenier\u00eda El\u00e9ctrica, y as\u00ed permaneci\u00f3 durante 16 a\u00f1os.<\/span><span data-ccp-props=\"{&quot;201341983&quot;:0,&quot;335559731&quot;:708,&quot;335559739&quot;:160,&quot;335559740&quot;:240}\">\u00a0<\/span><\/p>\n<p><span data-contrast=\"auto\">Esto<\/span><span data-contrast=\"auto\"> se debi\u00f3 a que en alg\u00fan momento las necesidades sociales as\u00ed lo determinaron<\/span><span data-contrast=\"auto\">,<\/span><span data-contrast=\"auto\"> como <\/span><span data-contrast=\"auto\">ahora <\/span><span data-contrast=\"auto\">es el caso<\/span> <span data-contrast=\"auto\">con esta nueva modificaci\u00f3n<\/span><span data-contrast=\"auto\">.<\/span><span data-ccp-props=\"{&quot;201341983&quot;:0,&quot;335559731&quot;:708,&quot;335559739&quot;:160,&quot;335559740&quot;:240}\">\u00a0<\/span><\/p>\n<p><span data-contrast=\"auto\">\u201cE<\/span><span data-contrast=\"auto\">s tiempo de regresar al origen<\/span><span data-contrast=\"auto\">, los PE<\/span><span data-contrast=\"auto\"> son entes vivos y dan respuesta a las necesidades espec\u00edficas del contexto<\/span><span data-contrast=\"auto\">.<\/span><span data-contrast=\"auto\">\u201d<\/span><span data-ccp-props=\"{&quot;201341983&quot;:0,&quot;335559731&quot;:708,&quot;335559739&quot;:160,&quot;335559740&quot;:240}\">\u00a0<\/span><\/p>\n<p><span data-contrast=\"auto\">Dio a conocer <\/span><span data-contrast=\"auto\">que<\/span><span data-contrast=\"auto\">,<\/span><span data-contrast=\"auto\"> para c<\/span><span data-contrast=\"auto\">oncretar este proceso, de cada F<\/span><span data-contrast=\"auto\">acultad <\/span><span data-contrast=\"auto\">surgi<\/span><span data-contrast=\"auto\">eron <\/span><span data-contrast=\"auto\">comisiones encargadas <\/span><span data-contrast=\"auto\">en<\/span><span data-contrast=\"auto\"> el redise\u00f1o del<\/span><span data-contrast=\"auto\"> PE, <\/span><span data-contrast=\"auto\">apegado a los lineamientos <\/span><span data-contrast=\"auto\">de<\/span><span data-contrast=\"auto\"> la UV<\/span><span data-contrast=\"auto\">, lo que sin duda sig<\/span><span data-contrast=\"auto\">nific\u00f3 un trabajo arduo entre la<\/span><span data-contrast=\"auto\">s cinco <\/span><span data-contrast=\"auto\">regiones<\/span><span data-contrast=\"auto\">.<\/span><span data-ccp-props=\"{&quot;201341983&quot;:0,&quot;335559739&quot;:160,&quot;335559740&quot;:240}\">\u00a0<\/span><\/p>\n<p><span data-contrast=\"auto\">Lo anterior implic\u00f3 un <\/span><span data-contrast=\"auto\">an\u00e1lisis exhaustivo de todo<\/span> <span data-contrast=\"auto\">e<\/span><span data-contrast=\"auto\">l<\/span><span data-contrast=\"auto\"> curr\u00edculo, mismo que fue r<\/span><span data-contrast=\"auto\">e<\/span><span data-contrast=\"auto\">estructurado<\/span><span data-contrast=\"auto\"> pues <\/span><span data-contrast=\"auto\">se<\/span><span data-contrast=\"auto\"> demostr\u00f3 que se requer\u00eda particularizar las 11 experiencias educativas (EE) del tronco com\u00fan. De esta forma se redujeron a cuatro \u00fanicamente.<\/span><span data-ccp-props=\"{&quot;201341983&quot;:0,&quot;335559731&quot;:708,&quot;335559739&quot;:160,&quot;335559740&quot;:240}\">\u00a0<\/span><\/p>\n<p><span data-contrast=\"auto\">Asimismo, s<\/span><span data-contrast=\"auto\">e fortaleci\u00f3 el \u00e1rea disciplinaria, se integr<\/span><span data-contrast=\"auto\">aron <\/span><span data-contrast=\"auto\">como obligatorias las pr\u00e1cticas profesionales<\/span> <span data-contrast=\"auto\">y se anex\u00f3 tambi\u00e9n <\/span><span data-contrast=\"auto\">la <\/span><span data-contrast=\"auto\">certifica<\/span><span data-contrast=\"auto\">ci\u00f3n de<\/span><span data-contrast=\"auto\"> cierto nivel del idioma ingl\u00e9s.<\/span><span data-ccp-props=\"{&quot;201341983&quot;:0,&quot;335559731&quot;:708,&quot;335559739&quot;:160,&quot;335559740&quot;:240}\">\u00a0<\/span><\/p>\n<p><span data-contrast=\"auto\">Reiter\u00f3 que esto fue avalado en un principio por el <\/span><span data-contrast=\"auto\">Consejo Universitari<\/span><span data-contrast=\"auto\">o<\/span><span data-contrast=\"auto\"> de \u00c1rea, <\/span><span data-contrast=\"auto\">encabezado por los directores de las cinco facultades, <\/span><span data-contrast=\"auto\">representantes alumnos, consejeros maestros<\/span><span data-contrast=\"auto\"> e invitados especiales<\/span><span data-contrast=\"auto\">, en una reuni\u00f3n celebrada de manera virtual en julio del presente a\u00f1o.<\/span><span data-ccp-props=\"{&quot;201341983&quot;:0,&quot;335559739&quot;:160,&quot;335559740&quot;:240}\">\u00a0<\/span><\/p>\n<p><span data-contrast=\"auto\">L<\/span><span data-contrast=\"auto\">a <\/span><span data-contrast=\"auto\">Direcci\u00f3n General de Desarrollo Acad\u00e9mico<\/span> <span data-contrast=\"auto\">e Innovaci\u00f3n Educativa <\/span><span data-contrast=\"auto\">tambi\u00e9n <\/span><span data-contrast=\"auto\">dio su visto bueno<\/span><span data-contrast=\"auto\">, toda vez que<\/span><span data-contrast=\"auto\"> es la entidad encargada de la r<\/span><span data-contrast=\"auto\">e<\/span><span data-contrast=\"auto\">e<\/span><span data-contrast=\"auto\">structuraci\u00f3n de planes y programas de estudio<\/span><span data-contrast=\"auto\">.<\/span><span data-ccp-props=\"{&quot;201341983&quot;:0,&quot;335559731&quot;:708,&quot;335559739&quot;:160,&quot;335559740&quot;:240}\">\u00a0<\/span><\/p>\n<p><span data-contrast=\"auto\">Francisco <\/span><span data-contrast=\"auto\">Rica\u00f1o<\/span> <span data-contrast=\"auto\">no dud\u00f3 en que la demanda para esta car<\/span><span data-contrast=\"auto\">rera se incremente cada vez m\u00e1s;<\/span><span data-contrast=\"auto\"> sin embargo, <\/span><span data-contrast=\"auto\">durante el presente periodo se <\/span><span data-contrast=\"auto\">ofertan 180 plazas<\/span><span data-contrast=\"auto\">.<\/span><span data-ccp-props=\"{&quot;201341983&quot;:0,&quot;335559739&quot;:160,&quot;335559740&quot;:240}\">\u00a0<\/span><\/p>\n<p><span data-contrast=\"auto\">Dijo<\/span><span data-contrast=\"auto\"> que<\/span><span data-contrast=\"auto\">,<\/span><span data-contrast=\"auto\"> de forma separada, los PE de Ingenier\u00eda<\/span><span data-contrast=\"auto\"> Mec\u00e1nica<\/span><span data-contrast=\"auto\"> e Ingenier\u00eda<\/span><span data-contrast=\"auto\"> El\u00e9ctrica <\/span><span data-contrast=\"auto\">se encuentran <\/span><span data-contrast=\"auto\">acreditados<\/span><span data-contrast=\"auto\">. En este sentido, se<\/span><span data-contrast=\"auto\"> buscar\u00e1<\/span> <span data-contrast=\"auto\">conseguir esta aprobaci\u00f3n con el de<\/span><span data-contrast=\"auto\"> Ingenier\u00eda Mec\u00e1nica El\u00e9ctrica<\/span><span data-contrast=\"auto\">, <\/span><span data-contrast=\"auto\">y se ponderar\u00e1 el<\/span> <span data-contrast=\"auto\">seguimiento de sus egresados.<\/span><span data-ccp-props=\"{&quot;201341983&quot;:0,&quot;335559731&quot;:708,&quot;335559739&quot;:160,&quot;335559740&quot;:240}\">\u00a0<\/span><\/p>\n","protected":false},"excerpt":{"rendered":"<p>\u201cA trav\u00e9s de un an\u00e1lisis de las necesidades sociales se captur\u00f3 toda esta informaci\u00f3n y se decidi\u00f3 que era necesario regresar a los or\u00edgenes\u201d: Francisco Rica\u00f1o Herrera, director de la FIME-Xalapa\u00a0<\/p>\n","protected":false},"author":1869,"featured_media":87460,"comment_status":"closed","ping_status":"closed","sticky":false,"template":"","format":"standard","meta":{"footnotes":""},"categories":[61],"tags":[],"class_list":["post-87459","post","type-post","status-publish","format-standard","has-post-thumbnail","hentry","category-banner"],"_links":{"self":[{"href":"https:\/\/www.uv.mx\/prensa\/wp-json\/wp\/v2\/posts\/87459","targetHints":{"allow":["GET"]}}],"collection":[{"href":"https:\/\/www.uv.mx\/prensa\/wp-json\/wp\/v2\/posts"}],"about":[{"href":"https:\/\/www.uv.mx\/prensa\/wp-json\/wp\/v2\/types\/post"}],"author":[{"embeddable":true,"href":"https:\/\/www.uv.mx\/prensa\/wp-json\/wp\/v2\/users\/1869"}],"replies":[{"embeddable":true,"href":"https:\/\/www.uv.mx\/prensa\/wp-json\/wp\/v2\/comments?post=87459"}],"version-history":[{"count":0,"href":"https:\/\/www.uv.mx\/prensa\/wp-json\/wp\/v2\/posts\/87459\/revisions"}],"wp:featuredmedia":[{"embeddable":true,"href":"https:\/\/www.uv.mx\/prensa\/wp-json\/wp\/v2\/media\/87460"}],"wp:attachment":[{"href":"https:\/\/www.uv.mx\/prensa\/wp-json\/wp\/v2\/media?parent=87459"}],"wp:term":[{"taxonomy":"category","embeddable":true,"href":"https:\/\/www.uv.mx\/prensa\/wp-json\/wp\/v2\/categories?post=87459"},{"taxonomy":"post_tag","embeddable":true,"href":"https:\/\/www.uv.mx\/prensa\/wp-json\/wp\/v2\/tags?post=87459"}],"curies":[{"name":"wp","href":"https:\/\/api.w.org\/{rel}","templated":true}]}}