{"id":87452,"date":"2020-09-13T08:01:20","date_gmt":"2020-09-13T13:01:20","guid":{"rendered":"https:\/\/www.uv.mx\/prensa\/?p=87452"},"modified":"2020-09-14T11:46:12","modified_gmt":"2020-09-14T16:46:12","slug":"uv-realizara-1er-pianoton-del-14-de-septiembre-al-15-de-octubre","status":"publish","type":"post","link":"https:\/\/www.uv.mx\/prensa\/eventos\/uv-realizara-1er-pianoton-del-14-de-septiembre-al-15-de-octubre\/","title":{"rendered":"UV realizar\u00e1 1er Pianot\u00f3n, del 14 de septiembre al 15 de octubre"},"content":{"rendered":"<ul>\n<li data-leveltext=\"\uf0b7\" data-font=\"Symbol\" data-listid=\"5\" data-aria-posinset=\"1\" data-aria-level=\"1\"><i><span data-contrast=\"none\">A trav\u00e9s de <\/span><\/i><i><span data-contrast=\"none\">este evento<\/span><\/i> <i><span data-contrast=\"none\">se invita a la poblaci\u00f3n a donar instru<\/span><\/i><i><span data-contrast=\"none\">mentos de tecla que no utilice<\/span><\/i><i><span data-contrast=\"none\">n, destinados<\/span><\/i> <i><span data-contrast=\"none\">a estudiantes de <\/span><\/i><i><span data-contrast=\"none\">la Facultad de <\/span><\/i><i><span data-contrast=\"none\">M\u00fasica<\/span><\/i><span data-ccp-props=\"{}\">\u00a0<\/span><\/li>\n<\/ul>\n<div id=\"attachment_87454\" style=\"width: 491px\" class=\"wp-caption aligncenter\"><a href=\"https:\/\/www.uv.mx\/prensa\/files\/2020\/09\/130920-Pianoton-100k-e1599870498441.jpg\"><img loading=\"lazy\" decoding=\"async\" aria-describedby=\"caption-attachment-87454\" class=\"wp-image-87454 size-full\" src=\"https:\/\/www.uv.mx\/prensa\/files\/2020\/09\/130920-Pianoton-100k-e1599870498441.jpg\" alt=\"Se espera beneficiar a alrededor de 40 estudiantes \" width=\"481\" height=\"481\" \/><\/a><p id=\"caption-attachment-87454\" class=\"wp-caption-text\">Se espera beneficiar a alrededor de 40 estudiantes<\/p><\/div>\n<p><b><i><span data-contrast=\"none\">Carlos Hugo Hermida Rosales<\/span><\/i><\/b><span data-ccp-props=\"{}\">\u00a0<\/span><\/p>\n<p><b><i><span data-contrast=\"none\">1<\/span><\/i><\/b><b><i><span data-contrast=\"none\">3<\/span><\/i><\/b><b><i><span data-contrast=\"none\">\/09\/<\/span><\/i><\/b><b><i><span data-contrast=\"none\">2020<\/span><\/i><\/b><b><i><span data-contrast=\"none\">,<\/span><\/i><\/b> <b><i><span data-contrast=\"none\">Xalapa, <\/span><\/i><\/b><b><i><span data-contrast=\"none\">Ver.<\/span><\/i><\/b><b><i><span data-contrast=\"none\">&#8211;<\/span><\/i><\/b> <span data-contrast=\"none\">La <a href=\"https:\/\/www.uv.mx\/musica\/\" target=\"_blank\" rel=\"noopener noreferrer\">Facultad de M\u00fasica<\/a> de la Universidad Veracruzana (UV), en colaboraci\u00f3n con el <\/span><span data-contrast=\"none\">programa de <\/span><span data-contrast=\"none\">Volunt<\/span><span data-contrast=\"none\">ariado<\/span><span data-contrast=\"none\">,<\/span> <span data-contrast=\"none\">realizar\u00e1 del 14 de septiembre al 15 de octubre el 1er <\/span><span data-contrast=\"none\">Pianot\u00f3n<\/span><span data-contrast=\"none\">, a partir del cual esperan recaudar instrumentos de tecla para <\/span><span data-contrast=\"none\">que<\/span><span data-contrast=\"none\"> estudiantes de esta<\/span><span data-contrast=\"none\"> entidad acad\u00e9mica practiquen desde sus casas.<\/span><span data-ccp-props=\"{}\">\u00a0<\/span><\/p>\n<p><span data-contrast=\"none\">\u00c1lvaro Hern\u00e1ndez Jarqu\u00edn, <\/span><span data-contrast=\"none\">director de la Facultad de M\u00fasica, mencion\u00f3 que <\/span><span data-contrast=\"none\">el <\/span><span data-contrast=\"none\">1er <\/span><span data-contrast=\"none\">Pianot\u00f3n<\/span><span data-contrast=\"none\"> surgi\u00f3 a idea de las docentes Isabel Ladr\u00f3n de Guevara y Esmeralda Pazos Aguilar, <\/span><span data-contrast=\"none\">ante<\/span> <span data-contrast=\"none\">la necesidad <\/span><span data-contrast=\"none\">de los <\/span><span data-contrast=\"none\">alumnos de las licenciaturas en M\u00fasica y en Educaci\u00f3n Musical de contar con un piano, \u00f3rgano o teclado para <\/span><span data-contrast=\"none\">tomar sus clases.<\/span><span data-ccp-props=\"{&quot;335559731&quot;:708}\">\u00a0<\/span><\/p>\n<p><span data-contrast=\"none\">Coment\u00f3 que uno de los principales problemas <\/span><span data-contrast=\"none\">que <\/span><span data-contrast=\"none\">los docentes de la Facultad de M\u00fasica <\/span><span data-contrast=\"none\">han tenido al impartir c\u00e1tedra <\/span><span data-contrast=\"none\">de manera virtual<\/span><span data-contrast=\"none\">,<\/span> <span data-contrast=\"none\">durante el confinamiento produc<\/span><span data-contrast=\"none\">ido por la Pandemia de Covid-19, <\/span><span data-contrast=\"none\">ha sido con la experiencia educativa Piano Complementario, en la que los estudiantes requieren utilizar un instrumento de tecla para cursarla.\u00a0<\/span><span data-ccp-props=\"{&quot;335559731&quot;:708}\">\u00a0<\/span><\/p>\n<p><span data-contrast=\"none\">Enunci\u00f3<\/span><span data-contrast=\"none\"> que aunque los acad\u00e9micos han abordado este contratiempo de forma creativa e instaurado <\/span><span data-contrast=\"none\">estrategias <\/span><span data-contrast=\"none\">de aprendizaje altern<\/span><span data-contrast=\"none\">o<\/span><span data-contrast=\"none\">, los estudiantes necesitan utilizar un piano, \u00f3rgano o teclado para practicar,<\/span><span data-contrast=\"none\"> escucharse y mover sus dedos <\/span><span data-contrast=\"none\">y <\/span><span data-contrast=\"none\">desarrollar competencias.<\/span><span data-contrast=\"none\">\u00a0<\/span><span data-ccp-props=\"{&quot;335559731&quot;:708}\">\u00a0<\/span><\/p>\n<p><span data-contrast=\"none\">Manifest\u00f3 que <\/span><span data-contrast=\"none\">son muy pocos los <\/span><span data-contrast=\"none\">alumnos <\/span><span data-contrast=\"none\">que<\/span><span data-contrast=\"none\"> tienen un instrumento de tecla en su hogar, por lo que a trav\u00e9s del 1er <\/span><span data-contrast=\"none\">Pianot\u00f3n<\/span><span data-contrast=\"none\"> se pide a las personas que cuentan con uno y no lo utilizan lo donen a estos estudiantes para que <\/span><span data-contrast=\"none\">contin\u00faen<\/span><span data-contrast=\"none\"> su formaci\u00f3n de una manera efectiva.\u00a0<\/span><span data-ccp-props=\"{&quot;335559731&quot;:708}\">\u00a0<\/span><\/p>\n<p><span data-contrast=\"none\">Isabel<\/span><span data-contrast=\"none\"> Ladr\u00f3n de Guevara mencion\u00f3 que algunas personas <\/span><span data-contrast=\"none\">tiene<\/span><span data-contrast=\"none\">n<\/span><span data-contrast=\"none\"> un equipo electr\u00f3nico que ya dejaron de usar y <\/span><span data-contrast=\"none\">est\u00e1<\/span><span data-contrast=\"none\"> guardado, y que a trav\u00e9s del 1er <\/span><span data-contrast=\"none\">Pianot\u00f3n<\/span><span data-contrast=\"none\"> podr\u00e1n donarlo y beneficiar a un m\u00fasico en potencia que <\/span><span data-contrast=\"none\">necesita<\/span><span data-contrast=\"none\"> de \u00e9l para tomar sus clases adecuadamente.\u00a0<\/span><span data-ccp-props=\"{&quot;335559731&quot;:708}\">\u00a0<\/span><\/p>\n<p><span data-contrast=\"none\">Comparti\u00f3 que son alrededor de 40 estudiantes los que requieren este apoyo, por lo que se pide <\/span><span data-contrast=\"none\">la ayuda<\/span><span data-contrast=\"none\"> de la comunidad para conseguir igual n\u00famero de instrumentos, que apenas sean recibidos ser\u00e1n entregados a la brevedad a quienes har\u00e1n uso de ellos, ya que el semestre inicia el 14 de septiembre.\u00a0<\/span><span data-ccp-props=\"{&quot;335559731&quot;:708}\">\u00a0<\/span><\/p>\n<p><span data-contrast=\"none\">\u201cEsta donaci\u00f3n apoyar\u00e1 al desarrollo y p<\/span><span data-contrast=\"none\">roductividad de los estudiantes<\/span><span data-contrast=\"none\"> y permitir\u00e1 enriquecer su formaci\u00f3n\u201d, declar\u00f3.\u00a0<\/span><span data-ccp-props=\"{&quot;335559731&quot;:708}\">\u00a0<\/span><\/p>\n<p><span data-contrast=\"none\">Elia Mar\u00eda Beltr\u00e1n Coronel, titular del Voluntariado UV, explic\u00f3 que quienes deseen donar un instrumento de tecla tienen la opci\u00f3n de hacerlo sin salir de <\/span><span data-contrast=\"none\">su casa<\/span><span data-contrast=\"none\">, <\/span><span data-contrast=\"none\">s<\/span><span data-contrast=\"none\">\u00f3<\/span><span data-contrast=\"none\">lo deben escribir al correo <\/span><a href=\"mailto:casarectoria@gmail.com\"><span data-contrast=\"none\">casarectoria<\/span><span data-contrast=\"none\">@gmail.com<\/span><\/a> <span data-contrast=\"none\">para que personal de esta <\/span><b><span data-contrast=\"none\">dependencia <\/span><\/b><span data-contrast=\"none\">universitaria pase a recogerlo.<\/span><span data-ccp-props=\"{&quot;335559731&quot;:708}\">\u00a0<\/span><\/p>\n<p><span data-contrast=\"none\">\u00a0<\/span><span data-contrast=\"none\">Agreg\u00f3 que tambi\u00e9n <\/span><span data-contrast=\"none\">se cuenta<\/span><span data-contrast=\"none\"> con la opci\u00f3n de<\/span><span data-contrast=\"none\"> realizar<\/span><span data-contrast=\"none\"> la donaci\u00f3n <\/span><span data-contrast=\"none\">en las instalaciones de la Facultad de M\u00fasica<\/span><span data-contrast=\"none\">,<\/span> <span data-contrast=\"none\">ubicada en la calle Barrag\u00e1n <\/span><span data-contrast=\"none\">n\u00famero <\/span><span data-contrast=\"none\">32<\/span><span data-contrast=\"none\">,<\/span> <span data-contrast=\"none\">C<\/span><span data-contrast=\"none\">olonia Centro, <\/span><span data-contrast=\"none\">de lunes a viernes<\/span> <span data-contrast=\"none\">de 11:00 a 14:00 horas.\u00a0<\/span><span data-ccp-props=\"{&quot;335559731&quot;:708}\">\u00a0<\/span><\/p>\n","protected":false},"excerpt":{"rendered":"<p>Se invita a la poblaci\u00f3n a donar instrumentos de tecla para que estudiantes de M\u00fasica practiquen en sus casas <\/p>\n","protected":false},"author":1775,"featured_media":87454,"comment_status":"closed","ping_status":"closed","sticky":false,"template":"","format":"standard","meta":{"footnotes":""},"categories":[47],"tags":[],"class_list":["post-87452","post","type-post","status-publish","format-standard","has-post-thumbnail","hentry","category-eventos"],"_links":{"self":[{"href":"https:\/\/www.uv.mx\/prensa\/wp-json\/wp\/v2\/posts\/87452","targetHints":{"allow":["GET"]}}],"collection":[{"href":"https:\/\/www.uv.mx\/prensa\/wp-json\/wp\/v2\/posts"}],"about":[{"href":"https:\/\/www.uv.mx\/prensa\/wp-json\/wp\/v2\/types\/post"}],"author":[{"embeddable":true,"href":"https:\/\/www.uv.mx\/prensa\/wp-json\/wp\/v2\/users\/1775"}],"replies":[{"embeddable":true,"href":"https:\/\/www.uv.mx\/prensa\/wp-json\/wp\/v2\/comments?post=87452"}],"version-history":[{"count":0,"href":"https:\/\/www.uv.mx\/prensa\/wp-json\/wp\/v2\/posts\/87452\/revisions"}],"wp:featuredmedia":[{"embeddable":true,"href":"https:\/\/www.uv.mx\/prensa\/wp-json\/wp\/v2\/media\/87454"}],"wp:attachment":[{"href":"https:\/\/www.uv.mx\/prensa\/wp-json\/wp\/v2\/media?parent=87452"}],"wp:term":[{"taxonomy":"category","embeddable":true,"href":"https:\/\/www.uv.mx\/prensa\/wp-json\/wp\/v2\/categories?post=87452"},{"taxonomy":"post_tag","embeddable":true,"href":"https:\/\/www.uv.mx\/prensa\/wp-json\/wp\/v2\/tags?post=87452"}],"curies":[{"name":"wp","href":"https:\/\/api.w.org\/{rel}","templated":true}]}}