{"id":87435,"date":"2020-09-11T17:59:22","date_gmt":"2020-09-11T22:59:22","guid":{"rendered":"https:\/\/www.uv.mx\/prensa\/?p=87435"},"modified":"2020-09-11T18:27:17","modified_gmt":"2020-09-11T23:27:17","slug":"memorias-para-compartir-buen-viaje-a-alvaro-belin","status":"publish","type":"post","link":"https:\/\/www.uv.mx\/prensa\/banner\/memorias-para-compartir-buen-viaje-a-alvaro-belin\/","title":{"rendered":"Memorias para compartir, buen viaje a \u00c1lvaro Belin\u00a0"},"content":{"rendered":"<div id=\"attachment_87446\" style=\"width: 732px\" class=\"wp-caption aligncenter\"><a href=\"https:\/\/www.uv.mx\/prensa\/files\/2020\/09\/belin.jpg\"><img loading=\"lazy\" decoding=\"async\" aria-describedby=\"caption-attachment-87446\" class=\"size-full wp-image-87446\" src=\"https:\/\/www.uv.mx\/prensa\/files\/2020\/09\/belin.jpg\" alt=\"\" width=\"722\" height=\"508\" srcset=\"https:\/\/www.uv.mx\/prensa\/files\/2020\/09\/belin.jpg 722w, https:\/\/www.uv.mx\/prensa\/files\/2020\/09\/belin-300x211.jpg 300w\" sizes=\"auto, (max-width: 722px) 100vw, 722px\" \/><\/a><p id=\"caption-attachment-87446\" class=\"wp-caption-text\">\u00c1lvaro Belin Andrade fue titular de la otrora Direcci\u00f3n de Comunicaci\u00f3n Social de la Universidad Veracruzana entre 2002 y 2005<\/p><\/div>\n<p><b><i><span data-contrast=\"auto\">Adriana Jim\u00e9nez Cort\u00e9s<\/span><\/i><\/b><span data-ccp-props=\"{&quot;201341983&quot;:0,&quot;335559739&quot;:160,&quot;335559740&quot;:240}\">\u00a0<\/span><\/p>\n<p><b><i><span data-contrast=\"auto\">11\/09\/2020, Xalapa, <\/span><\/i><\/b><b><i><span data-contrast=\"auto\">Ver.-<\/span><\/i><\/b> <span data-contrast=\"auto\">El periodista veracruzano \u00c1<\/span><span data-contrast=\"auto\">lvaro <\/span><span data-contrast=\"auto\">Bel<\/span><span data-contrast=\"auto\">i<\/span><span data-contrast=\"auto\">n<\/span><span data-contrast=\"auto\"> Andrade, <\/span><span data-contrast=\"auto\">titular <\/span><span data-contrast=\"auto\">de<\/span><span data-contrast=\"auto\"> la otrora<\/span> <span data-contrast=\"auto\">Direcci\u00f3n de <\/span><span data-contrast=\"auto\">Comunicaci\u00f3n Social de la Universidad Veracruzana <\/span><span data-contrast=\"auto\">(UV) entre 2002 y 2005, <\/span><span data-contrast=\"auto\">y jefe del Departamento de Prensa <\/span><span data-contrast=\"auto\">de 1997 a 2002, <\/span><span data-contrast=\"auto\">falleci\u00f3 la noche del jueves 10 de septiembre en esta capital.\u00a0<\/span><span data-ccp-props=\"{&quot;201341983&quot;:0,&quot;335559739&quot;:160,&quot;335559740&quot;:240}\">\u00a0<\/span><\/p>\n<p><span data-contrast=\"auto\">Fue <\/span><span data-contrast=\"auto\">en <\/span><span data-contrast=\"auto\">su<\/span><span data-contrast=\"auto\"> etapa que surgieron dos publicaciones emblem\u00e1ticas de esta casa de estudios: <\/span><span data-contrast=\"auto\">la nueva era de <\/span><i><span data-contrast=\"none\">Gaceta <\/span><\/i><span data-contrast=\"none\">y <\/span><span data-contrast=\"none\">el semanario <\/span><i><span data-contrast=\"none\">Universo<\/span><\/i><span data-contrast=\"none\">, las cuales se han transformado y siguen vigentes hasta el d\u00eda de hoy.<\/span><span data-ccp-props=\"{&quot;201341983&quot;:0,&quot;335559731&quot;:708,&quot;335559739&quot;:160,&quot;335559740&quot;:240}\">\u00a0<\/span><\/p>\n<p><span data-contrast=\"auto\">Anoche y hoy temprano, leyendo semblanzas y comentarios acerca de \u00c1lvaro, muchos hablan de su trayectoria period\u00edstica, no menos importante<\/span><span data-contrast=\"auto\">,<\/span> <span data-contrast=\"auto\">p<\/span><span data-contrast=\"auto\">ero es m\u00e1s reconfortante hablar de la persona que fue.<\/span><span data-ccp-props=\"{&quot;201341983&quot;:0,&quot;335559731&quot;:708,&quot;335559739&quot;:160,&quot;335559740&quot;:240}\">\u00a0<\/span><\/p>\n<p><span data-contrast=\"auto\">De todos los amigos en com\u00fan y colegas de la redacci\u00f3n, comparto con ustedes siempre los buenos comentarios hacia su persona: buen amigo, siempre con alg\u00fan chiste ocurrente, todos con no una sino muchas experiencias o <\/span><span data-contrast=\"auto\">an\u00e9cdotas compartidas a su lado,<\/span><span data-contrast=\"auto\"> respetuoso de ideas, pero fuerte defensor de sus creencias, de sus valores y de su Xalapa querida sin olvidarse de San Rafael, Ver<\/span><span data-contrast=\"auto\">acruz, lugar que lo vio nacer.<\/span><span data-ccp-props=\"{&quot;201341983&quot;:0,&quot;335559731&quot;:708,&quot;335559739&quot;:160,&quot;335559740&quot;:240}\">\u00a0<\/span><\/p>\n<p><span data-contrast=\"auto\">Nuestro primer encuentro fue en una campa\u00f1a electoral de un candidato a gobernador del estado. \u00c1lvaro siempre destac\u00f3 por su buen humor, por esa sonrisa contagiosa, esa<\/span><span data-contrast=\"auto\"> mirada<\/span><span data-contrast=\"auto\"> p<\/span><span data-contrast=\"auto\">\u00ed<\/span><span data-contrast=\"auto\">car<\/span><span data-contrast=\"auto\">a <\/span><span data-contrast=\"auto\">y esa habilidad para <\/span><span data-contrast=\"auto\">hacer de un comentario pasajero<\/span><span data-contrast=\"auto\"> una charla larga, amena, diversa y que en ocasiones llevaba a temas de apasionadas pol\u00e9micas.<\/span><span data-ccp-props=\"{&quot;201341983&quot;:0,&quot;335559731&quot;:708,&quot;335559739&quot;:160,&quot;335559740&quot;:240}\">\u00a0<\/span><\/p>\n<p><span data-contrast=\"auto\">T<\/span><span data-contrast=\"auto\">uve la oportunidad de conocerlo en lo laboral y en lo personal. Siempre dispuesto, siempre presente, siempre oportuno. Como dicen por ah\u00ed: bien y de buenas. Y claro, no pod\u00edan faltar las diferencias de opini\u00f3n que siempre se respetaban.<\/span><span data-ccp-props=\"{&quot;201341983&quot;:0,&quot;335559731&quot;:708,&quot;335559739&quot;:160,&quot;335559740&quot;:240}\">\u00a0<\/span><\/p>\n<p><span data-contrast=\"auto\">Despu\u00e9s de algunos a\u00f1os, coincidimos en el Departamento de Prensa de la <\/span><span data-contrast=\"auto\">U<\/span><span data-contrast=\"auto\">V<\/span><span data-contrast=\"auto\">. Ahora era mi jefe. Comenzamos con un proyecto de trabajo que nos atrap\u00f3 desde el inicio, la creaci\u00f3n del semanario <\/span><i><span data-contrast=\"auto\">Universo<\/span><\/i><span data-contrast=\"auto\">, cuya primera edici\u00f3n fue el 30 de octubre del <\/span><span data-contrast=\"auto\">a\u00f1o <\/span><span data-contrast=\"auto\">2000<\/span><span data-contrast=\"auto\">, el <\/span><span data-contrast=\"auto\">cual nos dej\u00f3 no s\u00f3lo d\u00edas y noches de desvelo y aprendizaje, sino adem\u00e1s la oportunidad de que quienes conform\u00e1bamos el equipo inicial comparti\u00e9ramos d\u00edas, meses y a\u00f1os comprometidos, pero tambi\u00e9n divertidos. Siempre tuvo la disposici\u00f3n de escuchar si alguien lo buscaba no como jefe, sino como amigo, siempre sereno, siempre bromista, y vale decirlo, a veces tambi\u00e9n con altibajos y tensiones. Nos abri\u00f3 las puertas de su casa, del afecto de su familia, de su esposa e hijos. Y <\/span><span data-contrast=\"auto\">con eso, con<\/span><span data-contrast=\"auto\"> lo bueno,<\/span><span data-contrast=\"auto\"> con eso nos quedamos.<\/span><span data-ccp-props=\"{&quot;201341983&quot;:0,&quot;335559731&quot;:708,&quot;335559739&quot;:160,&quot;335559740&quot;:240}\">\u00a0<\/span><\/p>\n<p><span data-contrast=\"auto\">A todos los que te conocimos, hoy nos toca decirte hasta pronto. Buen viaje querido amigo y gracias por lo que nos ense\u00f1aste: a vivir de la mejor manera posible.<\/span><span data-ccp-props=\"{&quot;201341983&quot;:0,&quot;335559731&quot;:708,&quot;335559739&quot;:160,&quot;335559740&quot;:240}\">\u00a0<\/span><\/p>\n<p><span data-ccp-props=\"{&quot;201341983&quot;:0,&quot;335559739&quot;:160,&quot;335559740&quot;:240}\">\u00a0<\/span><\/p>\n<p><b><span data-contrast=\"auto\">Trayectoria<\/span><\/b><span data-ccp-props=\"{&quot;201341983&quot;:0,&quot;335559739&quot;:160,&quot;335559740&quot;:240}\">\u00a0<\/span><\/p>\n<p><span data-contrast=\"auto\">Periodista y S<\/span><span data-contrast=\"auto\">ubdirector del portal digital <\/span><i><span data-contrast=\"auto\">Formato Siete<\/span><\/i><span data-contrast=\"auto\">, se desempe\u00f1aba como colaborador en diversos medios impresos y electr\u00f3nicos con su columna \u201cHora Libre\u201d, <\/span><span data-contrast=\"auto\">L<\/span><span data-contrast=\"auto\">icenciado en Derecho por la UV, contaba adem\u00e1s con estudios inconclusos en Sociolog\u00eda por la Universidad Aut\u00f3noma de la Ciudad de M\u00e9xico.<\/span><span data-ccp-props=\"{&quot;201341983&quot;:0,&quot;335559739&quot;:160,&quot;335559740&quot;:240}\">\u00a0<\/span><\/p>\n<p><span data-contrast=\"auto\">Su trayectoria como colaborador en los medios de comunicaci\u00f3n en Xalapa fue siempre continua, no s\u00f3lo como periodista<\/span><span data-contrast=\"auto\">,<\/span><span data-contrast=\"auto\"> sino tambi\u00e9n liderando importantes cargos en la Legislatura local y en otras \u00e1reas de gobierno.<\/span><span data-ccp-props=\"{&quot;201341983&quot;:0,&quot;335559731&quot;:708,&quot;335559739&quot;:160,&quot;335559740&quot;:240}\">\u00a0<\/span><\/p>\n<p><span data-contrast=\"auto\">Destaca su desempe\u00f1o como jefe del Departamento de Prensa de la UV y posteriormente como Director de Comunicaci\u00f3n<\/span> <span data-contrast=\"auto\">de esta c<\/span><span data-contrast=\"auto\">asa de <\/span><span data-contrast=\"auto\">e<\/span><span data-contrast=\"auto\">studio<\/span><span data-contrast=\"auto\">s<\/span><span data-contrast=\"auto\">.<\/span><span data-ccp-props=\"{&quot;201341983&quot;:0,&quot;335559731&quot;:708,&quot;335559739&quot;:160,&quot;335559740&quot;:240}\">\u00a0<\/span><\/p>\n<p><span data-contrast=\"auto\">Asimismo, colabor\u00f3 en diversos f<\/span><span data-contrast=\"auto\">oros y <\/span><span data-contrast=\"auto\">c<\/span><span data-contrast=\"auto\">ongresos en el \u00e1mbito internacional, particip\u00f3 en publicaciones en medios impresos y obtuvo diferentes reconocimientos por su labor en el \u00e1mbito de la comunicaci\u00f3n, destacando el Reconocimiento a la Trayectoria Profesional en Comunicaci\u00f3n 2017, otorgado por el Senado de la Rep\u00fablica el 7 de junio de 2017 en la Ciudad de M\u00e9xico.<\/span><\/p>\n","protected":false},"excerpt":{"rendered":"<p>\u00c1lvaro Belin Andrade fue titular de la Direcci\u00f3n de Comunicaci\u00f3n Social de la Universidad Veracruzana entre 2002 y 2005<\/p>\n","protected":false},"author":1869,"featured_media":87445,"comment_status":"closed","ping_status":"closed","sticky":false,"template":"","format":"standard","meta":{"footnotes":""},"categories":[61],"tags":[],"class_list":["post-87435","post","type-post","status-publish","format-standard","has-post-thumbnail","hentry","category-banner"],"_links":{"self":[{"href":"https:\/\/www.uv.mx\/prensa\/wp-json\/wp\/v2\/posts\/87435","targetHints":{"allow":["GET"]}}],"collection":[{"href":"https:\/\/www.uv.mx\/prensa\/wp-json\/wp\/v2\/posts"}],"about":[{"href":"https:\/\/www.uv.mx\/prensa\/wp-json\/wp\/v2\/types\/post"}],"author":[{"embeddable":true,"href":"https:\/\/www.uv.mx\/prensa\/wp-json\/wp\/v2\/users\/1869"}],"replies":[{"embeddable":true,"href":"https:\/\/www.uv.mx\/prensa\/wp-json\/wp\/v2\/comments?post=87435"}],"version-history":[{"count":0,"href":"https:\/\/www.uv.mx\/prensa\/wp-json\/wp\/v2\/posts\/87435\/revisions"}],"wp:featuredmedia":[{"embeddable":true,"href":"https:\/\/www.uv.mx\/prensa\/wp-json\/wp\/v2\/media\/87445"}],"wp:attachment":[{"href":"https:\/\/www.uv.mx\/prensa\/wp-json\/wp\/v2\/media?parent=87435"}],"wp:term":[{"taxonomy":"category","embeddable":true,"href":"https:\/\/www.uv.mx\/prensa\/wp-json\/wp\/v2\/categories?post=87435"},{"taxonomy":"post_tag","embeddable":true,"href":"https:\/\/www.uv.mx\/prensa\/wp-json\/wp\/v2\/tags?post=87435"}],"curies":[{"name":"wp","href":"https:\/\/api.w.org\/{rel}","templated":true}]}}