{"id":87386,"date":"2020-09-11T08:00:59","date_gmt":"2020-09-11T13:00:59","guid":{"rendered":"https:\/\/www.uv.mx\/prensa\/?p=87386"},"modified":"2020-09-14T14:09:12","modified_gmt":"2020-09-14T19:09:12","slug":"brigadistas-uv-continuan-apoyando-a-comunidades-patricia-arieta","status":"publish","type":"post","link":"https:\/\/www.uv.mx\/prensa\/banner\/brigadistas-uv-continuan-apoyando-a-comunidades-patricia-arieta\/","title":{"rendered":"Brigadistas UV contin\u00faan apoyando a comunidades: Patricia Arieta"},"content":{"rendered":"<ul>\n<li data-leveltext=\"\uf0b7\" data-font=\"Symbol\" data-listid=\"1\" data-aria-posinset=\"1\" data-aria-level=\"1\"><i><span data-contrast=\"auto\">\u201c<\/span><\/i><i><span data-contrast=\"auto\">La U<\/span><\/i><i><span data-contrast=\"auto\">niversidad <\/span><\/i><i><span data-contrast=\"auto\">V<\/span><\/i><i><span data-contrast=\"auto\">eracruzana<\/span><\/i><i><span data-contrast=\"auto\"> ha <\/span><\/i><i><span data-contrast=\"auto\">tenido presencia<\/span><\/i><i><span data-contrast=\"auto\"> en las comunidades pese a la pandemia\u201d, expres\u00f3<\/span><\/i><i><span data-contrast=\"auto\"> Patricia Arieta Melgarejo<\/span><\/i><span data-ccp-props=\"{&quot;134233279&quot;:true,&quot;201341983&quot;:0,&quot;335559739&quot;:160,&quot;335559740&quot;:240}\">\u00a0<\/span><\/li>\n<li data-leveltext=\"\uf0b7\" data-font=\"Symbol\" data-listid=\"1\" data-aria-posinset=\"2\" data-aria-level=\"1\"><i><span data-contrast=\"auto\">La<\/span><\/i><i><span data-contrast=\"auto\"> D<\/span><\/i><i><span data-contrast=\"auto\">irectora <\/span><\/i><i><span data-contrast=\"auto\">G<\/span><\/i><i><span data-contrast=\"auto\">eneral de Vinculaci\u00f3n <\/span><\/i><i><span data-contrast=\"auto\">dio a conocer que 52<\/span><\/i><i><span data-contrast=\"auto\"> alumnos<\/span><\/i><i><span data-contrast=\"auto\"> corresponden al programa BUS<\/span><\/i><i><span data-contrast=\"auto\">S<\/span><\/i><i><span data-contrast=\"auto\"> y 19 al de Casas UV<\/span><\/i><\/li>\n<li data-leveltext=\"\uf0b7\" data-font=\"Symbol\" data-listid=\"1\" data-aria-posinset=\"2\" data-aria-level=\"1\"><i><span data-contrast=\"auto\">Cursan los PE de: M\u00e9dico <\/span><\/i><i><span data-contrast=\"auto\">C<\/span><\/i><i><span data-contrast=\"auto\">irujano, Enfermer\u00eda, Cirujano Dentista, Nutrici\u00f3n, Qu\u00edmico Cl\u00ednico, entre otros<\/span><\/i><\/li>\n<\/ul>\n<div id=\"attachment_87387\" style=\"width: 732px\" class=\"wp-caption aligncenter\"><a href=\"https:\/\/www.uv.mx\/prensa\/files\/2020\/09\/080920-BRIGADISTAS-UV-1-100k.jpg\"><img loading=\"lazy\" decoding=\"async\" aria-describedby=\"caption-attachment-87387\" class=\"size-full wp-image-87387\" src=\"https:\/\/www.uv.mx\/prensa\/files\/2020\/09\/080920-BRIGADISTAS-UV-1-100k.jpg\" alt=\"Patricia Arieta y Eduardo Guti\u00e9rrez informaron sobre la incorporaci\u00f3n de estudiantes a las BUSS y las Casas UV \" width=\"722\" height=\"326\" srcset=\"https:\/\/www.uv.mx\/prensa\/files\/2020\/09\/080920-BRIGADISTAS-UV-1-100k.jpg 722w, https:\/\/www.uv.mx\/prensa\/files\/2020\/09\/080920-BRIGADISTAS-UV-1-100k-300x135.jpg 300w\" sizes=\"auto, (max-width: 722px) 100vw, 722px\" \/><\/a><p id=\"caption-attachment-87387\" class=\"wp-caption-text\">Patricia Arieta y Eduardo Guti\u00e9rrez informaron sobre la incorporaci\u00f3n de estudiantes a las BUSS y las Casas UV<\/p><\/div>\n<p><b><i><span data-contrast=\"auto\">Claudia Peralta V\u00e1zquez<\/span><\/i><\/b><span data-ccp-props=\"{&quot;201341983&quot;:0,&quot;335559739&quot;:160,&quot;335559740&quot;:240}\">\u00a0<\/span><\/p>\n<p><b><i><span data-contrast=\"auto\">11<\/span><\/i><\/b><b><i><span data-contrast=\"auto\">\/<\/span><\/i><\/b><b><i><span data-contrast=\"auto\">09<\/span><\/i><\/b><b><i><span data-contrast=\"auto\">\/<\/span><\/i><\/b><b><i><span data-contrast=\"auto\">20<\/span><\/i><\/b><b><i><span data-contrast=\"auto\">20, Xalapa, <\/span><\/i><\/b><b><i><span data-contrast=\"auto\">Ver.-<\/span><\/i><\/b> <span data-contrast=\"auto\">Patricia Arieta Melgarejo, <\/span><span data-contrast=\"auto\">titular de la <a href=\"https:\/\/www.uv.mx\/vinculacion\/\" target=\"_blank\" rel=\"noopener noreferrer\">D<\/a><\/span><span data-contrast=\"auto\">irec<\/span><span data-contrast=\"auto\">ci\u00f3n G<\/span><span data-contrast=\"auto\">eneral de Vinculaci\u00f3n<\/span> <span data-contrast=\"auto\">de la Universidad Veracruzana (UV), <\/span><span data-contrast=\"auto\">inform\u00f3 acerca de la reciente incorporaci\u00f3n de 7<\/span><span data-contrast=\"auto\">1<\/span><span data-contrast=\"auto\"> estudiantes a los programa<\/span><span data-contrast=\"auto\">s<\/span><span data-contrast=\"auto\"> Brigadas Universitarias<\/span><span data-contrast=\"auto\"> en Servicio <\/span><span data-contrast=\"auto\">Social <\/span><span data-contrast=\"auto\">(BU<\/span><span data-contrast=\"auto\">S<\/span><span data-contrast=\"auto\">S)<\/span><span data-contrast=\"auto\"> y Casas UV en las cinco regiones<\/span><span data-contrast=\"auto\"> del estado de Veracruz<\/span><span data-contrast=\"auto\"> donde tiene presencia la m\u00e1xima casa de estudios.<\/span><span data-ccp-props=\"{&quot;201341983&quot;:0,&quot;335559739&quot;:160,&quot;335559740&quot;:240}\">\u00a0<\/span><\/p>\n<p><span data-contrast=\"auto\">De <\/span><span data-contrast=\"auto\">ellos,<\/span><span data-contrast=\"auto\"> 52 corresponden al programa BU<\/span><span data-contrast=\"auto\">S<\/span><span data-contrast=\"auto\">S y 19 al de Casas UV<\/span><span data-contrast=\"auto\">,<\/span><span data-contrast=\"auto\"> y <\/span><span data-contrast=\"auto\">pertenecen a los programas educativos (PE): M\u00e9dico <\/span><span data-contrast=\"auto\">C<\/span><span data-contrast=\"auto\">irujano, Enfermer\u00eda, Cirujano Dentista, Nutrici\u00f3n, Sistemas Computacionales y Administrativos, Qu\u00edmica Cl\u00ednica y T\u00e9cnico Superior<\/span><span data-contrast=\"auto\"> Universitario<\/span><span data-contrast=\"auto\"> (TSU) en Enfermer\u00eda.<\/span><span data-ccp-props=\"{&quot;201341983&quot;:0,&quot;335559739&quot;:160,&quot;335559740&quot;:240}\">\u00a0<\/span><\/p>\n<p><span data-contrast=\"auto\">T<\/span><span data-contrast=\"auto\">anto del periodo anterior como del actual, suma<\/span><span data-contrast=\"auto\">n <\/span><span data-contrast=\"auto\">110 alumnos a<\/span><span data-contrast=\"auto\">dheridos a estas <\/span><span data-contrast=\"auto\">estrategias implementadas<\/span> <span data-contrast=\"auto\">con el<\/span><span data-contrast=\"auto\"> fin<\/span><span data-contrast=\"auto\"> de propiciar la participaci\u00f3n <\/span><span data-contrast=\"auto\">de los <\/span><span data-contrast=\"auto\">universitarios<\/span><span data-contrast=\"auto\">, <\/span><span data-contrast=\"auto\">pasantes en servicio social, maestros e<\/span> <span data-contrast=\"auto\">investigadores,<\/span><span data-contrast=\"auto\"> en <\/span><span data-contrast=\"auto\">proceso<\/span><span data-contrast=\"auto\">s<\/span><span data-contrast=\"auto\"> de vinculaci\u00f3n<\/span> <span data-contrast=\"auto\">a favor de<\/span><span data-contrast=\"auto\"> comunidades y grupos vulnerables.<\/span><span data-ccp-props=\"{&quot;201341983&quot;:0,&quot;335559731&quot;:708,&quot;335559739&quot;:160,&quot;335559740&quot;:240}\">\u00a0<\/span><\/p>\n<p><span data-contrast=\"auto\">\u201cLa UV no ha perdido p<\/span><span data-contrast=\"auto\">rese<\/span><span data-contrast=\"auto\">ncia en las comunidades pese a la pandemia\u201d, destac\u00f3 la funcionaria, quien reconoci\u00f3 la respuesta de los <\/span><span data-contrast=\"auto\">j\u00f3venes<\/span><span data-contrast=\"auto\"> ante la situaci\u00f3n de contingencia,<\/span><span data-contrast=\"auto\"> mediante<\/span><span data-contrast=\"auto\"> iniciativas e <\/span><span data-contrast=\"auto\">ideas creativas en la elaboraci\u00f3n de material digital e informativo sobre <\/span><span data-contrast=\"auto\">la<\/span><span data-contrast=\"auto\"> Covid-19, el cual ha sido distribuido entre los <\/span><span data-contrast=\"auto\">habitantes de las comunidades.<\/span><span data-ccp-props=\"{&quot;201341983&quot;:0,&quot;335559731&quot;:708,&quot;335559739&quot;:160,&quot;335559740&quot;:240}\">\u00a0<\/span><\/p>\n<p><span data-contrast=\"auto\">Mencion\u00f3 que desde el momento en que la UV determin\u00f3 la sana distancia, los j\u00f3venes tuvieron que dejar las comunidades como medida de seguridad y sanidad.<\/span><span data-ccp-props=\"{&quot;201341983&quot;:0,&quot;335559731&quot;:708,&quot;335559739&quot;:160,&quot;335559740&quot;:240}\">\u00a0<\/span><\/p>\n<p><span data-contrast=\"auto\">No obstante, <\/span><span data-contrast=\"auto\">para seguir en contacto con la poblaci\u00f3n <\/span><span data-contrast=\"auto\">se dieron a la tarea de desarrollar estos productos pese a<\/span><span data-contrast=\"auto\"> los escasos instrumentos tecnol\u00f3gicos y digitales <\/span><span data-contrast=\"auto\">con los que cuentan, pues est\u00e1n conscientes de que la pandemia vino a cambiar la manera de comunicarnos, se\u00f1al\u00f3 Arieta Melgarejo.<\/span><span data-ccp-props=\"{&quot;201341983&quot;:0,&quot;335559731&quot;:708,&quot;335559739&quot;:160,&quot;335559740&quot;:240}\">\u00a0<\/span><\/p>\n<p><span data-contrast=\"auto\">Por su parte, <\/span><span data-contrast=\"auto\">Eduardo Guti\u00e9rrez Mor\u00edn<\/span><span data-contrast=\"auto\">, jefe del Departamento de Vinculaci\u00f3n Social,<\/span><span data-contrast=\"auto\"> coment\u00f3 que las BU<\/span><span data-contrast=\"auto\">S<\/span><span data-contrast=\"auto\">S<\/span><span data-contrast=\"auto\"> se crearon para<\/span><span data-contrast=\"auto\"> la atenci\u00f3n de comunidades<\/span><span data-contrast=\"auto\"> en las cinco regiones universitarias.<\/span><span data-ccp-props=\"{&quot;201341983&quot;:0,&quot;335559739&quot;:160,&quot;335559740&quot;:240}\">\u00a0<\/span><\/p>\n<p><span data-contrast=\"auto\">Esta estrategia facilita la inserci\u00f3n de los estudiantes en <\/span><span data-contrast=\"auto\">s<\/span><span data-contrast=\"auto\">ervicio s<\/span><span data-contrast=\"auto\">ocial en un<\/span> <span data-contrast=\"auto\">contexto econ\u00f3mico-social-cultural que impacta en su formaci\u00f3n<\/span> <span data-contrast=\"auto\">profesional, en periodos que tienen una d<\/span><span data-contrast=\"auto\">uraci\u00f3n de seis meses a un a\u00f1o.<\/span><span data-ccp-props=\"{&quot;201341983&quot;:0,&quot;335559731&quot;:708,&quot;335559739&quot;:160,&quot;335559740&quot;:240}\">\u00a0<\/span><\/p>\n<p><span data-contrast=\"auto\">Generalmente, los universitarios provienen de las <\/span><span data-contrast=\"auto\">\u00e1<\/span><span data-contrast=\"auto\">reas<\/span><span data-contrast=\"auto\"> a<\/span><span data-contrast=\"auto\">cad\u00e9micas de Ciencias de la <\/span><span data-contrast=\"auto\">S<\/span><span data-contrast=\"auto\">alud y <\/span><span data-contrast=\"auto\">H<\/span><span data-contrast=\"auto\">umanidades,<\/span><span data-contrast=\"auto\"> aunque tambi\u00e9n hay colaboraciones de la <\/span><span data-contrast=\"auto\">T\u00e9cnica, Biol\u00f3gico<\/span><span data-contrast=\"auto\">&#8211;<\/span><span data-contrast=\"auto\">Agropecuarias, Artes y Econ\u00f3mico-Administrativa.<\/span><span data-ccp-props=\"{&quot;201341983&quot;:0,&quot;335559731&quot;:708,&quot;335559739&quot;:160,&quot;335559740&quot;:240}\">\u00a0<\/span><\/p>\n<p><span data-contrast=\"auto\">En tanto, las Casas UV<\/span><span data-contrast=\"auto\"> son espacios de vinculaci\u00f3n que contribuyen al desarrollo sustentable de las comunidades rurales y urbanas del estado de Veracruz.<\/span> <span data-contrast=\"auto\">S<\/span><span data-contrast=\"auto\">e ubican en<\/span><span data-contrast=\"auto\">:<\/span><span data-contrast=\"auto\"> El Paisano, <\/span><span data-contrast=\"auto\">Molino de San Roque, El Conejo y <\/span><span data-contrast=\"auto\">Coyopolan<\/span><span data-contrast=\"auto\">, en los municipios de Las Vigas de Ram\u00edrez, Xalapa, Perote e <\/span><span data-contrast=\"auto\">Ixhuac\u00e1n<\/span><span data-contrast=\"auto\"> de los Reyes<\/span><span data-contrast=\"auto\">, respectivamente<\/span><span data-contrast=\"auto\">.<\/span><span data-ccp-props=\"{&quot;201341983&quot;:0,&quot;335559731&quot;:708,&quot;335559739&quot;:160,&quot;335559740&quot;:240}\">\u00a0<\/span><\/p>\n<p><span data-contrast=\"auto\">Adem\u00e1s, en<\/span> <span data-contrast=\"auto\">Atlahuilco<\/span><span data-contrast=\"auto\">, <\/span><span data-contrast=\"auto\">en la regi\u00f3n Orizaba-C\u00f3rdoba; <\/span><span data-contrast=\"auto\">Las Estrellitas, <\/span><span data-contrast=\"auto\">en<\/span><span data-contrast=\"auto\"> Veracruz<\/span><span data-contrast=\"auto\">; y La Chinantla, en el municipio de <\/span><span data-contrast=\"auto\">Uxpanapa<\/span><span data-contrast=\"auto\">, <\/span><span data-contrast=\"auto\">regi\u00f3n<\/span><span data-contrast=\"auto\"> Coatzacoalcos-Minatitl\u00e1n<\/span><span data-contrast=\"auto\">.<\/span><span data-ccp-props=\"{&quot;201341983&quot;:0,&quot;335559731&quot;:708,&quot;335559739&quot;:160,&quot;335559740&quot;:240}\">\u00a0<\/span><\/p>\n<p><span data-contrast=\"auto\">Precis\u00f3 que estos programas iniciaron en 1993 y desde ese a\u00f1o el proceso de asignaci\u00f3n de plazas se hab\u00eda dado <\/span><span data-contrast=\"auto\">de forma presencial <\/span><span data-contrast=\"auto\">a trav\u00e9s del \u00c1rea Ac<\/span><span data-contrast=\"auto\">ad\u00e9mica de Ciencias de la Salud;<\/span><span data-contrast=\"auto\"> sin embargo, por la pandemia por primera vez se realiz\u00f3 de manera virtual con la participaci\u00f3n plural de los responsables de cada regi\u00f3n.<\/span><span data-ccp-props=\"{&quot;201341983&quot;:0,&quot;335559739&quot;:160,&quot;335559740&quot;:240}\">\u00a0<\/span><\/p>\n<p><span data-contrast=\"auto\">Actualmente<\/span><span data-contrast=\"auto\"> se encuentran en el periodo de bienvenida e inducci\u00f3n de los estudiantes<\/span><span data-contrast=\"auto\">,<\/span><span data-contrast=\"auto\"> a quienes <\/span><span data-contrast=\"auto\">se les ha comentado que lo m\u00e1s importante de estos programas es el contacto <\/span><span data-contrast=\"auto\">con la<\/span><span data-contrast=\"auto\"> comunidad y los habitantes.<\/span><span data-ccp-props=\"{&quot;201341983&quot;:0,&quot;335559739&quot;:160,&quot;335559740&quot;:240}\">\u00a0<\/span><\/p>\n<p><span data-contrast=\"auto\">En ese sentido<\/span><span data-contrast=\"auto\">, <\/span><span data-contrast=\"auto\">cada <\/span><span data-contrast=\"auto\">uno de los responsables de las C<\/span><span data-contrast=\"auto\">asas UV y <\/span><span data-contrast=\"auto\">BUS<\/span><span data-contrast=\"auto\">S<\/span><span data-contrast=\"auto\"> les <\/span><span data-contrast=\"auto\">ha<\/span><span data-contrast=\"auto\">n<\/span><span data-contrast=\"auto\"> brindado informaci\u00f3n sobre el contexto sociocultural de los espacios geogr\u00e1ficos donde fueron asignados.<\/span><span data-ccp-props=\"{&quot;201341983&quot;:0,&quot;335559731&quot;:708,&quot;335559739&quot;:160,&quot;335559740&quot;:240}\">\u00a0<\/span><\/p>\n<p><span data-contrast=\"auto\">El conocimiento de su entorno es de suma importancia en su proceso de inducci\u00f3n<\/span><span data-contrast=\"auto\">,<\/span><span data-contrast=\"auto\"> pues les permite tener un panorama amplio para perfilar las mejores estrategias operativas y plantearlas en sus programas de trabajo.<\/span><span data-ccp-props=\"{&quot;201341983&quot;:0,&quot;335559731&quot;:708,&quot;335559739&quot;:160,&quot;335559740&quot;:240}\">\u00a0<\/span><\/p>\n<p><span data-contrast=\"auto\">\u201cLa din\u00e1mica de la poblaci\u00f3n y sus costumbres tiene mucho que ver en la forma en c\u00f3mo ellos apliquen su programa, por ello les damos la bienvenida y un poco del bagaje sociocultural e<\/span><span data-contrast=\"auto\">n el cual se van a desenvolver.<\/span> <span data-contrast=\"auto\">Si no toman en cuenta estos criterios dif\u00edcilmente <\/span><span data-contrast=\"auto\">tendr\u00e1 efecto el<\/span><span data-contrast=\"auto\"> programa de trabajo que elabora<\/span><span data-contrast=\"auto\">r\u00e1n durante el<\/span><span data-contrast=\"auto\"> primer mes<\/span><span data-contrast=\"auto\">\u201d<\/span><span data-contrast=\"auto\">, agreg\u00f3.<\/span><span data-ccp-props=\"{&quot;201341983&quot;:0,&quot;335559731&quot;:708,&quot;335559739&quot;:160,&quot;335559740&quot;:240}\">\u00a0<\/span><\/p>\n<p><span data-contrast=\"auto\">Asimismo, hay<\/span><span data-contrast=\"auto\"> estudiantes hablan<\/span><span data-contrast=\"auto\">tes de <\/span><span data-contrast=\"auto\">n\u00e1huatl, totonaco o alg\u00fan otro, <\/span><span data-contrast=\"auto\">quienes han elaborado su material en<\/span> <span data-contrast=\"auto\">lengua originaria<\/span><span data-contrast=\"auto\">, <\/span><span data-contrast=\"auto\">situaci\u00f3n que tiene un alcance mucho mayor<\/span><span data-contrast=\"auto\"> en la poblaci\u00f3n.<\/span><span data-ccp-props=\"{&quot;201341983&quot;:0,&quot;335559739&quot;:160,&quot;335559740&quot;:240}\">\u00a0<\/span><\/p>\n<p><span data-contrast=\"auto\">La recomendaci\u00f3n <\/span><span data-contrast=\"auto\">a<\/span><span data-contrast=\"auto\"> los j\u00f3venes tambi\u00e9n ha sido en el sentido de que generen <\/span><span data-contrast=\"auto\">materiales adecuados,<\/span><span data-contrast=\"auto\"> por lo que se han hecho filtros de revisi\u00f3n <\/span><span data-contrast=\"auto\">en apego a l<\/span><span data-contrast=\"auto\">a imagen <\/span><span data-contrast=\"auto\">institucional.<\/span><span data-ccp-props=\"{&quot;201341983&quot;:0,&quot;335559731&quot;:708,&quot;335559739&quot;:160,&quot;335559740&quot;:240}\">\u00a0<\/span><\/p>\n<p><span data-contrast=\"auto\">Con el fin de garantizar la continuidad de los trabajos digitales,<\/span> <span data-contrast=\"auto\">Guti\u00e9rrez Mor\u00edn<\/span><span data-contrast=\"auto\"> dio a conocer que los estudiantes contar\u00e1n con el<\/span> <span data-contrast=\"auto\">apoyo econ\u00f3mico que se otorga a trav\u00e9s de<\/span><span data-contrast=\"auto\"> estos<\/span><span data-contrast=\"auto\"> programas<\/span><span data-contrast=\"auto\">,<\/span><span data-contrast=\"auto\"> pero en este caso ser\u00e1 para <\/span><span data-contrast=\"auto\">las necesidades<\/span><span data-contrast=\"auto\"> propias<\/span><span data-contrast=\"auto\"> de la contingencia<\/span><span data-contrast=\"auto\">, como<\/span> <span data-contrast=\"auto\">el <\/span><span data-contrast=\"auto\">servicio de I<\/span><span data-contrast=\"auto\">nternet,<\/span><span data-contrast=\"auto\"> etc<\/span><span data-contrast=\"auto\">\u00e9tera<\/span><span data-contrast=\"auto\">.<\/span><span data-ccp-props=\"{&quot;201341983&quot;:0,&quot;335559731&quot;:708,&quot;335559739&quot;:160,&quot;335559740&quot;:240}\">\u00a0<\/span><\/p>\n<p><span data-contrast=\"auto\">Cabe se\u00f1alar que derivado del acuerdo con la <\/span><span data-contrast=\"auto\">Facultad de Pedagog\u00eda<\/span><span data-contrast=\"auto\">, los <\/span><span data-contrast=\"auto\">estudiantes<\/span><span data-contrast=\"auto\"> tambi\u00e9n realizan de<\/span><span data-contrast=\"auto\"> manera puntual estancias acad\u00e9micas durante un periodo de seis meses.<\/span><span data-ccp-props=\"{&quot;201341983&quot;:0,&quot;335559731&quot;:708,&quot;335559739&quot;:160,&quot;335559740&quot;:240}\">\u00a0<\/span><\/p>\n<p><span data-contrast=\"auto\">Finalmente, <\/span><span data-contrast=\"auto\">Patricia Arieta <\/span><span data-contrast=\"auto\">resalt\u00f3 la colaboraci\u00f3n y suma de esfuerzos con el Centro de Investigaciones Biom\u00e9dicas<\/span><span data-contrast=\"auto\">, <\/span><span data-contrast=\"auto\">que<\/span> <span data-contrast=\"auto\">dar\u00e1 orientaci\u00f3n a los prestadores de servicio social acerca de lactancia materna<\/span><span data-contrast=\"auto\"> y<\/span><span data-contrast=\"auto\"> colabora<\/span><span data-contrast=\"auto\">r\u00e1 <\/span><span data-contrast=\"auto\">en las actividades que permita<\/span><span data-contrast=\"auto\">n<\/span><span data-contrast=\"auto\"> obtener informaci\u00f3n de la poblaci\u00f3n <\/span><span data-contrast=\"auto\">y<\/span><span data-contrast=\"auto\"> retroalimentar los programas estatales.<\/span><span data-ccp-props=\"{&quot;201341983&quot;:0,&quot;335559739&quot;:160,&quot;335559740&quot;:240}\">\u00a0<\/span><\/p>\n","protected":false},"excerpt":{"rendered":"<p>La Directora General de Vinculaci\u00f3n dio a conocer que se incorporaron 71 estudiantes: 52 del programa Brigadas Universitarias en Servicio Social y 19 de Casas UV <\/p>\n","protected":false},"author":1775,"featured_media":87388,"comment_status":"closed","ping_status":"closed","sticky":false,"template":"","format":"standard","meta":{"footnotes":""},"categories":[61],"tags":[],"class_list":["post-87386","post","type-post","status-publish","format-standard","has-post-thumbnail","hentry","category-banner"],"_links":{"self":[{"href":"https:\/\/www.uv.mx\/prensa\/wp-json\/wp\/v2\/posts\/87386","targetHints":{"allow":["GET"]}}],"collection":[{"href":"https:\/\/www.uv.mx\/prensa\/wp-json\/wp\/v2\/posts"}],"about":[{"href":"https:\/\/www.uv.mx\/prensa\/wp-json\/wp\/v2\/types\/post"}],"author":[{"embeddable":true,"href":"https:\/\/www.uv.mx\/prensa\/wp-json\/wp\/v2\/users\/1775"}],"replies":[{"embeddable":true,"href":"https:\/\/www.uv.mx\/prensa\/wp-json\/wp\/v2\/comments?post=87386"}],"version-history":[{"count":0,"href":"https:\/\/www.uv.mx\/prensa\/wp-json\/wp\/v2\/posts\/87386\/revisions"}],"wp:featuredmedia":[{"embeddable":true,"href":"https:\/\/www.uv.mx\/prensa\/wp-json\/wp\/v2\/media\/87388"}],"wp:attachment":[{"href":"https:\/\/www.uv.mx\/prensa\/wp-json\/wp\/v2\/media?parent=87386"}],"wp:term":[{"taxonomy":"category","embeddable":true,"href":"https:\/\/www.uv.mx\/prensa\/wp-json\/wp\/v2\/categories?post=87386"},{"taxonomy":"post_tag","embeddable":true,"href":"https:\/\/www.uv.mx\/prensa\/wp-json\/wp\/v2\/tags?post=87386"}],"curies":[{"name":"wp","href":"https:\/\/api.w.org\/{rel}","templated":true}]}}