{"id":87377,"date":"2020-09-11T08:00:07","date_gmt":"2020-09-11T13:00:07","guid":{"rendered":"https:\/\/www.uv.mx\/prensa\/?p=87377"},"modified":"2020-09-11T14:00:23","modified_gmt":"2020-09-11T19:00:23","slug":"facultad-de-geografia-uv-realizo-foro-del-programa-estudiando-t","status":"publish","type":"post","link":"https:\/\/www.uv.mx\/prensa\/general\/facultad-de-geografia-uv-realizo-foro-del-programa-estudiando-t\/","title":{"rendered":"Facultad de Geograf\u00eda UV realiz\u00f3 Foro del Programa Estudiando T"},"content":{"rendered":"<ul>\n<li data-leveltext=\"\uf0b7\" data-font=\"Symbol\" data-listid=\"1\" data-aria-posinset=\"1\" data-aria-level=\"1\"><i><span data-contrast=\"auto\">Acad\u00e9micos expusieron sus experiencias en torno al contexto de la pandemia<\/span><\/i><span data-ccp-props=\"{&quot;134233279&quot;:true,&quot;201341983&quot;:0,&quot;335559739&quot;:160,&quot;335559740&quot;:240}\">\u00a0<\/span><\/li>\n<li data-leveltext=\"\uf0b7\" data-font=\"Symbol\" data-listid=\"1\" data-aria-posinset=\"2\" data-aria-level=\"1\"><i><span data-contrast=\"auto\">El evento fue encabezado por Arturo Bocardo Valle, director general del \u00c1rea Acad\u00e9mica Econ\u00f3mico-Administrativa<\/span><\/i><\/li>\n<li data-leveltext=\"\uf0b7\" data-font=\"Symbol\" data-listid=\"1\" data-aria-posinset=\"2\" data-aria-level=\"1\"><i><span data-contrast=\"auto\">Se realiz\u00f3 de manera virtua<\/span><\/i><i><span data-contrast=\"auto\">l el pasado 27 de agosto<\/span><\/i><span data-ccp-props=\"{&quot;134233279&quot;:true,&quot;201341983&quot;:0,&quot;335559739&quot;:160,&quot;335559740&quot;:240}\">\u00a0<\/span><\/li>\n<\/ul>\n<div id=\"attachment_87378\" style=\"width: 732px\" class=\"wp-caption aligncenter\"><a href=\"https:\/\/www.uv.mx\/prensa\/files\/2020\/09\/080920-ESTUDIANDO-T-1-100k.jpg\"><img loading=\"lazy\" decoding=\"async\" aria-describedby=\"caption-attachment-87378\" class=\"size-full wp-image-87378\" src=\"https:\/\/www.uv.mx\/prensa\/files\/2020\/09\/080920-ESTUDIANDO-T-1-100k.jpg\" alt=\"La carrera de Geograf\u00eda de la UV realiz\u00f3 el 27 de agosto el Foro del Programa Estudiando T \" width=\"722\" height=\"451\" srcset=\"https:\/\/www.uv.mx\/prensa\/files\/2020\/09\/080920-ESTUDIANDO-T-1-100k.jpg 722w, https:\/\/www.uv.mx\/prensa\/files\/2020\/09\/080920-ESTUDIANDO-T-1-100k-300x187.jpg 300w, https:\/\/www.uv.mx\/prensa\/files\/2020\/09\/080920-ESTUDIANDO-T-1-100k-200x125.jpg 200w\" sizes=\"auto, (max-width: 722px) 100vw, 722px\" \/><\/a><p id=\"caption-attachment-87378\" class=\"wp-caption-text\">La carrera de Geograf\u00eda de la UV realiz\u00f3 el Foro del Programa Estudiando T<\/p><\/div>\n<p><b><i><span data-contrast=\"auto\">Claudia Peralta V\u00e1zquez<\/span><\/i><\/b><span data-ccp-props=\"{&quot;201341983&quot;:0,&quot;335559739&quot;:160,&quot;335559740&quot;:240}\">\u00a0<\/span><\/p>\n<p><b><i><span data-contrast=\"auto\">11<\/span><\/i><\/b><b><i><span data-contrast=\"auto\">\/<\/span><\/i><\/b><b><i><span data-contrast=\"auto\">09<\/span><\/i><\/b><b><i><span data-contrast=\"auto\">\/<\/span><\/i><\/b><b><i><span data-contrast=\"auto\">20<\/span><\/i><\/b><b><i><span data-contrast=\"auto\">20<\/span><\/i><\/b><b><i><span data-contrast=\"auto\">, Xalapa, <\/span><\/i><\/b><b><i><span data-contrast=\"auto\">Ver.-<\/span><\/i><\/b> <span data-contrast=\"auto\">E<\/span><span data-contrast=\"auto\">l programa<\/span><span data-contrast=\"auto\"> e<\/span><span data-contrast=\"auto\">ducativo<\/span> <span data-contrast=\"auto\">de Geograf\u00eda de la <a href=\"https:\/\/www.uv.mx\/economia\/\" target=\"_blank\" rel=\"noopener noreferrer\">Facultad de Econom\u00eda<\/a> <\/span><span data-contrast=\"auto\">de la Universidad Veracruzana (UV), <\/span><span data-contrast=\"auto\">realiz\u00f3 el <\/span><span data-contrast=\"auto\">pasado 27 de agosto el <\/span><span data-contrast=\"auto\">Foro del Programa Estudiando T<\/span><span data-contrast=\"auto\">, en el contexto de la pandemia por <\/span><span data-contrast=\"auto\">Covid-19<\/span><span data-contrast=\"auto\">.<\/span><span data-ccp-props=\"{&quot;201341983&quot;:0,&quot;335559739&quot;:160,&quot;335559740&quot;:240}\">\u00a0<\/span><\/p>\n<p><span data-contrast=\"auto\">Desarrollado bajo la modalidad virtual, este evento tuvo como<\/span><span data-contrast=\"auto\"> objetivo presentar y compartir la experiencia vivida por docentes y alumnos<\/span><span data-contrast=\"auto\">, dentro del periodo escolar F<\/span><span data-contrast=\"auto\">ebrero-<\/span><span data-contrast=\"auto\">J<\/span><span data-contrast=\"auto\">ulio 2020,<\/span><span data-contrast=\"auto\"> en el contexto de la contingencia sanitaria que requiri\u00f3 de las actividades docentes y acad\u00e9micas a distancia.<\/span><span data-ccp-props=\"{&quot;201341983&quot;:0,&quot;335559731&quot;:708,&quot;335559739&quot;:160,&quot;335559740&quot;:240}\">\u00a0<\/span><\/p>\n<p><span data-contrast=\"auto\">El <\/span><span data-contrast=\"auto\">foro fue encabezado por <\/span><span data-contrast=\"auto\">Arturo Bocardo Valle, <\/span><span data-contrast=\"auto\">d<\/span><span data-contrast=\"auto\">irector<\/span> <span data-contrast=\"auto\">g<\/span><span data-contrast=\"auto\">eneral <\/span><span data-contrast=\"auto\">del <\/span><span data-contrast=\"auto\">\u00c1<\/span><span data-contrast=\"auto\">rea Acad\u00e9mica Econ\u00f3mico<\/span><span data-contrast=\"auto\">&#8211;<\/span><span data-contrast=\"auto\">Administrativa<\/span><span data-contrast=\"auto\">; <\/span><span data-contrast=\"auto\">Mar\u00eda<\/span> <span data-contrast=\"auto\">Ram\u00edrez Salazar, <\/span><span data-contrast=\"auto\">d<\/span><span data-contrast=\"auto\">irectora de la Facultad de Econom\u00eda<\/span><span data-contrast=\"auto\">;<\/span> <span data-contrast=\"auto\">V\u00edctor Manuel Alcaraz Romero<\/span><span data-contrast=\"auto\"> y<\/span><span data-contrast=\"auto\"> Claudia D\u00edaz Rivera<\/span><span data-contrast=\"auto\">,<\/span><span data-contrast=\"auto\"> c<\/span><span data-contrast=\"auto\">oordinador<\/span><span data-contrast=\"auto\"> y responsable<\/span> <span data-contrast=\"auto\">operativa <\/span><span data-contrast=\"auto\">del<\/span> <span data-contrast=\"auto\">Programa Estudiando T<\/span><span data-contrast=\"auto\">, respectivamente, <\/span><span data-contrast=\"auto\">y<\/span><span data-contrast=\"auto\"> Arturo<\/span><span data-contrast=\"auto\"> Francisco<\/span><span data-contrast=\"auto\"> Guti\u00e9rrez G\u00f3ngora, <\/span><span data-contrast=\"auto\">s<\/span><span data-contrast=\"auto\">ecretario de la Facultad<\/span><span data-contrast=\"auto\">.<\/span><span data-ccp-props=\"{&quot;201341983&quot;:0,&quot;335559731&quot;:708,&quot;335559739&quot;:160,&quot;335559740&quot;:240}\">\u00a0<\/span><\/p>\n<p><span data-contrast=\"auto\">En su mensaje, <\/span><span data-contrast=\"auto\">Bocardo<\/span><span data-contrast=\"auto\"> Valle subray\u00f3<\/span> <span data-contrast=\"auto\">los resultados favorables que ha tenido est<\/span><span data-contrast=\"auto\">a estrategia<\/span><span data-contrast=\"auto\"> en la retenci\u00f3n de la matr\u00edcula<\/span><span data-contrast=\"auto\">. Por su parte, <\/span><span data-contrast=\"auto\">V\u00edctor Alcaraz<\/span> <span data-contrast=\"auto\">hizo hincapi\u00e9 <\/span><span data-contrast=\"auto\">en<\/span><span data-contrast=\"auto\"> los aprendizajes<\/span><span data-contrast=\"auto\"> adquiridos por los <\/span><span data-contrast=\"auto\">acad\u00e9micos, estudiantes y coordinadores <\/span><span data-contrast=\"auto\">gracias a esta iniciativa.<\/span><span data-ccp-props=\"{&quot;201341983&quot;:0,&quot;335559731&quot;:708,&quot;335559739&quot;:160,&quot;335559740&quot;:240}\">\u00a0<\/span><\/p>\n<p><span data-contrast=\"auto\">H<\/span><span data-contrast=\"auto\">an sido cuatro a\u00f1os en los que estudiantes<\/span><span data-contrast=\"auto\">,<\/span><span data-contrast=\"auto\"> no s\u00f3lo de Geograf\u00eda sino de varias carreras, han aprendido que para su formaci\u00f3n es importante aprender a investigar y acercarse a la realidad de los problemas y necesidades de la sociedad y su entorno<\/span><span data-contrast=\"auto\">.<\/span><\/p>\n<div id=\"attachment_87379\" style=\"width: 732px\" class=\"wp-caption aligncenter\"><a href=\"https:\/\/www.uv.mx\/prensa\/files\/2020\/09\/080920-ESTUDIANDO-T-2-100k.jpg\"><img loading=\"lazy\" decoding=\"async\" aria-describedby=\"caption-attachment-87379\" class=\"size-full wp-image-87379\" src=\"https:\/\/www.uv.mx\/prensa\/files\/2020\/09\/080920-ESTUDIANDO-T-2-100k.jpg\" alt=\"Arturo Bocardo Valle, director general del \u00c1rea Acad\u00e9mica Econ\u00f3mico-Administrativa, encabez\u00f3 el evento realizado a distancia \" width=\"722\" height=\"406\" srcset=\"https:\/\/www.uv.mx\/prensa\/files\/2020\/09\/080920-ESTUDIANDO-T-2-100k.jpg 722w, https:\/\/www.uv.mx\/prensa\/files\/2020\/09\/080920-ESTUDIANDO-T-2-100k-300x169.jpg 300w\" sizes=\"auto, (max-width: 722px) 100vw, 722px\" \/><\/a><p id=\"caption-attachment-87379\" class=\"wp-caption-text\">Arturo Bocardo Valle, director general del \u00c1rea Acad\u00e9mica Econ\u00f3mico-Administrativa, encabez\u00f3 el evento realizado a distancia<\/p><\/div>\n<p><span data-contrast=\"auto\">Mar\u00eda Ram\u00edrez <\/span><span data-contrast=\"auto\">e<\/span><span data-contrast=\"auto\">xtendi\u00f3 un agradecimiento a la <\/span><span data-contrast=\"auto\">s<\/span><span data-contrast=\"auto\">ecretaria Acad\u00e9mica<\/span><span data-contrast=\"auto\">, <\/span><span data-contrast=\"auto\">Magdalena Hern\u00e1ndez Alarc\u00f3n, <\/span><span data-contrast=\"auto\">por estar <\/span><span data-contrast=\"auto\">siempr<\/span><span data-contrast=\"auto\">e<\/span><span data-contrast=\"auto\"> est\u00e1 atenta al desarr<\/span><span data-contrast=\"auto\">ollo del Programa Estudiando T.<\/span><span data-ccp-props=\"{&quot;201341983&quot;:0,&quot;335559731&quot;:708,&quot;335559739&quot;:160,&quot;335559740&quot;:240}\">\u00a0<\/span><\/p>\n<p><span data-contrast=\"auto\">La funcionaria <\/span><span data-contrast=\"auto\">resalt\u00f3 el trabajo <\/span><span data-contrast=\"auto\">en equipo entre los<\/span><span data-contrast=\"auto\"> acad\u00e9micos<\/span><span data-contrast=\"auto\">,<\/span> <span data-contrast=\"auto\">lo cual ha sig<\/span><span data-contrast=\"auto\">nificado el \u00e9xito del programa.<\/span><span data-ccp-props=\"{&quot;201341983&quot;:0,&quot;335559731&quot;:708,&quot;335559739&quot;:160,&quot;335559740&quot;:240}\">\u00a0<\/span><\/p>\n<p><span data-contrast=\"auto\">Pa<\/span><span data-contrast=\"auto\">rticularmente<\/span><span data-contrast=\"auto\">, dijo, <\/span><span data-contrast=\"auto\">en Geograf\u00eda el ejercicio profesional exige tener habilidades para desarrollar trabajo en grupos multidisciplinarios<\/span><span data-contrast=\"auto\">,<\/span> <span data-contrast=\"auto\">\u201c<\/span><span data-contrast=\"auto\">es muy interesante que los estudiantes vean c\u00f3mo sus p<\/span><span data-contrast=\"auto\">rofesores trabajan en equipo\u201d.<\/span><span data-ccp-props=\"{&quot;201341983&quot;:0,&quot;335559731&quot;:708,&quot;335559739&quot;:160,&quot;335559740&quot;:240}\">\u00a0<\/span><\/p>\n<p><span data-contrast=\"auto\">Como parte de este foro, los<\/span> <span data-contrast=\"auto\">profesor<\/span><span data-contrast=\"auto\">es<\/span> <span data-contrast=\"auto\">presentaron e hicieron comentarios acerca de los <\/span><span data-contrast=\"auto\">diversos recursos que tuvieron que interponer para continuar con los programas de sus experiencias docentes y<\/span><span data-contrast=\"auto\">,<\/span><span data-contrast=\"auto\"> al mismo tiempo<\/span><span data-contrast=\"auto\">,<\/span> <span data-contrast=\"auto\">apoyar a sus estudiantes<\/span> <span data-contrast=\"auto\">en problem\u00e1ticas particulares.<\/span><\/p>\n<div id=\"attachment_87380\" style=\"width: 732px\" class=\"wp-caption aligncenter\"><a href=\"https:\/\/www.uv.mx\/prensa\/files\/2020\/09\/080920-ESTUDIANDO-T-3-100k.jpg\"><img loading=\"lazy\" decoding=\"async\" aria-describedby=\"caption-attachment-87380\" class=\"size-full wp-image-87380\" src=\"https:\/\/www.uv.mx\/prensa\/files\/2020\/09\/080920-ESTUDIANDO-T-3-100k.jpg\" alt=\"Docentes de este programa educativo externaron sus experiencias en el contexto de la pandemia por Covid-19 \" width=\"722\" height=\"406\" srcset=\"https:\/\/www.uv.mx\/prensa\/files\/2020\/09\/080920-ESTUDIANDO-T-3-100k.jpg 722w, https:\/\/www.uv.mx\/prensa\/files\/2020\/09\/080920-ESTUDIANDO-T-3-100k-300x169.jpg 300w\" sizes=\"auto, (max-width: 722px) 100vw, 722px\" \/><\/a><p id=\"caption-attachment-87380\" class=\"wp-caption-text\">Docentes de este programa educativo externaron sus experiencias en el contexto de la pandemia por Covid-19<\/p><\/div>\n<p><span data-contrast=\"auto\">Entre los recursos implementados <\/span><span data-contrast=\"auto\">mencionaron la<\/span><span data-contrast=\"auto\"> plataforma <\/span><i><span data-contrast=\"auto\">Eminus<\/span><\/i> <span data-contrast=\"auto\">como <\/span><span data-contrast=\"auto\">una <\/span><span data-contrast=\"auto\">de <\/span><span data-contrast=\"auto\">las m\u00e1s robustas y apropiadas<\/span><span data-contrast=\"auto\">,<\/span><span data-contrast=\"auto\"> y con la cual varios de <\/span><span data-contrast=\"auto\">ellos<\/span><span data-contrast=\"auto\"> est\u00e1n familiarizados.<\/span><span data-ccp-props=\"{&quot;201341983&quot;:0,&quot;335559731&quot;:708,&quot;335559739&quot;:160,&quot;335559740&quot;:240}\">\u00a0<\/span><\/p>\n<p><span data-contrast=\"auto\">Paralelamente<\/span><span data-contrast=\"auto\">,<\/span> <span data-contrast=\"auto\">han empleado otras<\/span> <span data-contrast=\"auto\">como <\/span><i><span data-contrast=\"auto\">Zoom<\/span><\/i><span data-contrast=\"auto\">, <\/span><i><span data-contrast=\"auto\">Teams<\/span><\/i><span data-contrast=\"auto\"> y <\/span><i><span data-contrast=\"auto\">Clas<\/span><\/i><i><span data-contrast=\"auto\">s<\/span><\/i><i><span data-contrast=\"auto\">room<\/span><\/i><span data-contrast=\"auto\">;<\/span> <span data-contrast=\"auto\">tambi\u00e9n <\/span><span data-contrast=\"auto\">correo electr\u00f3nico, <\/span><i><span data-contrast=\"auto\">W<\/span><\/i><i><span data-contrast=\"auto\">h<\/span><\/i><i><span data-contrast=\"auto\">ats<\/span><\/i><i><span data-contrast=\"auto\">A<\/span><\/i><i><span data-contrast=\"auto\">pp<\/span><\/i><span data-contrast=\"auto\"> y <\/span><span data-contrast=\"auto\">videollamadas<\/span><span data-contrast=\"auto\"> para el trabajo sincr\u00f3nico y asincr\u00f3nico.<\/span><span data-ccp-props=\"{&quot;201341983&quot;:0,&quot;335559731&quot;:708,&quot;335559739&quot;:160,&quot;335559740&quot;:240}\">\u00a0<\/span><\/p>\n<p><span data-contrast=\"auto\">Los <\/span><span data-contrast=\"auto\">a<\/span><span data-contrast=\"auto\">cad\u00e9micos identificaron <\/span><span data-contrast=\"auto\">las <\/span><span data-contrast=\"auto\">diversas <\/span><span data-contrast=\"auto\">problem\u00e1ticas que presentaron los estudiantes, <\/span><span data-contrast=\"auto\">tales como la<\/span><span data-contrast=\"auto\"> falta de computadora e<\/span> <span data-contrast=\"auto\">I<\/span><span data-contrast=\"auto\">nternet,<\/span> <span data-contrast=\"auto\">dinero para pagar estos servicios, la necesidad de trabajar para apoyar a sus familias, casos de inestabilidad emocional, y <\/span><span data-contrast=\"auto\">algunos<\/span><span data-contrast=\"auto\"> de deserci\u00f3n.<\/span><span data-ccp-props=\"{&quot;201341983&quot;:0,&quot;335559731&quot;:708,&quot;335559739&quot;:160,&quot;335559740&quot;:240}\">\u00a0<\/span><\/p>\n<p><span data-contrast=\"auto\">Lo<\/span><span data-contrast=\"auto\">s<\/span><span data-contrast=\"auto\"> docentes <\/span><span data-contrast=\"auto\">que impart<\/span><span data-contrast=\"auto\">iero<\/span><span data-contrast=\"auto\">n las<\/span><span data-contrast=\"auto\"> experiencias educativas <\/span><span data-contrast=\"auto\">adscritas <\/span><span data-contrast=\"auto\">al<\/span><span data-contrast=\"auto\"> Programa <\/span><span data-contrast=\"auto\">E<\/span><span data-contrast=\"auto\">studiando T<\/span><span data-contrast=\"auto\"> son: <\/span><span data-contrast=\"auto\">Ivette Amante Carmona, <\/span><span data-contrast=\"auto\">Literacidad<\/span> <span data-contrast=\"auto\">D<\/span><span data-contrast=\"auto\">igital<\/span><span data-contrast=\"auto\">;<\/span><span data-contrast=\"auto\"> Jennifer <\/span><span data-contrast=\"auto\">Cucurachi<\/span><span data-contrast=\"auto\"> Moctezuma, Ingl\u00e9s 2<\/span><span data-contrast=\"auto\">,<\/span> <span data-contrast=\"auto\">y <\/span><span data-contrast=\"auto\">Luisa Angelina Gonz\u00e1lez C\u00e9sar, Geograf\u00eda de la Poblaci\u00f3n<\/span><span data-contrast=\"auto\">.<\/span><span data-ccp-props=\"{&quot;201341983&quot;:0,&quot;335559731&quot;:708,&quot;335559739&quot;:160,&quot;335559740&quot;:240}\">\u00a0<\/span><\/p>\n<p><span data-contrast=\"auto\">Asimismo,<\/span><span data-contrast=\"auto\"> Narda Mar\u00eda Garrido Mart\u00ednez, Geograf\u00eda de Campo<\/span><span data-contrast=\"auto\">;<\/span><span data-contrast=\"auto\"> Mar<\/span><span data-contrast=\"auto\">\u00eda Ram\u00edrez Salazar, Cartograf\u00eda;<\/span> <span data-contrast=\"auto\">Phidel<\/span><span data-contrast=\"auto\"> Cedillo Mart\u00ednez, Epistemolog\u00eda de la Geograf\u00eda<\/span><span data-contrast=\"auto\">,<\/span><span data-contrast=\"auto\"> y Ricardo Shamir Palacios Arriaga, M\u00e9todos Matem\u00e1ticos para la Geograf\u00eda<\/span><span data-contrast=\"auto\">.<\/span><span data-ccp-props=\"{&quot;201341983&quot;:0,&quot;335559731&quot;:708,&quot;335559739&quot;:160,&quot;335559740&quot;:240}\">\u00a0<\/span><\/p>\n","protected":false},"excerpt":{"rendered":"<p>Tuvo como objetivo presentar y compartir la experiencia vivida por docentes y alumnos, dentro del periodo escolar Febrero-Julio 2020, en el contexto de la contingencia sanitaria <\/p>\n","protected":false},"author":1775,"featured_media":87378,"comment_status":"closed","ping_status":"closed","sticky":false,"template":"","format":"standard","meta":{"footnotes":""},"categories":[1],"tags":[],"class_list":["post-87377","post","type-post","status-publish","format-standard","has-post-thumbnail","hentry","category-general"],"_links":{"self":[{"href":"https:\/\/www.uv.mx\/prensa\/wp-json\/wp\/v2\/posts\/87377","targetHints":{"allow":["GET"]}}],"collection":[{"href":"https:\/\/www.uv.mx\/prensa\/wp-json\/wp\/v2\/posts"}],"about":[{"href":"https:\/\/www.uv.mx\/prensa\/wp-json\/wp\/v2\/types\/post"}],"author":[{"embeddable":true,"href":"https:\/\/www.uv.mx\/prensa\/wp-json\/wp\/v2\/users\/1775"}],"replies":[{"embeddable":true,"href":"https:\/\/www.uv.mx\/prensa\/wp-json\/wp\/v2\/comments?post=87377"}],"version-history":[{"count":0,"href":"https:\/\/www.uv.mx\/prensa\/wp-json\/wp\/v2\/posts\/87377\/revisions"}],"wp:featuredmedia":[{"embeddable":true,"href":"https:\/\/www.uv.mx\/prensa\/wp-json\/wp\/v2\/media\/87378"}],"wp:attachment":[{"href":"https:\/\/www.uv.mx\/prensa\/wp-json\/wp\/v2\/media?parent=87377"}],"wp:term":[{"taxonomy":"category","embeddable":true,"href":"https:\/\/www.uv.mx\/prensa\/wp-json\/wp\/v2\/categories?post=87377"},{"taxonomy":"post_tag","embeddable":true,"href":"https:\/\/www.uv.mx\/prensa\/wp-json\/wp\/v2\/tags?post=87377"}],"curies":[{"name":"wp","href":"https:\/\/api.w.org\/{rel}","templated":true}]}}