{"id":87289,"date":"2020-09-09T08:33:53","date_gmt":"2020-09-09T13:33:53","guid":{"rendered":"https:\/\/www.uv.mx\/prensa\/?p=87289"},"modified":"2020-09-09T13:02:53","modified_gmt":"2020-09-09T18:02:53","slug":"facultad-de-fisica-dedica-foro-al-dr-gustavo-rodriguez-zurita","status":"publish","type":"post","link":"https:\/\/www.uv.mx\/prensa\/banner\/facultad-de-fisica-dedica-foro-al-dr-gustavo-rodriguez-zurita\/","title":{"rendered":"Facultad de F\u00edsica dedica foro al Dr. Gustavo Rodr\u00edguez Zurita"},"content":{"rendered":"<ul>\n<li data-leveltext=\"\uf0b7\" data-font=\"Symbol\" data-listid=\"1\" data-aria-posinset=\"1\" data-aria-level=\"1\"><i><span data-contrast=\"auto\">Autoridades universitarias y del <\/span><\/i><span data-contrast=\"auto\">Coveicydet<\/span><i><span data-contrast=\"auto\"> inauguraron el Primer Foro Virtual de Exalumnos 2020 \u201cDr. Gustavo Rodr\u00edguez Zurita\u201d<\/span><\/i><span data-ccp-props=\"{&quot;134233279&quot;:true}\">\u00a0<\/span><\/li>\n<li data-leveltext=\"\uf0b7\" data-font=\"Symbol\" data-listid=\"1\" data-aria-posinset=\"2\" data-aria-level=\"1\"><i><span data-contrast=\"auto\">Las actividades continuar\u00e1n hasta el 11 de septiembre y pueden seguir<\/span><\/i><i><span data-contrast=\"auto\">se<\/span><\/i><i><span data-contrast=\"auto\"> en <\/span><\/i><a href=\"https:\/\/www.youtube.com\/channel\/UCGw2VLvw1WqGbY2IH3n03hw\/featured?disable_polymer=1\" target=\"_blank\" rel=\"noopener noreferrer\"><span data-contrast=\"none\">You<\/span><span data-contrast=\"none\">T<\/span><span data-contrast=\"none\">ube<\/span><\/a><i><span data-contrast=\"auto\"> y <\/span><\/i><a href=\"https:\/\/www.facebook.com\/depfisuv\" target=\"_blank\" rel=\"noopener noreferrer\"><span data-contrast=\"none\">Fac<\/span><span data-contrast=\"none\">e<\/span><span data-contrast=\"none\">book<\/span><\/a><span data-ccp-props=\"{&quot;134233279&quot;:true}\">\u00a0<\/span><\/li>\n<\/ul>\n<div id=\"attachment_87290\" style=\"width: 732px\" class=\"wp-caption aligncenter\"><a href=\"https:\/\/www.uv.mx\/prensa\/files\/2020\/09\/070920-Evento-Fisica.jpg\"><img loading=\"lazy\" decoding=\"async\" aria-describedby=\"caption-attachment-87290\" class=\"size-full wp-image-87290\" src=\"https:\/\/www.uv.mx\/prensa\/files\/2020\/09\/070920-Evento-Fisica.jpg\" alt=\"\" width=\"722\" height=\"481\" srcset=\"https:\/\/www.uv.mx\/prensa\/files\/2020\/09\/070920-Evento-Fisica.jpg 722w, https:\/\/www.uv.mx\/prensa\/files\/2020\/09\/070920-Evento-Fisica-300x200.jpg 300w\" sizes=\"auto, (max-width: 722px) 100vw, 722px\" \/><\/a><p id=\"caption-attachment-87290\" class=\"wp-caption-text\">Las actividades se llevan a cabo a trav\u00e9s de la plataforma <em>Zoom<\/em><\/p><\/div>\n<p><b><i><span data-contrast=\"auto\">Paola Cort\u00e9s P\u00e9rez<\/span><\/i><\/b><span data-ccp-props=\"{&quot;335559731&quot;:709}\">\u00a0<\/span><\/p>\n<p><span data-ccp-props=\"{&quot;335559731&quot;:709}\">\u00a0<\/span><b><i><span data-contrast=\"auto\">09<\/span><\/i><\/b><b><i><span data-contrast=\"auto\">\/09\/2020, Xalapa, Ver.-<\/span><\/i><\/b> <span data-contrast=\"auto\">La <a href=\"https:\/\/www.uv.mx\/ffia\/\" target=\"_blank\" rel=\"noopener noreferrer\">Facultad de F\u00edsica<\/a> de la Universidad Veracruzana (UV) inaugur\u00f3 las actividades del Primer Foro Virtual de Exalumnos<\/span><span data-contrast=\"auto\"> 2020 \u201cDr. Gustavo Rodr\u00edguez Zurita<\/span><span data-contrast=\"auto\">\u201d, el cual concluir\u00e1 el pr\u00f3ximo 11 de <\/span><span data-contrast=\"auto\">septiembre<\/span><span data-contrast=\"auto\">, <\/span><span data-contrast=\"auto\">que tiene como finalidad vincularse con los universitarios egresados y al mismo <\/span><span data-contrast=\"auto\">tiempo <\/span><span data-contrast=\"auto\">compartir sus experiencias con los estudiantes de nuevo ingreso y de semestres superiores.<\/span><span data-ccp-props=\"{&quot;335559731&quot;:709}\">\u00a0<\/span><\/p>\n<p><span data-contrast=\"auto\">Las actividades correspondientes a las mesas de di\u00e1logo se realizan <\/span><span data-contrast=\"auto\">en la plataforma <\/span><i><span data-contrast=\"auto\">Zoom<\/span><\/i><span data-contrast=\"auto\">, con transmisi\u00f3n simult\u00e1nea <\/span><span data-contrast=\"auto\">en<\/span><span data-contrast=\"auto\"> el canal de <\/span><a href=\"https:\/\/www.youtube.com\/channel\/UCGw2VLvw1WqGbY2IH3n03hw\/featured?disable_polymer=1\" target=\"_blank\" rel=\"noopener noreferrer\"><i><span data-contrast=\"none\">You<\/span><\/i><i><span data-contrast=\"none\">T<\/span><\/i><i><span data-contrast=\"none\">ube<\/span><\/i><\/a><span data-contrast=\"auto\"> y en el perfil de <\/span><a href=\"https:\/\/www.facebook.com\/depfisuv\" target=\"_blank\" rel=\"noopener noreferrer\"><i><span data-contrast=\"none\">F<\/span><\/i><i><span data-contrast=\"none\">ace<\/span><\/i><i><span data-contrast=\"none\">book<\/span><\/i><\/a><span data-contrast=\"auto\"> de la Facultad.<\/span><span data-ccp-props=\"{&quot;335559731&quot;:708}\">\u00a0<\/span><\/p>\n<p><span data-contrast=\"auto\">El foro fue inaugurado por Darwin Mayorga Cruz, titular del Consejo Veracruzano de Investigaci\u00f3n Cient\u00edfica y Desarrollo Tecnol\u00f3gico (<\/span><i><span data-contrast=\"auto\">Coveicydet<\/span><\/i><span data-contrast=\"auto\">), quien expres\u00f3 que <\/span><span data-contrast=\"auto\">se <\/span><span data-contrast=\"auto\">continuar\u00e1 trabajando junto con la U<\/span><span data-contrast=\"auto\">V <\/span><span data-contrast=\"auto\">a favor de tener derecho universal a la educaci\u00f3n y al conocimiento.<\/span><span data-ccp-props=\"{&quot;335559731&quot;:708}\">\u00a0<\/span><\/p>\n<p><span data-contrast=\"auto\">Dio a conocer <\/span><span data-contrast=\"auto\">que <\/span><span data-contrast=\"auto\">en este mes publicar\u00e1n la primera convocatoria para proyectos de investigaci\u00f3n cient\u00edfica y tecnol\u00f3gica, y en octubre dar\u00e1n a conocer la convocatoria para apoyar a grupos de investigaci\u00f3n cient\u00edfica y tecnol\u00f3gica.<\/span><span data-ccp-props=\"{&quot;335559731&quot;:708}\">\u00a0<\/span><\/p>\n<p><span data-contrast=\"auto\">\u201c<\/span><span data-contrast=\"auto\">E<\/span><span data-contrast=\"auto\">n conjunto <\/span><span data-contrast=\"auto\">b<\/span><span data-contrast=\"auto\">uscaremos financiamiento para que los grupos de investigaci\u00f3n contin\u00faen desarrollando <\/span><span data-contrast=\"auto\">su labor <\/span><span data-contrast=\"auto\">para solventar problem\u00e1ticas del estado.\u201d<\/span><span data-ccp-props=\"{&quot;335559731&quot;:708}\">\u00a0<\/span><\/p>\n<p><span data-contrast=\"auto\">En su participaci\u00f3n, <\/span><span data-contrast=\"auto\">\u00c1ngel Eduardo Gasca Herrera, director general del \u00c1rea Acad\u00e9mica T\u00e9cnica<\/span><span data-contrast=\"auto\"> de esta casa de estudios, pidi\u00f3 un respetuoso aplauso <\/span><span data-contrast=\"auto\">en mem<\/span><span data-contrast=\"auto\">oria del<\/span><span data-contrast=\"auto\"> profesor <\/span><span data-contrast=\"auto\">Gustavo Rodr\u00edguez Zurita<\/span><span data-contrast=\"auto\">, quien recientemente falleci\u00f3.<\/span><span data-ccp-props=\"{&quot;335559731&quot;:708}\">\u00a0<\/span><\/p>\n<p><span data-contrast=\"auto\">\u201cEste foro es producto de una gran gesti\u00f3n y trabajo colaborativo, por ello mi reconocimiento a <\/span><span data-contrast=\"auto\">quienes lo hicieron posible y a quienes nos compartir\u00e1n sus experiencias<\/span><span data-contrast=\"auto\"> en astronom\u00eda, f\u00edsica aplicada, comunicaci\u00f3n de la ciencia, entre otros temas.\u201d<\/span><span data-ccp-props=\"{&quot;335559731&quot;:708}\">\u00a0<\/span><\/p>\n<p><span data-contrast=\"auto\">Esta actividad, destac\u00f3, permitir\u00e1 saber si la Universidad y la Facultad de F\u00edsica <\/span><span data-contrast=\"auto\">van por el rumbo correcto y pertinente, por ello <\/span><span data-contrast=\"auto\">pidi\u00f3<\/span><span data-contrast=\"auto\"> a los asistentes <\/span><span data-contrast=\"auto\">aprovechar y disfrutar<\/span><span data-contrast=\"auto\"> el <\/span><span data-contrast=\"auto\">evento<\/span><span data-contrast=\"auto\">.<\/span><span data-ccp-props=\"{&quot;335559731&quot;:708}\">\u00a0<\/span><\/p>\n<p><span data-contrast=\"auto\">En tanto, <\/span><span data-contrast=\"auto\">Argelia Sol-<\/span><span data-contrast=\"auto\">Haret<\/span><span data-contrast=\"auto\"> B\u00e1ez Barrios, directora de la Facultad de F\u00edsica, <\/span><span data-contrast=\"auto\">mencion\u00f3 que cada vez m\u00e1s los egresados encuentran mayores dificultades para insertarse en el mercado laboral para contribuir al desarrollo econ\u00f3mico y social, a nivel regional y nacional, de ah\u00ed que los actores educativos asuman el compromiso de atender esta problem\u00e1tica en beneficio de los estudiantes.<\/span><span data-ccp-props=\"{&quot;335559731&quot;:708}\">\u00a0<\/span><\/p>\n<p><span data-contrast=\"auto\">D<\/span><span data-contrast=\"auto\">estac\u00f3<\/span><span data-contrast=\"auto\"> que e<\/span><span data-contrast=\"auto\">l seguimiento y <\/span><span data-contrast=\"auto\">comunicaci\u00f3n con los egresados<\/span><span data-contrast=\"auto\"> es importante porque les permite identificar las necesidades de formaci\u00f3n, de actualizaci\u00f3n y capacitaci\u00f3n, <\/span><span data-contrast=\"auto\">a fin de<\/span><span data-contrast=\"auto\"> enriquecer la oferta educativa de la Facultad.<\/span><span data-ccp-props=\"{&quot;335559731&quot;:708}\">\u00a0<\/span><\/p>\n<p><span data-contrast=\"auto\">\u201c<\/span><span data-contrast=\"auto\">Nos proporcionan datos sobre la formaci\u00f3n que recibieron, la inse<\/span><span data-contrast=\"auto\">rci\u00f3n en su entorno laboral, qu\u00e9<\/span><span data-contrast=\"auto\"> esperan los empleadores de los egresados<\/span><span data-contrast=\"auto\">; esta informaci\u00f3n contribuye a la adecuaci\u00f3n, actualizaci\u00f3n y fortalecimiento de la pertinencia educativa.\u201d<\/span><span data-ccp-props=\"{&quot;335559731&quot;:708}\">\u00a0<\/span><\/p>\n<p><span data-contrast=\"auto\">Mar\u00eda de Lourdes <\/span><span data-contrast=\"auto\">Watty<\/span> <span data-contrast=\"auto\">Urquidi<\/span><span data-contrast=\"auto\">, coordinadora de Seguimiento a Egresados de la UV, <\/span><span data-contrast=\"auto\">dijo que es primordial la vinculaci\u00f3n entre la Universidad y sus egresados<\/span><span data-contrast=\"auto\">, es as\u00ed como se enriquecen los programas educativos y la instituci\u00f3n.<\/span><span data-ccp-props=\"{&quot;335559731&quot;:708}\">\u00a0<\/span><\/p>\n<p><span data-contrast=\"auto\">El acad\u00e9mico <\/span><span data-contrast=\"auto\">Carlos Ernesto Vargas Madrazo dio lectura a una breve ficha curricular del profesor <\/span><span data-contrast=\"auto\">Gustavo Rodr\u00edguez Zurita<\/span><span data-contrast=\"auto\">, <\/span><span data-contrast=\"auto\">dijo que fue <\/span><span data-contrast=\"auto\">egresado de la Facultad de F\u00edsica UV; maestro en<\/span><span data-contrast=\"auto\"> Ciencias, con especialidad en \u00f3ptica<\/span><span data-contrast=\"auto\">, por el <\/span><span data-contrast=\"auto\">Instituto Nacional de Astrof\u00edsica, \u00d3ptica y Electr\u00f3nica (<\/span><span data-contrast=\"auto\">INAOE<\/span><span data-contrast=\"auto\">)<\/span><span data-contrast=\"auto\">, y doctor en Filosof\u00eda<\/span><span data-contrast=\"auto\">, con especialidad en ciencias \u00f3<\/span><span data-contrast=\"auto\">pticas<\/span><span data-contrast=\"auto\">,<\/span><span data-contrast=\"auto\"> por <\/span><span data-contrast=\"auto\">la Universidad <\/span><span data-contrast=\"auto\">Friedrich <\/span><span data-contrast=\"auto\">Sc<\/span><span data-contrast=\"auto\">hiller<\/span><span data-contrast=\"auto\"> de <\/span><span data-contrast=\"auto\">Jena<\/span><span data-contrast=\"auto\">, Alemania.<\/span><span data-ccp-props=\"{&quot;335559731&quot;:708}\">\u00a0<\/span><\/p>\n<p><span data-contrast=\"auto\">Fue <\/span><span data-contrast=\"auto\">miembro <\/span><span data-contrast=\"auto\">del Sistema Nacional de Investigadores (SNI)<\/span><span data-contrast=\"auto\">,<\/span> <span data-contrast=\"auto\">Nivel II<\/span><span data-contrast=\"auto\">;<\/span> <span data-contrast=\"auto\">p<\/span><span data-contrast=\"auto\">ublic\u00f3 cuatro libros, dos<\/span><span data-contrast=\"auto\"> como autor \u00fanico y dos como co<\/span><span data-contrast=\"auto\">autor; m\u00e1s de 300 art\u00edculos de investigaci\u00f3n, y dirigi\u00f3 decenas de tesis de licenciatura, maestr\u00eda y doctorado.<\/span><span data-ccp-props=\"{&quot;335559731&quot;:708}\">\u00a0<\/span><\/p>\n<p><span data-contrast=\"auto\">\u201cEste evento es dedicado a la memoria del acad\u00e9mico de nuestra Facultad, quien hab\u00eda tomado <\/span><span data-contrast=\"auto\">recientemente la responsabilidad para desarrollar la reestructuraci\u00f3n de los programas de laboratorio de docencia.\u201d<\/span><span data-ccp-props=\"{&quot;335559731&quot;:708}\">\u00a0<\/span><\/p>\n<p><span data-contrast=\"auto\">La se\u00f1ora Dulce Mar\u00eda Escobar, viuda del profesor, agradeci\u00f3 a nombre de su familia la iniciativa de haber perpetuado el nombre de su esposo en este Primer Foro Virtual de <\/span><span data-contrast=\"auto\">Exalumnos 2020<\/span><span data-contrast=\"auto\">.<\/span><span data-ccp-props=\"{&quot;335559731&quot;:708}\">\u00a0<\/span><\/p>\n<p><span data-contrast=\"auto\">\u201cAmaba esta Facultad, desempe\u00f1\u00f3 su perfil laboral siempre con responsabilidad y dedicaci\u00f3n cient\u00edfica, estoy segura que estar\u00eda compl<\/span><span data-contrast=\"auto\">acida de ser parte de este foro.<\/span> <span data-contrast=\"auto\">A<\/span><span data-contrast=\"auto\">gradezco a la Facultad y a sus organizadores.\u201d<\/span><span data-ccp-props=\"{&quot;335559731&quot;:708}\">\u00a0<\/span><\/p>\n<p><span data-contrast=\"auto\">Las actividades del foro continuar\u00e1n hasta el 11 de septiembre y podr\u00e1n seguirse a trav\u00e9s de su perfil en <\/span><a href=\"https:\/\/www.facebook.com\/depfisuv\" target=\"_blank\" rel=\"noopener noreferrer\"><i><span data-contrast=\"none\">Facebook<\/span><\/i><\/a><span data-contrast=\"auto\"> y en su canal de <\/span><a href=\"https:\/\/www.youtube.com\/channel\/UCGw2VLvw1WqGbY2IH3n03hw\/featured?disable_polymer=1\" target=\"_blank\" rel=\"noopener noreferrer\"><i><span data-contrast=\"none\">You<\/span><\/i><i><span data-contrast=\"none\">T<\/span><\/i><i><span data-contrast=\"none\">ube<\/span><\/i><\/a><span data-contrast=\"auto\">.<\/span><span data-ccp-props=\"{&quot;335559731&quot;:708}\">\u00a0<\/span><\/p>\n","protected":false},"excerpt":{"rendered":"<p>Gustavo Rodr\u00edguez Zurita, quien fue acad\u00e9mico de dicha Facultad, dio impulso a la reestructuraci\u00f3n de los programas de laboratorio de docencia<\/p>\n","protected":false},"author":1508,"featured_media":87291,"comment_status":"closed","ping_status":"closed","sticky":false,"template":"","format":"standard","meta":{"footnotes":""},"categories":[61],"tags":[],"class_list":["post-87289","post","type-post","status-publish","format-standard","has-post-thumbnail","hentry","category-banner"],"_links":{"self":[{"href":"https:\/\/www.uv.mx\/prensa\/wp-json\/wp\/v2\/posts\/87289","targetHints":{"allow":["GET"]}}],"collection":[{"href":"https:\/\/www.uv.mx\/prensa\/wp-json\/wp\/v2\/posts"}],"about":[{"href":"https:\/\/www.uv.mx\/prensa\/wp-json\/wp\/v2\/types\/post"}],"author":[{"embeddable":true,"href":"https:\/\/www.uv.mx\/prensa\/wp-json\/wp\/v2\/users\/1508"}],"replies":[{"embeddable":true,"href":"https:\/\/www.uv.mx\/prensa\/wp-json\/wp\/v2\/comments?post=87289"}],"version-history":[{"count":0,"href":"https:\/\/www.uv.mx\/prensa\/wp-json\/wp\/v2\/posts\/87289\/revisions"}],"wp:featuredmedia":[{"embeddable":true,"href":"https:\/\/www.uv.mx\/prensa\/wp-json\/wp\/v2\/media\/87291"}],"wp:attachment":[{"href":"https:\/\/www.uv.mx\/prensa\/wp-json\/wp\/v2\/media?parent=87289"}],"wp:term":[{"taxonomy":"category","embeddable":true,"href":"https:\/\/www.uv.mx\/prensa\/wp-json\/wp\/v2\/categories?post=87289"},{"taxonomy":"post_tag","embeddable":true,"href":"https:\/\/www.uv.mx\/prensa\/wp-json\/wp\/v2\/tags?post=87289"}],"curies":[{"name":"wp","href":"https:\/\/api.w.org\/{rel}","templated":true}]}}