{"id":87284,"date":"2020-09-09T07:56:33","date_gmt":"2020-09-09T12:56:33","guid":{"rendered":"https:\/\/www.uv.mx\/prensa\/?p=87284"},"modified":"2020-09-09T13:19:23","modified_gmt":"2020-09-09T18:19:23","slug":"eee-impartira-diplomado-en-didactica-del-espanol-en-modalidad-virtual","status":"publish","type":"post","link":"https:\/\/www.uv.mx\/prensa\/banner\/eee-impartira-diplomado-en-didactica-del-espanol-en-modalidad-virtual\/","title":{"rendered":"EEE impartir\u00e1 Diplomado en Did\u00e1ctica del Espa\u00f1ol, en modalidad virtual"},"content":{"rendered":"<ul>\n<li data-leveltext=\"\uf0b7\" data-font=\"Symbol\" data-listid=\"5\" data-aria-posinset=\"1\" data-aria-level=\"1\"><i><span data-contrast=\"none\">Se ofrecer\u00e1 a trav\u00e9s de la plataforma <\/span><\/i><span data-contrast=\"none\">Eminus<\/span> <i><span data-contrast=\"none\">y <\/span><\/i><i><span data-contrast=\"none\">las actividades montadas incluyen programaci\u00f3n HTML<\/span><\/i><i><span data-contrast=\"none\">,<\/span><\/i> <i><span data-contrast=\"none\">adem\u00e1s de <\/span><\/i><span data-contrast=\"none\">software<\/span><i><span data-contrast=\"none\"> para volver <\/span><\/i><i><span data-contrast=\"none\">interactivo <\/span><\/i><i><span data-contrast=\"none\">el <\/span><\/i><i><span data-contrast=\"none\">proceso de ense\u00f1anza<\/span><\/i><span data-ccp-props=\"{}\">\u00a0<\/span><\/li>\n<\/ul>\n<div id=\"attachment_87285\" style=\"width: 1010px\" class=\"wp-caption aligncenter\"><a href=\"https:\/\/www.uv.mx\/prensa\/files\/2020\/09\/070920-Diplomado-Espanol-EEE-1.jpg\"><img loading=\"lazy\" decoding=\"async\" aria-describedby=\"caption-attachment-87285\" class=\"size-full wp-image-87285\" src=\"https:\/\/www.uv.mx\/prensa\/files\/2020\/09\/070920-Diplomado-Espanol-EEE-1.jpg\" alt=\"\" width=\"1000\" height=\"350\" srcset=\"https:\/\/www.uv.mx\/prensa\/files\/2020\/09\/070920-Diplomado-Espanol-EEE-1.jpg 1000w, https:\/\/www.uv.mx\/prensa\/files\/2020\/09\/070920-Diplomado-Espanol-EEE-1-300x105.jpg 300w, https:\/\/www.uv.mx\/prensa\/files\/2020\/09\/070920-Diplomado-Espanol-EEE-1-768x269.jpg 768w\" sizes=\"auto, (max-width: 1000px) 100vw, 1000px\" \/><\/a><p id=\"caption-attachment-87285\" class=\"wp-caption-text\">El SEA apoy\u00f3 con la creaci\u00f3n del logotipo<\/p><\/div>\n<p><b><i><span data-contrast=\"none\">Carlos Hugo Hermida Rosales<\/span><\/i><\/b><span data-ccp-props=\"{}\">\u00a0<\/span><\/p>\n<p><b><i><span data-contrast=\"none\">09\/09<\/span><\/i><\/b><b><i><span data-contrast=\"none\">\/<\/span><\/i><\/b><b><i><span data-contrast=\"none\">2020<\/span><\/i><\/b><b><i><span data-contrast=\"none\">,<\/span><\/i><\/b> <b><i><span data-contrast=\"none\">Xalapa, Ver.<\/span><\/i><\/b> <span data-contrast=\"none\">La <a href=\"https:\/\/www.uv.mx\/eee\/\" target=\"_blank\" rel=\"noopener noreferrer\">Escuela para Estudiantes Extranjeros <\/a><\/span><span data-contrast=\"none\">(EEE) <\/span><span data-contrast=\"none\">y <\/span><span data-contrast=\"none\">el Sistema de Ense\u00f1anza Abierta (SEA)<\/span><span data-contrast=\"none\">,<\/span> <span data-contrast=\"none\">ambos <\/span><span data-contrast=\"none\">de la Universidad Verac<\/span><span data-contrast=\"none\">ruzana (UV),<\/span> <span data-contrast=\"none\">realizaron<\/span><span data-contrast=\"none\"> el dise\u00f1o instruccional del <\/span><span data-contrast=\"none\">D<\/span><span data-contrast=\"none\">iplomado en Did\u00e1ctica del Espa\u00f1ol como Lengua Extranjera<\/span><span data-contrast=\"none\">,<\/span> <span data-contrast=\"none\">m<\/span><span data-contrast=\"none\">odalidad <\/span><span data-contrast=\"none\">v<\/span><span data-contrast=\"none\">irtua<\/span><span data-contrast=\"none\">l, que iniciar\u00e1 en noviembre de<\/span><span data-contrast=\"none\"> 2020.<\/span><span data-ccp-props=\"{}\">\u00a0<\/span><\/p>\n<p><span data-contrast=\"none\">Celia Cristina Contreras Asturias<\/span><span data-contrast=\"none\">, directora de la EEE, mencion\u00f3 que <\/span><span data-contrast=\"none\">en<\/span><span data-contrast=\"none\"> esta labor los facilitadores de<\/span><span data-contrast=\"none\">l<\/span><span data-contrast=\"none\"> diplomado desarrollaron el material libre de derechos de autor,<\/span> <span data-contrast=\"none\">para que Ingrid Rub\u00ed Aguirre\u202fGonz\u00e1lez y Adriana Elizabeth Meza <\/span><span data-contrast=\"none\">Meraz<\/span><span data-contrast=\"none\">,<\/span> <span data-contrast=\"none\">del SEA<\/span><span data-contrast=\"none\">,<\/span> <span data-contrast=\"none\">realizaran el dise\u00f1o instruccional.\u00a0<\/span><span data-ccp-props=\"{&quot;335559731&quot;:708}\">\u00a0<\/span><\/p>\n<p><span data-contrast=\"none\">\u201cPara concluir este<\/span><span data-contrast=\"none\"> trabajo<\/span><span data-contrast=\"none\">,<\/span> <span data-contrast=\"none\">que se prolong\u00f3 a lo largo de un a\u00f1o<\/span><span data-contrast=\"none\">,<\/span> <span data-contrast=\"none\">se requiri<\/span><span data-contrast=\"none\">eron<\/span><span data-contrast=\"none\"> muchas reuniones entre<\/span><span data-contrast=\"none\"> los<\/span><span data-contrast=\"none\"> docentes y<\/span><span data-contrast=\"none\"> las<\/span><span data-contrast=\"none\"> dise\u00f1adoras instruccionales para acordar detalles y <\/span><span data-contrast=\"none\">realizar <\/span><span data-contrast=\"none\">revisiones conjuntas del proceso\u201d, asegur\u00f3.<\/span><span data-contrast=\"none\">\u00a0<\/span><span data-ccp-props=\"{&quot;335559731&quot;:708}\">\u00a0<\/span><\/p>\n<p><span data-contrast=\"none\">E<\/span><span data-contrast=\"none\">l<\/span><span data-contrast=\"none\"> SEA tambi\u00e9n apoy\u00f3 con la creaci\u00f3n del logotipo del diplomado, a trav\u00e9s del dise\u00f1ador gr\u00e1fico Francisco Vargas.\u00a0<\/span><span data-ccp-props=\"{&quot;335559731&quot;:708}\">\u00a0<\/span><\/p>\n<p><span data-contrast=\"none\">Celia Contreras relat\u00f3 qu<\/span><span data-contrast=\"none\">e desde 2012 la EEE ofrece este<\/span><span data-contrast=\"none\"> diplomado<\/span><span data-contrast=\"none\"> de forma<\/span><span data-contrast=\"none\"> presencial, <\/span><span data-contrast=\"none\">que hasta la fecha cuenta con 20 generaciones <\/span><span data-contrast=\"none\">y <\/span><span data-contrast=\"none\">las dos \u00faltimas <\/span><span data-contrast=\"none\">lo cursaron<\/span><span data-contrast=\"none\"> a distancia debido al confinamiento provocado por la pandemia de Covid-19.\u00a0<\/span><span data-ccp-props=\"{&quot;335559731&quot;:708}\">\u00a0<\/span><\/p>\n<div id=\"attachment_87286\" style=\"width: 734px\" class=\"wp-caption aligncenter\"><a href=\"https:\/\/www.uv.mx\/prensa\/files\/2020\/09\/070920-Diplomado-Espanol-EEE-2.jpg\"><img loading=\"lazy\" decoding=\"async\" aria-describedby=\"caption-attachment-87286\" class=\"size-full wp-image-87286\" src=\"https:\/\/www.uv.mx\/prensa\/files\/2020\/09\/070920-Diplomado-Espanol-EEE-2.jpg\" alt=\"\" width=\"724\" height=\"481\" srcset=\"https:\/\/www.uv.mx\/prensa\/files\/2020\/09\/070920-Diplomado-Espanol-EEE-2.jpg 724w, https:\/\/www.uv.mx\/prensa\/files\/2020\/09\/070920-Diplomado-Espanol-EEE-2-300x199.jpg 300w\" sizes=\"auto, (max-width: 724px) 100vw, 724px\" \/><\/a><p id=\"caption-attachment-87286\" class=\"wp-caption-text\">El dise\u00f1o del diplomado requiri\u00f3 de mucho trabajo multidisciplinario<\/p><\/div>\n<p><span data-contrast=\"none\">Explic\u00f3 que la generaci\u00f3n que se inscriba al diplomado ser\u00e1 la primera en cursarlo en modalidad asincr\u00f3nica virtual, lo que significa que la comunicaci\u00f3n entre estudiantes y docentes se realizar\u00e1 de manera diferida en el tiempo.\u00a0<\/span><span data-ccp-props=\"{&quot;335559731&quot;:708}\">\u00a0<\/span><\/p>\n<p><span data-contrast=\"none\">Mencion\u00f3 que esta capacitaci\u00f3n se ofrecer\u00e1 a trav\u00e9s de la plataforma <\/span><i><span data-contrast=\"none\">Eminus<\/span><\/i><span data-contrast=\"none\"> de la UV, y que las actividades montadas incluyen <\/span><span data-contrast=\"none\">programaci\u00f3n HTML<\/span><span data-contrast=\"none\">,<\/span> <span data-contrast=\"none\">adem\u00e1s de <\/span><i><span data-contrast=\"none\">software<\/span><\/i><span data-contrast=\"none\">,<\/span><span data-contrast=\"none\"> para volver <\/span><span data-contrast=\"none\">interactivo <\/span><span data-contrast=\"none\">el proceso de ense\u00f1anza; incluso algunos m\u00f3dulos <\/span><span data-contrast=\"none\">contienen<\/span><span data-contrast=\"none\"> videos que suman a este proyecto de <\/span><span data-contrast=\"none\">did\u00e1ctica <\/span><span data-contrast=\"none\">tecnol\u00f3gica.<\/span><span data-ccp-props=\"{&quot;335559731&quot;:708}\">\u00a0<\/span><\/p>\n<p><span data-contrast=\"none\">La acad\u00e9mica comparti\u00f3 que el proyecto de implementaci\u00f3n del <\/span><span data-contrast=\"none\">Diplomado en Did\u00e1ctica del Espa\u00f1ol como Lengua Extranjera<\/span><span data-contrast=\"none\">,<\/span> <span data-contrast=\"none\">m<\/span><span data-contrast=\"none\">odalidad <\/span><span data-contrast=\"none\">v<\/span><span data-contrast=\"none\">irtual<\/span><span data-contrast=\"none\">,<\/span><span data-contrast=\"none\"> form\u00f3 parte de los objetivos de la gesti\u00f3n anterior de los dirigentes de la EEE,<\/span> <span data-contrast=\"none\">por lo que actualmente se le dio seguimiento a esta labor.<\/span><span data-ccp-props=\"{&quot;335559731&quot;:708}\">\u00a0<\/span><\/p>\n<p><span data-contrast=\"none\">Agreg\u00f3 que para<\/span><span data-contrast=\"none\"> ello contaron con el respaldo<\/span><span data-contrast=\"none\"> de la <\/span><span data-contrast=\"none\">Direcci\u00f3n General de Desarrollo Acad\u00e9mico e Innovaci\u00f3n Educativa, a trav\u00e9s de la Jefatura de Educaci\u00f3n Continua<\/span><span data-contrast=\"none\">.<\/span><span data-contrast=\"none\">\u00a0<\/span><span data-ccp-props=\"{&quot;335559731&quot;:708}\">\u00a0<\/span><\/p>\n<p><span data-contrast=\"none\">Puntualiz\u00f3<\/span><span data-contrast=\"none\"> que <\/span><span data-contrast=\"none\">el<\/span><span data-contrast=\"none\"> diplomado ya cuenta con el aval de la dependencia mencionada, as\u00ed como de la Direcci\u00f3n General del \u00c1rea Acad\u00e9mica de Humanidades y de la Secretar\u00eda de Administraci\u00f3n y Finanzas.<\/span><span data-ccp-props=\"{&quot;335559731&quot;:708}\">\u00a0<\/span><\/p>\n","protected":false},"excerpt":{"rendered":"<p>Su consumaci\u00f3n no hubiera sido posible sin el apoyo del Sistema de Ense\u00f1anza Abierta<\/p>\n","protected":false},"author":1508,"featured_media":87285,"comment_status":"closed","ping_status":"closed","sticky":false,"template":"","format":"standard","meta":{"footnotes":""},"categories":[61],"tags":[],"class_list":["post-87284","post","type-post","status-publish","format-standard","has-post-thumbnail","hentry","category-banner"],"_links":{"self":[{"href":"https:\/\/www.uv.mx\/prensa\/wp-json\/wp\/v2\/posts\/87284","targetHints":{"allow":["GET"]}}],"collection":[{"href":"https:\/\/www.uv.mx\/prensa\/wp-json\/wp\/v2\/posts"}],"about":[{"href":"https:\/\/www.uv.mx\/prensa\/wp-json\/wp\/v2\/types\/post"}],"author":[{"embeddable":true,"href":"https:\/\/www.uv.mx\/prensa\/wp-json\/wp\/v2\/users\/1508"}],"replies":[{"embeddable":true,"href":"https:\/\/www.uv.mx\/prensa\/wp-json\/wp\/v2\/comments?post=87284"}],"version-history":[{"count":0,"href":"https:\/\/www.uv.mx\/prensa\/wp-json\/wp\/v2\/posts\/87284\/revisions"}],"wp:featuredmedia":[{"embeddable":true,"href":"https:\/\/www.uv.mx\/prensa\/wp-json\/wp\/v2\/media\/87285"}],"wp:attachment":[{"href":"https:\/\/www.uv.mx\/prensa\/wp-json\/wp\/v2\/media?parent=87284"}],"wp:term":[{"taxonomy":"category","embeddable":true,"href":"https:\/\/www.uv.mx\/prensa\/wp-json\/wp\/v2\/categories?post=87284"},{"taxonomy":"post_tag","embeddable":true,"href":"https:\/\/www.uv.mx\/prensa\/wp-json\/wp\/v2\/tags?post=87284"}],"curies":[{"name":"wp","href":"https:\/\/api.w.org\/{rel}","templated":true}]}}