{"id":87227,"date":"2020-09-08T08:00:09","date_gmt":"2020-09-08T13:00:09","guid":{"rendered":"https:\/\/www.uv.mx\/prensa\/?p=87227"},"modified":"2020-09-08T10:48:55","modified_gmt":"2020-09-08T15:48:55","slug":"musicos-de-la-osx-se-preparan-y-ensayan-todos-los-dias-mikhail-medvid","status":"publish","type":"post","link":"https:\/\/www.uv.mx\/prensa\/banner\/musicos-de-la-osx-se-preparan-y-ensayan-todos-los-dias-mikhail-medvid\/","title":{"rendered":"M\u00fasicos de la OSX se preparan y ensayan todos los d\u00edas: Mikhail Medvid"},"content":{"rendered":"<style type=\"text\/css\">\n  blockquote p { color: #28519b; font-family: helvetica; font-size: 1.4em; }<br \/><\/style>\n<ul>\n<li data-leveltext=\"\uf0b7\" data-font=\"Symbol\" data-listid=\"1\" data-aria-posinset=\"1\" data-aria-level=\"1\"><i><span data-contrast=\"auto\">La idea es<\/span><\/i><i><span data-contrast=\"auto\"> ofrecer calidad al p\u00fablico cuando las actividades se retomen<\/span><\/i><span data-ccp-props=\"{&quot;134233279&quot;:true}\">\u00a0<\/span><\/li>\n<li data-leveltext=\"\uf0b7\" data-font=\"Symbol\" data-listid=\"1\" data-aria-posinset=\"2\" data-aria-level=\"1\"><i><span data-contrast=\"auto\">Nueve de sus alumnos trabajan en la OSX y varios de ellos previamente han ganado concursos nacionales e internacionales.<\/span><\/i><span data-ccp-props=\"{&quot;134233279&quot;:true}\">\u00a0<\/span><\/li>\n<\/ul>\n<div id=\"attachment_87229\" style=\"width: 492px\" class=\"wp-caption aligncenter\"><a href=\"https:\/\/www.uv.mx\/prensa\/files\/2020\/09\/Mikhail-Medvid-100k.jpg\"><img loading=\"lazy\" decoding=\"async\" aria-describedby=\"caption-attachment-87229\" class=\"size-full wp-image-87229\" src=\"https:\/\/www.uv.mx\/prensa\/files\/2020\/09\/Mikhail-Medvid-100k.jpg\" alt=\"Mikhail Medvid dijo que los m\u00fasicos contin\u00faan ensayando a la distancia y de manera virtual\" width=\"482\" height=\"722\" srcset=\"https:\/\/www.uv.mx\/prensa\/files\/2020\/09\/Mikhail-Medvid-100k.jpg 482w, https:\/\/www.uv.mx\/prensa\/files\/2020\/09\/Mikhail-Medvid-100k-200x300.jpg 200w\" sizes=\"auto, (max-width: 482px) 100vw, 482px\" \/><\/a><p id=\"caption-attachment-87229\" class=\"wp-caption-text\">Mikhail Medvid dijo que los m\u00fasicos contin\u00faan ensayando a la distancia y de manera virtual<\/p><\/div>\n<blockquote><p><span data-contrast=\"auto\">\u201cEn aquel tiempo el director era Jos\u00e9 Guadalupe Flores, cuando llegu\u00e9 me qued<\/span><span data-contrast=\"auto\">\u00e9<\/span><span data-contrast=\"auto\"> sorprendido por el excelente ensamble y buena afinaci\u00f3n que ten\u00eda la orquesta; sin embargo, el nivel del grupo de cuerdas no era muy bueno, por eso mi primer trabajo fue elaborar un plan para elevar el nivel de todos y empezamos por realizar ensayos previos al ensayo general\u201d<\/span><\/p><\/blockquote>\n<p><b><i><span data-contrast=\"auto\">Paola Cort\u00e9s P\u00e9rez<\/span><\/i><\/b><span data-ccp-props=\"{&quot;335559731&quot;:709}\">\u00a0<\/span><\/p>\n<p><b><i><span data-contrast=\"auto\">0<\/span><\/i><\/b><b><i><span data-contrast=\"auto\">8<\/span><\/i><\/b><b><i><span data-contrast=\"auto\">\/09<\/span><\/i><\/b><b><i><span data-contrast=\"auto\">\/2020, Xalapa, Ver.-<\/span><\/i><\/b> <span data-contrast=\"auto\">Lo<\/span><span data-contrast=\"auto\">s<\/span><span data-contrast=\"auto\"> integrantes de la <a href=\"https:\/\/www.orquestasinfonicadexalapa.com\/\" target=\"_blank\" rel=\"noopener noreferrer\">Orquesta Sinf\u00f3nica de Xalapa<\/a> (OSX) de la Universidad Veracruzana (UV) se preparan y ensayan todos los d\u00edas para presentar m\u00fasica de calidad cuando retomen sus actividades y presentaciones ante el p\u00fablico, coment\u00f3 <\/span><span data-contrast=\"auto\">Mikhail<\/span> <span data-contrast=\"auto\">Medvid<\/span><span data-contrast=\"auto\">, <\/span><span data-contrast=\"auto\">c<\/span><span data-contrast=\"auto\">oncertino de la O<\/span><span data-contrast=\"auto\">SX.<\/span><span data-ccp-props=\"{&quot;335559731&quot;:709}\">\u00a0<\/span><\/p>\n<p><span data-contrast=\"auto\">En entrevista<\/span><span data-contrast=\"auto\">,<\/span><span data-contrast=\"auto\"> dijo sentirse orgulloso de pertenecer a la OSX, una de las mejores del pa\u00eds, y <\/span><span data-contrast=\"auto\">la felicit\u00f3 por su 91 a<\/span><span data-contrast=\"auto\">niversario. Record\u00f3 que en 1990 recibi\u00f3 la invitaci\u00f3n de <\/span><span data-contrast=\"auto\">la UV para ocupar el puesto de c<\/span><span data-contrast=\"auto\">oncertino, el primer violinista, el cual desempe\u00f1a hasta la actualidad y combina con la docencia en la Facultad de M\u00fasica de esta casa de estudios.<\/span><span data-ccp-props=\"{&quot;335559731&quot;:708}\">\u00a0<\/span><\/p>\n<p><span data-contrast=\"auto\">\u201cEn aquel tiempo el director era Jos\u00e9 Guadalupe Flores, cuando llegu\u00e9 me qued<\/span><span data-contrast=\"auto\">\u00e9<\/span><span data-contrast=\"auto\"> sorprendido por el excelente ensamble y buena afina<\/span><span data-contrast=\"auto\">ci\u00f3n que ten\u00eda la o<\/span><span data-contrast=\"auto\">rquesta; sin embargo, el nivel del grupo de cuerdas no era muy<\/span><span data-contrast=\"auto\"> bueno<\/span><span data-contrast=\"auto\">, por eso mi primer trabajo fue elaborar un plan para elevar el nivel de todos y empezamos por <\/span><span data-contrast=\"auto\">realizar ensayos previos<\/span><span data-contrast=\"auto\"> a<\/span><span data-contrast=\"auto\">l<\/span><span data-contrast=\"auto\"> ensayo general.\u201d<\/span><span data-ccp-props=\"{&quot;335559731&quot;:708}\">\u00a0<\/span><\/p>\n<p><span data-contrast=\"auto\">Al mismo tiempo, dijo, se le encomend\u00f3 la tarea de mejorar el nivel de los m\u00fasicos j\u00f3venes, por ello \u00e9l <\/span><span data-contrast=\"auto\">y <\/span><span data-contrast=\"auto\">sus compa\u00f1eros de la OSX empezaron a dar clases en la Facultad de M\u00fasica y en el Instituto Superior de M\u00fasica del Estado de Veracruz.<\/span><span data-ccp-props=\"{&quot;335559731&quot;:708}\">\u00a0<\/span><\/p>\n<p><span data-contrast=\"auto\">Mencion\u00f3 que varios de sus alumnos han sido invitados a la OSX para reforzar programas musicales grandes, ya sea para cuerdas o metales, esto les ha permitido trabajar realmente en una orquesta y adquirir experiencia sobre este trabajo.<\/span><span data-ccp-props=\"{&quot;335559731&quot;:708}\">\u00a0<\/span><\/p>\n<p><span data-contrast=\"auto\">\u201cAhora <\/span><span data-contrast=\"auto\">los j\u00f3venes m\u00fasicos han elevado su calidad y lo demuestran ganando la mayor\u00eda de las audiciones para orquestas<\/span><span data-contrast=\"auto\">;<\/span><span data-contrast=\"auto\"> por ejemplo, nueve de mis alumnos trabajan en la OSX y varios de ellos previamente han ganado concursos nacionales e internacionales, y otros m\u00e1s se han presentado como soli<\/span><span data-contrast=\"auto\">s<\/span><span data-contrast=\"auto\">tas en orquestas nacionales y del extranjero.\u201d<\/span><\/p>\n<p>&nbsp;<\/p>\n<p><b><span data-contrast=\"auto\">El Covid-19 y la OSX<\/span><\/b><span data-ccp-props=\"{&quot;335559731&quot;:709}\"><br \/>\n<\/span><span data-contrast=\"auto\">Mikhail<\/span> <span data-contrast=\"auto\">Medvid<\/span><span data-contrast=\"auto\"> dijo que pese a los tiempos dif\u00edciles que se viven a causa de la contingencia sanitaria por Covid-19, los m\u00fasicos integrantes de la Orquesta Sinf\u00f3nica de Xalapa tienen constante comunicaci\u00f3n entre ellos y ensayan sus partituras cada d\u00eda.<\/span><span data-ccp-props=\"{&quot;335559731&quot;:709}\">\u00a0<\/span><\/p>\n<p><span data-contrast=\"auto\">\u201cCon muchos de ellos he tenido comunicaci\u00f3n y me han expresado su deseo de regresar a trabajar, ya no aguantan tanto tiempo en sus casas sin tener actividad.<\/span><span data-ccp-props=\"{&quot;335559731&quot;:708}\">\u00a0<\/span><\/p>\n<p><span data-contrast=\"auto\">\u201d<\/span><span data-contrast=\"auto\">Me parece importante no estar estancados, debemos estudiar y dar clases de manera virtual en la Facultad de M\u00fasica, para mantener nuestra calidad.\u201d<\/span><span data-ccp-props=\"{&quot;335559731&quot;:708}\">\u00a0<\/span><\/p>\n<p><span data-contrast=\"auto\">Mencion\u00f3 que resultado de los ensayos virtuales fueron dos grabaciones: <\/span><i><span data-contrast=\"auto\">B<\/span><\/i><i><span data-contrast=\"auto\">olero <\/span><\/i><span data-contrast=\"auto\">de Ra<\/span><span data-contrast=\"auto\">v<\/span><span data-contrast=\"auto\">el<\/span><span data-contrast=\"auto\"> y <\/span><i><span data-contrast=\"auto\">Veracruz<\/span><\/i><span data-contrast=\"auto\"> de<\/span><span data-contrast=\"auto\"> Agust\u00edn Lara con arreg<\/span><span data-contrast=\"auto\">l<\/span><span data-contrast=\"auto\">os del<\/span><span data-contrast=\"auto\"> maestro Mateo Oliva.<\/span><span data-ccp-props=\"{&quot;335559731&quot;:708}\">\u00a0<\/span><\/p>\n<p><span data-contrast=\"auto\">Con respecto a sus actividades cotidianas, coment\u00f3 que desde su infancia ha sido muy disciplinado y estudioso, as\u00ed que ahora dedica la mayor parte del d\u00eda a repasar las partituras de las sinfon\u00edas de <\/span><span data-contrast=\"auto\">los programas musicales que ha tocado con la OSX.<\/span><span data-ccp-props=\"{&quot;335559731&quot;:708}\">\u00a0<\/span><\/p>\n<p><span data-contrast=\"auto\">\u201cLo mismo sucede con otros m\u00fasicos, pasan la mayor parte del d\u00eda estudiando, aunque es un poco dif\u00edcil porque no escuchamos e interactuamos con otros instrumentos<\/span><span data-contrast=\"auto\">;<\/span><span data-contrast=\"auto\"> sin embargo, espero que un d\u00eda regresemos a retomar nuestras actividades y otra vez toquemos muy buena m\u00fasica para la gente.\u201d<\/span><span data-ccp-props=\"{&quot;335559731&quot;:708}\">\u00a0<\/span><\/p>\n","protected":false},"excerpt":{"rendered":"<p>El m\u00fasico dijo sentirse orgulloso de pertenecer a este organismo; desde 1990 es el primer violinista <\/p>\n","protected":false},"author":1775,"featured_media":87228,"comment_status":"closed","ping_status":"closed","sticky":false,"template":"","format":"standard","meta":{"footnotes":""},"categories":[61],"tags":[],"class_list":["post-87227","post","type-post","status-publish","format-standard","has-post-thumbnail","hentry","category-banner"],"_links":{"self":[{"href":"https:\/\/www.uv.mx\/prensa\/wp-json\/wp\/v2\/posts\/87227","targetHints":{"allow":["GET"]}}],"collection":[{"href":"https:\/\/www.uv.mx\/prensa\/wp-json\/wp\/v2\/posts"}],"about":[{"href":"https:\/\/www.uv.mx\/prensa\/wp-json\/wp\/v2\/types\/post"}],"author":[{"embeddable":true,"href":"https:\/\/www.uv.mx\/prensa\/wp-json\/wp\/v2\/users\/1775"}],"replies":[{"embeddable":true,"href":"https:\/\/www.uv.mx\/prensa\/wp-json\/wp\/v2\/comments?post=87227"}],"version-history":[{"count":0,"href":"https:\/\/www.uv.mx\/prensa\/wp-json\/wp\/v2\/posts\/87227\/revisions"}],"wp:featuredmedia":[{"embeddable":true,"href":"https:\/\/www.uv.mx\/prensa\/wp-json\/wp\/v2\/media\/87228"}],"wp:attachment":[{"href":"https:\/\/www.uv.mx\/prensa\/wp-json\/wp\/v2\/media?parent=87227"}],"wp:term":[{"taxonomy":"category","embeddable":true,"href":"https:\/\/www.uv.mx\/prensa\/wp-json\/wp\/v2\/categories?post=87227"},{"taxonomy":"post_tag","embeddable":true,"href":"https:\/\/www.uv.mx\/prensa\/wp-json\/wp\/v2\/tags?post=87227"}],"curies":[{"name":"wp","href":"https:\/\/api.w.org\/{rel}","templated":true}]}}