{"id":87197,"date":"2020-09-04T20:47:38","date_gmt":"2020-09-05T01:47:38","guid":{"rendered":"https:\/\/www.uv.mx\/prensa\/?p=87197"},"modified":"2020-09-04T20:47:38","modified_gmt":"2020-09-05T01:47:38","slug":"curso-deportivo-intersemestral-del-afel-en-linea-todo-un-exito","status":"publish","type":"post","link":"https:\/\/www.uv.mx\/prensa\/deportes\/curso-deportivo-intersemestral-del-afel-en-linea-todo-un-exito\/","title":{"rendered":"Curso Deportivo Intersemestral   del AFEL en l\u00ednea, todo un \u00e9xito"},"content":{"rendered":"<ul>\n<li data-leveltext=\"\uf0b7\" data-font=\"Symbol\" data-listid=\"1\" data-aria-posinset=\"1\" data-aria-level=\"1\"><i><span data-contrast=\"auto\">Inici\u00f3 el <\/span><\/i><i><span data-contrast=\"auto\">17 de agosto y finaliza el 11 de septiembre, <\/span><\/i><i><span data-contrast=\"auto\">en forma <\/span><\/i><i><span data-contrast=\"auto\">gratuit<\/span><\/i><i><span data-contrast=\"auto\">a<\/span><\/i><i><span data-contrast=\"auto\"> y con cr\u00e9ditos acad\u00e9micos para los alumnos<\/span><\/i><span data-ccp-props=\"{&quot;201341983&quot;:0,&quot;335559739&quot;:0,&quot;335559740&quot;:240}\">\u00a0<\/span><\/li>\n<\/ul>\n<div id=\"attachment_87198\" style=\"width: 732px\" class=\"wp-caption aligncenter\"><a href=\"https:\/\/www.uv.mx\/prensa\/files\/2020\/09\/040920-DADUV.jpg\"><img loading=\"lazy\" decoding=\"async\" aria-describedby=\"caption-attachment-87198\" class=\"size-full wp-image-87198\" src=\"https:\/\/www.uv.mx\/prensa\/files\/2020\/09\/040920-DADUV.jpg\" alt=\"\" width=\"722\" height=\"481\" srcset=\"https:\/\/www.uv.mx\/prensa\/files\/2020\/09\/040920-DADUV.jpg 722w, https:\/\/www.uv.mx\/prensa\/files\/2020\/09\/040920-DADUV-300x200.jpg 300w\" sizes=\"auto, (max-width: 722px) 100vw, 722px\" \/><\/a><p id=\"caption-attachment-87198\" class=\"wp-caption-text\">Con buena respuesta se lleva a cabo el Curso Intersemestral de Verano 2020 del AFEL<\/p><\/div>\n<p><b><i><span data-contrast=\"auto\">Santiago Morales Ortiz<\/span><\/i><\/b><span data-ccp-props=\"{&quot;201341983&quot;:0,&quot;335559739&quot;:0,&quot;335559740&quot;:240}\">\u00a0<\/span><\/p>\n<p><b><i><span data-contrast=\"auto\">04\/09\/20<\/span><\/i><\/b><b><i><span data-contrast=\"auto\">20<\/span><\/i><\/b><b><i><span data-contrast=\"auto\">, Xalapa, Ver.-<\/span><\/i><\/b><span data-contrast=\"auto\"> Con \u00e9xito se lleva a cabo el Cur<\/span><span data-contrast=\"auto\">so Deportivo Intersemestral de Verano 2020 del <\/span><span data-contrast=\"auto\">\u00c1rea<\/span><span data-contrast=\"auto\"> de Formaci\u00f3n y Elecci\u00f3n Libre (AFEL) de la Universidad Veracruzana<\/span><span data-contrast=\"auto\"> (UV)<\/span><span data-contrast=\"auto\">, <\/span><span data-contrast=\"auto\">el cual <\/span><span data-contrast=\"auto\">inici\u00f3 el 17 de agosto y finalizar\u00e1 el 11 de septiembre<\/span><span data-contrast=\"auto\">, es gratuito <\/span><span data-contrast=\"auto\">y <\/span><span data-contrast=\"auto\">otorga <\/span><span data-contrast=\"auto\">cr\u00e9ditos acad\u00e9micos para los <\/span><span data-contrast=\"auto\">participantes<\/span><span data-contrast=\"auto\">.<\/span><span data-ccp-props=\"{&quot;201341983&quot;:0,&quot;335559739&quot;:0,&quot;335559740&quot;:240}\">\u00a0<\/span><\/p>\n<p><span data-contrast=\"auto\">Con grupos de 25 y hasta 30 alumnos pertenecientes a las cinco regiones, el curso se brinda a trav\u00e9s de la plataforma institucional de la UV, y est\u00e1 a cargo de instructores adscritos a la Direcci\u00f3n de Actividades Deportivas de <\/span><span data-contrast=\"auto\">esta casa de estudios<\/span><span data-contrast=\"auto\"> (DADUV).<\/span><span data-ccp-props=\"{&quot;201341983&quot;:0,&quot;335559731&quot;:708,&quot;335559739&quot;:0,&quot;335559740&quot;:240}\">\u00a0<\/span><\/p>\n<p><span data-contrast=\"auto\">Las disciplinas que se ofrecen son: <\/span><span data-contrast=\"auto\">acondicionamiento f\u00edsico y salud; <\/span><span data-contrast=\"auto\">actividad f\u00edsica, <\/span><span data-contrast=\"auto\">nutrici\u00f3n y desarrollo humano; <\/span><span data-contrast=\"auto\">ajedrez<\/span><span data-contrast=\"auto\">;<\/span><span data-contrast=\"auto\"> baloncesto<\/span><span data-contrast=\"auto\">;<\/span> <i><span data-contrast=\"auto\">handball<\/span><\/i><span data-contrast=\"auto\">;<\/span><span data-contrast=\"auto\"> capacidades coordinativas<\/span><span data-contrast=\"auto\">;<\/span> <span data-contrast=\"auto\">ejercicio f\u00edsico para el cuidado de la salud<\/span><span data-contrast=\"auto\">;<\/span> <span data-contrast=\"auto\">futbol asociaci\u00f3n<\/span><span data-contrast=\"auto\">;<\/span><span data-contrast=\"auto\"> futbol r\u00e1pido<\/span><span data-contrast=\"auto\">;<\/span> <span data-contrast=\"auto\">halterofilia<\/span><span data-contrast=\"auto\">;<\/span> <span data-contrast=\"auto\">karate do<\/span><span data-contrast=\"auto\">;<\/span><span data-contrast=\"auto\"> softbol<\/span><span data-contrast=\"auto\">;<\/span><span data-contrast=\"auto\"> tenis<\/span><span data-contrast=\"auto\">;<\/span> <span data-contrast=\"auto\">tochito<\/span><span data-contrast=\"auto\">;<\/span><span data-contrast=\"auto\"> voleibol<\/span><span data-contrast=\"auto\">,<\/span><span data-contrast=\"auto\"> y <\/span><span data-contrast=\"auto\">yoga orientad<\/span><span data-contrast=\"auto\">o<\/span><span data-contrast=\"auto\"> a la salud.<\/span><span data-ccp-props=\"{&quot;201341983&quot;:0,&quot;335559731&quot;:708,&quot;335559739&quot;:0,&quot;335559740&quot;:240}\">\u00a0<\/span><\/p>\n<p><span data-contrast=\"auto\">Durante un mes<\/span><span data-contrast=\"auto\">,<\/span><span data-contrast=\"auto\"> los alumnos aprenden los fundamentos b\u00e1sicos de la disciplina, reglas y estrategias de juego, presentando sus reportes para obtener de cuatro a cinco cr\u00e9ditos <\/span><span data-contrast=\"auto\">acad\u00e9micos <\/span><span data-contrast=\"auto\">de acuerdo al deporte que hayan elegido.<\/span><span data-ccp-props=\"{&quot;201341983&quot;:0,&quot;335559731&quot;:708,&quot;335559739&quot;:0,&quot;335559740&quot;:240}\">\u00a0<\/span><\/p>\n","protected":false},"excerpt":{"rendered":"<p>Con grupos de 25 y hasta 30 alumnos pertenecientes a las cinco regiones, el curso se brinda a trav\u00e9s de la plataforma institucional de la UV <\/p>\n","protected":false},"author":1508,"featured_media":87198,"comment_status":"closed","ping_status":"closed","sticky":false,"template":"","format":"standard","meta":{"footnotes":""},"categories":[12],"tags":[],"class_list":["post-87197","post","type-post","status-publish","format-standard","has-post-thumbnail","hentry","category-deportes"],"_links":{"self":[{"href":"https:\/\/www.uv.mx\/prensa\/wp-json\/wp\/v2\/posts\/87197","targetHints":{"allow":["GET"]}}],"collection":[{"href":"https:\/\/www.uv.mx\/prensa\/wp-json\/wp\/v2\/posts"}],"about":[{"href":"https:\/\/www.uv.mx\/prensa\/wp-json\/wp\/v2\/types\/post"}],"author":[{"embeddable":true,"href":"https:\/\/www.uv.mx\/prensa\/wp-json\/wp\/v2\/users\/1508"}],"replies":[{"embeddable":true,"href":"https:\/\/www.uv.mx\/prensa\/wp-json\/wp\/v2\/comments?post=87197"}],"version-history":[{"count":0,"href":"https:\/\/www.uv.mx\/prensa\/wp-json\/wp\/v2\/posts\/87197\/revisions"}],"wp:featuredmedia":[{"embeddable":true,"href":"https:\/\/www.uv.mx\/prensa\/wp-json\/wp\/v2\/media\/87198"}],"wp:attachment":[{"href":"https:\/\/www.uv.mx\/prensa\/wp-json\/wp\/v2\/media?parent=87197"}],"wp:term":[{"taxonomy":"category","embeddable":true,"href":"https:\/\/www.uv.mx\/prensa\/wp-json\/wp\/v2\/categories?post=87197"},{"taxonomy":"post_tag","embeddable":true,"href":"https:\/\/www.uv.mx\/prensa\/wp-json\/wp\/v2\/tags?post=87197"}],"curies":[{"name":"wp","href":"https:\/\/api.w.org\/{rel}","templated":true}]}}