{"id":87164,"date":"2020-09-04T13:38:33","date_gmt":"2020-09-04T18:38:33","guid":{"rendered":"https:\/\/www.uv.mx\/prensa\/?p=87164"},"modified":"2020-09-08T11:58:18","modified_gmt":"2020-09-08T16:58:18","slug":"academico-de-la-fca-se-vincula-con-universidad-colombiana","status":"publish","type":"post","link":"https:\/\/www.uv.mx\/prensa\/general\/academico-de-la-fca-se-vincula-con-universidad-colombiana\/","title":{"rendered":"Acad\u00e9mico de la FCA se vincula con universidad colombiana"},"content":{"rendered":"<ul>\n<li data-leveltext=\"\u25cf\" data-font=\"Arial, Arial_MSFontService, sans-serif\" data-listid=\"1\" data-aria-posinset=\"1\" data-aria-level=\"1\"><i><span data-contrast=\"auto\">H\u00e9ctor Guzm\u00e1n imparti\u00f3 una clase espejo con la Especialidad en Gerencia de Proyectos<\/span><\/i><i><span data-contrast=\"auto\">,<\/span><\/i><i><span data-contrast=\"auto\"> de la Universidad Centro de Estudios Superiores <\/span><\/i><i><span data-contrast=\"auto\">\u201c<\/span><\/i><i><span data-contrast=\"auto\">Mar\u00eda Goretti<\/span><\/i><i><span data-contrast=\"auto\">\u201d<\/span><\/i><span data-ccp-props=\"{&quot;201341983&quot;:0,&quot;335559740&quot;:240}\">\u00a0<\/span><\/li>\n<li data-leveltext=\"\u25cf\" data-font=\"Arial, Arial_MSFontService, sans-serif\" data-listid=\"1\" data-aria-posinset=\"2\" data-aria-level=\"1\"><i><span data-contrast=\"auto\">Desarroll\u00f3 el tema de gesti\u00f3n de adquisiciones y present\u00f3 ejemplos reales de su experiencia<\/span><\/i><span data-ccp-props=\"{&quot;201341983&quot;:0,&quot;335559740&quot;:240}\">\u00a0<\/span><\/li>\n<\/ul>\n<div id=\"attachment_87166\" style=\"width: 732px\" class=\"wp-caption aligncenter\"><a href=\"https:\/\/www.uv.mx\/prensa\/files\/2020\/09\/020920-Profesor-FCA-colabora-con-universidad-de-Colombia-2.jpg\"><img loading=\"lazy\" decoding=\"async\" aria-describedby=\"caption-attachment-87166\" class=\"size-full wp-image-87166\" src=\"https:\/\/www.uv.mx\/prensa\/files\/2020\/09\/020920-Profesor-FCA-colabora-con-universidad-de-Colombia-2.jpg\" alt=\"\" width=\"722\" height=\"481\" srcset=\"https:\/\/www.uv.mx\/prensa\/files\/2020\/09\/020920-Profesor-FCA-colabora-con-universidad-de-Colombia-2.jpg 722w, https:\/\/www.uv.mx\/prensa\/files\/2020\/09\/020920-Profesor-FCA-colabora-con-universidad-de-Colombia-2-300x200.jpg 300w\" sizes=\"auto, (max-width: 722px) 100vw, 722px\" \/><\/a><p id=\"caption-attachment-87166\" class=\"wp-caption-text\">H\u00e9ctor Guzm\u00e1n, acad\u00e9mico de la FCA, imparti\u00f3 una clase espejo en la Universidad <em>Cesmag<\/em> de Colombia<\/p><\/div>\n<p><b><i><span data-contrast=\"auto\">David Sandoval Rodr\u00edguez<\/span><\/i><\/b><span data-ccp-props=\"{&quot;201341983&quot;:0,&quot;335559740&quot;:240}\">\u00a0<\/span><\/p>\n<p><b><i><span data-contrast=\"auto\">04\/09\/2020, <\/span><\/i><\/b><b><i><span data-contrast=\"auto\">Xalapa, Ver.-<\/span><\/i><\/b><span data-contrast=\"auto\"> La <a href=\"https:\/\/www.uv.mx\/fca\/\" target=\"_blank\" rel=\"noopener noreferrer\">Facultad de Contadur\u00eda y Administraci\u00f3n<\/a> (FCA) de la Universidad Veracruzana (UV), <\/span><span data-contrast=\"auto\">en <\/span><span data-contrast=\"auto\">cumpli<\/span><span data-contrast=\"auto\">miento de <\/span><span data-contrast=\"auto\">su plan de tra<\/span><span data-contrast=\"auto\">bajo y en el marco de su convenio de internacionalizaci\u00f3n, fortaleci\u00f3 sus lazos de cooperaci\u00f3n acad\u00e9mica con la Universidad Centro de Estudios Superiores <\/span><span data-contrast=\"auto\">\u201c<\/span><span data-contrast=\"auto\">Mar\u00eda Goretti<\/span><span data-contrast=\"auto\">\u201d<\/span><span data-contrast=\"auto\"> (<\/span><i><span data-contrast=\"auto\">Cesmag<\/span><\/i><span data-contrast=\"auto\">) de Colombia.<\/span><span data-ccp-props=\"{&quot;201341983&quot;:0,&quot;335559740&quot;:240}\">\u00a0<\/span><\/p>\n<p><span data-contrast=\"auto\">H\u00e9ctor Guzm\u00e1n <\/span><span data-contrast=\"auto\">Couti\u00f1o<\/span><span data-contrast=\"auto\">, acad\u00e9mico de la <\/span><span data-contrast=\"auto\">L<\/span><span data-contrast=\"auto\">icenciatura en Sistemas C<\/span><span data-contrast=\"auto\">omputacionales Administrativos de la FCA, colabor\u00f3 de manera virtual con una clase espejo en la Especialidad en Gerencia de Proyectos de la Universidad <\/span><i><span data-contrast=\"auto\">Cesmag<\/span><\/i><span data-contrast=\"auto\">, con la tem\u00e1tica \u201cGesti\u00f3n de a<\/span><span data-contrast=\"auto\">dquisiciones\u201d.<\/span><span data-ccp-props=\"{&quot;201341983&quot;:0,&quot;335559740&quot;:240}\">\u00a0<\/span><\/p>\n<p><span data-contrast=\"auto\">Es una de las primeras vinculaciones cuya finalidad <\/span><span data-contrast=\"auto\">es compartir experiencias y conocimientos con los estudiantes, se\u00f1al\u00f3 <\/span><span data-contrast=\"auto\">Guzm\u00e1n <\/span><span data-contrast=\"auto\">Couti\u00f1o<\/span><span data-contrast=\"auto\">, integrante del c<\/span><span data-contrast=\"auto\">uerpo <\/span><span data-contrast=\"auto\">a<\/span><span data-contrast=\"auto\">cad\u00e9mico <\/span><span data-contrast=\"auto\">(CA) <\/span><span data-contrast=\"auto\">Tecnolog\u00edas <\/span><span data-contrast=\"auto\">E<\/span><span data-contrast=\"auto\">mergentes en las <\/span><span data-contrast=\"auto\">O<\/span><span data-contrast=\"auto\">rganizaciones<\/span><span data-contrast=\"auto\">.<\/span><span data-ccp-props=\"{&quot;201341983&quot;:0,&quot;335559731&quot;:720,&quot;335559740&quot;:240}\">\u00a0<\/span><\/p>\n<p><span data-contrast=\"auto\">La gesti\u00f3n de adquisiciones, explic\u00f3, \u201cincluye los procesos necesarios para comprar o adqu<\/span><span data-contrast=\"auto\">irir productos, servicios o resultados que es preciso obtener fuera del equipo del proyecto\u201d.<\/span><span data-ccp-props=\"{&quot;201341983&quot;:0,&quot;335559731&quot;:720,&quot;335559740&quot;:240}\">\u00a0<\/span><\/p>\n<p><span data-contrast=\"auto\">En la gesti\u00f3n de adquisiciones ocurren tres procesos que llevan de forma adecuada esta labor<\/span><span data-contrast=\"auto\">;<\/span><span data-contrast=\"auto\"> en primer lugar<\/span><span data-contrast=\"auto\">,<\/span><span data-contrast=\"auto\"> el planificar, cuyo objetivo es documentar todas las<\/span><span data-contrast=\"auto\"> decisiones de las adquisiciones y especificar las necesidades.<\/span><span data-ccp-props=\"{&quot;201341983&quot;:0,&quot;335559731&quot;:720,&quot;335559740&quot;:240}\">\u00a0<\/span><\/p>\n<p><span data-contrast=\"auto\">En segundo lugar<\/span><span data-contrast=\"auto\"> es<\/span><span data-contrast=\"auto\">t\u00e1<\/span> <span data-contrast=\"auto\">efectuarla<\/span><span data-contrast=\"auto\">, que implica obtener las respuestas de los proveedores para asignar el proyecto<\/span><span data-contrast=\"auto\">;<\/span><span data-contrast=\"auto\"> y la tercera etapa es controlarla, para llevar de manera satisfactoria la rela<\/span><span data-contrast=\"auto\">ci\u00f3n con los proveedores, <\/span><span data-contrast=\"auto\">as\u00ed como la correcta ejecuci\u00f3n de los contratos.<\/span><span data-ccp-props=\"{&quot;201341983&quot;:0,&quot;335559731&quot;:720,&quot;335559740&quot;:240}\">\u00a0<\/span><\/p>\n<p><span data-contrast=\"auto\">A<\/span><span data-contrast=\"auto\"> su vez, a<\/span><span data-contrast=\"auto\">l planificar la gesti\u00f3n de las adquisic<\/span><span data-contrast=\"auto\">iones se contemplan tres etapas:<\/span><span data-contrast=\"auto\"> la primera<\/span> <span data-contrast=\"auto\">son <\/span><span data-contrast=\"auto\">las \u201centradas\u201d<\/span><span data-contrast=\"auto\">,<\/span><span data-contrast=\"auto\"> que incluye los documentos de la empresa y el plan de direcci\u00f3n del proyecto, la<\/span><span data-contrast=\"auto\">s asignaciones de los contratos, los riesgos y factores ambientales que pueden afectar el desarrollo del proyecto.<\/span><span data-ccp-props=\"{&quot;201341983&quot;:0,&quot;335559731&quot;:720,&quot;335559740&quot;:240}\">\u00a0<\/span><\/p>\n<p><span data-contrast=\"auto\">La segunda <\/span><span data-contrast=\"auto\">son las<\/span><span data-contrast=\"auto\"> \u201cherramientas y t\u00e9cnicas\u201d, <\/span><span data-contrast=\"auto\">que <\/span><span data-contrast=\"auto\">abarca el juicio de los expertos, c\u00f3mo se analizar\u00e1n los datos<\/span><span data-contrast=\"auto\">,<\/span><span data-contrast=\"auto\"> as\u00ed como los criterios de selecci<\/span><span data-contrast=\"auto\">\u00f3n de los proveedores<\/span><span data-contrast=\"auto\">;<\/span> <span data-contrast=\"auto\">la tercera <\/span><span data-contrast=\"auto\">es <\/span><span data-contrast=\"auto\">la \u201csalida\u201d, ser\u00e1 donde se enuncien los requerimientos necesarios y los documentos que se generar\u00e1n para hacer p\u00fablicas las licitaciones<\/span><span data-contrast=\"auto\">, as\u00ed<\/span><span data-contrast=\"auto\"> como tambi\u00e9n los cambios que pueden incidir<\/span><span data-contrast=\"auto\">; <\/span><span data-contrast=\"auto\">un ejemplo de ello son los fa<\/span><span data-contrast=\"auto\">ctores ambientales que modifican las condiciones de los proyectos.<\/span><span data-ccp-props=\"{&quot;201341983&quot;:0,&quot;335559731&quot;:720,&quot;335559740&quot;:240}\">\u00a0<\/span><\/p>\n<div id=\"attachment_87165\" style=\"width: 732px\" class=\"wp-caption aligncenter\"><a href=\"https:\/\/www.uv.mx\/prensa\/files\/2020\/09\/020920-Profesor-FCA-colabora-con-universidad-de-Colombia-1.jpg\"><img loading=\"lazy\" decoding=\"async\" aria-describedby=\"caption-attachment-87165\" class=\"size-full wp-image-87165\" src=\"https:\/\/www.uv.mx\/prensa\/files\/2020\/09\/020920-Profesor-FCA-colabora-con-universidad-de-Colombia-1.jpg\" alt=\"\" width=\"722\" height=\"480\" srcset=\"https:\/\/www.uv.mx\/prensa\/files\/2020\/09\/020920-Profesor-FCA-colabora-con-universidad-de-Colombia-1.jpg 722w, https:\/\/www.uv.mx\/prensa\/files\/2020\/09\/020920-Profesor-FCA-colabora-con-universidad-de-Colombia-1-300x199.jpg 300w\" sizes=\"auto, (max-width: 722px) 100vw, 722px\" \/><\/a><p id=\"caption-attachment-87165\" class=\"wp-caption-text\">El acad\u00e9mico present\u00f3 el tema \u201cGesti\u00f3n de las adquisiciones\u201d, sus etapas y ejemplos de la pr\u00e1ctica profesional<\/p><\/div>\n<p><span data-contrast=\"auto\">En <\/span><span data-contrast=\"auto\">ocasiones en <\/span><span data-contrast=\"auto\">los proyectos ocurre <\/span><span data-contrast=\"auto\">que se tienen varios proveedores, por lo que se debe acordar con cada uno y establecer los contrato<\/span><span data-contrast=\"auto\">s que les corresponden, observ\u00f3.<\/span><span data-ccp-props=\"{&quot;201341983&quot;:0,&quot;335559731&quot;:720,&quot;335559740&quot;:240}\">\u00a0<\/span><\/p>\n<p><span data-contrast=\"auto\">Tambi\u00e9n se deben de <\/span><span data-contrast=\"auto\">considerar las leyes locales, municipales, estatales y nacionales <\/span><span data-contrast=\"auto\">a<\/span><span data-contrast=\"auto\"> cumplir en l<\/span><span data-contrast=\"auto\">os contratos que se establezcan; ah\u00ed<\/span><span data-contrast=\"auto\"> es donde se necesita personal que conozca de leyes y permisos <\/span><span data-contrast=\"auto\">para<\/span> <span data-contrast=\"auto\">implementar<\/span><span data-contrast=\"auto\"> el proyecto correspondiente.<\/span><span data-ccp-props=\"{&quot;201341983&quot;:0,&quot;335559731&quot;:720,&quot;335559740&quot;:240}\">\u00a0<\/span><\/p>\n<p><span data-contrast=\"auto\">Al finalizar, <\/span><span data-contrast=\"auto\">el acad\u00e9mico de la UV present\u00f3 dos ejemplos reales del trabajo realizado<\/span><span data-contrast=\"auto\">:<\/span><span data-contrast=\"auto\"> el primero fue como parte del primer conteo r\u00e1pido electoral 2016 en Veracruz<\/span><span data-contrast=\"auto\">,<\/span><span data-contrast=\"auto\"> y el segundo la implementaci\u00f3n de <\/span><span data-contrast=\"auto\">I<\/span><span data-contrast=\"auto\">nternet inal\u00e1mbrico gratuito <\/span><span data-contrast=\"auto\">promovido<\/span> <span data-contrast=\"auto\">por <\/span><span data-contrast=\"auto\">el Ayuntamie<\/span><span data-contrast=\"auto\">nto de Xalapa.<\/span><span data-ccp-props=\"{&quot;201341983&quot;:0,&quot;335559731&quot;:720,&quot;335559740&quot;:240}\">\u00a0<\/span><\/p>\n<p><span data-contrast=\"auto\">El conteo r\u00e1pido inici\u00f3 actividades en enero para estar listos al <\/span><span data-contrast=\"auto\">6<\/span><span data-contrast=\"auto\"> de julio, por lo que present\u00f3 la ruta cr\u00edtica, la i<\/span><span data-contrast=\"auto\">mplementaci\u00f3n de los protocolos, <\/span><span data-contrast=\"auto\">as\u00ed como tres simulacros y evaluaciones de desempe\u00f1o.<\/span><span data-ccp-props=\"{&quot;201341983&quot;:0,&quot;335559731&quot;:720,&quot;335559740&quot;:240}\">\u00a0<\/span><\/p>\n<p><span data-contrast=\"auto\">Por otro lado, el proyecto de I<\/span><span data-contrast=\"auto\">nt<\/span><span data-contrast=\"auto\">ernet inal\u00e1mbrico se dividi\u00f3 en tres etapas de cobertura, con la finalidad de tener cubierto el 80 por ciento de la mancha urbana.<\/span><span data-ccp-props=\"{&quot;201341983&quot;:0,&quot;335559731&quot;:720,&quot;335559740&quot;:240}\">\u00a0<\/span><\/p>\n<p><span data-contrast=\"auto\">\u201cNos tuvimos que adaptar a la tecnolog\u00eda disponible en M\u00e9xico y a sus proveedores\u201d, dijo al referir que se implementaron 64 p<\/span><span data-contrast=\"auto\">untos estrat\u00e9gicos y se brind\u00f3 servicio a mil 200 usuarios.<\/span><span data-ccp-props=\"{&quot;201341983&quot;:0,&quot;335559731&quot;:720,&quot;335559740&quot;:240}\">\u00a0<\/span><\/p>\n<p><span data-contrast=\"auto\">Al dar la bienvenida al docente, Mar\u00eda Eugenia C\u00f3rdoba, d<\/span><span data-contrast=\"auto\">irectora de Posgrados de la universidad colombiana, calific\u00f3 la presentaci\u00f3n como \u201cuna experiencia enriquecedora para todos, tanto en lo cu<\/span><span data-contrast=\"auto\">ltural como en lo acad\u00e9mico, vinculados con una universidad de tan alta calidad donde tuve la fortuna de desarrollar mi pasant\u00eda doctoral con <\/span><span data-contrast=\"auto\">Gunther<\/span> <span data-contrast=\"auto\">Dietz<\/span><span data-contrast=\"auto\">; es<\/span><span data-contrast=\"auto\"> una magn\u00edfica instituci\u00f3n por los aprendizajes que brinda\u201d.<\/span><span data-ccp-props=\"{&quot;201341983&quot;:0,&quot;335559731&quot;:720,&quot;335559740&quot;:240}\">\u00a0<\/span><\/p>\n<p><span data-contrast=\"auto\">En la sesi\u00f3n tambi\u00e9n estuvieron <\/span><span data-contrast=\"auto\">Jackeline<\/span> <span data-contrast=\"auto\">Pulistar<\/span><span data-contrast=\"auto\"> Su\u00e1<\/span><span data-contrast=\"auto\">rez, coordinadora Especializaci\u00f3n en Gerencia de Proyectos,<\/span><span data-contrast=\"auto\"> y Lorena Sotelo Rosero, docente titular de la e<\/span><span data-contrast=\"auto\">specialidad.<\/span><span data-ccp-props=\"{&quot;201341983&quot;:0,&quot;335559731&quot;:720,&quot;335559740&quot;:240}\">\u00a0<\/span><\/p>\n<div id=\"attachment_87167\" style=\"width: 732px\" class=\"wp-caption aligncenter\"><a href=\"https:\/\/www.uv.mx\/prensa\/files\/2020\/09\/020920-Profesor-FCA-colabora-con-universidad-de-Colombia-3.jpg\"><img loading=\"lazy\" decoding=\"async\" aria-describedby=\"caption-attachment-87167\" class=\"size-full wp-image-87167\" src=\"https:\/\/www.uv.mx\/prensa\/files\/2020\/09\/020920-Profesor-FCA-colabora-con-universidad-de-Colombia-3.jpg\" alt=\"\" width=\"722\" height=\"481\" srcset=\"https:\/\/www.uv.mx\/prensa\/files\/2020\/09\/020920-Profesor-FCA-colabora-con-universidad-de-Colombia-3.jpg 722w, https:\/\/www.uv.mx\/prensa\/files\/2020\/09\/020920-Profesor-FCA-colabora-con-universidad-de-Colombia-3-300x200.jpg 300w\" sizes=\"auto, (max-width: 722px) 100vw, 722px\" \/><\/a><p id=\"caption-attachment-87167\" class=\"wp-caption-text\">Acad\u00e9micos y estudiantes de la Especialidad en Gerencia de Proyectos de la Universidad <em>Cesmag<\/em> atendieron la clase virtual<\/p><\/div>\n","protected":false},"excerpt":{"rendered":"<p>H\u00e9ctor Guzm\u00e1n imparti\u00f3 una clase espejo con la Especialidad en Gerencia de Proyectos, de la Universidad Centro de Estudios Superiores \u201cMar\u00eda Goretti\u201d <\/p>\n","protected":false},"author":1508,"featured_media":0,"comment_status":"closed","ping_status":"closed","sticky":false,"template":"","format":"standard","meta":{"footnotes":""},"categories":[1],"tags":[],"class_list":["post-87164","post","type-post","status-publish","format-standard","hentry","category-general"],"_links":{"self":[{"href":"https:\/\/www.uv.mx\/prensa\/wp-json\/wp\/v2\/posts\/87164","targetHints":{"allow":["GET"]}}],"collection":[{"href":"https:\/\/www.uv.mx\/prensa\/wp-json\/wp\/v2\/posts"}],"about":[{"href":"https:\/\/www.uv.mx\/prensa\/wp-json\/wp\/v2\/types\/post"}],"author":[{"embeddable":true,"href":"https:\/\/www.uv.mx\/prensa\/wp-json\/wp\/v2\/users\/1508"}],"replies":[{"embeddable":true,"href":"https:\/\/www.uv.mx\/prensa\/wp-json\/wp\/v2\/comments?post=87164"}],"version-history":[{"count":0,"href":"https:\/\/www.uv.mx\/prensa\/wp-json\/wp\/v2\/posts\/87164\/revisions"}],"wp:attachment":[{"href":"https:\/\/www.uv.mx\/prensa\/wp-json\/wp\/v2\/media?parent=87164"}],"wp:term":[{"taxonomy":"category","embeddable":true,"href":"https:\/\/www.uv.mx\/prensa\/wp-json\/wp\/v2\/categories?post=87164"},{"taxonomy":"post_tag","embeddable":true,"href":"https:\/\/www.uv.mx\/prensa\/wp-json\/wp\/v2\/tags?post=87164"}],"curies":[{"name":"wp","href":"https:\/\/api.w.org\/{rel}","templated":true}]}}