{"id":87131,"date":"2020-09-06T08:00:08","date_gmt":"2020-09-06T13:00:08","guid":{"rendered":"https:\/\/www.uv.mx\/prensa\/?p=87131"},"modified":"2020-09-08T11:43:19","modified_gmt":"2020-09-08T16:43:19","slug":"egresa-3a-generacion-del-doctorado-en-sistemas-y-ambientes-educativos","status":"publish","type":"post","link":"https:\/\/www.uv.mx\/prensa\/regiones\/veracruz\/egresa-3a-generacion-del-doctorado-en-sistemas-y-ambientes-educativos\/","title":{"rendered":"Egresa 3\u00aa generaci\u00f3n del Doctorado en Sistemas y Ambientes Educativos"},"content":{"rendered":"<ul>\n<li data-leveltext=\"\u2022\" data-font=\"Arial\" data-listid=\"1\" data-aria-posinset=\"1\" data-aria-level=\"1\"><i><span data-contrast=\"none\">Es la tercera generaci<\/span><\/i><i><span data-contrast=\"none\">\u00f3<\/span><\/i><i><span data-contrast=\"none\">n <\/span><\/i><i><span data-contrast=\"none\">de la UV y la segunda inte<\/span><\/i><i><span data-contrast=\"none\">rinstitucional con <\/span><\/i><i><span data-contrast=\"none\">el <\/span><\/i><span data-contrast=\"none\">Itson<\/span> <i><span data-contrast=\"none\">y<\/span><\/i><i><span data-contrast=\"none\"> la<\/span><\/i><i><span data-contrast=\"none\"> BUAP<\/span><\/i><span data-ccp-props=\"{&quot;335559738&quot;:160}\">\u00a0<\/span><\/li>\n<li data-leveltext=\"\u2022\" data-font=\"Arial\" data-listid=\"1\" data-aria-posinset=\"2\" data-aria-level=\"1\"><i><span data-contrast=\"none\">Est\u00e1<\/span><\/i><i><span data-contrast=\"none\"> incorporado al Programa Nacional de Posgrados de Calidad de<\/span><\/i><i><span data-contrast=\"none\">l<\/span><\/i> <i><span data-contrast=\"none\">Conacyt<\/span><\/i><span data-ccp-props=\"{&quot;335559738&quot;:160}\">\u00a0<\/span><\/li>\n<li data-leveltext=\"\u2022\" data-font=\"Arial\" data-listid=\"1\" data-aria-posinset=\"3\" data-aria-level=\"1\"><i><span data-contrast=\"none\">Este a<\/span><\/i><i><span data-contrast=\"none\">\u00f1<\/span><\/i><i><span data-contrast=\"none\">o el programa <\/span><\/i><i><span data-contrast=\"none\">acad<\/span><\/i><i><span data-contrast=\"none\">\u00e9<\/span><\/i><i><span data-contrast=\"none\">mico interinstitucional <\/span><\/i><i><span data-contrast=\"none\">celebra una d<\/span><\/i><i><span data-contrast=\"none\">\u00e9<\/span><\/i><i><span data-contrast=\"none\">cada de <\/span><\/i><i><span data-contrast=\"none\">operaci<\/span><\/i><i><span data-contrast=\"none\">\u00f3<\/span><\/i><i><span data-contrast=\"none\">n<\/span><\/i><span data-ccp-props=\"{}\">\u00a0<\/span><\/li>\n<\/ul>\n<div id=\"attachment_87142\" style=\"width: 1388px\" class=\"wp-caption aligncenter\"><a href=\"https:\/\/www.uv.mx\/prensa\/files\/2020\/09\/070920-Doctorado-Veracruz-1.jpg\"><img loading=\"lazy\" decoding=\"async\" aria-describedby=\"caption-attachment-87142\" class=\"size-full wp-image-87142\" src=\"https:\/\/www.uv.mx\/prensa\/files\/2020\/09\/070920-Doctorado-Veracruz-1.jpg\" alt=\"\" width=\"1378\" height=\"481\" srcset=\"https:\/\/www.uv.mx\/prensa\/files\/2020\/09\/070920-Doctorado-Veracruz-1.jpg 1378w, https:\/\/www.uv.mx\/prensa\/files\/2020\/09\/070920-Doctorado-Veracruz-1-300x105.jpg 300w, https:\/\/www.uv.mx\/prensa\/files\/2020\/09\/070920-Doctorado-Veracruz-1-1024x357.jpg 1024w, https:\/\/www.uv.mx\/prensa\/files\/2020\/09\/070920-Doctorado-Veracruz-1-768x268.jpg 768w, https:\/\/www.uv.mx\/prensa\/files\/2020\/09\/070920-Doctorado-Veracruz-1-1200x419.jpg 1200w\" sizes=\"auto, (max-width: 1378px) 100vw, 1378px\" \/><\/a><p id=\"caption-attachment-87142\" class=\"wp-caption-text\">Luz Yadira R\u00edos, Anna Luz Acosta, Frankcis Maryna Gallardo, Pahola R\u00edos y Adri\u00e1n S\u00e1nchez<\/p><\/div>\n<div id=\"attachment_87141\" style=\"width: 1388px\" class=\"wp-caption aligncenter\"><a href=\"https:\/\/www.uv.mx\/prensa\/files\/2020\/09\/070920-Doctorado-Veracruz-2.jpg\"><img loading=\"lazy\" decoding=\"async\" aria-describedby=\"caption-attachment-87141\" class=\"size-full wp-image-87141\" src=\"https:\/\/www.uv.mx\/prensa\/files\/2020\/09\/070920-Doctorado-Veracruz-2.jpg\" alt=\"\" width=\"1378\" height=\"481\" srcset=\"https:\/\/www.uv.mx\/prensa\/files\/2020\/09\/070920-Doctorado-Veracruz-2.jpg 1378w, https:\/\/www.uv.mx\/prensa\/files\/2020\/09\/070920-Doctorado-Veracruz-2-300x105.jpg 300w, https:\/\/www.uv.mx\/prensa\/files\/2020\/09\/070920-Doctorado-Veracruz-2-1024x357.jpg 1024w, https:\/\/www.uv.mx\/prensa\/files\/2020\/09\/070920-Doctorado-Veracruz-2-768x268.jpg 768w, https:\/\/www.uv.mx\/prensa\/files\/2020\/09\/070920-Doctorado-Veracruz-2-1200x419.jpg 1200w\" sizes=\"auto, (max-width: 1378px) 100vw, 1378px\" \/><\/a><p id=\"caption-attachment-87141\" class=\"wp-caption-text\">Karla del Faro, Roc\u00edo Ram\u00f3n, Flora Lilia Barrios, Karina Estela G\u00e1lvez y Gustavo Antonio Huerta<\/p><\/div>\n<p><b><i><span data-contrast=\"none\">06<\/span><\/i><\/b><b><i><span data-contrast=\"none\">\/0<\/span><\/i><\/b><b><i><span data-contrast=\"none\">9<\/span><\/i><\/b><b><i><span data-contrast=\"none\">\/2020<\/span><\/i><\/b><b><i><span data-contrast=\"none\">,<\/span><\/i><\/b><b><i><span data-contrast=\"none\"> Boca del R<\/span><\/i><\/b><b><i><span data-contrast=\"none\">\u00ed<\/span><\/i><\/b><b><i><span data-contrast=\"none\">o<\/span><\/i><\/b><b><i><span data-contrast=\"none\">, Ver.-<\/span><\/i><\/b> <span data-contrast=\"none\">L<\/span><span data-contrast=\"none\">a <a href=\"https:\/\/www.uv.mx\/veracruz\/pedagogia\/\" target=\"_blank\" rel=\"noopener noreferrer\">Facultad de <\/a><\/span><span data-contrast=\"none\">Pedagog<\/span><span data-contrast=\"none\">\u00ed<\/span><span data-contrast=\"none\">a<\/span><span data-contrast=\"none\"> de la Universidad Veracruzana (UV), regi\u00f3n Veracruz, <\/span><span data-contrast=\"none\">c<\/span><span data-contrast=\"none\">elebr\u00f3<\/span><span data-contrast=\"none\"> el 29 de agosto<\/span> <span data-contrast=\"none\">la graduaci<\/span><span data-contrast=\"none\">\u00f3<\/span><span data-contrast=\"none\">n de la tercera generaci<\/span><span data-contrast=\"none\">\u00f3<\/span><span data-contrast=\"none\">n 2017-2020 del Doctorado en Sistemas y Ambientes Educativos (DSAE)<\/span><span data-contrast=\"none\">, <\/span><span data-contrast=\"none\">programa <\/span><span data-contrast=\"none\">acad<\/span><span data-contrast=\"none\">\u00e9<\/span><span data-contrast=\"none\">mico interinstitucional que <\/span><span data-contrast=\"none\">celebra una d\u00e9cada de <\/span><span data-contrast=\"none\">operaci\u00f3<\/span><span data-contrast=\"none\">n<\/span><span data-contrast=\"none\"> y <\/span><span data-contrast=\"none\">est\u00e1 incorporado al Programa Nacional de Posgrados de Calidad (PNPC)<\/span> <span data-contrast=\"none\">del<\/span> <span data-contrast=\"none\">Consejo<\/span> <span data-contrast=\"none\">Nacional<\/span><span data-contrast=\"none\"> de Ciencia y <\/span><span data-contrast=\"none\">Tecnolog\u00eda<\/span><span data-contrast=\"none\"> (<\/span><i><span data-contrast=\"none\">Conacyt<\/span><\/i><span data-contrast=\"none\">)<\/span><span data-ccp-props=\"{}\">\u00a0<\/span><\/p>\n<p><span data-contrast=\"none\">Los integrantes de la tercera generaci\u00f3n del <\/span><span data-contrast=\"none\">DSAE<\/span><span data-contrast=\"none\"> y segunda en modalidad interinstitucional con el Instituto <\/span><span data-contrast=\"none\">Tecnol\u00f3<\/span><span data-contrast=\"none\">gico<\/span><span data-contrast=\"none\"> de Sonora (<\/span><i><span data-contrast=\"none\">Itson<\/span><\/i><span data-contrast=\"none\">)<\/span><span data-contrast=\"none\"> y la <\/span><span data-contrast=\"none\">Benem<\/span><span data-contrast=\"none\">\u00e9<\/span><span data-contrast=\"none\">rita<\/span><span data-contrast=\"none\"> Universidad Aut\u00f3noma de Puebla (BUAP) son: Anna Luz Acosta Aguilera, Flora Lilia Barrios <\/span><span data-contrast=\"none\">Mart<\/span><span data-contrast=\"none\">\u00ed<\/span><span data-contrast=\"none\">nez<\/span><span data-contrast=\"none\">, Karla del Faro Odi, <\/span><span data-contrast=\"none\">Frankcis<\/span> <span data-contrast=\"none\">Maryna<\/span><span data-contrast=\"none\"> Gallardo Romagnoli, Karina <\/span><span data-contrast=\"none\">Estela<\/span><span data-contrast=\"none\"> G<\/span><span data-contrast=\"none\">\u00e1<\/span><span data-contrast=\"none\">lvez<\/span><span data-contrast=\"none\"> Buenfil, Gustavo Antonio Huerta Patraca, Roc<\/span><span data-contrast=\"none\">\u00ed<\/span><span data-contrast=\"none\">o <\/span><span data-contrast=\"none\">Ra<\/span><span data-contrast=\"none\">m<\/span><span data-contrast=\"none\">\u00f3<\/span><span data-contrast=\"none\">n<\/span><span data-contrast=\"none\"> Ram<\/span><span data-contrast=\"none\">\u00f3<\/span><span data-contrast=\"none\">n, <\/span><span data-contrast=\"none\">Pahola<\/span> <span data-contrast=\"none\">R<\/span><span data-contrast=\"none\">\u00ed<\/span><span data-contrast=\"none\">os Carrillo, Luz Yadira R<\/span><span data-contrast=\"none\">\u00ed<\/span><span data-contrast=\"none\">os Rocher y Adri<\/span><span data-contrast=\"none\">\u00e1<\/span><span data-contrast=\"none\">n S<\/span><span data-contrast=\"none\">\u00e1<\/span><span data-contrast=\"none\">nchez<\/span><span data-contrast=\"none\"> Vidal.<\/span><span data-ccp-props=\"{&quot;335559731&quot;:720}\">\u00a0<\/span><\/p>\n<p><span data-contrast=\"none\">El evento <\/span><span data-contrast=\"none\">se realiz<\/span><span data-contrast=\"none\">\u00f3 <\/span><span data-contrast=\"none\">en modalidad virtual y<\/span><span data-contrast=\"none\"> cont<\/span><span data-contrast=\"none\">\u00f3 <\/span><span data-contrast=\"none\">con la <\/span><span data-contrast=\"none\">presencia<\/span><span data-contrast=\"none\"> de <\/span><span data-contrast=\"none\">Mar<\/span><span data-contrast=\"none\">\u00ed<\/span><span data-contrast=\"none\">a Magdalena <\/span><span data-contrast=\"none\">Hern<\/span><span data-contrast=\"none\">\u00e1<\/span><span data-contrast=\"none\">ndez<\/span> <span data-contrast=\"none\">Alarc<\/span><span data-contrast=\"none\">\u00f3<\/span><span data-contrast=\"none\">n, s<\/span><span data-contrast=\"none\">ecretaria <\/span><span data-contrast=\"none\">Acad<\/span><span data-contrast=\"none\">\u00e9<\/span><span data-contrast=\"none\">mica de UV<\/span><span data-contrast=\"none\">, en represent<\/span><span data-contrast=\"none\">aci<\/span><span data-contrast=\"none\">\u00f3<\/span><span data-contrast=\"none\">n de <\/span><span data-contrast=\"none\">la rectora <\/span><span data-contrast=\"none\">Sara <\/span><span data-contrast=\"none\">Ladr<\/span><span data-contrast=\"none\">\u00f3<\/span><span data-contrast=\"none\">n<\/span><span data-contrast=\"none\"> de Guevara <\/span><span data-contrast=\"none\">Gonz<\/span><span data-contrast=\"none\">\u00e1<\/span><span data-contrast=\"none\">lez<\/span><span data-contrast=\"none\">; <\/span><span data-contrast=\"none\">Jos<\/span><span data-contrast=\"none\">\u00e9<\/span> <span data-contrast=\"none\">Luis Mart<\/span><span data-contrast=\"none\">\u00ed<\/span><span data-contrast=\"none\">nez<\/span><span data-contrast=\"none\"> Su<\/span><span data-contrast=\"none\">\u00e1<\/span><span data-contrast=\"none\">rez<\/span><span data-contrast=\"none\">, director general del <\/span><span data-contrast=\"none\">\u00c1<\/span><span data-contrast=\"none\">rea <\/span><span data-contrast=\"none\">Acad<\/span><span data-contrast=\"none\">\u00e9<\/span><span data-contrast=\"none\">mica de Humanidades<\/span><span data-contrast=\"none\">,<\/span><span data-contrast=\"none\"> y <\/span><span data-contrast=\"none\">Jos<\/span><span data-contrast=\"none\">\u00e9<\/span> <span data-contrast=\"none\">Rigoberto Gabriel <\/span><span data-contrast=\"none\">Arg<\/span><span data-contrast=\"none\">\u00fc<\/span><span data-contrast=\"none\">elles<\/span><span data-contrast=\"none\">, director general de la <\/span><span data-contrast=\"none\">Unidad de Estudios de Posgrado.<\/span><span data-ccp-props=\"{&quot;335559731&quot;:720}\">\u00a0<\/span><\/p>\n<p><span data-contrast=\"none\">Por parte de las autoridades universitarias de la regi<\/span><span data-contrast=\"none\">\u00f3<\/span><span data-contrast=\"none\">n<\/span> <span data-contrast=\"none\">estuvieron<\/span><span data-contrast=\"none\">: Alfonso Gerardo <\/span><span data-contrast=\"none\">P<\/span><span data-contrast=\"none\">\u00e9<\/span><span data-contrast=\"none\">rez<\/span><span data-contrast=\"none\"> Morales, vicerrector<\/span><span data-contrast=\"none\">; Ulises Gonzalo Aguirre Orozco, <\/span><span data-contrast=\"none\">s<\/span><span data-contrast=\"none\">ecretario <\/span><span data-contrast=\"none\">Acad<\/span><span data-contrast=\"none\">\u00e9<\/span><span data-contrast=\"none\">mico<\/span><span data-contrast=\"none\">; Enrique Morales <\/span><span data-contrast=\"none\">Gonz<\/span><span data-contrast=\"none\">\u00e1<\/span><span data-contrast=\"none\">lez<\/span><span data-contrast=\"none\">, <\/span><span data-contrast=\"none\">c<\/span><span data-contrast=\"none\">oordina<\/span><span data-contrast=\"none\">dor <\/span><span data-contrast=\"none\">de Posgrado<\/span><span data-contrast=\"none\">; <\/span><span data-contrast=\"none\">Mar<\/span><span data-contrast=\"none\">\u00ed<\/span><span data-contrast=\"none\">a del Carmen S<\/span><span data-contrast=\"none\">\u00e1<\/span><span data-contrast=\"none\">nchez<\/span><span data-contrast=\"none\"> Zamudio, directora de la Facultad de Pedagog<\/span><span data-contrast=\"none\">\u00ed<\/span><span data-contrast=\"none\">a; <\/span><span data-contrast=\"none\">Perla Milagr<\/span><span data-contrast=\"none\">o<\/span><span data-contrast=\"none\">s Leonor Macedo Pereda<\/span><span data-contrast=\"none\">, <\/span><span data-contrast=\"none\">s<\/span><span data-contrast=\"none\">ecretaria Acad<\/span><span data-contrast=\"none\">\u00e9<\/span><span data-contrast=\"none\">mica de la Facultad<\/span><span data-contrast=\"none\">,<\/span><span data-contrast=\"none\"> y <\/span><span data-contrast=\"none\">Agust<\/span><span data-contrast=\"none\">\u00ed<\/span><span data-contrast=\"none\">n Lagunes Dom<\/span><span data-contrast=\"none\">\u00ed<\/span><span data-contrast=\"none\">nguez<\/span><span data-contrast=\"none\">, <\/span><span data-contrast=\"none\">c<\/span><span data-contrast=\"none\">oordinador <\/span><span data-contrast=\"none\">d<\/span><span data-contrast=\"none\">el DSAE<\/span><span data-contrast=\"none\">.<\/span><span data-ccp-props=\"{&quot;335559731&quot;:720}\">\u00a0<\/span><\/p>\n<p><span data-contrast=\"none\">En su mensaje, <\/span><span data-contrast=\"none\">Mar<\/span><span data-contrast=\"none\">\u00ed<\/span><span data-contrast=\"none\">a del Carmen <\/span><span data-contrast=\"none\">S<\/span><span data-contrast=\"none\">\u00e1<\/span><span data-contrast=\"none\">nchez<\/span> <span data-contrast=\"none\">destac<\/span><span data-contrast=\"none\">\u00f3<\/span> <span data-contrast=\"none\">la fortaleza que brinda <\/span><span data-contrast=\"none\">el DSAE<\/span> <span data-contrast=\"none\">a<\/span><span data-contrast=\"none\"> sus egresados<\/span><span data-contrast=\"none\">,<\/span> <span data-contrast=\"none\">\u201c<\/span><span data-contrast=\"none\">con una amplia y s<\/span><span data-contrast=\"none\">\u00f3<\/span><span data-contrast=\"none\">lida formaci<\/span><span data-contrast=\"none\">\u00f3<\/span><span data-contrast=\"none\">n en investigaci<\/span><span data-contrast=\"none\">\u00f3<\/span><span data-contrast=\"none\">n interdisciplinaria enfocada en comprender la <\/span><span data-contrast=\"none\">problem<\/span><span data-contrast=\"none\">\u00e1<\/span><span data-contrast=\"none\">tica de los sistemas y ambientes de ap<\/span><span data-contrast=\"none\">rendizaje<\/span><span data-contrast=\"none\">\u201d<\/span><span data-contrast=\"none\">.<\/span><span data-ccp-props=\"{&quot;335559731&quot;:720}\">\u00a0<\/span><\/p>\n<p><span data-contrast=\"none\">Esta misma formaci<\/span><span data-contrast=\"none\">\u00f3<\/span><span data-contrast=\"none\">n, dijo, toma gran relevancia en la situaci<\/span><span data-contrast=\"none\">\u00f3<\/span><span data-contrast=\"none\">n actual a ra<\/span><span data-contrast=\"none\">\u00ed<\/span><span data-contrast=\"none\">z de la contingencia<\/span><span data-contrast=\"none\"> sanitaria<\/span><span data-contrast=\"none\">, donde la tecnolog<\/span><span data-contrast=\"none\">\u00ed<\/span><span data-contrast=\"none\">a se <\/span><span data-contrast=\"none\">ha implementado <\/span><span data-contrast=\"none\">para quedarse creando un <\/span><span data-contrast=\"none\">\u00e1<\/span><span data-contrast=\"none\">rea de oportunidad, principalmente en la docencia.<\/span><span data-ccp-props=\"{&quot;335559731&quot;:720}\">\u00a0<\/span><\/p>\n<p><span data-contrast=\"none\">L<\/span><span data-contrast=\"none\">a acad<\/span><span data-contrast=\"none\">\u00e9<\/span><span data-contrast=\"none\">mica felicit<\/span><span data-contrast=\"none\">\u00f3 <\/span><span data-contrast=\"none\">a cada uno de los egresados por la <\/span><span data-contrast=\"none\">culmina<\/span><span data-contrast=\"none\">ci<\/span><span data-contrast=\"none\">\u00f3<\/span><span data-contrast=\"none\">n<\/span><span data-contrast=\"none\"> de sus estudios doctorales: <\/span><span data-contrast=\"none\">\u201c<\/span><span data-contrast=\"none\">Este <\/span><span data-contrast=\"none\">\u00e9<\/span><span data-contrast=\"none\">xito que est<\/span><span data-contrast=\"none\">\u00e1<\/span><span data-contrast=\"none\">n celebrando es resultado de su formaci<\/span><span data-contrast=\"none\">\u00f3<\/span><span data-contrast=\"none\">n continua, responsable y comprometida, que seguramente <\/span><span data-contrast=\"none\">ser<\/span><span data-contrast=\"none\">\u00e1 <\/span><span data-contrast=\"none\">una gran satisfacci<\/span><span data-contrast=\"none\">\u00f3<\/span><span data-contrast=\"none\">n para sus familias<\/span><span data-contrast=\"none\"> y<\/span><span data-contrast=\"none\"> amigos<\/span><span data-contrast=\"none\">,<\/span><span data-contrast=\"none\"> pero sobre <\/span><span data-contrast=\"none\">todo <\/span><span data-contrast=\"none\">para <\/span><span data-contrast=\"none\">ustedes<\/span><span data-contrast=\"none\">\u201d<\/span><span data-contrast=\"none\">.<\/span><span data-ccp-props=\"{&quot;335559731&quot;:720}\">\u00a0<\/span><\/p>\n<p><span data-contrast=\"none\">Por su parte, Alfonso Gerardo P<\/span><span data-contrast=\"none\">\u00e9<\/span><span data-contrast=\"none\">rez <\/span><span data-contrast=\"none\">subray<\/span><span data-contrast=\"none\">\u00f3 <\/span><span data-contrast=\"none\">la importancia del posgrado por su calidad formativa para la U<\/span><span data-contrast=\"none\">V <\/span><span data-contrast=\"none\">y<\/span><span data-contrast=\"none\">,<\/span><span data-contrast=\"none\"> por ende<\/span><span data-contrast=\"none\">,<\/span><span data-contrast=\"none\"> para la regi<\/span><span data-contrast=\"none\">\u00f3<\/span><span data-contrast=\"none\">n.<\/span> <span data-contrast=\"none\">Dijo que esto se debe en gran medida al excelente trabajo de los <\/span><span data-contrast=\"none\">integrantes<\/span><span data-contrast=\"none\"> del n<\/span><span data-contrast=\"none\">\u00fa<\/span><span data-contrast=\"none\">cleo <\/span><span data-contrast=\"none\">a<\/span><span data-contrast=\"none\">cad<\/span><span data-contrast=\"none\">\u00e9<\/span><span data-contrast=\"none\">mico <\/span><span data-contrast=\"none\">b<\/span><span data-contrast=\"none\">\u00e1<\/span><span data-contrast=\"none\">sico del DSAE<\/span><span data-contrast=\"none\">.<\/span><span data-ccp-props=\"{&quot;335559731&quot;:720}\">\u00a0<\/span><\/p>\n<p><span data-contrast=\"none\">\u201c<\/span><span data-contrast=\"none\">Las herramientas que <\/span><span data-contrast=\"none\">el <\/span><span data-contrast=\"none\">DSAE<\/span> <span data-contrast=\"none\">ofrece <\/span><span data-contrast=\"none\">a los participantes <\/span><span data-contrast=\"none\">les abrir<\/span><span data-contrast=\"none\">\u00e1<\/span><span data-contrast=\"none\">n las puertas para la actividad futura que desarrollen<\/span><span data-contrast=\"none\">;<\/span> <span data-contrast=\"none\">en gran medida esto se debe al cuerpo acad<\/span><span data-contrast=\"none\">\u00e9<\/span><span data-contrast=\"none\">mico con <\/span><span data-contrast=\"none\">el que cuenta<\/span><span data-contrast=\"none\">, <\/span><span data-contrast=\"none\">son <\/span><span data-contrast=\"none\">catedr<\/span><span data-contrast=\"none\">\u00e1<\/span><span data-contrast=\"none\">ticos de gran trayectoria y experiencia<\/span><span data-contrast=\"none\">\u201d<\/span><span data-contrast=\"none\">, puntualiz<\/span><span data-contrast=\"none\">\u00f3<\/span><span data-contrast=\"none\">.<\/span><span data-ccp-props=\"{&quot;335559731&quot;:720}\">\u00a0<\/span><\/p>\n<div id='gallery-1' class='gallery galleryid-87131 gallery-columns-2 gallery-size-full'><dl class='gallery-item'>\n\t\t\t<dt class='gallery-icon landscape'>\n\t\t\t\t<a href='https:\/\/www.uv.mx\/prensa\/files\/2020\/09\/070920-Doctorado-Veracruz-3.jpg'><img loading=\"lazy\" decoding=\"async\" width=\"722\" height=\"481\" src=\"https:\/\/www.uv.mx\/prensa\/files\/2020\/09\/070920-Doctorado-Veracruz-3.jpg\" class=\"attachment-full size-full\" alt=\"\" aria-describedby=\"gallery-1-87140\" srcset=\"https:\/\/www.uv.mx\/prensa\/files\/2020\/09\/070920-Doctorado-Veracruz-3.jpg 722w, https:\/\/www.uv.mx\/prensa\/files\/2020\/09\/070920-Doctorado-Veracruz-3-300x200.jpg 300w\" sizes=\"auto, (max-width: 722px) 100vw, 722px\" \/><\/a>\n\t\t\t<\/dt>\n\t\t\t\t<dd class='wp-caption-text gallery-caption' id='gallery-1-87140'>\n\t\t\t\tMar\u00eda Magdalena Hern\u00e1ndez Alarc\u00f3n destac\u00f3 el trabajo acad\u00e9mico de excelencia que cumple el DSAE con reconocimiento por parte del PNPC del Conacyt \n\t\t\t\t<\/dd><\/dl><dl class='gallery-item'>\n\t\t\t<dt class='gallery-icon landscape'>\n\t\t\t\t<a href='https:\/\/www.uv.mx\/prensa\/files\/2020\/09\/070920-Doctorado-Veracruz-4.jpg'><img loading=\"lazy\" decoding=\"async\" width=\"722\" height=\"481\" src=\"https:\/\/www.uv.mx\/prensa\/files\/2020\/09\/070920-Doctorado-Veracruz-4.jpg\" class=\"attachment-full size-full\" alt=\"\" aria-describedby=\"gallery-1-87139\" srcset=\"https:\/\/www.uv.mx\/prensa\/files\/2020\/09\/070920-Doctorado-Veracruz-4.jpg 722w, https:\/\/www.uv.mx\/prensa\/files\/2020\/09\/070920-Doctorado-Veracruz-4-300x200.jpg 300w\" sizes=\"auto, (max-width: 722px) 100vw, 722px\" \/><\/a>\n\t\t\t<\/dt>\n\t\t\t\t<dd class='wp-caption-text gallery-caption' id='gallery-1-87139'>\n\t\t\t\tAlfonso Gerardo P\u00e9rez subray\u00f3 la importancia del n\u00facleo acad\u00e9mico b\u00e1sico del DSA, como piedra angular para la formaci\u00f3n de recurso humano de calidad y alto valor \n\t\t\t\t<\/dd><\/dl><br style=\"clear: both\" \/>\n\t\t<\/div>\n\n<p><span data-contrast=\"none\">En tanto, <\/span><span data-contrast=\"none\">el <\/span><span data-contrast=\"none\">egresado<\/span> <span data-contrast=\"none\">Gustavo Antonio Huerta <\/span><span data-contrast=\"none\">Patraca<\/span><span data-contrast=\"none\"> dirigi<\/span><span data-contrast=\"none\">\u00f3 <\/span><span data-contrast=\"none\">un breve mensaje <\/span><span data-contrast=\"none\">a<\/span><span data-contrast=\"none\"> los presentes:<\/span> <span data-contrast=\"none\">\u201c<\/span><span data-contrast=\"none\">Nos sentimos muy <\/span><span data-contrast=\"none\">orgullosos<\/span><span data-contrast=\"none\"> de pertenecer <\/span><span data-contrast=\"none\">a<\/span><span data-contrast=\"none\">l<\/span> <span data-contrast=\"none\">DSAE<\/span><span data-contrast=\"none\">, donde recibimos orientaci<\/span><span data-contrast=\"none\">\u00f3<\/span><span data-contrast=\"none\">n <\/span><span data-contrast=\"none\">y apoyo<\/span><span data-contrast=\"none\">, as\u00ed como<\/span> <span data-contrast=\"none\">las bases <\/span><span data-contrast=\"none\">para <\/span><span data-contrast=\"none\">desarroll<\/span><span data-contrast=\"none\">arnos de manera<\/span><span data-contrast=\"none\"> integral<\/span><span data-contrast=\"none\">\u201d<\/span><span data-contrast=\"none\">.<\/span><span data-ccp-props=\"{&quot;335559731&quot;:720}\">\u00a0<\/span><\/p>\n<p><span data-contrast=\"none\">A<\/span><span data-contrast=\"none\">simismo, a<\/span><span data-contrast=\"none\">gradeci<\/span><span data-contrast=\"none\">\u00f3 <\/span><span data-contrast=\"none\">al cuerpo acad<\/span><span data-contrast=\"none\">\u00e9<\/span><span data-contrast=\"none\">mico que los cobij\u00f3 y apoy\u00f3<\/span><span data-contrast=\"none\"> durante su proceso formativo, <\/span><span data-contrast=\"none\">\u201c<\/span><span data-contrast=\"none\">p<\/span><span data-contrast=\"none\">or todo el<\/span><span data-contrast=\"none\"> tiempo dedicado, por su paciencia, sugerencias y recomendaciones respecto al trabajo realizado en estos tres a<\/span><span data-contrast=\"none\">\u00f1<\/span><span data-contrast=\"none\">os de tutor<\/span><span data-contrast=\"none\">\u00ed<\/span><span data-contrast=\"none\">a.<\/span><span data-ccp-props=\"{&quot;335559731&quot;:720}\">\u00a0<\/span><\/p>\n<p><span data-contrast=\"none\">\u201d<\/span><span data-contrast=\"none\">Gracias por ser parte de este proceso formativo y de estos momentos tan importantes en nuestra<\/span><span data-contrast=\"none\">s<\/span><span data-contrast=\"none\"> vida<\/span><span data-contrast=\"none\">s<\/span><span data-contrast=\"none\">.<\/span> <span data-contrast=\"none\">Por mostrarnos el camino d<\/span><span data-contrast=\"none\">e la academia en su accionar, lo <\/span><span data-contrast=\"none\">cual <\/span><span data-contrast=\"none\">nos permiti<\/span><span data-contrast=\"none\">\u00f3 <\/span><span data-contrast=\"none\">potenciar lo mejor de nosotros a nivel personal y profesional<\/span><span data-contrast=\"none\">.<\/span><span data-contrast=\"none\">\u201d<\/span><span data-ccp-props=\"{&quot;335559731&quot;:720}\">\u00a0<\/span><\/p>\n<p><span data-contrast=\"none\">A los familiares presentes, Huerta <\/span><span data-contrast=\"none\">Patraca<\/span><span data-contrast=\"none\"> ofreci<\/span><span data-contrast=\"none\">\u00f3 <\/span><span data-contrast=\"none\">un emotivo mensaje, agradeciendo su comprensi<\/span><span data-contrast=\"none\">\u00f3<\/span><span data-contrast=\"none\">n y sus palabras de <\/span><span data-contrast=\"none\">\u00e1<\/span><span data-contrast=\"none\">nimo: <\/span><span data-contrast=\"none\">\u201c<\/span><span data-contrast=\"none\">Ustedes son los<\/span><span data-contrast=\"none\"> pilares fundamentales de este esfuerzo, <\/span><span data-contrast=\"none\">ustedes le dan sentido a <\/span><span data-contrast=\"none\">los<\/span><span data-contrast=\"none\"> desvelos que tuvimos<\/span><span data-contrast=\"none\">,<\/span> <span data-contrast=\"none\">u<\/span><span data-contrast=\"none\">stedes son los motores de nuestras vidas<\/span><span data-contrast=\"none\">\u201d<\/span><span data-contrast=\"none\">.<\/span><span data-ccp-props=\"{&quot;335559731&quot;:720}\">\u00a0<\/span><\/p>\n<p><span data-contrast=\"none\">Para concluir<\/span><span data-contrast=\"none\">, Mar<\/span><span data-contrast=\"none\">\u00ed<\/span><span data-contrast=\"none\">a Magdalena <\/span><span data-contrast=\"none\">Hern<\/span><span data-contrast=\"none\">\u00e1<\/span><span data-contrast=\"none\">ndez<\/span> <span data-contrast=\"none\">destac<\/span><span data-contrast=\"none\">\u00f3<\/span> <span data-contrast=\"none\">el <\/span><span data-contrast=\"none\">papel que desempe<\/span><span data-contrast=\"none\">\u00f1<\/span><span data-contrast=\"none\">a la U<\/span><span data-contrast=\"none\">V para servir a nuestro estado<\/span><span data-contrast=\"none\"> a trav<\/span><span data-contrast=\"none\">\u00e9<\/span><span data-contrast=\"none\">s de sus programas acad<\/span><span data-contrast=\"none\">\u00e9<\/span><span data-contrast=\"none\">micos con reconocimiento nacional e internacional<\/span><span data-contrast=\"none\">, <\/span><span data-contrast=\"none\">que generan recurso humano de valor y alto impacto.<\/span><span data-ccp-props=\"{&quot;335559731&quot;:720}\">\u00a0<\/span><\/p>\n<p><span data-contrast=\"none\">\u201c<\/span><span data-contrast=\"none\">Nuestra Universidad garantiza una educaci<\/span><span data-contrast=\"none\">\u00f3<\/span><span data-contrast=\"none\">n <\/span><span data-contrast=\"none\">superior de pertinencia y calidad, de ah<\/span><span data-contrast=\"none\">\u00ed<\/span><span data-contrast=\"none\"> el cometido que en la b<\/span><span data-contrast=\"none\">\u00fa<\/span><span data-contrast=\"none\">squeda de formar recursos humanos de alto nivel,<\/span> <span data-contrast=\"none\">la Facultad de P<\/span><span data-contrast=\"none\">edagog<\/span><span data-contrast=\"none\">\u00ed<\/span><span data-contrast=\"none\">a<\/span><span data-contrast=\"none\"> en la regi<\/span><span data-contrast=\"none\">\u00f3<\/span><span data-contrast=\"none\">n<\/span><span data-contrast=\"none\"> Veracruz<\/span><span data-contrast=\"none\"> ofrezca el DSAE<\/span><span data-contrast=\"none\">.<\/span><span data-ccp-props=\"{&quot;335559731&quot;:720}\">\u00a0<\/span><\/p>\n<p><span data-contrast=\"none\">\u201d<\/span><span data-contrast=\"none\">El reconocimiento del DSAE por<\/span><span data-contrast=\"none\"> parte<\/span> <span data-contrast=\"none\">d<\/span><span data-contrast=\"none\">el <\/span><span data-contrast=\"none\">PNPC<\/span> <span data-contrast=\"none\">del<\/span> <i><span data-contrast=\"none\">Conacyt<\/span><\/i><span data-contrast=\"none\"> da<\/span><span data-contrast=\"none\"> valor a<\/span><span data-contrast=\"none\"> la <\/span><span data-contrast=\"none\">pertinencia <\/span><span data-contrast=\"none\">del programa y <\/span><span data-contrast=\"none\">a<\/span><span data-contrast=\"none\"> su<\/span><span data-contrast=\"none\">s<\/span> <span data-contrast=\"none\">docente<\/span><span data-contrast=\"none\">s, quienes<\/span> <span data-contrast=\"none\">genera<\/span><span data-contrast=\"none\">n<\/span><span data-contrast=\"none\"> aprendizajes te<\/span><span data-contrast=\"none\">\u00f3<\/span><span data-contrast=\"none\">ricos, metodol<\/span><span data-contrast=\"none\">\u00f3<\/span><span data-contrast=\"none\">gicos y t<\/span><span data-contrast=\"none\">\u00e9<\/span><span data-contrast=\"none\">cnico<\/span><span data-contrast=\"none\">s<\/span><span data-contrast=\"none\"> para el saber y la innovaci<\/span><span data-contrast=\"none\">\u00f3<\/span><span data-contrast=\"none\">n educativa<\/span><span data-contrast=\"none\">.<\/span><span data-contrast=\"none\">\u201d<\/span><span data-ccp-props=\"{&quot;335559731&quot;:720}\">\u00a0<\/span><\/p>\n<p><span data-contrast=\"none\">Exalt<\/span><span data-contrast=\"none\">\u00f3<\/span><span data-contrast=\"none\"> la b<\/span><span data-contrast=\"none\">\u00fa<\/span><span data-contrast=\"none\">squeda de excelencia de quienes lo cursan <\/span><span data-contrast=\"none\">el <\/span><span data-contrast=\"none\">DSAE<\/span> <span data-contrast=\"none\">y el compromiso adquirido ante la UV com<\/span><span data-contrast=\"none\">o egresados de ella<\/span><span data-contrast=\"none\">.<\/span> <span data-contrast=\"none\">\u201c<\/span><span data-contrast=\"none\">Ustedes seguir<\/span><span data-contrast=\"none\">\u00e1<\/span><span data-contrast=\"none\">n puliendo el lema de nuestra<\/span><span data-contrast=\"none\"> Universidad <\/span><span data-contrast=\"none\">\u2018<\/span><span data-contrast=\"none\">Lis de Veracruz, <\/span><span data-contrast=\"none\">Arte, Ciencia y Luz<\/span><span data-contrast=\"none\">\u2019 <\/span><span data-contrast=\"none\">\u201d<\/span><span data-contrast=\"none\">.<\/span><span data-ccp-props=\"{&quot;335559731&quot;:720}\">\u00a0<\/span><\/p>\n","protected":false},"excerpt":{"rendered":"<p>Est\u00e1 adscrito a la Facultad de Pedagog\u00eda de la regi\u00f3n Veracruz e incorporado al Programa Nacional de Posgrados de Calidad del <em>Conacyt<\/em> <\/p>\n","protected":false},"author":1508,"featured_media":87137,"comment_status":"closed","ping_status":"closed","sticky":false,"template":"","format":"standard","meta":{"footnotes":""},"categories":[61,55],"tags":[],"class_list":["post-87131","post","type-post","status-publish","format-standard","has-post-thumbnail","hentry","category-banner","category-veracruz"],"_links":{"self":[{"href":"https:\/\/www.uv.mx\/prensa\/wp-json\/wp\/v2\/posts\/87131","targetHints":{"allow":["GET"]}}],"collection":[{"href":"https:\/\/www.uv.mx\/prensa\/wp-json\/wp\/v2\/posts"}],"about":[{"href":"https:\/\/www.uv.mx\/prensa\/wp-json\/wp\/v2\/types\/post"}],"author":[{"embeddable":true,"href":"https:\/\/www.uv.mx\/prensa\/wp-json\/wp\/v2\/users\/1508"}],"replies":[{"embeddable":true,"href":"https:\/\/www.uv.mx\/prensa\/wp-json\/wp\/v2\/comments?post=87131"}],"version-history":[{"count":0,"href":"https:\/\/www.uv.mx\/prensa\/wp-json\/wp\/v2\/posts\/87131\/revisions"}],"wp:featuredmedia":[{"embeddable":true,"href":"https:\/\/www.uv.mx\/prensa\/wp-json\/wp\/v2\/media\/87137"}],"wp:attachment":[{"href":"https:\/\/www.uv.mx\/prensa\/wp-json\/wp\/v2\/media?parent=87131"}],"wp:term":[{"taxonomy":"category","embeddable":true,"href":"https:\/\/www.uv.mx\/prensa\/wp-json\/wp\/v2\/categories?post=87131"},{"taxonomy":"post_tag","embeddable":true,"href":"https:\/\/www.uv.mx\/prensa\/wp-json\/wp\/v2\/tags?post=87131"}],"curies":[{"name":"wp","href":"https:\/\/api.w.org\/{rel}","templated":true}]}}