{"id":87104,"date":"2020-09-05T08:00:38","date_gmt":"2020-09-05T13:00:38","guid":{"rendered":"https:\/\/www.uv.mx\/prensa\/?p=87104"},"modified":"2020-09-08T11:47:11","modified_gmt":"2020-09-08T16:47:11","slug":"los-hombres-afectamos-enormemente-la-vida-de-las-mujeres-investigador","status":"publish","type":"post","link":"https:\/\/www.uv.mx\/prensa\/banner\/los-hombres-afectamos-enormemente-la-vida-de-las-mujeres-investigador\/","title":{"rendered":"Los hombres afectamos enormemente la vida de las mujeres: investigador"},"content":{"rendered":"<ul>\n<li data-leveltext=\"\uf0b7\" data-font=\"Symbol\" data-listid=\"2\" data-aria-posinset=\"1\" data-aria-level=\"1\"><i><span data-contrast=\"auto\">Benno<\/span><\/i><i><span data-contrast=\"auto\"> de <\/span><\/i><i><span data-contrast=\"auto\">Keijzer<\/span><\/i> <i><span data-contrast=\"auto\">Fokker<\/span><\/i> <i><span data-contrast=\"auto\">present\u00f3 un libro al respecto en el <\/span><\/i><i><span data-contrast=\"auto\">3er Congreso Internacional \u201cMujeres y ni\u00f1as desde una doble perspectiva: g\u00e9nero y derechos humanos en el marco de los Objetivos de Desarrollo Sostenible\u201d<\/span><\/i><span data-ccp-props=\"{&quot;201341983&quot;:0,&quot;335559739&quot;:0,&quot;335559740&quot;:240}\">\u00a0<\/span><\/li>\n<li data-leveltext=\"\uf0b7\" data-font=\"Symbol\" data-listid=\"2\" data-aria-posinset=\"2\" data-aria-level=\"1\"><i><span data-contrast=\"auto\">El investigador <\/span><\/i><i><span data-contrast=\"auto\">coordin\u00f3 el trabajo<\/span><\/i><i><span data-contrast=\"auto\"> que surgi\u00f3<\/span><\/i> <i><span data-contrast=\"auto\">de la convocatoria emitida por la OPS<\/span><\/i><\/li>\n<\/ul>\n<div id=\"attachment_87105\" style=\"width: 732px\" class=\"wp-caption aligncenter\"><a href=\"https:\/\/www.uv.mx\/prensa\/files\/2020\/09\/310820-libro-masculinidades-1-100k.jpg\"><img loading=\"lazy\" decoding=\"async\" aria-describedby=\"caption-attachment-87105\" class=\"size-full wp-image-87105\" src=\"https:\/\/www.uv.mx\/prensa\/files\/2020\/09\/310820-libro-masculinidades-1-100k.jpg\" alt=\"Benno de Keijzer Fokker, investigador de la UV, y Eliette Valladares Cardoza, asesora de la OPS, presentaron el libro Masculinidades y salud en la regi\u00f3n de las Am\u00e9ricas \" width=\"722\" height=\"407\" srcset=\"https:\/\/www.uv.mx\/prensa\/files\/2020\/09\/310820-libro-masculinidades-1-100k.jpg 722w, https:\/\/www.uv.mx\/prensa\/files\/2020\/09\/310820-libro-masculinidades-1-100k-300x169.jpg 300w\" sizes=\"auto, (max-width: 722px) 100vw, 722px\" \/><\/a><p id=\"caption-attachment-87105\" class=\"wp-caption-text\">Benno de Keijzer Fokker, investigador de la UV, y Eliette Valladares Cardoza, asesora de la OPS, presentaron el libro <em>Masculinidades y salud en la regi\u00f3n de las Am\u00e9ricas<\/em><\/p><\/div>\n<p><b><i><span data-contrast=\"auto\">Jos\u00e9 Luis <\/span><\/i><\/b><b><i><span data-contrast=\"auto\">Couttolenc<\/span><\/i><\/b><b><i><span data-contrast=\"auto\"> Soto<\/span><\/i><\/b><span data-ccp-props=\"{&quot;201341983&quot;:0,&quot;335559739&quot;:0,&quot;335559740&quot;:240}\">\u00a0<\/span><\/p>\n<p><b><i><span data-contrast=\"auto\">05<\/span><\/i><\/b><b><i><span data-contrast=\"auto\">\/0<\/span><\/i><\/b><b><i><span data-contrast=\"auto\">9<\/span><\/i><\/b><b><i><span data-contrast=\"auto\">\/2020, Xalapa, <\/span><\/i><\/b><b><i><span data-contrast=\"auto\">Ver.-<\/span><\/i><\/b> <span data-contrast=\"auto\">Benno<\/span><span data-contrast=\"auto\"> de <\/span><span data-contrast=\"auto\">Kei<\/span><span data-contrast=\"auto\">j<\/span><span data-contrast=\"auto\">zer<\/span> <span data-contrast=\"auto\">Fokker<\/span><span data-contrast=\"auto\">, investigador de la <a href=\"https:\/\/www.uv.mx\/\" target=\"_blank\" rel=\"noopener noreferrer\">Universidad Verac<\/a><\/span><span data-contrast=\"auto\">ruzana (UV), present\u00f3 el libro <\/span><i><span data-contrast=\"auto\">Masculinidades y salud en la regi\u00f3n de las Am\u00e9ricas<\/span><\/i><span data-contrast=\"auto\">, <\/span><span data-contrast=\"auto\">e<\/span><span data-contrast=\"auto\">n el tercer d\u00eda de actividades del 3er Congreso Internacional \u201cMujeres y ni\u00f1a<\/span><span data-contrast=\"auto\">s desde una doble perspectiva: g<\/span><span data-contrast=\"auto\">\u00e9nero y <\/span><span data-contrast=\"auto\">d<\/span><span data-contrast=\"auto\">erechos <\/span><span data-contrast=\"auto\">h<\/span><span data-contrast=\"auto\">umanos en el marco de los Objetivos de Desarrollo Sostenible\u201d, efectuado de manera virtual del 26 al 29 de agosto<\/span><span data-contrast=\"auto\">.<\/span><span data-ccp-props=\"{&quot;201341983&quot;:0,&quot;335559739&quot;:0,&quot;335559740&quot;:240}\">\u00a0<\/span><\/p>\n<p><span data-contrast=\"auto\">El <\/span><span data-contrast=\"auto\">texto <\/span><span data-contrast=\"auto\">representa el resumen del <\/span><span data-contrast=\"auto\">estudi<\/span><span data-contrast=\"auto\">o<\/span><span data-contrast=\"auto\"> que<\/span> <span data-contrast=\"auto\">Benno<\/span><span data-contrast=\"auto\"> de <\/span><span data-contrast=\"auto\">Keijzer<\/span><span data-contrast=\"auto\"> coordin\u00f3 junto con un grupo de expertos en salud<\/span><span data-contrast=\"auto\">, atendiendo la <\/span><span data-contrast=\"auto\">convocatoria emitid<\/span><span data-contrast=\"auto\">a<\/span><span data-contrast=\"auto\"> por la<\/span><span data-contrast=\"auto\"> Organizaci\u00f3n Panamericana de la Salud (OPS).<\/span><span data-ccp-props=\"{&quot;201341983&quot;:0,&quot;335559739&quot;:0,&quot;335559740&quot;:240}\">\u00a0<\/span><\/p>\n<p><span data-contrast=\"auto\">En la exposici\u00f3n estuvo acompa\u00f1ado, tambi\u00e9n virtualmente, de <\/span><span data-contrast=\"auto\">Eliette<\/span><span data-contrast=\"auto\"> Valladares Cardoza, asesora internacional en salud de la familia, promoci\u00f3n de la salud y curso de vida de la OPS\/OMS.<\/span><span data-ccp-props=\"{&quot;201341983&quot;:0,&quot;335559739&quot;:0,&quot;335559740&quot;:240}\">\u00a0<\/span><\/p>\n<p><span data-contrast=\"auto\">Sobre por qu\u00e9 abordar el tema de masculinidades y salud en un evento<\/span><span data-contrast=\"auto\"> con tem<\/span><span data-contrast=\"auto\">a central las mujeres y ni\u00f1as, D<\/span><span data-contrast=\"auto\">e <\/span><span data-contrast=\"auto\">Keijzer<\/span> <span data-contrast=\"auto\">Fokker<\/span><span data-contrast=\"auto\"> explic\u00f3 que \u201clos hombres afectamos enormemente la vida de las mujeres, significamos un costo para el sector salud y para la vida de las mujeres a trav\u00e9s de diversas formas de violencia, eso nos demostr\u00f3 el estudio en menci\u00f3n\u201d.<\/span><span data-ccp-props=\"{&quot;201341983&quot;:0,&quot;335559739&quot;:0,&quot;335559740&quot;:240}\">\u00a0<\/span><\/p>\n<p><span data-contrast=\"auto\">El resumen del informe describe c\u00f3mo la salud y el bienestar de los hombres es<\/span><span data-contrast=\"auto\"> producto de m\u00faltiples factores, <\/span><span data-contrast=\"auto\">entre los que destaca la construcci\u00f3n de masculinidades; se documentan con detalle las implicaciones de las diversas masculinidades en la salud de los hombres, incluy\u00e9ndose las de las mujeres, adolescentes, ni\u00f1os y ni\u00f1as, <\/span><span data-contrast=\"auto\">e incluye c\u00f3mo<\/span><span data-contrast=\"auto\"> determinantes sociales (g\u00e9nero, etnia, edad y ed<\/span><span data-contrast=\"auto\">ucaci\u00f3n)<\/span><span data-contrast=\"auto\"> exacerban las inequidades y barreras en salud que experimentan determinados grupos.\u00a0<\/span><span data-ccp-props=\"{&quot;201341983&quot;:0,&quot;335559739&quot;:0,&quot;335559740&quot;:240}\">\u00a0<\/span><\/p>\n<p><span data-contrast=\"auto\">De manera parad\u00f3jica, dijo el investiga<\/span><span data-contrast=\"auto\">dor, el sexo fuerte (el hombre)<\/span><span data-contrast=\"auto\"> muere antes que el sexo d\u00e9bil (la mujer), pues de acuerdo a los estudios se pudo establecer que en los \u00faltimos decenios la <\/span><span data-contrast=\"auto\">esperanza de vida al nacer ha aumentado en la regi\u00f3n de las Am\u00e9ricas, en donde existe un<\/span><span data-contrast=\"auto\">a diferencia<\/span><span data-contrast=\"auto\"> de 5.8 a\u00f1os m\u00e1s de vida para las mujeres; la sobremortalidad de los hombres comienza a acentuarse durante la adolescencia<\/span><span data-contrast=\"auto\">, y llega a triplicarse en la edad adulta temprana, encontr\u00e1ndose entre las principales causas<\/span><span data-contrast=\"auto\">:<\/span><span data-contrast=\"auto\"> violencia interpersonal, traumatismos causados por el tr\u00e1nsito y cirrosis hep\u00e1tica, <\/span><span data-contrast=\"auto\">aspectos<\/span><span data-contrast=\"auto\"> ligad<\/span><span data-contrast=\"auto\">o<\/span><span data-contrast=\"auto\">s al ejercicio de la masculinidad hegem\u00f3nica.<\/span><span data-ccp-props=\"{&quot;201341983&quot;:0,&quot;335559739&quot;:0,&quot;335559740&quot;:240}\">\u00a0<\/span><\/p>\n<p><span data-contrast=\"auto\">Co<\/span><span data-contrast=\"auto\">n base <\/span><span data-contrast=\"auto\">en el <\/span><span data-contrast=\"auto\">an\u00e1lisis de la bibliograf\u00eda disponible, encuestas y opiniones de expertos, el informe pone de manifiesto la complejidad del tema y su falta de abordaje en las pol\u00edticas y programas de los pa\u00edses de la regi\u00f3n americana, por lo que se considera que es momento de movilizar la voluntad pol\u00edtica y recursos necesarios para adoptar un planteamiento que abarque las necesidades de hombres y mujeres, para lo cual<\/span><span data-contrast=\"auto\"> en<\/span><span data-contrast=\"auto\"> el documento <\/span><span data-contrast=\"auto\">se proponen<\/span><span data-contrast=\"auto\"> nueve recomendaciones novedosas dirigidas a favorecer la integraci\u00f3n de la perspectiva de g\u00e9nero, como estrategia multisectorial de pol\u00edticas coordinadas que redunden en la salud de hombres y ni\u00f1os.<\/span><span data-ccp-props=\"{&quot;201341983&quot;:0,&quot;335559739&quot;:0,&quot;335559740&quot;:240}\">\u00a0<\/span><\/p>\n<p><span data-contrast=\"auto\">Se da cuenta tambi\u00e9n de las implicaciones que tienen las masculinidades para la salud de los hombres, cu\u00e1les son los principales conceptos y evidencias epidemiol\u00f3gicas, as\u00ed como las acciones actuales y futuras que se consideran necesarias para fomentar la salud de los hombres, y limitar las consecuencias de las masculinidades sobre la salud de las mujeres, los adolescentes, los ni\u00f1os y ni\u00f1as en las Am\u00e9ricas.<\/span><span data-ccp-props=\"{&quot;201341983&quot;:0,&quot;335559739&quot;:0,&quot;335559740&quot;:240}\">\u00a0<\/span><\/p>\n<p><span data-contrast=\"auto\">Se destaca<\/span><span data-contrast=\"auto\">n<\/span><span data-contrast=\"auto\"> tambi\u00e9n<\/span><span data-contrast=\"auto\"> las expectativas sociales de los hombres para ser proveedores de sus familias,<\/span><span data-contrast=\"auto\"> sus<\/span><span data-contrast=\"auto\"> participa<\/span><span data-contrast=\"auto\">ciones<\/span><span data-contrast=\"auto\"> en conductas de riesgo, ser sexualmente dominantes y evitar discutir sus emociones o buscar ayuda,<\/span><span data-contrast=\"auto\"> su<\/span><span data-contrast=\"auto\"> contribu<\/span><span data-contrast=\"auto\">ci\u00f3n<\/span><span data-contrast=\"auto\"> a tasas m\u00e1s altas de suicidio<\/span><span data-contrast=\"auto\">, homicidio, adicciones, accidentes de tr\u00e1nsito, as\u00ed como de enfermedades no transmisibles.<\/span><span data-ccp-props=\"{&quot;201341983&quot;:0,&quot;335559739&quot;:0,&quot;335559740&quot;:240}\">\u00a0<\/span><\/p>\n<p><span data-contrast=\"auto\">Los temas <\/span><span data-contrast=\"auto\">que comprendi\u00f3 la investigaci\u00f3n <\/span><span data-contrast=\"auto\">s<\/span><span data-contrast=\"auto\">on<\/span><span data-contrast=\"auto\"> aborda<\/span><span data-contrast=\"auto\">dos <\/span><span data-contrast=\"auto\">de manera accesible para los tomadores de decisiones,<\/span><span data-contrast=\"auto\"> as\u00ed como para<\/span><span data-contrast=\"auto\"> el personal de salud y campos afines en el continente. El informe consta de seis apartados: Marco conceptual; <\/span><span data-contrast=\"auto\">E<\/span><span data-contrast=\"auto\">videncias epidemiol\u00f3gicas; <\/span><span data-contrast=\"auto\">D<\/span><span data-contrast=\"auto\">eterminantes sociales; Pol\u00edticas y programas; <\/span><span data-contrast=\"auto\">C<\/span><span data-contrast=\"auto\">onclusiones<\/span><span data-contrast=\"auto\">,<\/span><span data-contrast=\"auto\"> y <\/span><span data-contrast=\"auto\">R<\/span><span data-contrast=\"auto\">ecomendaciones<\/span><span data-contrast=\"auto\">.<\/span><span data-ccp-props=\"{&quot;201341983&quot;:0,&quot;335559731&quot;:708,&quot;335559739&quot;:0,&quot;335559740&quot;:240}\">\u00a0<\/span><\/p>\n<p><span data-contrast=\"auto\">Por su parte<\/span><span data-contrast=\"auto\">, <\/span><span data-contrast=\"auto\">Eliette<\/span><span data-contrast=\"auto\"> Valladares expuso el concepto de g\u00e9nero, <\/span><span data-contrast=\"auto\">refiri<\/span><span data-contrast=\"auto\">endo que \u00e9ste va m\u00e1s all\u00e1 de lo<\/span><span data-contrast=\"auto\"> biol\u00f3gico y lo reproductivo, que se entiende como el conjunto de atributos, s\u00edmbolos, normas, roles, identidades, construcci\u00f3n hist\u00f3rica y cultural que se preservan a trav\u00e9s <\/span><span data-contrast=\"auto\">de actos en la organizaci\u00f3n social cotidiana, cuyo objetivo es la diferenciaci\u00f3n a partir de las caracter\u00edsticas biol\u00f3gicas, y la <\/span><span data-contrast=\"auto\">conformidad con un sistema <\/span><span data-contrast=\"auto\">sexo<\/span><span data-contrast=\"auto\">gen\u00e9rico<\/span><span data-contrast=\"auto\">.<\/span><span data-ccp-props=\"{&quot;201341983&quot;:0,&quot;335559731&quot;:708,&quot;335559739&quot;:0,&quot;335559740&quot;:240}\">\u00a0<\/span><\/p>\n","protected":false},"excerpt":{"rendered":"<p>Benno de Keijzer Fokker, investigador de la UV, present\u00f3 el libro <em>Masculinidades<\/em> y salud en la regi\u00f3n de las Am\u00e9ricas <\/p>\n","protected":false},"author":1775,"featured_media":87106,"comment_status":"closed","ping_status":"closed","sticky":false,"template":"","format":"standard","meta":{"footnotes":""},"categories":[61],"tags":[],"class_list":["post-87104","post","type-post","status-publish","format-standard","has-post-thumbnail","hentry","category-banner"],"_links":{"self":[{"href":"https:\/\/www.uv.mx\/prensa\/wp-json\/wp\/v2\/posts\/87104","targetHints":{"allow":["GET"]}}],"collection":[{"href":"https:\/\/www.uv.mx\/prensa\/wp-json\/wp\/v2\/posts"}],"about":[{"href":"https:\/\/www.uv.mx\/prensa\/wp-json\/wp\/v2\/types\/post"}],"author":[{"embeddable":true,"href":"https:\/\/www.uv.mx\/prensa\/wp-json\/wp\/v2\/users\/1775"}],"replies":[{"embeddable":true,"href":"https:\/\/www.uv.mx\/prensa\/wp-json\/wp\/v2\/comments?post=87104"}],"version-history":[{"count":0,"href":"https:\/\/www.uv.mx\/prensa\/wp-json\/wp\/v2\/posts\/87104\/revisions"}],"wp:featuredmedia":[{"embeddable":true,"href":"https:\/\/www.uv.mx\/prensa\/wp-json\/wp\/v2\/media\/87106"}],"wp:attachment":[{"href":"https:\/\/www.uv.mx\/prensa\/wp-json\/wp\/v2\/media?parent=87104"}],"wp:term":[{"taxonomy":"category","embeddable":true,"href":"https:\/\/www.uv.mx\/prensa\/wp-json\/wp\/v2\/categories?post=87104"},{"taxonomy":"post_tag","embeddable":true,"href":"https:\/\/www.uv.mx\/prensa\/wp-json\/wp\/v2\/tags?post=87104"}],"curies":[{"name":"wp","href":"https:\/\/api.w.org\/{rel}","templated":true}]}}