{"id":86704,"date":"2020-08-26T08:04:06","date_gmt":"2020-08-26T13:04:06","guid":{"rendered":"https:\/\/www.uv.mx\/prensa\/?p=86704"},"modified":"2020-08-27T13:10:59","modified_gmt":"2020-08-27T18:10:59","slug":"egresada-de-la-uv-es-consultora-turistica-en-el-sello-cerca-de-china","status":"publish","type":"post","link":"https:\/\/www.uv.mx\/prensa\/banner\/egresada-de-la-uv-es-consultora-turistica-en-el-sello-cerca-de-china\/","title":{"rendered":"Egresada UV es consultora tur\u00edstica en el Sello Cerca de China"},"content":{"rendered":"<p>&nbsp;<\/p>\n<div id=\"attachment_86705\" style=\"width: 732px\" class=\"wp-caption aligncenter\"><a href=\"https:\/\/www.uv.mx\/prensa\/files\/2020\/08\/240820-CARLOS-Turismo-emisor-Chino-1-100k.jpg\"><img loading=\"lazy\" decoding=\"async\" aria-describedby=\"caption-attachment-86705\" class=\"size-full wp-image-86705\" src=\"https:\/\/www.uv.mx\/prensa\/files\/2020\/08\/240820-CARLOS-Turismo-emisor-Chino-1-100k.jpg\" alt=\"El gobierno, las universidades y las Pymes deben sumar esfuerzos para atraer al turismo chino \" width=\"722\" height=\"402\" srcset=\"https:\/\/www.uv.mx\/prensa\/files\/2020\/08\/240820-CARLOS-Turismo-emisor-Chino-1-100k.jpg 722w, https:\/\/www.uv.mx\/prensa\/files\/2020\/08\/240820-CARLOS-Turismo-emisor-Chino-1-100k-300x167.jpg 300w\" sizes=\"auto, (max-width: 722px) 100vw, 722px\" \/><\/a><p id=\"caption-attachment-86705\" class=\"wp-caption-text\">El gobierno, las universidades y las <em>Pymes<\/em> deben sumar esfuerzos para atraer al turismo chino<\/p><\/div>\n<p><b><i><span data-contrast=\"none\">Carlos Hugo Hermida Rosales<\/span><\/i><\/b><span data-ccp-props=\"{}\">\u00a0<\/span><\/p>\n<p><b><i><span data-contrast=\"none\">2<\/span><\/i><\/b><b><i><span data-contrast=\"none\">6<\/span><\/i><\/b><b><i><span data-contrast=\"none\">\/08\/<\/span><\/i><\/b><b><i><span data-contrast=\"none\">2020<\/span><\/i><\/b><b><i><span data-contrast=\"none\">,<\/span><\/i><\/b><b><i><span data-contrast=\"none\">\u00a0<\/span><\/i><\/b><b><i><span data-contrast=\"none\">Xalapa,\u00a0<\/span><\/i><\/b><b><i><span data-contrast=\"none\">Ver.<\/span><\/i><\/b><b><i><span data-contrast=\"none\">&#8211;<\/span><\/i><\/b><b><i><span data-contrast=\"none\">\u00a0<\/span><\/i><\/b><span data-contrast=\"none\">Rub\u00ed del \u00c1ngel Herrera<\/span><span data-contrast=\"none\">, consultora autorizada por la Secretar\u00eda de Turismo Federal en el\u00a0<\/span><span data-contrast=\"none\">Sello Cerca de China<\/span><span data-contrast=\"none\">,\u00a0<\/span><span data-contrast=\"none\">es una de las pocas personas especialistas en este rubro<\/span><span data-contrast=\"none\">\u00a0en el pa\u00eds<\/span><span data-contrast=\"none\">,\u00a0<\/span><span data-contrast=\"none\">e<\/span><span data-contrast=\"none\">s egresada de la<\/span><span data-contrast=\"none\">\u00a0licenciatura en Administraci\u00f3n de Negocios Internacionales<\/span><span data-contrast=\"none\">\u00a0y de la<\/span><span data-contrast=\"none\">\u00a0Maestr\u00eda en Econom\u00eda y Sociedad de China y Am\u00e9rica Latina de la Universidad Veracruzana (UV).<\/span><span data-ccp-props=\"{}\">\u00a0<\/span><\/p>\n<p><span data-contrast=\"none\">Imparti\u00f3<\/span><span data-contrast=\"none\">\u00a0<\/span><span data-contrast=\"none\">la conferencia virtual \u201cCaracter\u00edsticas del turismo emisor chino que lo convierte en un mercado potencial para M\u00e9xico\u201d,<\/span><span data-contrast=\"none\">\u00a0en el webinario organizado por el <a href=\"https:\/\/www.uv.mx\/chinaveracruz\/\" target=\"_blank\" rel=\"noopener noreferrer\">Centro de Es<\/a><\/span><span data-contrast=\"none\">tudios<\/span><span data-contrast=\"none\">\u00a0<\/span><span data-contrast=\"none\">China-Veracruz (<\/span><i><span data-contrast=\"none\">Cechiver<\/span><\/i><span data-contrast=\"none\">) y\u00a0<\/span><span data-contrast=\"none\">por el Consorcio Mexicano de Centros de Estudios de APEC<\/span><span data-contrast=\"none\">.<\/span><span data-ccp-props=\"{&quot;335559731&quot;:708}\">\u00a0<\/span><\/p>\n<p><span data-contrast=\"none\">M<\/span><span data-contrast=\"none\">encion\u00f3 que M\u00e9xico es el principal receptor\u00a0<\/span><span data-contrast=\"none\">tur\u00edstico de chinos en\u00a0<\/span><span data-contrast=\"none\">Am\u00e9rica Latina<\/span><span data-contrast=\"none\">,\u00a0<\/span><span data-contrast=\"none\">y que\u00a0<\/span><span data-contrast=\"none\">existe<\/span><span data-contrast=\"none\">\u00a0un<\/span><span data-contrast=\"none\">\u00a0gran potencial<\/span><span data-contrast=\"none\">\u00a0<\/span><span data-contrast=\"none\">para incrementar el n\u00fa<\/span><span data-contrast=\"none\">mero de visitantes de este pa\u00eds<\/span><span data-contrast=\"none\">, por su gran patrimonio cultural,<\/span><span data-contrast=\"none\">\u00a0<\/span><span data-contrast=\"none\">sus bellezas naturales<\/span><span data-contrast=\"none\">\u00a0y sus<\/span><span data-contrast=\"none\">\u00a0pueblos<\/span><span data-contrast=\"none\">\u00a0m\u00e1gicos.<\/span><span data-ccp-props=\"{&quot;335559731&quot;:708}\">\u00a0<\/span><\/p>\n<p><span data-contrast=\"none\">\u00a0<\/span><span data-contrast=\"none\">La expositora tambi\u00e9n destac\u00f3 el crecimiento del poder adquisitivo de los ciudadanos chinos<\/span><span data-contrast=\"none\">\u00a0<\/span><span data-contrast=\"none\">debido al p<\/span><span data-contrast=\"none\">roceso de modernizaci\u00f3n que incluy\u00f3 la creaci\u00f3n de zonas econ\u00f3micas especiales,\u00a0<\/span><span data-contrast=\"none\">la aplicaci\u00f3n de pol\u00edticas en materia de educaci\u00f3n, urbanizaci\u00f3n<\/span><span data-contrast=\"none\">\u00a0y la expansi\u00f3n de su actividad industrial y de servicios.<\/span><\/p>\n<p>&nbsp;<\/p>\n<div id=\"attachment_68948\" style=\"width: 732px\" class=\"wp-caption aligncenter\"><a href=\"https:\/\/www.uv.mx\/prensa\/files\/2019\/05\/300519-Foro-Pymes-China-Mexico-4-1.jpg\"><img loading=\"lazy\" decoding=\"async\" aria-describedby=\"caption-attachment-68948\" class=\"size-full wp-image-68948\" src=\"https:\/\/www.uv.mx\/prensa\/files\/2019\/05\/300519-Foro-Pymes-China-Mexico-4-1.jpg\" alt=\"\" width=\"722\" height=\"481\" srcset=\"https:\/\/www.uv.mx\/prensa\/files\/2019\/05\/300519-Foro-Pymes-China-Mexico-4-1.jpg 722w, https:\/\/www.uv.mx\/prensa\/files\/2019\/05\/300519-Foro-Pymes-China-Mexico-4-1-300x200.jpg 300w\" sizes=\"auto, (max-width: 722px) 100vw, 722px\" \/><\/a><p id=\"caption-attachment-68948\" class=\"wp-caption-text\">Rub\u00ed del \u00c1ngel Herrera (foto de archivo)<\/p><\/div>\n<p><span data-contrast=\"none\">\u201cActualmente\u00a0<\/span><span data-contrast=\"none\">m\u00e1s\u00a0<\/span><span data-contrast=\"none\">de 300 millones de personas en C<\/span><span data-contrast=\"none\">hina tienen ingresos que van de los 10 mil a los 60 mil d\u00f3lares anuales, cifra que se estima se incremente a 500 millones para el 2030<\/span><span data-contrast=\"none\">\u201d<\/span><span data-contrast=\"none\">.<\/span><span data-ccp-props=\"{&quot;335559731&quot;:708}\">\u00a0<\/span><\/p>\n<p><span data-contrast=\"none\">A partir de 1997\u00a0<\/span><span data-contrast=\"none\">viajar al extranjero dej\u00f3 de ser un privilegio\u00a0<\/span><span data-contrast=\"none\">exclusivo de\u00a0<\/span><span data-contrast=\"none\">directivos o pol\u00edticos<\/span><span data-contrast=\"none\">\u00a0de alto rango<\/span><span data-contrast=\"none\"> y se implement\u00f3<\/span><span data-contrast=\"none\">\u00a0<\/span><span data-contrast=\"none\">el\u00a0<\/span><span data-contrast=\"none\">Approved<\/span><span data-contrast=\"none\">\u00a0<\/span><span data-contrast=\"none\">Destination<\/span><span data-contrast=\"none\">\u00a0Status\u202f(ADS), que incluye los pa\u00edses aprobados por el gobierno para\u00a0<\/span><span data-contrast=\"none\">ser visitados por\u00a0<\/span><span data-contrast=\"none\">sus ciudadanos en plan tur\u00edstico.<\/span><span data-contrast=\"none\">\u00a0<\/span><span data-ccp-props=\"{&quot;335559731&quot;:708}\">\u00a0<\/span><\/p>\n<p><span data-contrast=\"none\">Los<\/span><span data-contrast=\"none\">\u00a0primeros pa\u00edses\u00a0<\/span><span data-contrast=\"none\">autorizados<\/span><span data-contrast=\"none\">\u00a0fueron los del sureste asi\u00e1tico, a\u00a0<\/span><span data-contrast=\"none\">los que despu\u00e9s se sumaron m\u00e1s naciones de Asia y Europa, y finalmente del resto del mundo.\u00a0<\/span><span data-ccp-props=\"{&quot;335559731&quot;:708}\">\u00a0<\/span><\/p>\n<p><span data-contrast=\"none\">\u201cActualmente un total de 145 pa\u00edses se encuentran dentro del ADS, M\u00e9xico entre ellos<\/span><span data-contrast=\"none\">\u00a0desde 2005<\/span><span data-contrast=\"none\">\u201d, a\u00f1adi\u00f3.\u00a0<\/span><span data-ccp-props=\"{&quot;335559731&quot;:708}\">\u00a0<\/span><\/p>\n<p><span data-contrast=\"none\">Rub\u00ed del \u00c1ngel destac\u00f3 que mientras en el a\u00f1o 2000<\/span><span data-contrast=\"none\">,<\/span><span data-contrast=\"none\">\u00a010.5 millones de chinos viajaron al extranjero,\u00a0<\/span><span data-contrast=\"none\">la<\/span><span data-contrast=\"none\">\u00a0cifra se<\/span><span data-contrast=\"none\">\u00a0quintuplic\u00f3 para 2010 al llegar a 57.3 millones, y creci\u00f3 a\u00fan m\u00e1s los siguientes a\u00f1os, ya que\u00a0<\/span><span data-contrast=\"none\">e<\/span><span data-contrast=\"none\">n 2019 alcanz\u00f3 la cifra de<\/span><span data-contrast=\"none\">\u00a0170 millones<\/span><span data-contrast=\"none\">, lo que convierte\u00a0<\/span><span data-contrast=\"none\">a esa naci\u00f3n\u00a0<\/span><span data-contrast=\"none\">en la primera emisora de turistas a nivel global.\u00a0<\/span><span data-ccp-props=\"{&quot;335559731&quot;:708}\">\u00a0<\/span><\/p>\n<p><span data-contrast=\"none\">Con un gasto de 277 mil millones de d\u00f3lares en el a\u00f1o anterior, el<\/span><span data-contrast=\"none\">\u00a0<\/span><span data-contrast=\"none\">turismo chino<\/span><span data-contrast=\"none\">\u00a0es el\u00a0<\/span><span data-contrast=\"none\">de mayor consumo.<\/span><span data-ccp-props=\"{&quot;335551550&quot;:1,&quot;335551620&quot;:1,&quot;335559731&quot;:708,&quot;335559740&quot;:259}\">\u00a0<\/span><\/p>\n<p><span data-contrast=\"none\">M\u00e9xico es el principal destino receptor del turismo chino<\/span><span data-contrast=\"none\">\u00a0en Am\u00e9rica Latina:\u00a0<\/span><span data-contrast=\"none\">\u201cAlrededor de 20 mil turistas chinos visitaron el pa\u00eds en 2008, n\u00famero que creci\u00f3 hasta 167 mil en 2018<\/span><span data-contrast=\"none\">; sus estancias duran en promedio de una a dos semanas<\/span><span data-contrast=\"none\">\u201d, puntualiz\u00f3.<\/span><span data-contrast=\"none\">\u00a0<\/span><span data-ccp-props=\"{&quot;335559731&quot;:708}\">\u00a0<\/span><\/p>\n<p><span data-contrast=\"none\">A partir de la visita de estado<\/span><span data-contrast=\"none\">\u00a0que Xi\u00a0<\/span><span data-contrast=\"none\">Jinping<\/span><span data-contrast=\"none\">\u00a0\u2013presidente de China<\/span><span data-contrast=\"none\">\u2013<\/span><span data-contrast=\"none\">\u00a0realiz\u00f3 a M\u00e9xico en 2013, la relaci\u00f3n con el pa\u00eds asi\u00e1tico se elev\u00f3 a una Asociaci\u00f3n Estrat\u00e9gica Integral, que busca incrementar flujos comerciales\u00a0<\/span><span data-contrast=\"none\">y el<\/span><span data-contrast=\"none\">\u00a0intercambio de personas en el ramo tur\u00edstico.\u00a0<\/span><span data-ccp-props=\"{&quot;335559731&quot;:708}\">\u00a0<\/span><\/p>\n<p><span data-contrast=\"none\">\u201cEl 2015 fue declarado como el a\u00f1o del turismo de M\u00e9xico en China, lo que\u00a0<\/span><span data-contrast=\"none\">acerc<\/span><span data-contrast=\"none\">\u00f3<\/span><span data-contrast=\"none\">\u00a0a ambas culturas y aument<\/span><span data-contrast=\"none\">\u00f3<\/span><span data-contrast=\"none\">\u00a0su entendimiento<\/span><span data-contrast=\"none\">\u201d.<\/span><span data-ccp-props=\"{&quot;335559731&quot;:708}\">\u00a0<\/span><\/p>\n<p><span data-contrast=\"none\">E<\/span><span data-contrast=\"none\">n el\u00a0<\/span><span data-contrast=\"none\">marco<\/span><span data-contrast=\"none\">\u00a0de estas relaciones binacionales<\/span><span data-contrast=\"none\">\u00a0se cre\u00f3 la certificaci\u00f3n\u00a0<\/span><span data-contrast=\"none\">Sello Cerca de China<\/span><span data-contrast=\"none\">,<\/span><span data-contrast=\"none\">\u00a0que se otorga a prestadores de servicios tur\u00edsticos\u00a0<\/span><span data-contrast=\"none\">que atienden de ma<\/span><span data-contrast=\"none\">nera integral al visitante chino,<\/span><span data-contrast=\"none\">\u00a0<\/span><span data-contrast=\"none\">como restaurantes, hoteles y agencias de viaj<\/span><span data-contrast=\"none\">es.<\/span><span data-ccp-props=\"{&quot;335559731&quot;:708}\">\u00a0<\/span><\/p>\n<p><span data-contrast=\"none\">Indic\u00f3<\/span><span data-contrast=\"none\">\u00a0que M\u00e9xico debe generar lo<\/span><span data-contrast=\"none\">s canales adecuados para incrementar e<\/span><span data-contrast=\"none\">l turismo chino, como el desarrollo de esquemas de comunicaci\u00f3n y el dominio de\u00a0<\/span><span data-contrast=\"none\">las\u00a0<\/span><span data-contrast=\"none\">redes sociales que utilizan<\/span><span data-contrast=\"none\">,<\/span><span data-contrast=\"none\">\u00a0<\/span><span data-contrast=\"none\">entre l<\/span><span data-contrast=\"none\">a<\/span><span data-contrast=\"none\">s que destacan<\/span><span data-contrast=\"none\">\u00a0<\/span><i><span data-contrast=\"none\">WeChat<\/span><\/i><span data-contrast=\"none\">.<\/span><span data-ccp-props=\"{&quot;335559731&quot;:708}\">\u00a0<\/span><\/p>\n<p><span data-contrast=\"none\">Un\u00a0<\/span><span data-contrast=\"none\">proyecto\u00a0<\/span><span data-contrast=\"none\">de turismo para\u00a0<\/span><span data-contrast=\"none\">este mercado<\/span><span data-contrast=\"none\">\u00a0debe buscar posicionar en China la riqueza cultural<\/span><span data-contrast=\"none\">\u00a0<\/span><span data-contrast=\"none\">de\u00a0<\/span><span data-contrast=\"none\">M\u00e9xico<\/span><span data-contrast=\"none\">, conseguir un flujo continuo de turistas, beneficiar a las\u00a0<\/span><span data-contrast=\"none\">p<\/span><span data-contrast=\"none\">eque\u00f1as y\u00a0<\/span><span data-contrast=\"none\">medianas<\/span><span data-contrast=\"none\">\u00a0empresas\u00a0<\/span><span data-contrast=\"none\">(<\/span><i><span data-contrast=\"none\">Pymes<\/span><\/i><span data-contrast=\"none\">)\u00a0<\/span><span data-contrast=\"none\">y preponderar esquemas de trabajo en conjunto<\/span><span data-contrast=\"none\">.<\/span><span data-contrast=\"none\">\u00a0<\/span><span data-ccp-props=\"{&quot;335559731&quot;:708}\">\u00a0<\/span><\/p>\n<p><span data-contrast=\"none\">Mencion\u00f3 que la relaci\u00f3n entre M\u00e9xico y China se ha gestado poco a poco, y que para mantenerla es indispensable contar con presencia, persistencia y paciencia, ya que de esta forma<\/span><span data-contrast=\"none\">\u00a0se<\/span><span data-contrast=\"none\">\u00a0obtendr\u00e1n resultados constantes ben\u00e9ficos a largo plazo.\u00a0<\/span><span data-ccp-props=\"{&quot;335559731&quot;:708}\">\u00a0<\/span><\/p>\n","protected":false},"excerpt":{"rendered":"<p>\u201cEl 2015 fue declarado como el a\u00f1o del turismo de M\u00e9xico en China, lo que acerc\u00f3 a ambas culturas y aument\u00f3 su entendimiento\u201d, asegur\u00f3 Rub\u00ed del \u00c1ngel Herrera <\/p>\n","protected":false},"author":1775,"featured_media":86706,"comment_status":"closed","ping_status":"closed","sticky":false,"template":"","format":"standard","meta":{"footnotes":""},"categories":[61],"tags":[],"class_list":["post-86704","post","type-post","status-publish","format-standard","has-post-thumbnail","hentry","category-banner"],"_links":{"self":[{"href":"https:\/\/www.uv.mx\/prensa\/wp-json\/wp\/v2\/posts\/86704","targetHints":{"allow":["GET"]}}],"collection":[{"href":"https:\/\/www.uv.mx\/prensa\/wp-json\/wp\/v2\/posts"}],"about":[{"href":"https:\/\/www.uv.mx\/prensa\/wp-json\/wp\/v2\/types\/post"}],"author":[{"embeddable":true,"href":"https:\/\/www.uv.mx\/prensa\/wp-json\/wp\/v2\/users\/1775"}],"replies":[{"embeddable":true,"href":"https:\/\/www.uv.mx\/prensa\/wp-json\/wp\/v2\/comments?post=86704"}],"version-history":[{"count":0,"href":"https:\/\/www.uv.mx\/prensa\/wp-json\/wp\/v2\/posts\/86704\/revisions"}],"wp:featuredmedia":[{"embeddable":true,"href":"https:\/\/www.uv.mx\/prensa\/wp-json\/wp\/v2\/media\/86706"}],"wp:attachment":[{"href":"https:\/\/www.uv.mx\/prensa\/wp-json\/wp\/v2\/media?parent=86704"}],"wp:term":[{"taxonomy":"category","embeddable":true,"href":"https:\/\/www.uv.mx\/prensa\/wp-json\/wp\/v2\/categories?post=86704"},{"taxonomy":"post_tag","embeddable":true,"href":"https:\/\/www.uv.mx\/prensa\/wp-json\/wp\/v2\/tags?post=86704"}],"curies":[{"name":"wp","href":"https:\/\/api.w.org\/{rel}","templated":true}]}}