{"id":86699,"date":"2020-08-26T08:05:27","date_gmt":"2020-08-26T13:05:27","guid":{"rendered":"https:\/\/www.uv.mx\/prensa\/?p=86699"},"modified":"2020-08-27T13:12:18","modified_gmt":"2020-08-27T18:12:18","slug":"orteuv-se-adentra-en-la-historia-y-la-poesia-de-salvador-diaz-miron","status":"publish","type":"post","link":"https:\/\/www.uv.mx\/prensa\/cultura\/orteuv-se-adentra-en-la-historia-y-la-poesia-de-salvador-diaz-miron\/","title":{"rendered":"<em>Orteuv<\/em> se adentra en la historia y la poes\u00eda de Salvador D\u00edaz Mir\u00f3n"},"content":{"rendered":"<ul>\n<li data-leveltext=\"\uf0b7\" data-font=\"Symbol\" data-listid=\"1\" data-aria-posinset=\"1\" data-aria-level=\"1\"><i><span data-contrast=\"auto\">Este viernes <\/span><\/i><i><span data-contrast=\"auto\">28 de agosto presenta<\/span><\/i><i><span data-contrast=\"auto\">n<\/span><\/i><i><span data-contrast=\"auto\"> el \u00faltimo cap\u00edtulo de su primera serie por <\/span><\/i><i><span data-contrast=\"auto\">I<\/span><\/i><i><span data-contrast=\"auto\">nterne<\/span><\/i><i><span data-contrast=\"auto\">t<\/span><\/i><span data-ccp-props=\"{&quot;134233279&quot;:true}\">\u00a0<\/span><\/li>\n<li data-leveltext=\"\uf0b7\" data-font=\"Symbol\" data-listid=\"1\" data-aria-posinset=\"2\" data-aria-level=\"1\"><i><span data-contrast=\"auto\">Al t\u00e9rmino, h<\/span><\/i><i><span data-contrast=\"auto\">abr\u00e1 conversaci\u00f3n con el p\u00fablico v\u00eda <\/span><\/i><i><span data-contrast=\"auto\">su <\/span><\/i><span data-contrast=\"auto\">Facebook<\/span><i><span data-contrast=\"auto\">: <\/span><\/i><a href=\"http:\/\/www.facebook.com\/C%C3%ADaTeatroUV\"><span data-contrast=\"none\">www.facebook.com\/C\u00eda<\/span><span data-contrast=\"none\">T<\/span><span data-contrast=\"none\">e<\/span><span data-contrast=\"none\">a<\/span><span data-contrast=\"none\">troUV<\/span><\/a><span data-ccp-props=\"{&quot;134233279&quot;:true}\">\u00a0<\/span><\/li>\n<\/ul>\n<div id=\"attachment_86702\" style=\"width: 732px\" class=\"wp-caption aligncenter\"><a href=\"https:\/\/www.uv.mx\/prensa\/files\/2020\/08\/250820-KARINA-Orteuv-la-serie-1-100k.jpg\"><img loading=\"lazy\" decoding=\"async\" aria-describedby=\"caption-attachment-86702\" class=\"size-full wp-image-86702\" src=\"https:\/\/www.uv.mx\/prensa\/files\/2020\/08\/250820-KARINA-Orteuv-la-serie-1-100k.jpg\" alt=\"El 28 de agosto se estrenar\u00e1 el \u00faltimo cap\u00edtulo, a las 20:00 horas \" width=\"722\" height=\"406\" srcset=\"https:\/\/www.uv.mx\/prensa\/files\/2020\/08\/250820-KARINA-Orteuv-la-serie-1-100k.jpg 722w, https:\/\/www.uv.mx\/prensa\/files\/2020\/08\/250820-KARINA-Orteuv-la-serie-1-100k-300x169.jpg 300w\" sizes=\"auto, (max-width: 722px) 100vw, 722px\" \/><\/a><p id=\"caption-attachment-86702\" class=\"wp-caption-text\">El 28 de agosto se estrenar\u00e1 el \u00faltimo cap\u00edtulo, a las 20:00 horas<\/p><\/div>\n<p><b><i><span data-contrast=\"auto\">Karina de la Paz Reyes D\u00edaz<\/span><\/i><\/b><span data-ccp-props=\"{}\">\u00a0<\/span><\/p>\n<p><b><i><span data-contrast=\"auto\">2<\/span><\/i><\/b><b><i><span data-contrast=\"auto\">6<\/span><\/i><\/b><b><i><span data-contrast=\"auto\">\/08\/2020, Xalapa, Ver.- <\/span><\/i><\/b><span data-contrast=\"auto\">En plena pandemia por <\/span><span data-contrast=\"auto\">Covid<\/span><span data-contrast=\"auto\"> -19,<\/span><span data-contrast=\"auto\"> en resguardo domiciliario y sin teatros<\/span><span data-contrast=\"auto\"> abiertos<\/span><span data-contrast=\"auto\">,<\/span> <span data-contrast=\"auto\">la<\/span> <span data-contrast=\"auto\"><a href=\"https:\/\/www.uv.mx\/orteuv\/\">Compa\u00f1\u00eda Titular de Teatro<\/a> de la Universidad Veracruzana (<\/span><i><span data-contrast=\"auto\">Orteuv<\/span><\/i><span data-contrast=\"auto\">)<\/span><span data-contrast=\"auto\"> busca seguir <\/span><span data-contrast=\"auto\">en contacto<\/span> <span data-contrast=\"auto\">con <\/span><span data-contrast=\"auto\">su p\u00fablico y<\/span><span data-contrast=\"auto\"> lo hace<\/span> <span data-contrast=\"auto\">acerc\u00e1ndoles a<\/span><span data-contrast=\"auto\"> la <\/span><span data-contrast=\"auto\">historia<\/span><span data-contrast=\"auto\"> y<\/span><span data-contrast=\"auto\"> poes\u00eda<\/span><span data-contrast=\"auto\"> de un veracruzano,<\/span><span data-contrast=\"auto\"> narraci\u00f3n<\/span> <span data-contrast=\"auto\">que <\/span><span data-contrast=\"auto\">est\u00e1 acompa\u00f1ada de la vida <\/span><span data-contrast=\"auto\">que en<\/span><span data-contrast=\"auto\"> sus respectivas<\/span><span data-contrast=\"auto\"> casa<\/span><span data-contrast=\"auto\">s<\/span><span data-contrast=\"auto\"> experimenta <\/span><span data-contrast=\"auto\">el propio elenco<\/span><span data-contrast=\"auto\">. Se trata de<\/span> <i><span data-contrast=\"auto\">D\u00edaz<\/span><\/i><i><span data-contrast=\"auto\"> Mir\u00f3n y C\u00eda. La serie<\/span><\/i><span data-contrast=\"auto\">, <\/span><span data-contrast=\"auto\">que puede apreciarse <\/span><span data-contrast=\"auto\">trav\u00e9s de su canal de <\/span><i><span data-contrast=\"auto\">YouTube<\/span><\/i> <a href=\"http:\/\/www.youtube.com\/ciateatrouv\"><span data-contrast=\"none\">www.youtube.<\/span><span data-contrast=\"none\">c<\/span><span data-contrast=\"none\">om\/ciateatrouv<\/span><\/a><span data-ccp-props=\"{}\">\u00a0<\/span><\/p>\n<p><span data-contrast=\"auto\">La <\/span><span data-contrast=\"auto\">serie<\/span><span data-contrast=\"auto\"> consta de 10 cap\u00edtulos (100 minutos<\/span><span data-contrast=\"auto\"> en total<\/span><span data-contrast=\"auto\">), el<\/span><span data-contrast=\"auto\"> estreno fue el 26 de junio<\/span><span data-contrast=\"auto\">, se han presentado uno a uno cada viernes y<\/span><span data-contrast=\"auto\"> este<\/span><span data-contrast=\"auto\"> 28 de agosto se har\u00e1 lo pr<\/span><span data-contrast=\"auto\">opio con el \u00faltimo<\/span><span data-contrast=\"auto\">, a las<\/span><span data-contrast=\"auto\"> 20:00 horas.<\/span><span data-ccp-props=\"{&quot;335559731&quot;:708}\">\u00a0<\/span><\/p>\n<p><span data-contrast=\"auto\">\u00a0Al finalizar el estreno<\/span><span data-contrast=\"auto\"> por <\/span><i><span data-contrast=\"auto\">YouTube<\/span><\/i><span data-contrast=\"auto\">, ha<\/span><span data-contrast=\"auto\">br\u00e1<\/span><span data-contrast=\"auto\"> una transmisi\u00f3n en vivo con to<\/span><span data-contrast=\"auto\">do el elenco de la <\/span><i><span data-contrast=\"auto\">Orteuv<\/span><\/i><span data-contrast=\"auto\">,<\/span><span data-contrast=\"auto\"> a trav\u00e9s de <\/span><span data-contrast=\"auto\">su<\/span> <i><span data-contrast=\"auto\">Facebook<\/span><\/i> <span data-contrast=\"auto\">(<\/span><a href=\"http:\/\/www.facebook.com\/C%C3%ADaTeatroUV\"><span data-contrast=\"none\">www.facebook.com\/C\u00edaTe<\/span><span data-contrast=\"none\">a<\/span><span data-contrast=\"none\">troUV<\/span><\/a><span data-contrast=\"auto\">)<\/span><span data-contrast=\"auto\">, cuya intenci\u00f3n es <\/span><span data-contrast=\"auto\">convivir <\/span><span data-contrast=\"auto\">con el p\u00fablico y generar un di\u00e1logo<\/span> <span data-contrast=\"auto\">sobre las<\/span><span data-contrast=\"auto\"> apreciaciones <\/span><span data-contrast=\"auto\">de <\/span><span data-contrast=\"auto\">l<\/span><span data-contrast=\"auto\">a serie.<\/span><span data-ccp-props=\"{&quot;335559731&quot;:708}\">\u00a0<\/span><\/p>\n<p><span data-contrast=\"auto\">Esta propuesta se<\/span><span data-contrast=\"auto\"> trata tambi\u00e9n de <\/span><span data-contrast=\"auto\">c\u00f3mo se han reinventado quienes<\/span><span data-contrast=\"auto\"> integran la <\/span><i><span data-contrast=\"auto\">Orteuv<\/span><\/i><span data-contrast=\"auto\"> en las actuales circunstancias, <\/span><span data-contrast=\"auto\">y su adaptaci\u00f3n<\/span><span data-contrast=\"auto\"> a la nueva forma de trabajar a distancia.<\/span> <span data-contrast=\"auto\">El concepto y gui<\/span><span data-contrast=\"auto\">o<\/span><span data-contrast=\"auto\">n est\u00e1n a cargo de <\/span><span data-contrast=\"auto\">Luis Enrique Guti\u00e9rrez O<\/span><span data-contrast=\"auto\">rti<\/span><span data-contrast=\"auto\">z Monasterio<\/span><span data-contrast=\"auto\">, <\/span><span data-contrast=\"auto\">dramaturgo residente de la <\/span><i><span data-contrast=\"auto\">Orteuv<\/span><\/i><span data-contrast=\"auto\">,<\/span><span data-contrast=\"auto\"> y la direcci\u00f3n general de Luis Mario Mon<\/span><span data-contrast=\"auto\">cada, director art\u00edstico de la c<\/span><span data-contrast=\"auto\">ompa\u00f1\u00eda.<\/span><span data-ccp-props=\"{&quot;335559731&quot;:708}\">\u00a0<\/span><\/p>\n<p><span data-contrast=\"auto\">L<\/span><span data-contrast=\"auto\">os cap\u00edtulos <\/span><span data-contrast=\"auto\">fueron dirigidos por <\/span><span data-contrast=\"auto\">Karina Me<\/span><span data-contrast=\"auto\">neses<\/span><span data-contrast=\"auto\">, Alba Dom\u00ednguez y <\/span><span data-contrast=\"auto\">Miriam<\/span> <span data-contrast=\"auto\">Ch\u00e1zaro<\/span><span data-contrast=\"auto\">; mientras <\/span><span data-contrast=\"auto\">que <\/span><span data-contrast=\"auto\">la<\/span><span data-contrast=\"auto\"> edici\u00f3n y animaci\u00f3n gr\u00e1fica <\/span><span data-contrast=\"auto\">fueron <\/span><span data-contrast=\"auto\">responsabilidad <\/span><span data-contrast=\"auto\">de<\/span><span data-contrast=\"auto\"> Sergio Ram\u00edrez y Eme de Armario<\/span><span data-contrast=\"auto\">, respectivamente.<\/span><span data-ccp-props=\"{&quot;335559731&quot;:708}\">\u00a0<\/span><\/p>\n<p><span data-contrast=\"auto\">En entrevista <\/span><span data-contrast=\"auto\">para<\/span> <i><span data-contrast=\"auto\">Universo<\/span><\/i><span data-contrast=\"auto\">, las tres directoras coincidieron en que<\/span><span data-contrast=\"auto\"> es muy pronto para <\/span><span data-contrast=\"auto\">saber qu\u00e9 <\/span><span data-contrast=\"auto\">impacto<\/span><span data-contrast=\"auto\"> y aceptaci\u00f3n ha tenido <\/span><span data-contrast=\"auto\">l<\/span><span data-contrast=\"auto\">a <\/span><span data-contrast=\"auto\">s<\/span><span data-contrast=\"auto\">erie en<\/span><span data-contrast=\"auto\">tre<\/span><span data-contrast=\"auto\"> el p\u00fablico. Hay desde la comunidad <\/span><span data-contrast=\"auto\">asidua <\/span><span data-contrast=\"auto\">seguidora de la <\/span><i><span data-contrast=\"auto\">Orte<\/span><\/i><i><span data-contrast=\"auto\">uv<\/span><\/i><span data-contrast=\"auto\"> que cada viernes<\/span><span data-contrast=\"auto\"> ha<\/span><span data-contrast=\"auto\"> est<\/span><span data-contrast=\"auto\">ado<\/span><span data-contrast=\"auto\"> a la<\/span><span data-contrast=\"auto\"> esper<\/span><span data-contrast=\"auto\">a del nuevo<\/span><span data-contrast=\"auto\"> cap\u00edtulo, hasta <\/span><span data-contrast=\"auto\">las personas que <\/span><span data-contrast=\"auto\">sabr\u00e1n <\/span><span data-contrast=\"auto\">de ella con el paso del tiempo y acudir\u00e1n a verla al canal de <\/span><i><span data-contrast=\"auto\">YouTube<\/span><\/i><span data-contrast=\"auto\">, donde <\/span><span data-contrast=\"auto\">quedar\u00e1 <\/span><span data-contrast=\"auto\">a disposici\u00f3n.<\/span><span data-ccp-props=\"{&quot;335559731&quot;:708}\">\u00a0<\/span><\/p>\n<p><span data-contrast=\"auto\">Al preguntarles qu\u00e9 les gust\u00f3 y qu\u00e9 no de trabajar v\u00eda remota en esta propuesta esc\u00e9nica, fueron varios los puntos, pero un<\/span><span data-contrast=\"auto\">o <\/span><span data-contrast=\"auto\">es <\/span><span data-contrast=\"auto\">el que consideraron fundamental: <\/span><span data-contrast=\"auto\">la conversi\u00f3n del texto dram\u00e1tico a gui\u00f3n para serie<\/span><span data-contrast=\"auto\"> por parte de <\/span><span data-contrast=\"auto\">D<\/span><span data-contrast=\"auto\">ramaturgo <\/span><span data-contrast=\"auto\">R<\/span><span data-contrast=\"auto\">esidente.<\/span><\/p>\n<p><b><span data-contrast=\"auto\">Vivir lo que toca vivir en el encierro<\/span><\/b><span data-ccp-props=\"{}\"><br \/>\n<\/span><span data-contrast=\"auto\">La creaci\u00f3n de cada cap\u00edtulo implic\u00f3<\/span><span data-contrast=\"auto\"> vivir lo que toda persona<\/span><span data-contrast=\"auto\"> experimenta al <\/span><span data-contrast=\"auto\">trabaja<\/span><span data-contrast=\"auto\">r<\/span><span data-contrast=\"auto\"> v\u00eda remota: la conectividad en ocasiones deficiente, los ruidos de la vecindad<\/span><span data-contrast=\"auto\">, <\/span><span data-contrast=\"auto\">entre otras situaciones.<\/span><span data-contrast=\"auto\"> \u201c<\/span><span data-contrast=\"auto\">T<\/span><span data-contrast=\"auto\">odo eso <\/span><span data-contrast=\"auto\">lo integras o te esperas<\/span><span data-contrast=\"auto\">,<\/span><span data-contrast=\"auto\"> o te desespe<\/span><span data-contrast=\"auto\">ras\u201d, comparti\u00f3 Karina Meneses.<\/span><span data-ccp-props=\"{}\">\u00a0<\/span><\/p>\n<p><span data-contrast=\"auto\">Al <\/span><span data-contrast=\"auto\">ser la primera vez que la direcci\u00f3n fue <\/span><span data-contrast=\"auto\">a trav\u00e9s de la pantalla<\/span><span data-contrast=\"auto\">, las tres destacaron <\/span><span data-contrast=\"auto\">el trabajo en equipo<\/span><span data-contrast=\"auto\"> de la <\/span><span data-contrast=\"auto\">c<\/span><span data-contrast=\"auto\">ompa\u00f1\u00eda<\/span><span data-contrast=\"auto\">, pues eso hizo posible <\/span><span data-contrast=\"auto\">l<\/span><span data-contrast=\"auto\">a <\/span><span data-contrast=\"auto\">s<\/span><span data-contrast=\"auto\">erie<\/span><span data-contrast=\"auto\"> y que el proceso fuera m\u00e1s llevadero.<\/span><span data-ccp-props=\"{&quot;335559731&quot;:708}\">\u00a0<\/span><\/p>\n<p><span data-contrast=\"auto\">\u201cLo que valoro much\u00edsimo de esto <\/span><span data-contrast=\"auto\">es la disposici\u00f3n de nuestros compa\u00f1eros al estar de<\/span><span data-contrast=\"auto\">l<\/span><span data-contrast=\"auto\"> otro lado y tenernos paciencia, porque<\/span><span data-contrast=\"auto\"> no hab\u00edamos hecho esto\u201d<\/span><span data-contrast=\"auto\">,<\/span> <span data-contrast=\"auto\">dijo Karina Meneses<\/span><span data-contrast=\"auto\">.<\/span><span data-ccp-props=\"{&quot;335559731&quot;:708}\">\u00a0<\/span><\/p>\n<p><span data-contrast=\"auto\">En su caso, <\/span><span data-contrast=\"auto\">en <\/span><span data-contrast=\"auto\">el primer cap\u00edtulo grabado tuvo la sensaci\u00f3n de no haber hecho nada, toda vez que <\/span><span data-contrast=\"auto\">su compa\u00f1ero actor fue quien grab\u00f3 la escena, <\/span><span data-contrast=\"auto\">actu\u00f3, acomod\u00f3 su <\/span><i><span data-contrast=\"auto\">set<\/span><\/i><span data-contrast=\"auto\"> y ella s\u00f3lo ve\u00eda a trav\u00e9s de su pantalla. <\/span><span data-contrast=\"auto\">\u201cDe pronto, hab\u00eda <\/span><span data-contrast=\"auto\">impotencia <\/span><span data-contrast=\"auto\">por querer ayudar (quitar algo que est\u00e1 atr\u00e1s, ponerle <\/span><i><span data-contrast=\"auto\">play<\/span><\/i><span data-contrast=\"auto\">, <\/span><span data-contrast=\"auto\">\u00a1<\/span><span data-contrast=\"auto\">algo<\/span><span data-contrast=\"auto\">!<\/span><span data-contrast=\"auto\">)<\/span><span data-contrast=\"auto\">, es una cuesti\u00f3n de aprender, ver, lograr comunicarte de una manera mucho m\u00e1s clara<\/span><span data-contrast=\"auto\">\u201d.<\/span><span data-ccp-props=\"{&quot;335559731&quot;:708}\">\u00a0<\/span><\/p>\n<p><span data-contrast=\"auto\">Precisamente, la adaptaci\u00f3n al trabajo v\u00eda remota tambi\u00e9n es posible apreciarla en el transcurso de los cap\u00edtulos<\/span><span data-contrast=\"auto\">.<\/span><span data-contrast=\"auto\"> De ello <\/span><span data-contrast=\"auto\">habl\u00f3<\/span><span data-contrast=\"auto\"> Alba Dom\u00ednguez<\/span><span data-contrast=\"auto\">: \u201c<\/span><span data-contrast=\"auto\">La <\/span><span data-contrast=\"auto\">decisi\u00f3n inicial fue \u2018se hace lo que se puede con lo que se tiene <\/span><span data-contrast=\"auto\">y cada quien usar\u00e1 su dispositivo<\/span><span data-contrast=\"auto\">\u2019<\/span><span data-contrast=\"auto\">. Entonces, la variedad de dispositivos con los que se contaba implicaba un reto<\/span><span data-contrast=\"auto\">, porque obviamente es muy dispareja la resoluci\u00f3n y depende del equipo que cada quien tenga<\/span><span data-contrast=\"auto\">\u201d.<\/span><\/p>\n<div id=\"attachment_86700\" style=\"width: 732px\" class=\"wp-caption aligncenter\"><a href=\"https:\/\/www.uv.mx\/prensa\/files\/2020\/08\/250820-KARINA-Orteuv-la-serie-100k.jpg\"><img loading=\"lazy\" decoding=\"async\" aria-describedby=\"caption-attachment-86700\" class=\"size-full wp-image-86700\" src=\"https:\/\/www.uv.mx\/prensa\/files\/2020\/08\/250820-KARINA-Orteuv-la-serie-100k.jpg\" alt=\"Karina Meneses, Alba Dom\u00ednguez y Miriam Ch\u00e1zaro fueron las directoras de los cap\u00edtulos \" width=\"722\" height=\"352\" srcset=\"https:\/\/www.uv.mx\/prensa\/files\/2020\/08\/250820-KARINA-Orteuv-la-serie-100k.jpg 722w, https:\/\/www.uv.mx\/prensa\/files\/2020\/08\/250820-KARINA-Orteuv-la-serie-100k-300x146.jpg 300w\" sizes=\"auto, (max-width: 722px) 100vw, 722px\" \/><\/a><p id=\"caption-attachment-86700\" class=\"wp-caption-text\">Karina Meneses, Alba Dom\u00ednguez y Miriam Ch\u00e1zaro fueron las directoras de los cap\u00edtulos<\/p><\/div>\n<p><span data-contrast=\"auto\">Pero<\/span><span data-contrast=\"auto\">,<\/span><span data-contrast=\"auto\"> adem\u00e1s, era necesario que quienes estuvieran a cuadro <\/span><span data-contrast=\"auto\">lo hicieran con la iluminaci\u00f3n<\/span><span data-contrast=\"auto\"> adecuada<\/span><span data-contrast=\"auto\">, <\/span><span data-contrast=\"auto\">que <\/span><span data-contrast=\"auto\">lograran el escenario requerido con los recursos <\/span><span data-contrast=\"auto\">que <\/span><span data-contrast=\"auto\">ten\u00edan a la mano<\/span><span data-contrast=\"auto\">.<\/span><span data-contrast=\"auto\"> \u201c<\/span><span data-contrast=\"auto\">E<\/span><span data-contrast=\"auto\">ra muy complicado y todos le entraron a<\/span><span data-contrast=\"auto\">l <\/span><span data-contrast=\"auto\">toro\u201d.<\/span><span data-ccp-props=\"{&quot;335559731&quot;:708}\">\u00a0<\/span><\/p>\n<p><span data-contrast=\"auto\">Miriam<\/span><span data-contrast=\"auto\"> Ch\u00e1zaro <\/span><span data-contrast=\"auto\">calific\u00f3 esta experiencia como una exploraci\u00f3n en todos los sentidos<\/span><span data-contrast=\"auto\">, pues si<\/span><span data-contrast=\"auto\"> d<\/span><span data-contrast=\"auto\">irigir <\/span><span data-contrast=\"auto\">de manera <\/span><span data-contrast=\"auto\">presencial ya es dif\u00edcil<\/span><span data-contrast=\"auto\">,<\/span><span data-contrast=\"auto\"> a trav\u00e9s de una pantalla<\/span> <span data-contrast=\"auto\">implica<\/span><span data-contrast=\"auto\"> enfrentar<\/span><span data-contrast=\"auto\">se <\/span><span data-contrast=\"auto\">\u2013<\/span><span data-contrast=\"auto\">adem\u00e1s<\/span><span data-contrast=\"auto\">\u2013<\/span><span data-contrast=\"auto\"> a<\/span><span data-contrast=\"auto\"> las deficiencias <\/span><span data-contrast=\"auto\">de conectividad que de pronto se presentan, <\/span><span data-contrast=\"auto\">al<\/span><span data-contrast=\"auto\"> clima<\/span> <span data-contrast=\"auto\">\u2013sobre todo <\/span><span data-contrast=\"auto\">en cap\u00edtulos que <\/span><span data-contrast=\"auto\">estaban planeados<\/span><span data-contrast=\"auto\"> en exterior<\/span><span data-contrast=\"auto\">\u2013<\/span><span data-contrast=\"auto\"> y <\/span><span data-contrast=\"auto\">todo <\/span><span data-contrast=\"auto\">lo que va surgiendo en la marcha<\/span><span data-contrast=\"auto\">.<\/span><span data-ccp-props=\"{&quot;335559731&quot;:708}\">\u00a0<\/span><\/p>\n<p><span data-contrast=\"auto\">Re<\/span><span data-contrast=\"auto\">marc\u00f3<\/span><span data-contrast=\"auto\"> que lo<\/span><span data-contrast=\"auto\">s propios actores se graba<\/span><span data-contrast=\"auto\">ron y en ning\u00fan c<\/span><span data-contrast=\"auto\">ap\u00edtulo <\/span><span data-contrast=\"auto\">hubo camar\u00f3grafos<\/span><span data-contrast=\"auto\"> que <\/span><span data-contrast=\"auto\">desempe\u00f1aran tal funci\u00f3n<\/span><span data-contrast=\"auto\">, como podr\u00eda creerse<\/span><span data-contrast=\"auto\">;<\/span><span data-contrast=\"auto\"> es m\u00e1s,<\/span> <span data-contrast=\"auto\">en <\/span><span data-contrast=\"auto\">lo que a ella respecta<\/span><span data-contrast=\"auto\">, dos de los cap\u00edtulos que <\/span><span data-contrast=\"auto\">dirigi\u00f3 fueron grabados totalmente con celular<\/span><span data-contrast=\"auto\"> y una fue la toma que vio<\/span><span data-contrast=\"auto\"> y concibi\u00f3<\/span> <span data-contrast=\"auto\">en plena ejecuci\u00f3n<\/span><span data-contrast=\"auto\">,<\/span><span data-contrast=\"auto\"> y otra la <\/span><span data-contrast=\"auto\">que qued\u00f3 <\/span><span data-contrast=\"auto\">grabada<\/span><span data-contrast=\"auto\">, dadas las dimensiones de la c\u00e1mara<\/span><span data-contrast=\"auto\">.<\/span><\/p>\n<p><b><span data-contrast=\"auto\">Historia<\/span><\/b><b><span data-contrast=\"auto\">, poes\u00eda y teatro en tiempo de contingencia<\/span><\/b><span data-ccp-props=\"{}\"><br \/>\n<\/span><span data-contrast=\"auto\">Am\u00e9n<\/span><span data-contrast=\"auto\"> de los asuntos t\u00e9cnicos,<\/span><span data-contrast=\"auto\"> el cambio de formato, el encierro en s\u00ed<\/span><span data-contrast=\"auto\"> y<\/span><span data-contrast=\"auto\"> la pandemia,<\/span><span data-contrast=\"auto\"> la <\/span><i><span data-contrast=\"auto\">Orte<\/span><\/i><i><span data-contrast=\"auto\">uv<\/span><\/i><span data-contrast=\"auto\"> presenta por primera ocasi\u00f3n una serie por <\/span><i><span data-contrast=\"auto\">YouTube<\/span><\/i> <span data-contrast=\"auto\">con<\/span><span data-contrast=\"auto\"> Salvador D\u00edaz Mir\u00f3n <\/span><span data-contrast=\"auto\">como <\/span><span data-contrast=\"auto\">la figura principa<\/span><span data-contrast=\"auto\">l, su vida <\/span><span data-contrast=\"auto\">y <\/span><span data-contrast=\"auto\">por ende un tramo de<\/span><span data-contrast=\"auto\"> la historia de Veracruz y del pa\u00eds,<\/span> <span data-contrast=\"auto\">pues retoma <\/span><span data-contrast=\"auto\">sus vivencias co<\/span><span data-contrast=\"auto\">n personalidades como<\/span><span data-contrast=\"auto\"> Porfirio D\u00edaz, Francisco I. Madero y Victoriano <\/span><span data-contrast=\"auto\">Huerta,<\/span><span data-contrast=\"auto\"> adem\u00e1s<\/span> <span data-contrast=\"auto\">adentra en<\/span><span data-contrast=\"auto\"> su obra po\u00e9tica.<\/span><span data-ccp-props=\"{}\">\u00a0<\/span><\/p>\n<p><span data-contrast=\"auto\">\u201c<\/span><span data-contrast=\"auto\">R<\/span><span data-contrast=\"auto\">escato mucho la <\/span><span data-contrast=\"auto\">esencia<\/span><span data-contrast=\"auto\"> que se presenta de Salvador D\u00edaz Mir\u00f3n, esas facetas que desconoc\u00edamos. <\/span><span data-contrast=\"auto\">Yo soy de Xalapa y s\u00ed <\/span><span data-contrast=\"auto\">sab\u00eda que era veracruzano, hab\u00eda le\u00eddo algunos de sus poemas, pero no sab\u00eda sus rec\u00f3nditos huecos oscuros<\/span><span data-contrast=\"auto\">,<\/span><span data-contrast=\"auto\"> que hemos ido mostrando\u201d, opin\u00f3 Karina <\/span><span data-contrast=\"auto\">Meneses.<\/span><span data-ccp-props=\"{&quot;335559731&quot;:708}\">\u00a0<\/span><\/p>\n<p><span data-contrast=\"auto\">Para Alba Dom\u00ednguez lo interesante de esta propuesta es <\/span><span data-contrast=\"auto\">desmitificar<\/span><span data-contrast=\"auto\"> a las <\/span><span data-contrast=\"auto\">figuras y verlas con sus respectivas complejidades<\/span><span data-contrast=\"auto\">:<\/span> <span data-contrast=\"auto\">D\u00edaz Mir\u00f3n<\/span><span data-contrast=\"auto\"> \u201ces<\/span><span data-contrast=\"auto\"> una persona con sensibilidad y un manejo <\/span><span data-contrast=\"auto\">del lenguaje que ha tocado a gente hasta la fecha \u2013el poema <\/span><i><span data-contrast=\"auto\">Mam\u00e1 soy Paquito<\/span><\/i><span data-contrast=\"auto\"> sigue escuch<\/span><span data-contrast=\"auto\">\u00e1ndose en las primaria<\/span><span data-contrast=\"auto\">s<\/span><span data-contrast=\"auto\">, de todas las formas dichas; <\/span><span data-contrast=\"auto\">hay<\/span><span data-contrast=\"auto\"> frases que se nos quedaron en el imaginario <\/span><span data-contrast=\"auto\">como \u2018hay aves que cruzan el pantano<\/span><span data-contrast=\"auto\"> y<\/span><span data-contrast=\"auto\"> no se manchan\u2019<\/span> <span data-contrast=\"auto\">\u201d.<\/span><span data-ccp-props=\"{&quot;335559731&quot;:708}\">\u00a0<\/span><\/p>\n<p><span data-contrast=\"auto\">O<\/span><span data-contrast=\"auto\">pin\u00f3<\/span><span data-contrast=\"auto\"> que<\/span><span data-contrast=\"auto\"> es importante conocer<\/span><span data-contrast=\"auto\">lo por la complejidad de su vida, no s\u00f3lo una faceta de \u00e9l. <\/span><span data-contrast=\"auto\">En consecuencia,<\/span> <i><span data-contrast=\"auto\">D\u00edaz<\/span><\/i><i><span data-contrast=\"auto\"> Mir\u00f3n y C\u00eda. La serie<\/span><\/i> <span data-contrast=\"auto\">acerca<\/span><span data-contrast=\"auto\"> a la historia de M\u00e9xico <\/span><span data-contrast=\"auto\">para<\/span><span data-contrast=\"auto\"> tener conciencia que \u00e9sta no ha sido nada sencilla. \u201cTo<\/span><span data-contrast=\"auto\">do<\/span><span data-contrast=\"auto\"> el tiempo ha<\/span><span data-contrast=\"auto\">n<\/span><span data-contrast=\"auto\"> sido <\/span><span data-contrast=\"auto\">revoluciones, guerras civiles<\/span><span data-contrast=\"auto\">;<\/span><span data-contrast=\"auto\"> hasta la fecha seguimos siendo un pa\u00eds complejo, <\/span><span data-contrast=\"auto\">tanto <\/span><span data-contrast=\"auto\">por extensi\u00f3n geogr\u00e1fica como social, pol\u00edtica<\/span><span data-contrast=\"auto\">, y \u00e9l es un hombre de su tiempo, responde a esas cuestiones, como responde actualmente cualquier figura p\u00fablica\u201d.<\/span><span data-ccp-props=\"{&quot;335559731&quot;:708}\">\u00a0<\/span><\/p>\n<p><span data-contrast=\"auto\">Entre tanto, <\/span><span data-contrast=\"auto\">Miriam Ch\u00e1zaro <\/span><span data-contrast=\"auto\">consider\u00f3 que en el pa\u00eds la pol\u00edtica no ha cambiado en t\u00e9rminos sustanciales<\/span><span data-contrast=\"auto\">,<\/span><span data-contrast=\"auto\"> \u201clos pol\u00edticos cambian de partido igual que \u00e9l lo hizo varias veces<\/span><span data-contrast=\"auto\">\u201d. Lo interesante, remarc\u00f3, es <\/span><span data-contrast=\"auto\">que esos cambios en su faceta<\/span><span data-contrast=\"auto\"> como<\/span><span data-contrast=\"auto\"> pol\u00edtico se ven reflejados en su obra po\u00e9tica<\/span><span data-contrast=\"auto\">: \u201cSe ven esa<\/span><span data-contrast=\"auto\">s<\/span><span data-contrast=\"auto\"> tres distintas etapas. Escribe distinto. Creo que es importante saberlo, ver c\u00f3mo ese hombre no era de una sola cara, ten\u00eda mucha<\/span><span data-contrast=\"auto\">s aristas\u201d.<\/span><span data-ccp-props=\"{&quot;335559731&quot;:708}\">\u00a0<\/span><\/p>\n<p><span data-contrast=\"auto\">La s<\/span><span data-contrast=\"auto\">erie en s\u00ed despierta curiosidad <\/span><span data-contrast=\"auto\">por conocer su obra, porque hasta la fecha la mayor\u00eda se limitaba a conocer la ficha bibliogr\u00e1fica obligada, sin abundar qu\u00e9 hab\u00eda detr\u00e1s<\/span><span data-contrast=\"auto\">. \u201cEs importante ver al personaje, al humano complejo y vivo\u201d, concluy\u00f3 Ch\u00e1zaro.<\/span><span data-ccp-props=\"{&quot;335559731&quot;:708}\">\u00a0<\/span><\/p>\n<p><span data-contrast=\"auto\">La <\/span><i><span data-contrast=\"auto\">Orteuv<\/span><\/i><span data-contrast=\"auto\">, adem\u00e1s del citado canal <\/span><i><span data-contrast=\"auto\">YouTube<\/span><\/i><span data-contrast=\"auto\">, cuenta con redes sociales <\/span><span data-contrast=\"auto\">en las que es posible conocer los productos audiovisuales generados en esta temporada de pandemia:<\/span><span data-contrast=\"auto\"> en<\/span> <i><span data-contrast=\"auto\">Facebook<\/span><\/i><span data-contrast=\"auto\">, <\/span><i><span data-contrast=\"auto\">Twitter<\/span><\/i><span data-contrast=\"auto\"> e <\/span><i><span data-contrast=\"auto\">Instagram<\/span><\/i> <span data-contrast=\"auto\">les encuentran como<\/span><span data-contrast=\"auto\"> @ciateatrouv.<\/span><span data-ccp-props=\"{}\">\u00a0<\/span><\/p>\n","protected":false},"excerpt":{"rendered":"<p>La Compa\u00f1\u00eda Titular de Teatro de la UV presenta en <em>YouTube<\/em> la serie <em>D\u00edaz Mir\u00f3n y C\u00eda<\/em> <\/p>\n","protected":false},"author":1775,"featured_media":86701,"comment_status":"closed","ping_status":"closed","sticky":false,"template":"","format":"standard","meta":{"footnotes":""},"categories":[11,61],"tags":[],"class_list":["post-86699","post","type-post","status-publish","format-standard","has-post-thumbnail","hentry","category-cultura","category-banner"],"_links":{"self":[{"href":"https:\/\/www.uv.mx\/prensa\/wp-json\/wp\/v2\/posts\/86699","targetHints":{"allow":["GET"]}}],"collection":[{"href":"https:\/\/www.uv.mx\/prensa\/wp-json\/wp\/v2\/posts"}],"about":[{"href":"https:\/\/www.uv.mx\/prensa\/wp-json\/wp\/v2\/types\/post"}],"author":[{"embeddable":true,"href":"https:\/\/www.uv.mx\/prensa\/wp-json\/wp\/v2\/users\/1775"}],"replies":[{"embeddable":true,"href":"https:\/\/www.uv.mx\/prensa\/wp-json\/wp\/v2\/comments?post=86699"}],"version-history":[{"count":0,"href":"https:\/\/www.uv.mx\/prensa\/wp-json\/wp\/v2\/posts\/86699\/revisions"}],"wp:featuredmedia":[{"embeddable":true,"href":"https:\/\/www.uv.mx\/prensa\/wp-json\/wp\/v2\/media\/86701"}],"wp:attachment":[{"href":"https:\/\/www.uv.mx\/prensa\/wp-json\/wp\/v2\/media?parent=86699"}],"wp:term":[{"taxonomy":"category","embeddable":true,"href":"https:\/\/www.uv.mx\/prensa\/wp-json\/wp\/v2\/categories?post=86699"},{"taxonomy":"post_tag","embeddable":true,"href":"https:\/\/www.uv.mx\/prensa\/wp-json\/wp\/v2\/tags?post=86699"}],"curies":[{"name":"wp","href":"https:\/\/api.w.org\/{rel}","templated":true}]}}