{"id":86679,"date":"2020-08-25T10:21:02","date_gmt":"2020-08-25T15:21:02","guid":{"rendered":"https:\/\/www.uv.mx\/prensa\/?p=86679"},"modified":"2020-08-25T12:04:40","modified_gmt":"2020-08-25T17:04:40","slug":"estudiantes-uv-organizaron-1er-congreso-internacional-de-derechos-humanos-2020","status":"publish","type":"post","link":"https:\/\/www.uv.mx\/prensa\/general\/estudiantes-uv-organizaron-1er-congreso-internacional-de-derechos-humanos-2020\/","title":{"rendered":"Estudiantes UV organizaron 1er Congreso Internacional de Derechos Humanos 2020\u00a0"},"content":{"rendered":"<ul>\n<li data-leveltext=\"\uf0b7\" data-font=\"Symbol\" data-listid=\"2\" data-aria-posinset=\"1\" data-aria-level=\"1\"><i><span data-contrast=\"auto\">Participaron ponentes de 13 pa\u00edses de AL y Europa,<\/span><\/i> <i><span data-contrast=\"auto\">as\u00ed como alumnos de 90 universidades p\u00fablicas y<\/span><\/i> <i><span data-contrast=\"auto\">privadas, e instituciones de impartici\u00f3n de justicia<\/span><\/i><span data-ccp-props=\"{&quot;201341983&quot;:0,&quot;335559739&quot;:0,&quot;335559740&quot;:240}\">\u00a0<\/span><\/li>\n<\/ul>\n<p><span data-ccp-props=\"{&quot;201341983&quot;:0,&quot;335559739&quot;:0,&quot;335559740&quot;:240}\">\u00a0<\/span><\/p>\n<div id=\"attachment_86680\" style=\"width: 732px\" class=\"wp-caption aligncenter\"><a href=\"https:\/\/www.uv.mx\/prensa\/files\/2020\/08\/24082020-Congreso-internacional-DH-1.jpg\"><img loading=\"lazy\" decoding=\"async\" aria-describedby=\"caption-attachment-86680\" class=\"size-full wp-image-86680\" src=\"https:\/\/www.uv.mx\/prensa\/files\/2020\/08\/24082020-Congreso-internacional-DH-1.jpg\" alt=\"\" width=\"722\" height=\"411\" srcset=\"https:\/\/www.uv.mx\/prensa\/files\/2020\/08\/24082020-Congreso-internacional-DH-1.jpg 722w, https:\/\/www.uv.mx\/prensa\/files\/2020\/08\/24082020-Congreso-internacional-DH-1-300x171.jpg 300w\" sizes=\"auto, (max-width: 722px) 100vw, 722px\" \/><\/a><p id=\"caption-attachment-86680\" class=\"wp-caption-text\">Midory Ruth Reyes, Jorge Luis L\u00f3pez, Elizabeth Pazzi y Alejandra Cuevas, organizadores del evento<\/p><\/div>\n<p><span data-ccp-props=\"{&quot;201341983&quot;:0,&quot;335559739&quot;:0,&quot;335559740&quot;:240}\">\u00a0<\/span><\/p>\n<p><span data-ccp-props=\"{&quot;201341983&quot;:0,&quot;335559739&quot;:0,&quot;335559740&quot;:240}\">\u00a0<\/span><\/p>\n<p><b><i><span data-contrast=\"auto\">Jos\u00e9 Luis <\/span><\/i><\/b><b><i><span data-contrast=\"auto\">Couttolenc<\/span><\/i><\/b><b><i><span data-contrast=\"auto\"> Soto<\/span><\/i><\/b><span data-ccp-props=\"{&quot;201341983&quot;:0,&quot;335559739&quot;:0,&quot;335559740&quot;:240}\">\u00a0<\/span><\/p>\n<p><b><i><span data-contrast=\"auto\">2<\/span><\/i><\/b><b><i><span data-contrast=\"auto\">5<\/span><\/i><\/b><b><i><span data-contrast=\"auto\">\/0<\/span><\/i><\/b><b><i><span data-contrast=\"auto\">8<\/span><\/i><\/b><b><i><span data-contrast=\"auto\">\/2020, Xalapa, <\/span><\/i><\/b><b><i><span data-contrast=\"auto\">Ver.-<\/span><\/i><\/b><span data-contrast=\"auto\"> Con la finalidad de brindar una visi\u00f3n acerca de los acontecimientos actuales en cuanto a los derechos humanos en tiempos de pandemia por Covid-19, <\/span><span data-contrast=\"auto\">as\u00ed como<\/span><span data-contrast=\"auto\"> dotar de herramientas ju<\/span><span data-contrast=\"auto\">r\u00eddicas sobre el actuar de los e<\/span><span data-contrast=\"auto\">stados y su deber de proteger, respetar y garantizar los <\/span><span data-contrast=\"auto\">mismos<\/span> <span data-contrast=\"auto\">\u2013<\/span><span data-contrast=\"auto\">principalmente a la poblaci\u00f3n<\/span> <span data-contrast=\"auto\">vulnerable<\/span><span data-contrast=\"auto\">\u2013<\/span><span data-contrast=\"auto\">, alumnos de la <\/span><a href=\"https:\/\/www.uv.mx\/derecho\/\" target=\"_blank\" rel=\"noopener noreferrer\"><span data-contrast=\"auto\">F<\/span><\/a><span data-contrast=\"auto\">acultad de Derecho de la Universidad Veracruzana (UV) organizaron el 1er Congreso Internacional<\/span> <span data-contrast=\"auto\">de Derechos Humanos 2020.<\/span><span data-ccp-props=\"{&quot;201341983&quot;:0,&quot;335559739&quot;:0,&quot;335559740&quot;:240}\">\u00a0<\/span><\/p>\n<p><span data-contrast=\"auto\">La log\u00edstica y operatividad del evento acad\u00e9mico, efectuado del <\/span><span data-contrast=\"auto\">3<\/span><span data-contrast=\"auto\"> al <\/span><span data-contrast=\"auto\">7<\/span><span data-contrast=\"auto\"> de agosto, estuvo a cargo de estudiantes del <\/span><span data-contrast=\"auto\">G<\/span><span data-contrast=\"auto\">rupo <\/span><span data-contrast=\"auto\">G<\/span><span data-contrast=\"auto\">o<\/span><span data-contrast=\"auto\">lf<\/span><span data-contrast=\"auto\">o<\/span> <span data-contrast=\"auto\">de <\/span><span data-contrast=\"auto\">M<\/span><span data-contrast=\"auto\">\u00e9<\/span><span data-contrast=\"auto\">xico Model<\/span><span data-contrast=\"auto\">o de<\/span> <span data-contrast=\"auto\">Naci<\/span><span data-contrast=\"auto\">on<\/span><span data-contrast=\"auto\">e<\/span><span data-contrast=\"auto\">s<\/span><span data-contrast=\"auto\"> Unidas (<\/span><span data-contrast=\"auto\">GMMUN<\/span><span data-contrast=\"auto\">, por sus siglas en ingl\u00e9s<\/span><span data-contrast=\"auto\">), encabezado por Jorge Luis L\u00f3pez Juli\u00e1n, alumno del octavo semestre, quien explic\u00f3 que <\/span><span data-contrast=\"auto\">se<\/span><span data-contrast=\"auto\"> busca concien<\/span><span data-contrast=\"auto\">c<\/span><span data-contrast=\"auto\">iar a los j\u00f3venes en la elaboraci\u00f3n de propuestas y acciones eficientes y pol\u00edticas p\u00fablicas.<\/span><span data-ccp-props=\"{&quot;201341983&quot;:0,&quot;335559739&quot;:0,&quot;335559740&quot;:240}\">\u00a0<\/span><\/p>\n<p><span data-contrast=\"auto\">\u201c<\/span><span data-contrast=\"auto\">C<\/span><span data-contrast=\"auto\">omo integrantes de este grupo estudiant<\/span><span data-contrast=\"auto\">il<\/span><span data-contrast=\"auto\"> que tiene una conexi\u00f3n internacional, nos dimos cuenta que muchos de nuestros compa\u00f1eros de universidades de Am\u00e9rica y Europa ten\u00edan problemas para acceder a la educaci\u00f3n jur\u00eddica en l\u00ednea, <\/span><span data-contrast=\"auto\">por lo que decidimos implementar este primer congreso para presentar un panorama internacional sobre los derechos <\/span><span data-contrast=\"auto\">humanos en tiempos de Covid-19.\u201d<\/span><span data-ccp-props=\"{&quot;201341983&quot;:0,&quot;335559739&quot;:0,&quot;335559740&quot;:240}\">\u00a0<\/span><\/p>\n<p><span data-contrast=\"auto\">Para ello, contaron con el<\/span><span data-contrast=\"auto\"> apoyo de la UV a trav\u00e9s de la F<\/span><span data-contrast=\"auto\">acultad de Derecho, del Instituto de Investigaciones Jur\u00eddicas (IIJ) y de la <\/span><span data-contrast=\"auto\">D<\/span><span data-contrast=\"auto\">irecci\u00f3n <\/span><span data-contrast=\"auto\">G<\/span><span data-contrast=\"auto\">eneral de Relaciones Internacionales; de la Universidad Nacional del Este, Paraguay; Universidad de Santo Tom\u00e1s, Colombia<\/span><span data-contrast=\"auto\">,<\/span><span data-contrast=\"auto\"> y de la organiza<\/span><span data-contrast=\"auto\">ci\u00f3n Inteligencia Educa-M\u00e9xico.<\/span><span data-ccp-props=\"{&quot;201341983&quot;:0,&quot;335559739&quot;:0,&quot;335559740&quot;:240}\">\u00a0<\/span><\/p>\n<p><span data-contrast=\"auto\">C<\/span><span data-contrast=\"auto\">omo ponentes <\/span><span data-contrast=\"auto\">p<\/span><span data-contrast=\"auto\">articiparon <\/span><span data-contrast=\"auto\">20 expertos en el tema<\/span><span data-contrast=\"auto\">,<\/span><span data-contrast=\"auto\"> de <\/span><span data-contrast=\"auto\">pa\u00edses como <\/span><span data-contrast=\"auto\">M\u00e9xico, Italia, Brasil, Uruguay, Paraguay, Per\u00fa, Argentina, Colombia, Ecuador, Costa Rica, Venezuela, Chile y Guatemala,<\/span><span data-contrast=\"auto\"> cuya<\/span><span data-contrast=\"auto\">s disertaciones fueron seguidas<\/span><span data-contrast=\"auto\"> por 643 alumnos de 90 universidades <\/span><span data-contrast=\"auto\">p\u00fablicas y privadas, e instituciones de impartici\u00f3n de justicia de 25 pa\u00edses de los continentes americano y europeo.<\/span><span data-ccp-props=\"{&quot;201341983&quot;:0,&quot;335559739&quot;:0,&quot;335559740&quot;:240}\">\u00a0<\/span><\/p>\n<p><span data-contrast=\"auto\">Jorge Luis L\u00f3pez <\/span><span data-contrast=\"auto\">subray\u00f3 que junto con \u00e9l participaron en la organizaci\u00f3n del evento: Elizabeth Pazzi Manzano, Alejandra Cuevas Ram\u00edrez y <\/span><span data-contrast=\"auto\">Midory<\/span><span data-contrast=\"auto\"> Ruth Reyes <\/span><span data-contrast=\"auto\">Reyes<\/span><span data-contrast=\"auto\">.<\/span><span data-ccp-props=\"{&quot;201341983&quot;:0,&quot;335559739&quot;:0,&quot;335559740&quot;:240}\">\u00a0<\/span><\/p>\n","protected":false},"excerpt":{"rendered":"<p>Sus disertaciones fueron seguidas por 643 alumnos de 90 universidades p\u00fablicas y privadas e instituciones de impartici\u00f3n de justicia de 25 pa\u00edses americanos y europeos\u00a0<\/p>\n","protected":false},"author":1869,"featured_media":86680,"comment_status":"closed","ping_status":"closed","sticky":false,"template":"","format":"standard","meta":{"footnotes":""},"categories":[1],"tags":[],"class_list":["post-86679","post","type-post","status-publish","format-standard","has-post-thumbnail","hentry","category-general"],"_links":{"self":[{"href":"https:\/\/www.uv.mx\/prensa\/wp-json\/wp\/v2\/posts\/86679","targetHints":{"allow":["GET"]}}],"collection":[{"href":"https:\/\/www.uv.mx\/prensa\/wp-json\/wp\/v2\/posts"}],"about":[{"href":"https:\/\/www.uv.mx\/prensa\/wp-json\/wp\/v2\/types\/post"}],"author":[{"embeddable":true,"href":"https:\/\/www.uv.mx\/prensa\/wp-json\/wp\/v2\/users\/1869"}],"replies":[{"embeddable":true,"href":"https:\/\/www.uv.mx\/prensa\/wp-json\/wp\/v2\/comments?post=86679"}],"version-history":[{"count":0,"href":"https:\/\/www.uv.mx\/prensa\/wp-json\/wp\/v2\/posts\/86679\/revisions"}],"wp:featuredmedia":[{"embeddable":true,"href":"https:\/\/www.uv.mx\/prensa\/wp-json\/wp\/v2\/media\/86680"}],"wp:attachment":[{"href":"https:\/\/www.uv.mx\/prensa\/wp-json\/wp\/v2\/media?parent=86679"}],"wp:term":[{"taxonomy":"category","embeddable":true,"href":"https:\/\/www.uv.mx\/prensa\/wp-json\/wp\/v2\/categories?post=86679"},{"taxonomy":"post_tag","embeddable":true,"href":"https:\/\/www.uv.mx\/prensa\/wp-json\/wp\/v2\/tags?post=86679"}],"curies":[{"name":"wp","href":"https:\/\/api.w.org\/{rel}","templated":true}]}}