{"id":86674,"date":"2020-08-25T10:16:28","date_gmt":"2020-08-25T15:16:28","guid":{"rendered":"https:\/\/www.uv.mx\/prensa\/?p=86674"},"modified":"2020-08-25T12:07:48","modified_gmt":"2020-08-25T17:07:48","slug":"academico-de-derecho-uv-guia-a-sus-alumnos-al-ambito-digital","status":"publish","type":"post","link":"https:\/\/www.uv.mx\/prensa\/general\/academico-de-derecho-uv-guia-a-sus-alumnos-al-ambito-digital\/","title":{"rendered":"Acad\u00e9mico de Derecho UV gu\u00eda a sus alumnos al \u00e1mbito digital\u00a0"},"content":{"rendered":"<ul>\n<li data-leveltext=\"\uf0b7\" data-font=\"Symbol\" data-listid=\"2\" data-aria-posinset=\"1\" data-aria-level=\"1\"><i><span data-contrast=\"auto\">\u201c<\/span><\/i><i><span data-contrast=\"auto\">El sistema judicial y usuarios requieren del aprendizaje<\/span><\/i> <i><span data-contrast=\"auto\">en el uso de la digitalizaci\u00f3n<\/span><\/i><i><span data-contrast=\"auto\">\u201d<\/span><\/i><i><span data-contrast=\"auto\">: Jos\u00e9 Luis Cuevas Gayosso<\/span><\/i><span data-ccp-props=\"{&quot;201341983&quot;:0,&quot;335559739&quot;:0,&quot;335559740&quot;:240}\">\u00a0<\/span><\/li>\n<li data-leveltext=\"\uf0b7\" data-font=\"Symbol\" data-listid=\"2\" data-aria-posinset=\"2\" data-aria-level=\"1\"><i><span data-contrast=\"auto\">Las TIC<\/span><\/i><i><span data-contrast=\"auto\"> han avanzado, y la UV cuenta con la plataforma<\/span><\/i> <i><span data-contrast=\"auto\">adecuada para la f<\/span><\/i><i><span data-contrast=\"auto\">ormaci\u00f3n de los alumnos, asegur\u00f3<\/span><\/i><span data-ccp-props=\"{&quot;201341983&quot;:0,&quot;335559739&quot;:0,&quot;335559740&quot;:240}\">\u00a0<\/span><\/li>\n<\/ul>\n<p><span data-ccp-props=\"{&quot;201341983&quot;:0,&quot;335559739&quot;:0,&quot;335559740&quot;:240}\">\u00a0<\/span><\/p>\n<div id=\"attachment_65270\" style=\"width: 732px\" class=\"wp-caption aligncenter\"><a href=\"https:\/\/www.uv.mx\/prensa\/files\/2019\/04\/010419-Entrevistas-deceso-Emilio-Gidi-2.jpg\"><img loading=\"lazy\" decoding=\"async\" aria-describedby=\"caption-attachment-65270\" class=\"size-full wp-image-65270\" src=\"https:\/\/www.uv.mx\/prensa\/files\/2019\/04\/010419-Entrevistas-deceso-Emilio-Gidi-2.jpg\" alt=\"\" width=\"722\" height=\"482\" srcset=\"https:\/\/www.uv.mx\/prensa\/files\/2019\/04\/010419-Entrevistas-deceso-Emilio-Gidi-2.jpg 722w, https:\/\/www.uv.mx\/prensa\/files\/2019\/04\/010419-Entrevistas-deceso-Emilio-Gidi-2-300x200.jpg 300w\" sizes=\"auto, (max-width: 722px) 100vw, 722px\" \/><\/a><p id=\"caption-attachment-65270\" class=\"wp-caption-text\"><span data-contrast=\"auto\">En la F<\/span><span data-contrast=\"auto\">acultad de Derecho se prepara a los alumnos para enfrentar la realidad de la justicia en l\u00ednea, se\u00f1al\u00f3 Jos\u00e9 Luis Cuevas <\/span><span data-contrast=\"auto\">Gayo<\/span><span data-contrast=\"auto\">sso<\/span><span data-ccp-props=\"{&quot;201341983&quot;:0,&quot;335551550&quot;:6,&quot;335551620&quot;:6,&quot;335559739&quot;:0,&quot;335559740&quot;:240}\">\u00a0<\/span><\/p><\/div>\n<p><span data-ccp-props=\"{&quot;201341983&quot;:0,&quot;335559739&quot;:0,&quot;335559740&quot;:240}\">\u00a0<\/span><\/p>\n<p><span data-ccp-props=\"{&quot;201341983&quot;:0,&quot;335559739&quot;:0,&quot;335559740&quot;:240}\">\u00a0<\/span><\/p>\n<p><b><i><span data-contrast=\"auto\">Jos\u00e9 Luis <\/span><\/i><\/b><b><i><span data-contrast=\"auto\">Couttolenc<\/span><\/i><\/b><b><i><span data-contrast=\"auto\"> Soto<\/span><\/i><\/b><span data-ccp-props=\"{&quot;201341983&quot;:0,&quot;335559739&quot;:0,&quot;335559740&quot;:240}\">\u00a0<\/span><\/p>\n<p><b><i><span data-contrast=\"auto\">2<\/span><\/i><\/b><b><i><span data-contrast=\"auto\">5<\/span><\/i><\/b><b><i><span data-contrast=\"auto\">\/0<\/span><\/i><\/b><b><i><span data-contrast=\"auto\">8<\/span><\/i><\/b><b><i><span data-contrast=\"auto\">\/2020, Xalapa, Ver.-<\/span><\/i><\/b> <span data-contrast=\"auto\">Jos\u00e9 Luis Cuevas <\/span><span data-contrast=\"auto\">Gayosso<\/span><span data-contrast=\"auto\">, <\/span><span data-contrast=\"auto\">investigador<\/span> <span data-contrast=\"auto\">de <\/span><span data-contrast=\"auto\">la Universidad Veracruzana (UV), particularmente en el \u00e1rea del \u00e1mbito jur\u00eddico, prepara<\/span> <span data-contrast=\"auto\">a los alumnos para enfrentar una realidad en la que imperar\u00e1 el \u00e1mbito digital<\/span><span data-contrast=\"auto\"> pero, puntualiz\u00f3, \u201cla justicia en l\u00ednea no funcionar\u00e1 si no se cuenta con tres aspectos b\u00e1sicos: normatividad, infraestructura y capacitaci\u00f3n, elemento<\/span><span data-contrast=\"auto\">s con los que afortunadamente s\u00ed<\/span><span data-contrast=\"auto\"> cuenta nuestra casa de estudios para el aprendizaje de <\/span><span data-contrast=\"auto\">l<\/span><span data-contrast=\"auto\">os estudiantes\u201d.<\/span><span data-ccp-props=\"{&quot;201341983&quot;:0,&quot;335559739&quot;:0,&quot;335559740&quot;:240}\">\u00a0<\/span><\/p>\n<p><span data-contrast=\"auto\">Sin embargo, reconoci\u00f3 que el conocimiento de lo digital no resuelve<\/span><span data-contrast=\"auto\"> los problemas, contenidos de fondo y situaciones espec\u00edficas, \u201cla ense\u00f1anza y aprendizaje del derecho es quehacer de nosotros como docentes, por lo que debemos aprovechar los instrumentos con los que cuenta la UV\u201d.<\/span><span data-ccp-props=\"{&quot;201341983&quot;:0,&quot;335559739&quot;:0,&quot;335559740&quot;:240}\">\u00a0<\/span><\/p>\n<p><span data-contrast=\"auto\">El docente en la <\/span><a href=\"https:\/\/www.uv.mx\/derecho\/\" target=\"_blank\" rel=\"noopener noreferrer\"><span data-contrast=\"auto\">F<\/span><\/a><span data-contrast=\"auto\">acultad de Derecho reconoci\u00f3 que \u201cno se puede cambiar la realidad que <\/span><span data-contrast=\"auto\">estamos viviendo, pero lo que s\u00ed<\/span><span data-contrast=\"auto\"> podemos hacer es re<\/span><span data-contrast=\"auto\">-e<\/span><span data-contrast=\"auto\">valuar c\u00f3mo podemos enfrentar esta realidad y con base en ello <\/span><span data-contrast=\"auto\">tomar alternativas de soluci\u00f3n\u201d;<\/span><span data-contrast=\"auto\"> para ello, \u201ctenemos instrumentos de uso tecnol\u00f3gico como las <\/span><span data-contrast=\"auto\">tecnolog\u00edas de la informaci\u00f3n y la comunicaci\u00f3n<\/span> <span data-contrast=\"auto\">(<\/span><span data-contrast=\"auto\">TIC<\/span><span data-contrast=\"auto\">) y hoy se avanza en otras, se habla de las caracter\u00edsticas que tienen los j\u00f3venes y su posibilidad de acercamiento a los medios de<\/span><span data-contrast=\"auto\"> comunicaci\u00f3n de tipo virtual, \u00e9<\/span><span data-contrast=\"auto\">sa es un \u00e1rea de oportunidad que debemos aprovechar<\/span><span data-contrast=\"auto\">,<\/span><span data-contrast=\"auto\"> y aunque constituye un reto para los profesores que no nacimos en esto, adaptarnos ha s<\/span><span data-contrast=\"auto\">ido un proceso de aprendizaje\u201d.<\/span><span data-ccp-props=\"{&quot;201341983&quot;:0,&quot;335559739&quot;:0,&quot;335559740&quot;:240}\">\u00a0<\/span><\/p>\n<p><span data-contrast=\"auto\">Para ello, Cuevas Gayosso consider\u00f3<\/span><span data-contrast=\"auto\"> que primero<\/span><span data-contrast=\"auto\"> los profesores<\/span><span data-contrast=\"auto\"> deben<\/span><span data-contrast=\"auto\"> reali<\/span><span data-contrast=\"auto\">zar las<\/span><span data-contrast=\"auto\"> actividades necesarias y de conocimiento con la finalidad de familiarizarse con las tecnolog\u00edas m\u00e1s comunes, \u201ccomo el <\/span><i><span data-contrast=\"auto\">Zoom<\/span><\/i><span data-contrast=\"auto\"> que parec\u00eda la \u00fanica, pero vemos que hay otras, y cada d\u00eda surgen m\u00e1s q<\/span><span data-contrast=\"auto\">ue son m\u00e1s amables de dominar\u201d.<\/span><span data-ccp-props=\"{&quot;201341983&quot;:0,&quot;335559739&quot;:0,&quot;335559740&quot;:240}\">\u00a0<\/span><\/p>\n<p><span data-contrast=\"auto\">Refiri\u00f3 que afortunadamente la UV cuenta con la plataforma <\/span><i><span data-contrast=\"auto\">Eminus<\/span><\/i> <span data-contrast=\"auto\">que permite realizar la planeaci\u00f3n, desarrollo y aprendizaje de los alumnos<\/span><span data-contrast=\"auto\">.<\/span> <span data-contrast=\"auto\">\u201c<\/span><span data-contrast=\"auto\">L<\/span><span data-contrast=\"auto\">a mayor\u00eda de los docentes la hemos utilizado, aunque quiz\u00e1 explot\u00e1ndol<\/span><span data-contrast=\"auto\">a no de manera \u00f3ptima, pero la U<\/span><span data-contrast=\"auto\">niversidad ofrece<\/span> <span data-contrast=\"auto\">la capacitaci\u00f3n necesaria para aprovechar lo<\/span><span data-contrast=\"auto\">s beneficios que brinda<\/span><span data-contrast=\"auto\"> esa plataforma\u201d.<\/span><span data-ccp-props=\"{&quot;201341983&quot;:0,&quot;335559739&quot;:0,&quot;335559740&quot;:240}\">\u00a0<\/span><\/p>\n<p><span data-contrast=\"auto\">Dio a conocer que <\/span><span data-contrast=\"auto\">profesores <\/span><span data-contrast=\"auto\">de la <\/span><span data-contrast=\"auto\">F<\/span><span data-contrast=\"auto\">acultad de Derecho ya se han capacitado<\/span><span data-contrast=\"auto\"> para formar a los estudiantes de acuerdo a las tecnolog\u00edas con las que tendr\u00e1n que trabajar, como es el caso de la Academia de Historia que, ex<\/span><span data-contrast=\"auto\">plic\u00f3, \u201cno es muy grande pero s\u00ed<\/span><span data-contrast=\"auto\"> muy participativa, en donde peri\u00f3dicamente realizamos la revisi\u00f3<\/span><span data-contrast=\"auto\">n de contenidos de los programas y producci\u00f3n de materiales de gran utilidad, que ya se encuentran en l\u00ednea con ejercicios, desarrollo y videos que son \u00fatiles para el aprendizaje adecuado\u201d.<\/span><span data-ccp-props=\"{&quot;201341983&quot;:0,&quot;335559739&quot;:0,&quot;335559740&quot;:240}\">\u00a0<\/span><\/p>\n<p><span data-contrast=\"auto\">Por \u00faltimo, reiter\u00f3 que para el sistema de justicia digital es importante la capacitaci\u00f3n<\/span><span data-contrast=\"auto\"> tanto del Poder J<\/span><span data-contrast=\"auto\">udicial como de los usuarios, y en el segundo caso ya se trabaja en ello.<\/span><span data-ccp-props=\"{&quot;201341983&quot;:0,&quot;335559739&quot;:0,&quot;335559740&quot;:240}\">\u00a0<\/span><\/p>\n","protected":false},"excerpt":{"rendered":"<p>\u201cLa ense\u00f1anza y aprendizaje del derecho es quehacer de nosotros como docentes, por lo que debemos aprovechar los instrumentos con los que cuenta la UV\u201d: Jos\u00e9 Luis Cuevas Gayosso\u00a0<\/p>\n","protected":false},"author":1869,"featured_media":65270,"comment_status":"closed","ping_status":"closed","sticky":false,"template":"","format":"standard","meta":{"footnotes":""},"categories":[1],"tags":[],"class_list":["post-86674","post","type-post","status-publish","format-standard","has-post-thumbnail","hentry","category-general"],"_links":{"self":[{"href":"https:\/\/www.uv.mx\/prensa\/wp-json\/wp\/v2\/posts\/86674","targetHints":{"allow":["GET"]}}],"collection":[{"href":"https:\/\/www.uv.mx\/prensa\/wp-json\/wp\/v2\/posts"}],"about":[{"href":"https:\/\/www.uv.mx\/prensa\/wp-json\/wp\/v2\/types\/post"}],"author":[{"embeddable":true,"href":"https:\/\/www.uv.mx\/prensa\/wp-json\/wp\/v2\/users\/1869"}],"replies":[{"embeddable":true,"href":"https:\/\/www.uv.mx\/prensa\/wp-json\/wp\/v2\/comments?post=86674"}],"version-history":[{"count":0,"href":"https:\/\/www.uv.mx\/prensa\/wp-json\/wp\/v2\/posts\/86674\/revisions"}],"wp:featuredmedia":[{"embeddable":true,"href":"https:\/\/www.uv.mx\/prensa\/wp-json\/wp\/v2\/media\/65270"}],"wp:attachment":[{"href":"https:\/\/www.uv.mx\/prensa\/wp-json\/wp\/v2\/media?parent=86674"}],"wp:term":[{"taxonomy":"category","embeddable":true,"href":"https:\/\/www.uv.mx\/prensa\/wp-json\/wp\/v2\/categories?post=86674"},{"taxonomy":"post_tag","embeddable":true,"href":"https:\/\/www.uv.mx\/prensa\/wp-json\/wp\/v2\/tags?post=86674"}],"curies":[{"name":"wp","href":"https:\/\/api.w.org\/{rel}","templated":true}]}}