{"id":86635,"date":"2020-08-24T14:56:57","date_gmt":"2020-08-24T19:56:57","guid":{"rendered":"https:\/\/www.uv.mx\/prensa\/?p=86635"},"modified":"2020-08-25T12:30:59","modified_gmt":"2020-08-25T17:30:59","slug":"arquitectura-realizo-expo-valoracion-diagnostica-procesos-verano-2020","status":"publish","type":"post","link":"https:\/\/www.uv.mx\/prensa\/general\/arquitectura-realizo-expo-valoracion-diagnostica-procesos-verano-2020\/","title":{"rendered":"Arquitectura realiz\u00f3 Expo Valoraci\u00f3n Diagn\u00f3stica Procesos Verano 2020\u00a0"},"content":{"rendered":"<ul>\n<li data-leveltext=\"\uf0b7\" data-font=\"Symbol\" data-listid=\"5\" data-aria-posinset=\"1\" data-aria-level=\"1\"><i><span data-contrast=\"auto\">Estudiantes de experiencias educativas de las academias de Proyectos, Edificaci\u00f3n, Urbanismo y Human\u00edstica presentaron sus trabajos finales de manera virtual del 17 al 24 de agosto<\/span><\/i><span data-ccp-props=\"{}\"><br \/>\n<\/span><\/li>\n<\/ul>\n<div id=\"attachment_86636\" style=\"width: 332px\" class=\"wp-caption aligncenter\"><a href=\"https:\/\/www.uv.mx\/prensa\/files\/2020\/08\/200820-CARLOS-Expo-Arquitectura-1.jpg\"><img loading=\"lazy\" decoding=\"async\" aria-describedby=\"caption-attachment-86636\" class=\"wp-image-86636 size-full\" src=\"https:\/\/www.uv.mx\/prensa\/files\/2020\/08\/200820-CARLOS-Expo-Arquitectura-1-e1598303765993.jpg\" alt=\"\" width=\"322\" height=\"481\" \/><\/a><p id=\"caption-attachment-86636\" class=\"wp-caption-text\">Proyecto de biblioteca p\u00fablica<\/p><\/div>\n<p><span data-ccp-props=\"{}\">\u00a0<\/span><b><i><span data-contrast=\"auto\">Carlos Hugo Hermida Rosales<\/span><\/i><\/b><span data-ccp-props=\"{}\">\u00a0<\/span><\/p>\n<p><b><i><span data-contrast=\"auto\">2<\/span><\/i><\/b><b><i><span data-contrast=\"auto\">4<\/span><\/i><\/b><b><i><span data-contrast=\"auto\">\/08\/<\/span><\/i><\/b><b><i><span data-contrast=\"auto\">2020<\/span><\/i><\/b><b><i><span data-contrast=\"auto\">,<\/span><\/i><\/b> <b><i><span data-contrast=\"auto\">Xalapa, <\/span><\/i><\/b><b><i><span data-contrast=\"auto\">Ver.<\/span><\/i><\/b><b><i><span data-contrast=\"auto\">&#8211;<\/span><\/i><\/b> <span data-contrast=\"auto\">La<a href=\"https:\/\/www.uv.mx\/arquitectura\/\" target=\"_blank\" rel=\"noopener noreferrer\"> Facultad de Arquitectura<\/a> de <\/span><span data-contrast=\"auto\">la Universidad Veracruzana (UV)<\/span> <span data-contrast=\"auto\">realiz\u00f3 del 17 al 24 de agosto de manera virtual la Expo Valoraci\u00f3n Diagn<\/span><span data-contrast=\"auto\">\u00f3<\/span><span data-contrast=\"auto\">stica Procesos Verano 2020, en la <\/span><span data-contrast=\"auto\">que <\/span><span data-contrast=\"auto\">estudiantes<\/span><span data-contrast=\"auto\"> de licenciatura<\/span> <span data-contrast=\"auto\">presentaron <\/span><span data-contrast=\"auto\">trabajos<\/span><span data-contrast=\"auto\"> finales de<\/span><span data-contrast=\"auto\"> las academias de Proyectos, Edificaci\u00f3n, Urbanismo y <\/span><span data-contrast=\"auto\">Human\u00edstica<\/span><span data-contrast=\"auto\">.\u00a0<\/span><span data-ccp-props=\"{}\">\u00a0<\/span><\/p>\n<p><span data-contrast=\"auto\">Con<\/span><span data-contrast=\"auto\"> este ejercicio, los docentes de las academias mencionadas t<\/span><span data-contrast=\"auto\">uvieron <\/span><span data-contrast=\"auto\">la oportunidad de redirigir, reforzar, modificar o mantener enfoque<\/span><span data-contrast=\"auto\">s<\/span><span data-contrast=\"auto\"> contempor\u00e1neos de aprendizaje acordes <\/span><span data-contrast=\"auto\">a<\/span><span data-contrast=\"auto\"> los nue<\/span><span data-contrast=\"auto\">vos tiempos de la Arquitectura<\/span><span data-contrast=\"auto\">.<\/span><span data-ccp-props=\"{&quot;335559731&quot;:708}\">\u00a0<\/span><\/p>\n<p><span data-contrast=\"auto\">En esta edici\u00f3n de la exposici\u00f3n<\/span><span data-contrast=\"auto\">,<\/span> <span data-contrast=\"auto\">que se desarroll\u00f3 a trav\u00e9s de <\/span><i><span data-contrast=\"auto\">Facebook<\/span><\/i><span data-contrast=\"auto\"> con la ayuda de herramientas como <\/span><i><span data-contrast=\"auto\">Microsoft <\/span><\/i><i><span data-contrast=\"auto\">Form<\/span><\/i><i><span data-contrast=\"auto\">s<\/span><\/i><span data-contrast=\"auto\">, <\/span><span data-contrast=\"auto\">part<\/span><span data-contrast=\"auto\">iciparon m\u00e1s de 100 estudiantes;<\/span><span data-contrast=\"auto\"> no s\u00f3<\/span><span data-contrast=\"auto\">lo se <\/span><span data-contrast=\"auto\">mostraron los<\/span><span data-contrast=\"auto\"> proyectos finales del periodo F<\/span><span data-contrast=\"auto\">ebrero-<\/span><span data-contrast=\"auto\">J<\/span><span data-contrast=\"auto\">ulio 2020,<\/span> <span data-contrast=\"auto\">sino todo el proceso de trabajo que se requiri\u00f3 para llegar a ellos.<\/span><span data-contrast=\"auto\">\u00a0<\/span><span data-ccp-props=\"{&quot;335559731&quot;:708}\">\u00a0<\/span><\/p>\n<p><span data-contrast=\"auto\">Entre los trabajos presentados por estudiante<\/span><span data-contrast=\"auto\">s de la academia de Edificaci\u00f3n<\/span><span data-contrast=\"auto\"> estuvieron instalaciones hidr\u00e1ulicas, sanitarias y de gas; los alumnos de la academia de Proyectos mostraron diversas propuestas como edificios de usos mixtos, bibliotecas y mercados.\u00a0<\/span><span data-ccp-props=\"{&quot;335559731&quot;:708}\">\u00a0<\/span><\/p>\n<div id=\"attachment_86637\" style=\"width: 332px\" class=\"wp-caption aligncenter\"><a href=\"https:\/\/www.uv.mx\/prensa\/files\/2020\/08\/200820-CARLOS-Expo-Arquitectura-2.jpg\"><img loading=\"lazy\" decoding=\"async\" aria-describedby=\"caption-attachment-86637\" class=\"wp-image-86637 size-full\" src=\"https:\/\/www.uv.mx\/prensa\/files\/2020\/08\/200820-CARLOS-Expo-Arquitectura-2-e1598303784606.jpg\" alt=\"\" width=\"322\" height=\"481\" \/><\/a><p id=\"caption-attachment-86637\" class=\"wp-caption-text\">Proyecto de mercado en la localidad de Coacoatzintla<\/p><\/div>\n<p><span data-contrast=\"auto\">La<\/span><span data-contrast=\"auto\"> academia Human\u00edstica exp<\/span><span data-contrast=\"auto\">uso <\/span><span data-contrast=\"auto\">tr<\/span><span data-contrast=\"auto\">abajos sobre la historia de la a<\/span><span data-contrast=\"auto\">rquitectura en di<\/span><span data-contrast=\"auto\">stintos <\/span><span data-contrast=\"auto\">siglos; y finalmente<\/span><span data-contrast=\"auto\">,<\/span><span data-contrast=\"auto\"> la academia de Urbanismo mostr\u00f3 diversos proyectos de <\/span><span data-contrast=\"auto\">c<\/span><span data-contrast=\"auto\">iudades <\/span><span data-contrast=\"auto\">d<\/span><span data-contrast=\"auto\">eportivas y <\/span><span data-contrast=\"auto\">d<\/span><span data-contrast=\"auto\">esarrollo <\/span><span data-contrast=\"auto\">c<\/span><span data-contrast=\"auto\">omunitario<\/span><span data-contrast=\"auto\">,<\/span><span data-contrast=\"auto\"> entre otros.<\/span><span data-contrast=\"auto\">\u00a0<\/span><span data-ccp-props=\"{&quot;335559731&quot;:708}\">\u00a0<\/span><\/p>\n<p><span data-contrast=\"auto\">Alfonso Rodr\u00edguez Pulido, <\/span><span data-contrast=\"auto\">catedr\u00e1tico <\/span><span data-contrast=\"auto\">de la Facultad de Arquitectura y miembro del equipo organizador de la Expo <\/span><span data-contrast=\"auto\">Valoraci\u00f3n <\/span><span data-contrast=\"auto\">Diagn\u00f3stica <\/span><span data-contrast=\"auto\">Procesos Verano 2020,<\/span><span data-contrast=\"auto\"> afirm\u00f3 que la participaci\u00f3n de los estudiantes fue <\/span><span data-contrast=\"auto\">sorprendente<\/span><span data-contrast=\"auto\">,<\/span><span data-contrast=\"auto\"> pese a no contar con muchas herramientas para realizar sus proyectos, respondieron con aquello que tuvieron a la mano.\u00a0<\/span><span data-ccp-props=\"{&quot;335559731&quot;:708}\">\u00a0<\/span><\/p>\n<p><span data-contrast=\"auto\">\u201cEl confinamiento originado por el Covid-19 tom<\/span><span data-contrast=\"auto\">\u00f3<\/span><span data-contrast=\"auto\"> por sorpresa a los estudiantes en distintos lugares, muchos de ellos sin conexi\u00f3n a <\/span><span data-contrast=\"auto\">I<\/span><span data-contrast=\"auto\">nternet, lo que les oblig\u00f3 a poner a prueba su imaginaci\u00f3n y talento\u201d, coment\u00f3.\u00a0<\/span><span data-ccp-props=\"{&quot;335559731&quot;:708}\">\u00a0<\/span><\/p>\n<p><span data-contrast=\"auto\">El docente mencion\u00f3 que la contingencia es una enorme oportunidad para acelerar cambios y transformar aquello referente a la parte formativa de la <\/span><span data-contrast=\"auto\">a<\/span><span data-contrast=\"auto\">rquitectura.\u00a0<\/span><span data-ccp-props=\"{&quot;335559731&quot;:708}\">\u00a0<\/span><\/p>\n<p><span data-contrast=\"auto\">\u201cEsta situaci\u00f3n nos <\/span><span data-contrast=\"auto\">ha <\/span><span data-contrast=\"auto\">deja<\/span><span data-contrast=\"auto\">do<\/span><span data-contrast=\"auto\">, <\/span><span data-contrast=\"auto\">tanto a acad\u00e9micos como <\/span><span data-contrast=\"auto\">a <\/span><span data-contrast=\"auto\">estudiantes<\/span><span data-contrast=\"auto\">,<\/span><span data-contrast=\"auto\"> una gran cantidad de aprendizaje <\/span><span data-contrast=\"auto\">que abona a nuestra formaci\u00f3n\u201d, enfatiz\u00f3.\u00a0<\/span><span data-ccp-props=\"{&quot;335559731&quot;:708}\">\u00a0<\/span><\/p>\n<div id=\"attachment_86638\" style=\"width: 732px\" class=\"wp-caption aligncenter\"><a href=\"https:\/\/www.uv.mx\/prensa\/files\/2020\/08\/200820-CARLOS-Expo-Arquitectura-3.jpg\"><img loading=\"lazy\" decoding=\"async\" aria-describedby=\"caption-attachment-86638\" class=\"wp-image-86638 size-full\" src=\"https:\/\/www.uv.mx\/prensa\/files\/2020\/08\/200820-CARLOS-Expo-Arquitectura-3.jpg\" alt=\"\" width=\"722\" height=\"481\" srcset=\"https:\/\/www.uv.mx\/prensa\/files\/2020\/08\/200820-CARLOS-Expo-Arquitectura-3.jpg 722w, https:\/\/www.uv.mx\/prensa\/files\/2020\/08\/200820-CARLOS-Expo-Arquitectura-3-300x200.jpg 300w\" sizes=\"auto, (max-width: 722px) 100vw, 722px\" \/><\/a><p id=\"caption-attachment-86638\" class=\"wp-caption-text\">Alfonso Rodr\u00edguez Pulido<\/p><\/div>\n","protected":false},"excerpt":{"rendered":"<p>M\u00e1s de 100 estudiantes mostraron los proyectos finales del periodo Febrero-Julio 2020, detallando el proceso de trabajo que requirieron\u00a0<\/p>\n","protected":false},"author":1869,"featured_media":86637,"comment_status":"closed","ping_status":"closed","sticky":false,"template":"","format":"standard","meta":{"footnotes":""},"categories":[1],"tags":[],"class_list":["post-86635","post","type-post","status-publish","format-standard","has-post-thumbnail","hentry","category-general"],"_links":{"self":[{"href":"https:\/\/www.uv.mx\/prensa\/wp-json\/wp\/v2\/posts\/86635","targetHints":{"allow":["GET"]}}],"collection":[{"href":"https:\/\/www.uv.mx\/prensa\/wp-json\/wp\/v2\/posts"}],"about":[{"href":"https:\/\/www.uv.mx\/prensa\/wp-json\/wp\/v2\/types\/post"}],"author":[{"embeddable":true,"href":"https:\/\/www.uv.mx\/prensa\/wp-json\/wp\/v2\/users\/1869"}],"replies":[{"embeddable":true,"href":"https:\/\/www.uv.mx\/prensa\/wp-json\/wp\/v2\/comments?post=86635"}],"version-history":[{"count":0,"href":"https:\/\/www.uv.mx\/prensa\/wp-json\/wp\/v2\/posts\/86635\/revisions"}],"wp:featuredmedia":[{"embeddable":true,"href":"https:\/\/www.uv.mx\/prensa\/wp-json\/wp\/v2\/media\/86637"}],"wp:attachment":[{"href":"https:\/\/www.uv.mx\/prensa\/wp-json\/wp\/v2\/media?parent=86635"}],"wp:term":[{"taxonomy":"category","embeddable":true,"href":"https:\/\/www.uv.mx\/prensa\/wp-json\/wp\/v2\/categories?post=86635"},{"taxonomy":"post_tag","embeddable":true,"href":"https:\/\/www.uv.mx\/prensa\/wp-json\/wp\/v2\/tags?post=86635"}],"curies":[{"name":"wp","href":"https:\/\/api.w.org\/{rel}","templated":true}]}}