{"id":86310,"date":"2020-08-07T08:01:15","date_gmt":"2020-08-07T13:01:15","guid":{"rendered":"https:\/\/www.uv.mx\/prensa\/?p=86310"},"modified":"2020-08-17T11:27:35","modified_gmt":"2020-08-17T16:27:35","slug":"alumnos-de-antropologia-uv-presentaron-trabajos-recepcionales-en-linea","status":"publish","type":"post","link":"https:\/\/www.uv.mx\/prensa\/banner\/alumnos-de-antropologia-uv-presentaron-trabajos-recepcionales-en-linea\/","title":{"rendered":"Alumnos de Antropolog\u00eda UV presentaron trabajos recepcionales en l\u00ednea\u00a0"},"content":{"rendered":"<ul>\n<li data-leveltext=\"\uf0b7\" data-font=\"Symbol\" data-listid=\"2\" data-aria-posinset=\"1\" data-aria-level=\"1\"><i><span data-contrast=\"none\">Jos\u00e9 Ignacio Hern\u00e1ndez y Francisco Javier \u00c1valos<\/span><\/i><i><span data-contrast=\"none\"> egresaron del <\/span><\/i><i><span data-contrast=\"none\">programa educativo<\/span><\/i><i><span data-contrast=\"none\"> de<\/span><\/i><i><span data-contrast=\"none\"> Arqueolog\u00eda<\/span><\/i><span data-ccp-props=\"{&quot;134233279&quot;:true,&quot;201341983&quot;:0,&quot;335559739&quot;:160,&quot;335559740&quot;:240}\">\u00a0<\/span><\/li>\n<li data-leveltext=\"\uf0b7\" data-font=\"Symbol\" data-listid=\"2\" data-aria-posinset=\"2\" data-aria-level=\"1\"><i><span data-contrast=\"auto\">La nueva modalidad de titulaci\u00f3n deja una ventana abierta para llevar a cabo de manera r\u00e1pida y eficaz los futuros procesos de titulaci\u00f3n<\/span><\/i><span data-ccp-props=\"{&quot;134233279&quot;:true,&quot;201341983&quot;:0,&quot;335559739&quot;:160,&quot;335559740&quot;:240}\"><br \/>\n<\/span><\/li>\n<\/ul>\n<div id=\"attachment_86312\" style=\"width: 624px\" class=\"wp-caption aligncenter\"><a href=\"https:\/\/www.uv.mx\/prensa\/files\/2020\/07\/220720-Estudiantes-de-Arqueologia-1.jpg\"><img loading=\"lazy\" decoding=\"async\" aria-describedby=\"caption-attachment-86312\" class=\"wp-image-86312 size-full\" src=\"https:\/\/www.uv.mx\/prensa\/files\/2020\/07\/220720-Estudiantes-de-Arqueologia-1-e1596819318116.jpg\" alt=\"\" width=\"614\" height=\"481\" \/><\/a><p id=\"caption-attachment-86312\" class=\"wp-caption-text\">Jos\u00e9 Ignacio Hern\u00e1ndez Juan estudi\u00f3 el sitio olmeca de Antonio Plaza<\/p><\/div>\n<p><b><i><span data-contrast=\"none\">Karina de la Paz Reyes D\u00edaz<\/span><\/i><\/b><span data-ccp-props=\"{&quot;201341983&quot;:0,&quot;335559739&quot;:160,&quot;335559740&quot;:240}\">\u00a0<\/span><\/p>\n<p><b><i><span data-contrast=\"none\">07<\/span><\/i><\/b><b><i><span data-contrast=\"none\">\/0<\/span><\/i><\/b><b><i><span data-contrast=\"none\">8<\/span><\/i><\/b><b><i><span data-contrast=\"none\">\/2020, Xalapa, <\/span><\/i><\/b><b><i><span data-contrast=\"none\">Ver.-<\/span><\/i><\/b> <span data-contrast=\"none\">Jos\u00e9 Ignacio Hern\u00e1ndez Juan y Francisco Javier \u00c1valos Cruz<\/span><span data-contrast=\"none\"> fueron los primeros <\/span><span data-contrast=\"none\">estudiantes <\/span><span data-contrast=\"none\">en titularse<\/span><span data-contrast=\"none\"> virtualmente de la <a href=\"https:\/\/www.uv.mx\/antropologia\/\" target=\"_blank\" rel=\"noopener noreferrer\">Facultad de <\/a><\/span><span data-contrast=\"none\">Antropolog\u00eda <\/span><span data-contrast=\"none\">de la Universidad Veracruzana <\/span><span data-contrast=\"none\">(FA<\/span><span data-contrast=\"none\">UV) y adquirir el t\u00edtulo de <\/span><span data-contrast=\"none\">l<\/span><span data-contrast=\"none\">icenciados en Arqueolog\u00eda.<\/span><span data-ccp-props=\"{&quot;201341983&quot;:0,&quot;335559739&quot;:160,&quot;335559740&quot;:240}\">\u00a0<\/span><\/p>\n<p><span data-contrast=\"none\">Respecto al acontecimiento, <\/span><span data-contrast=\"none\">Mar\u00eda Antonia Aguilar P\u00e9<\/span><span data-contrast=\"none\">rez<\/span><span data-contrast=\"none\">, <\/span><span data-contrast=\"none\">directora de <\/span><span data-contrast=\"none\">dicha entidad educativa<\/span><span data-contrast=\"none\">, <\/span><span data-contrast=\"none\">expuso<\/span><span data-contrast=\"none\">: \u201c<\/span><span data-contrast=\"none\">Para la <\/span><span data-contrast=\"none\">Facultad <\/span><span data-contrast=\"none\">es muy significativo este logro pues es el reflejo de un trabajo en conjunto<\/span><span data-contrast=\"none\">; <\/span><span data-contrast=\"none\">por un lado<\/span><span data-contrast=\"none\">,<\/span><span data-contrast=\"none\"> el esfuerzo y tenacidad que ante la adversidad signific\u00f3 para los est<\/span><span data-contrast=\"none\">udiantes la culminaci\u00f3n de sus t<\/span><span data-contrast=\"none\">rabajos <\/span><span data-contrast=\"none\">r<\/span><span data-contrast=\"none\">ecepcionales, tambi\u00e9n el seguimiento que por parte de su Directora y lectores tuvieron para alcanzar su meta<\/span><span data-contrast=\"none\">\u201d.<\/span><span data-ccp-props=\"{&quot;201341983&quot;:0,&quot;335559731&quot;:708,&quot;335559739&quot;:160,&quot;335559740&quot;:240}\">\u00a0<\/span><\/p>\n<p><span data-contrast=\"none\">N<\/span><span data-contrast=\"none\">o<\/span> <span data-contrast=\"none\">menos importante<\/span><span data-contrast=\"none\">, dijo, es la labor<\/span> <span data-contrast=\"none\">d<\/span><span data-contrast=\"none\">el equipo administrativo de la Facultad<\/span><span data-contrast=\"none\">,<\/span> <span data-contrast=\"none\">el cual <\/span><span data-contrast=\"none\">permite <\/span><span data-contrast=\"none\">que <\/span><span data-contrast=\"none\">se puedan llevar a cabo \u00e9<\/span><span data-contrast=\"none\">stos y otros actos similares<\/span><span data-contrast=\"none\">.<\/span><span data-ccp-props=\"{&quot;201341983&quot;:0,&quot;335559731&quot;:708,&quot;335559739&quot;:160,&quot;335559740&quot;:240}\">\u00a0<\/span><\/p>\n<p><span data-contrast=\"none\">\u201cTodo<\/span><span data-contrast=\"none\"> es producto de una cadena en apoyo a los estudiantes<\/span><span data-contrast=\"none\">:<\/span><span data-contrast=\"none\"> de horas de estudio, de jornadas intensas de trabajo de campo, de planeaci\u00f3n de cursos, acuerdos de academias, gestiones administrativas, todo para que alcancen la meta que se propusieron al elegirnos como su opci\u00f3n<\/span><span data-contrast=\"none\"> para formarse profesionalmente<\/span><span data-contrast=\"none\">.<\/span><span data-contrast=\"none\">\u201d<\/span><span data-ccp-props=\"{&quot;201341983&quot;:0,&quot;335559731&quot;:708,&quot;335559739&quot;:160,&quot;335559740&quot;:240}\">\u00a0<\/span><\/p>\n<p><span data-contrast=\"none\">Por su parte, <\/span><span data-contrast=\"none\">Virginia Arieta<\/span><span data-contrast=\"none\">,<\/span><span data-contrast=\"none\"> profesora de la <\/span><span data-contrast=\"none\">FA<\/span><span data-contrast=\"none\">UV<\/span><span data-contrast=\"none\"> e investigadora adscrita al Instituto de Antropolog\u00eda<\/span><span data-contrast=\"none\"> de la UV (IAUV),<\/span> <span data-contrast=\"none\">comparti\u00f3 que uno<\/span><span data-contrast=\"none\"> de los mayores retos<\/span><span data-contrast=\"none\"> de este proceso<\/span><span data-contrast=\"none\"> fue que en marzo, cuando inici\u00f3<\/span><span data-contrast=\"none\"> la contingencia en M\u00e9xico, nadie <\/span><span data-contrast=\"none\">\u2013<\/span><span data-contrast=\"none\">o por lo menos ninguno de los involucrados en este proceso de titulaci\u00f3n<\/span><span data-contrast=\"none\">\u2013<\/span> <span data-contrast=\"none\">pens\u00f3 <\/span><span data-contrast=\"none\">que <\/span><span data-contrast=\"none\">ser\u00eda tan largo el periodo de resguardo.\u00a0<\/span><span data-ccp-props=\"{&quot;201341983&quot;:0,&quot;335559731&quot;:708,&quot;335559739&quot;:160,&quot;335559740&quot;:240}\">\u00a0<\/span><\/p>\n<p><span data-contrast=\"none\">Abund\u00f3 que <\/span><span data-contrast=\"none\">Francisco y Jos\u00e9 Ignacio desde 2018 desarrollaban muchas de sus actividades <\/span><span data-contrast=\"none\">acad\u00e9micas<\/span><span data-contrast=\"none\"> correspondientes al \u00e1<\/span><span data-contrast=\"none\">rea de formaci\u00f3n terminal en el IAUV<\/span><span data-contrast=\"none\">,<\/span><span data-contrast=\"none\"> como prestadores de servicio social, becario (en el caso de Ignacio) y finalmente como tesistas. <\/span><span data-contrast=\"none\">Ello gener\u00f3 una<\/span><span data-contrast=\"none\"> comunicaci\u00f3n constante y permanente.<\/span><span data-ccp-props=\"{&quot;201341983&quot;:0,&quot;335559731&quot;:708,&quot;335559739&quot;:160,&quot;335559740&quot;:240}\">\u00a0<\/span><\/p>\n<p><span data-contrast=\"none\">\u00a0<\/span><span data-contrast=\"none\">\u201c<\/span><span data-contrast=\"none\">A pesar del imprevisto, pienso que la naturaleza de dicho intercambio ayud\u00f3 una vez que se inici\u00f3 el confinamiento, pues pudimos mudar la com<\/span><span data-contrast=\"none\">unicaci\u00f3n \u2013con la misma fluidez<\/span><span data-contrast=\"none\">\u2013 a otros medios sin que ello perjudicara cualitativamente su trabajo. Destaco que su inter\u00e9s y compromiso fueron clave para un desarrollo y conclusi\u00f3n exitosa<\/span><span data-contrast=\"none\">\u201d<\/span><span data-contrast=\"none\">.<\/span><span data-ccp-props=\"{&quot;201341983&quot;:0,&quot;335559731&quot;:708,&quot;335559739&quot;:160,&quot;335559740&quot;:240}\">\u00a0<\/span><\/p>\n<p><span data-contrast=\"none\">La acad\u00e9mica tambi\u00e9n expuso que la<\/span><span data-contrast=\"none\"> titulaci\u00f3n<\/span><span data-contrast=\"none\"> virtual<\/span><span data-contrast=\"none\"> no represent\u00f3 ning\u00fan reto. Definitivamente fue un escenario distinto que ninguno imaginaba,<\/span><span data-contrast=\"none\"> dijo, <\/span><span data-contrast=\"none\">pero <\/span><span data-contrast=\"none\">fueron<\/span><span data-contrast=\"none\"> cambios e imprevistos que s<\/span><span data-contrast=\"none\">e<\/span> <span data-contrast=\"none\">enfrentaron <\/span><span data-contrast=\"none\">con resultados <\/span><span data-contrast=\"none\">exitosos<\/span><span data-contrast=\"none\"> y con los que<\/span><span data-contrast=\"none\"> los reci\u00e9n egresados<\/span> <span data-contrast=\"none\">se <\/span><span data-contrast=\"none\">encontrar\u00e1n regularmente ahora que son profesionistas.<\/span><span data-ccp-props=\"{&quot;201341983&quot;:0,&quot;335559731&quot;:708,&quot;335559739&quot;:160,&quot;335559740&quot;:240}\">\u00a0<\/span><\/p>\n<p><span data-contrast=\"none\">Para Virgin<\/span><span data-contrast=\"none\">i<\/span><span data-contrast=\"none\">a Arieta<\/span><span data-contrast=\"none\"> las titulaciones de Francisco y Jos\u00e9 Ignacio son el reflejo de vari<\/span><span data-contrast=\"none\">os asuntos<\/span><span data-contrast=\"none\"> positiv<\/span><span data-contrast=\"none\">os<\/span><span data-contrast=\"none\"> para <\/span><span data-contrast=\"none\">la <\/span><span data-contrast=\"none\">instituci\u00f3n<\/span><span data-contrast=\"none\">: <\/span><span data-contrast=\"none\">e<\/span><span data-contrast=\"none\">n primer lugar, denota la fortaleza de la F<\/span><span data-contrast=\"none\">A<\/span><span data-contrast=\"none\">UV<\/span><span data-contrast=\"none\"> y el funcionamiento \u00f3ptimo en el engrane de sus diferentes niveles, desde la Direcci\u00f3n y Secretar\u00eda <\/span><span data-contrast=\"none\">A<\/span><span data-contrast=\"none\">cad\u00e9mica, la Academia de Arqueolog\u00eda, el profesorado, pero sobre todo de<\/span><span data-contrast=\"none\">l estudiantado<\/span><span data-contrast=\"none\">.<\/span><span data-ccp-props=\"{&quot;201341983&quot;:0,&quot;335559731&quot;:708,&quot;335559739&quot;:160,&quot;335559740&quot;:240}\">\u00a0<\/span><\/p>\n<p><span data-contrast=\"none\">\u201c<\/span><span data-contrast=\"none\">Esto ha sido nuevo para todos<\/span><span data-contrast=\"none\">,<\/span><span data-contrast=\"none\"> por lo que la comunicaci\u00f3n y trabajo coordinado ha sido fundamental para que los estudiantes logren sus metas en los tiempos requeridos y comprometidos con la UV<\/span><span data-contrast=\"none\">.<\/span><span data-contrast=\"none\">\u201d<\/span><span data-ccp-props=\"{&quot;201341983&quot;:0,&quot;335559731&quot;:708,&quot;335559739&quot;:160,&quot;335559740&quot;:240}\">\u00a0<\/span><\/p>\n<p><span data-contrast=\"none\">En su opini\u00f3n, tambi\u00e9n<\/span><span data-contrast=\"none\"> es muestra del v\u00ednculo arm\u00f3nico y fruct\u00edfero que existe actualmente entre la FAUV y el IAUV. <\/span><span data-contrast=\"none\">Adem\u00e1s, remarc\u00f3 que <\/span><span data-contrast=\"none\">los logros de <\/span><span data-contrast=\"none\">ambos estudiantes <\/span><span data-contrast=\"none\">representan buenas noticias en medio del e<\/span><span data-contrast=\"none\">scenario pesimista que vivimos.<\/span><span data-ccp-props=\"{&quot;201341983&quot;:0,&quot;335559731&quot;:708,&quot;335559739&quot;:160,&quot;335559740&quot;:240}\">\u00a0<\/span><\/p>\n<p><span data-contrast=\"none\">\u201c<\/span><span data-contrast=\"none\">Muestra que estas generaciones son capaces de afrontar retos y dificultades para los que nadie estaba preparado. Esa es la actitud que necesitamos y debemos apoyar e impulsar como acad\u00e9micos.<\/span><span data-contrast=\"none\">\u201d<\/span><span data-ccp-props=\"{&quot;201341983&quot;:0,&quot;335559731&quot;:708,&quot;335559739&quot;:160,&quot;335559740&quot;:240}\">\u00a0<\/span><\/p>\n<p><span data-ccp-props=\"{&quot;201341983&quot;:0,&quot;335559739&quot;:160,&quot;335559740&quot;:240}\">\u00a0<\/span><\/p>\n<p><b><span data-contrast=\"none\">El sitio olmeca de Antonio Plaza<\/span><\/b><span data-ccp-props=\"{&quot;201341983&quot;:0,&quot;335559739&quot;:160,&quot;335559740&quot;:240}\">\u00a0<\/span><\/p>\n<p><span data-contrast=\"none\">El trabajo recepcional de <\/span><span data-contrast=\"none\">Jos\u00e9 Ignacio Hern\u00e1ndez Juan<\/span> <span data-contrast=\"none\">tiene por t\u00edtulo<\/span><span data-contrast=\"none\"> \u201cEl sitio olmeca de Antonio Plaza, Veracruz. Un acercamiento al contexto arqueol\u00f3gico del Monumento 1 (El Luchador)\u201d<\/span><span data-contrast=\"none\">,<\/span> <span data-contrast=\"none\">cuya presentaci\u00f3n fue el <\/span><span data-contrast=\"none\">20 de julio.<\/span><span data-ccp-props=\"{&quot;201341983&quot;:0,&quot;335559739&quot;:160,&quot;335559740&quot;:240}\">\u00a0<\/span><\/p>\n<p><span data-contrast=\"none\">El estudiante comparti\u00f3 que uno<\/span><span data-contrast=\"none\"> de los principales motivos que<\/span><span data-contrast=\"none\"> lo<\/span><span data-contrast=\"none\"> impulsaron <\/span><span data-contrast=\"none\">a desarrollar tal tema<\/span><span data-contrast=\"none\"> fue que en el sitio de Antonio Plaza y en la regi\u00f3n de Capoacan \u2013ubicada en el municipio de Minatitl\u00e1n, en el <\/span><span data-contrast=\"none\">s<\/span><span data-contrast=\"none\">ur de Veracruz\u2013 no se hab\u00edan realizado investigaciones arqueol\u00f3gicas sistem\u00e1ticas, hasta 2017 con la llegada <\/span><span data-contrast=\"none\">del Proyecto Arqueo<\/span><span data-contrast=\"none\">l\u00f3gico Antonio Plaza-<\/span><span data-contrast=\"none\">Capoacan<\/span><span data-contrast=\"none\"> (PAAPC)<\/span><span data-contrast=\"none\">, dirigido por Arieta Baizabal<\/span><span data-contrast=\"none\">.<\/span><span data-ccp-props=\"{&quot;201341983&quot;:0,&quot;335559731&quot;:708,&quot;335559739&quot;:160,&quot;335559740&quot;:240}\">\u00a0<\/span><\/p>\n<p><span data-contrast=\"none\">\u201c<\/span><span data-contrast=\"none\">H<\/span><span data-contrast=\"none\">ab\u00ed<\/span><span data-contrast=\"none\">a <\/span><span data-contrast=\"none\">muchas interrogantes por resolver, entre ellas las inc\u00f3gnitas en<\/span> <span data-contrast=\"none\">torno de la escultura conocida como El Luchador, ya que debido a sus caracter\u00edsticas particulares ha generado pol\u00e9mica <\/span><span data-contrast=\"none\">sobre<\/span><span data-contrast=\"none\"> su autenticidad<\/span><span data-contrast=\"none\">;<\/span><span data-contrast=\"none\"> por tal raz\u00f3n<\/span><span data-contrast=\"none\">,<\/span><span data-contrast=\"none\"> la realizaci\u00f3n de un an\u00e1lisis sobre el contexto arqueol\u00f3gico en donde seg\u00fan las fuentes se cree que fue encontrada, es de suma importancia para la clarificaci\u00f3n de hechos y la contribuci\u00f3n significativa al conocimiento de la arqueolog\u00eda regional<\/span><span data-contrast=\"none\">.\u201d<\/span><span data-ccp-props=\"{&quot;201341983&quot;:0,&quot;335559731&quot;:708,&quot;335559739&quot;:160,&quot;335559740&quot;:240}\">\u00a0<\/span><\/p>\n<p><span data-contrast=\"none\">La<\/span><span data-contrast=\"none\"> investigaci\u00f3n consisti\u00f3 en la realizaci\u00f3n de un an\u00e1lisis cer\u00e1mico y geoespacial de los materiales recolectados por el PAAPC durante las t<\/span><span data-contrast=\"none\">emporadas de campo 2018 y 2019.<\/span><span data-ccp-props=\"{&quot;201341983&quot;:0,&quot;335559731&quot;:708,&quot;335559739&quot;:160,&quot;335559740&quot;:240}\">\u00a0<\/span><\/p>\n<p><span data-contrast=\"none\">Jos\u00e9 Ignacio<\/span><span data-contrast=\"none\"> realiz\u00f3 la propuesta de una tipolog\u00eda cer\u00e1mica y su an\u00e1lisis comparativo a un nivel regional, espec\u00edficamente con las capitales olmecas de San Lorenzo, Veracruz<\/span><span data-contrast=\"none\">,<\/span><span data-contrast=\"none\"> y La Venta, Tabasco, a fin de obtener un fechamiento relativ<\/span><span data-contrast=\"none\">o y observar si el sitio tuvo \u2013<\/span><span data-contrast=\"none\">d<\/span><span data-contrast=\"none\">ebido a su ubicaci\u00f3n geogr\u00e1fica<\/span><span data-contrast=\"none\">\u2013 comunicaci\u00f3n, intercambio y comercio con las capitales olmecas.\u00a0<\/span><span data-ccp-props=\"{&quot;201341983&quot;:0,&quot;335559731&quot;:708,&quot;335559739&quot;:160,&quot;335559740&quot;:240}\">\u00a0<\/span><\/p>\n<p><span data-contrast=\"none\">\u00c9l<\/span><span data-contrast=\"none\"> propuso que el sitio 1 Antonio Plaza pudo haber tenido una ocupaci\u00f3n durante alg\u00fan momento del periodo <\/span><span data-contrast=\"none\">p<\/span><span data-contrast=\"none\">recl\u00e1sico.<\/span><span data-ccp-props=\"{&quot;201341983&quot;:0,&quot;335559731&quot;:708,&quot;335559739&quot;:160,&quot;335559740&quot;:240}\">\u00a0<\/span><\/p>\n<p><span data-contrast=\"none\">A partir de los resultados derivados del an\u00e1lisis de los materiales cer\u00e1micos<\/span><span data-contrast=\"none\">,<\/span><span data-contrast=\"none\"> logr\u00f3 llegar a las siguientes consideraciones:<\/span><span data-contrast=\"none\"> que<\/span><span data-contrast=\"none\"> se puede se\u00f1alar que el sitio Antonio Plaza<\/span> <span data-contrast=\"none\">se trata de un asentamiento ubicado estrat\u00e9gicamente sobre una isla, la cual est\u00e1 rodeada por planicies aluviales, que en temporada de lluvias son inundadas por los desbordes de los r\u00edos Coatzacoalcos, Coachapa <\/span><span data-contrast=\"none\">y Uxpanapa.<\/span><span data-ccp-props=\"{&quot;201341983&quot;:0,&quot;335559731&quot;:708,&quot;335559739&quot;:160,&quot;335559740&quot;:240}\">\u00a0<\/span><\/p>\n<p><span data-contrast=\"none\">Asimismo,<\/span><span data-contrast=\"none\"> que<\/span><span data-contrast=\"none\"> el aprovechamiento de los r\u00edos pudo facilitar el transporte y las v\u00edas de comunicaci\u00f3n, intercambio y comercio con otros sitios de la regi\u00f3n olmeca. <\/span><span data-contrast=\"none\">Ello<\/span><span data-contrast=\"none\"> se pudo corroborar a trav\u00e9s del resultado del an\u00e1lisis comparativo regional, ya que logr\u00f3 identificar dentro del <\/span><span data-contrast=\"none\">s<\/span><span data-contrast=\"none\">itio un total de 32 tipos<\/span><span data-contrast=\"none\"> de materiales cer\u00e1micos<\/span><span data-contrast=\"none\">, de los cuales 26 se relacionan con la tipolog\u00eda de San Lorenzo y seis con La Venta.<\/span><span data-ccp-props=\"{&quot;201341983&quot;:0,&quot;335559731&quot;:708,&quot;335559739&quot;:160,&quot;335559740&quot;:240}\">\u00a0<\/span><\/p>\n<p><span data-contrast=\"none\">Tambi\u00e9n pud<\/span><span data-contrast=\"none\">o <\/span><span data-contrast=\"none\">observar que el <\/span><span data-contrast=\"none\">s<\/span><span data-contrast=\"none\">i<\/span><span data-contrast=\"none\">tio tuvo una ocupaci\u00f3n<\/span><span data-contrast=\"none\"> importante durante el periodo p<\/span><span data-contrast=\"none\">recl\u00e1sico inferior (1800-1000 a.<\/span><span data-contrast=\"none\">C.) y una continuidad hasta el p<\/span><span data-contrast=\"none\">recl\u00e1sico medio (1000-400 a.C.)<\/span><span data-contrast=\"none\">; <\/span><span data-contrast=\"none\">incluso, <\/span><span data-contrast=\"none\">que volvi\u00f3 <\/span><span data-contrast=\"none\">a ser ocupado y <\/span><span data-contrast=\"none\">rehabilitado<\/span><span data-contrast=\"none\"> durante el periodo <\/span><span data-contrast=\"none\">c<\/span><span data-contrast=\"none\">l\u00e1sico t<\/span><span data-contrast=\"none\">ard\u00edo-terminal (700- 900 d.C.).<\/span><span data-ccp-props=\"{&quot;201341983&quot;:0,&quot;335559731&quot;:708,&quot;335559739&quot;:160,&quot;335559740&quot;:240}\">\u00a0<\/span><\/p>\n<p><span data-contrast=\"none\">\u201c<\/span><span data-contrast=\"none\">Con estos resultados se puede corroborar que la escultura de El Luchador fue hecha por la sociedad olmeca de este sitio durante alg\u00fan momento del periodo <\/span><span data-contrast=\"none\">p<\/span><span data-contrast=\"none\">recl\u00e1sico, ya que los resultados del an\u00e1lisis del material cer\u00e1mico fechan relativamente al sitio de Anto<\/span><span data-contrast=\"none\">nio Plaza durante los periodos p<\/span><span data-contrast=\"none\">recl\u00e1sico inferior y medio<\/span><span data-contrast=\"none\">.\u201d<\/span><span data-ccp-props=\"{&quot;201341983&quot;:0,&quot;335559731&quot;:708,&quot;335559739&quot;:160,&quot;335559740&quot;:240}\">\u00a0<\/span><\/p>\n<p><span data-ccp-props=\"{&quot;201341983&quot;:0,&quot;335559739&quot;:160,&quot;335559740&quot;:240}\">\u00a0<\/span><\/p>\n<p><b><span data-contrast=\"auto\">Sitio arqueol\u00f3gico Los Mezcales, Colima<\/span><\/b><span data-ccp-props=\"{&quot;201341983&quot;:0,&quot;335559739&quot;:160,&quot;335559740&quot;:240}\">\u00a0<\/span><\/p>\n<p><span data-contrast=\"auto\">Francisco Javier <\/span><span data-contrast=\"auto\">\u00c1<\/span><span data-contrast=\"auto\">valos Cruz<\/span><span data-contrast=\"auto\"> present\u00f3 el trabajo <\/span><span data-contrast=\"auto\">recepcional<\/span><span data-contrast=\"auto\"> \u201cAn\u00e1lisis geoespacial del sitio arqueol\u00f3gico Los Mezcales, Colima\u201d<\/span><span data-contrast=\"auto\">, el<\/span> <span data-contrast=\"auto\">16 de julio. Lo <\/span><span data-contrast=\"auto\">que <\/span><span data-contrast=\"auto\">lo<\/span><span data-contrast=\"auto\"> motiv\u00f3 a desarrollar <\/span><span data-contrast=\"auto\">tal<\/span><span data-contrast=\"auto\"> investigaci\u00f3n <\/span><span data-contrast=\"auto\">fue<\/span><span data-contrast=\"auto\"> el inter\u00e9s<\/span><span data-contrast=\"auto\"> que tiene<\/span><span data-contrast=\"auto\"> por implementar nuevas herramientas tecnol\u00f3gicas en el \u00e1mbito arqueol\u00f3gico<\/span><span data-contrast=\"auto\">.<\/span><span data-ccp-props=\"{&quot;201341983&quot;:0,&quot;335559739&quot;:160,&quot;335559740&quot;:240}\">\u00a0<\/span><\/p>\n<p><span data-contrast=\"auto\">Para su trabajo utiliz\u00f3 <\/span><span data-contrast=\"auto\">Sistemas de Informaci\u00f3n Geogr\u00e1fica (SIG) para el procesamiento de datos arqueol\u00f3gicos georreferenciados y, a su vez, h<\/span><span data-contrast=\"auto\">izo<\/span><span data-contrast=\"auto\"> una interpretaci\u00f3n del paisaje, del espacio geogr\u00e1fico y de la relaci\u00f3n sociedad-entorno<\/span><span data-contrast=\"auto\">.<\/span><span data-ccp-props=\"{&quot;201341983&quot;:0,&quot;335559731&quot;:708,&quot;335559739&quot;:160,&quot;335559740&quot;:240}\">\u00a0<\/span><\/p>\n<p><span data-contrast=\"auto\">Su <\/span><span data-contrast=\"auto\">trabajo consisti\u00f3 en <\/span><span data-contrast=\"auto\">realizar<\/span><span data-contrast=\"auto\"> un an\u00e1lisis geoespacial del sitio arqueol\u00f3gico <\/span><span data-contrast=\"auto\">ya citado,<\/span><span data-contrast=\"auto\"> mediante SIG. <\/span><span data-contrast=\"auto\">S<\/span><span data-contrast=\"auto\">e centr\u00f3 en conocer la relaci\u00f3n de la sociedad prehisp\u00e1nica que se estableci\u00f3 en el sitio y su entorno ambiental durante el periodo <\/span><span data-contrast=\"auto\">e<\/span><span data-contrast=\"auto\">picl\u00e1sico (650 d.C.-1000 d<\/span><span data-contrast=\"auto\">.C.).<\/span><span data-ccp-props=\"{&quot;201341983&quot;:0,&quot;335559731&quot;:708,&quot;335559739&quot;:160,&quot;335559740&quot;:240}\">\u00a0<\/span><\/p>\n<p><span data-contrast=\"auto\">Para ello<\/span><span data-contrast=\"auto\">,<\/span><span data-contrast=\"auto\"> elabor<\/span><span data-contrast=\"auto\">\u00f3<\/span><span data-contrast=\"auto\"> mapa<\/span><span data-contrast=\"auto\">s tridimensionales<\/span><span data-contrast=\"auto\">, m<\/span><span data-contrast=\"auto\">odelos <\/span><span data-contrast=\"auto\">d<\/span><span data-contrast=\"auto\">igitales de <\/span><span data-contrast=\"auto\">t<\/span><span data-contrast=\"auto\">erreno, <\/span><span data-contrast=\"auto\">as\u00ed como <\/span><span data-contrast=\"auto\">mapas de calor, <\/span><span data-contrast=\"auto\">hidrol\u00f3gicos, de altimetr\u00eda, entre otros. <\/span><span data-contrast=\"auto\">Es m\u00e1s,<\/span> <span data-contrast=\"auto\">propuso<\/span><span data-contrast=\"auto\"> que se le <\/span><span data-contrast=\"auto\">d\u00e9 <\/span><span data-contrast=\"auto\">continuidad a este estudio mediante un proyecto <\/span><span data-contrast=\"auto\">cuyo <\/span><span data-contrast=\"auto\">enfoque<\/span><span data-contrast=\"auto\"> sea<\/span><span data-contrast=\"auto\"> excavar las \u00e1reas qu<\/span><span data-contrast=\"auto\">e<\/span><span data-contrast=\"auto\"> pueda<\/span><span data-contrast=\"auto\">n dar m\u00e1s informaci\u00f3n, como son<\/span><span data-contrast=\"auto\"> las cercanas a los conjuntos arquitect\u00f3nicos, la plaza y las unidades habitacionales.<\/span><span data-ccp-props=\"{&quot;201341983&quot;:0,&quot;335559731&quot;:708,&quot;335559739&quot;:160,&quot;335559740&quot;:240}\">\u00a0<\/span><\/p>\n<p><span data-contrast=\"auto\">Tambi\u00e9n cit\u00f3 <\/span><span data-contrast=\"auto\">conclusiones a las que se lleg\u00f3:<\/span> <span data-contrast=\"auto\">que<\/span><span data-contrast=\"auto\"> un<\/span><span data-contrast=\"auto\"> factor condicionante para que los antiguos habitantes se establecieran en esta \u00e1rea fue la alta presencia de arroyos que corren por todo el escenario geogr\u00e1fico de la regi\u00f3n y los nichos ecol\u00f3gicos que se forman por el corrimiento de estos afluentes.<\/span><span data-ccp-props=\"{&quot;201341983&quot;:0,&quot;335559739&quot;:160,&quot;335559740&quot;:240}\">\u00a0<\/span><\/p>\n<p><span data-contrast=\"auto\">Asimismo, que la <\/span><span data-contrast=\"auto\">enorme cantidad de material p\u00e9treo que se encuentra en estos arroyos tambi\u00e9n result\u00f3 altamente atractiv<\/span><span data-contrast=\"auto\">a<\/span><span data-contrast=\"auto\"> para <\/span><span data-contrast=\"auto\">los<\/span><span data-contrast=\"auto\"> habitantes, ya que utilizaban esta materia prima para la construcci\u00f3n de sus recintos.<\/span><span data-ccp-props=\"{&quot;201341983&quot;:0,&quot;335559731&quot;:708,&quot;335559739&quot;:160,&quot;335559740&quot;:240}\">\u00a0<\/span><\/p>\n<p><span data-contrast=\"auto\">Que<\/span><span data-contrast=\"auto\"> por<\/span><span data-contrast=\"auto\"> las dimensiones espaciales que abarca el sitio, la magnitud de sus cuerpos arquitect\u00f3nicos, la estructuraci\u00f3n urban\u00edstica y su patr\u00f3n de asentamiento, pud<\/span><span data-contrast=\"auto\">o<\/span><span data-contrast=\"auto\"> inferir que se trat\u00f3 de una sociedad compleja la que <\/span><span data-contrast=\"auto\">ah\u00ed <\/span><span data-contrast=\"auto\">habit\u00f3, <\/span><span data-contrast=\"auto\">y<\/span><span data-contrast=\"auto\"> tuvo que haber estado gobernada <\/span><span data-contrast=\"auto\">por una \u00e9<\/span><span data-contrast=\"auto\">lite con un reconocido poder pol\u00edtico-religioso.<\/span><span data-ccp-props=\"{&quot;201341983&quot;:0,&quot;335559731&quot;:708,&quot;335559739&quot;:160,&quot;335559740&quot;:240}\">\u00a0<\/span><\/p>\n<p><span data-contrast=\"auto\">Por \u00faltimo, <\/span><span data-contrast=\"auto\">dijo <\/span><span data-contrast=\"auto\">que <\/span><span data-contrast=\"auto\">Los Mezcales pudo haber sido un sitio supeditado por el gran centro rector contempor\u00e1neo de La Campana.<\/span><span data-ccp-props=\"{&quot;201341983&quot;:0,&quot;335559731&quot;:708,&quot;335559739&quot;:160,&quot;335559740&quot;:240}\">\u00a0<\/span><\/p>\n<p><span data-contrast=\"auto\">Tanto Juan Ignacio como <\/span><span data-contrast=\"auto\">Francisco Javier externaron su <\/span><span data-contrast=\"auto\">alegr\u00eda<\/span><span data-contrast=\"auto\"> por este logro personal, profesional y <\/span><span data-contrast=\"auto\">familiar<\/span><span data-contrast=\"auto\">. <\/span><span data-contrast=\"auto\">\u201c<\/span><span data-contrast=\"none\">Creo que fue una muy buena estrategia por parte de la U<\/span><span data-contrast=\"none\">V<\/span><span data-contrast=\"none\"> implementar esta modalidad de titulaci\u00f3n pues la seguridad de todos es una prioridad<\/span><span data-contrast=\"none\">\u201d, dijo el primero.<\/span><span data-ccp-props=\"{&quot;201341983&quot;:0,&quot;335559739&quot;:160,&quot;335559740&quot;:240}\">\u00a0<\/span><\/p>\n<p><span data-contrast=\"none\">\u201c<\/span><span data-contrast=\"auto\">Esta nueva modalidad de titulaci\u00f3n de parte de la UV nos deja una ventana abierta para llevar a<\/span> <span data-contrast=\"auto\">cabo de manera r\u00e1pida y eficaz los futuros procesos de titulaci\u00f3n, por lo que ser\u00eda interesante seguir haciendo uso de ella<\/span><span data-contrast=\"auto\">\u201d, a\u00f1adi\u00f3 el segundo.<\/span><span data-ccp-props=\"{&quot;201341983&quot;:0,&quot;335559739&quot;:160,&quot;335559740&quot;:240}\">\u00a0<\/span><\/p>\n<p><span data-contrast=\"none\">Ambos externaron su agradecimiento a las personas involucradas en <\/span><span data-contrast=\"none\">sus<\/span><span data-contrast=\"none\"> proceso<\/span><span data-contrast=\"none\">s de titulaci\u00f3n<\/span><span data-contrast=\"none\">, desde el \u00e1mbito administrativo hasta el acad\u00e9mico<\/span><span data-contrast=\"none\">, y naturalmente a su familia por el apoyo incondicional <\/span><span data-contrast=\"none\">para <\/span><span data-contrast=\"none\">lograr una meta m\u00e1s de su vida.<\/span><span data-ccp-props=\"{&quot;201341983&quot;:0,&quot;335559739&quot;:160,&quot;335559740&quot;:240}\">\u00a0<\/span><\/p>\n<div id=\"attachment_86313\" style=\"width: 371px\" class=\"wp-caption aligncenter\"><a href=\"https:\/\/www.uv.mx\/prensa\/files\/2020\/07\/220720-Estudiantes-de-Arqueologia-2.jpg\"><img loading=\"lazy\" decoding=\"async\" aria-describedby=\"caption-attachment-86313\" class=\"wp-image-86313 size-full\" src=\"https:\/\/www.uv.mx\/prensa\/files\/2020\/07\/220720-Estudiantes-de-Arqueologia-2-e1596819345734.jpg\" alt=\"\" width=\"361\" height=\"481\" \/><\/a><p id=\"caption-attachment-86313\" class=\"wp-caption-text\">Francisco Javier \u00c1valos Cruz estudi\u00f3 el sitio arqueol\u00f3gico Los Mezcales, en Colima<\/p><\/div>\n","protected":false},"excerpt":{"rendered":"<p>Las titulaciones de Francisco \u00c1valos y Jos\u00e9 Hern\u00e1ndez denotan la fortaleza de la Facultad y de la UV\u00a0<\/p>\n","protected":false},"author":1869,"featured_media":86311,"comment_status":"closed","ping_status":"closed","sticky":false,"template":"","format":"standard","meta":{"footnotes":""},"categories":[61],"tags":[],"class_list":["post-86310","post","type-post","status-publish","format-standard","has-post-thumbnail","hentry","category-banner"],"_links":{"self":[{"href":"https:\/\/www.uv.mx\/prensa\/wp-json\/wp\/v2\/posts\/86310","targetHints":{"allow":["GET"]}}],"collection":[{"href":"https:\/\/www.uv.mx\/prensa\/wp-json\/wp\/v2\/posts"}],"about":[{"href":"https:\/\/www.uv.mx\/prensa\/wp-json\/wp\/v2\/types\/post"}],"author":[{"embeddable":true,"href":"https:\/\/www.uv.mx\/prensa\/wp-json\/wp\/v2\/users\/1869"}],"replies":[{"embeddable":true,"href":"https:\/\/www.uv.mx\/prensa\/wp-json\/wp\/v2\/comments?post=86310"}],"version-history":[{"count":0,"href":"https:\/\/www.uv.mx\/prensa\/wp-json\/wp\/v2\/posts\/86310\/revisions"}],"wp:featuredmedia":[{"embeddable":true,"href":"https:\/\/www.uv.mx\/prensa\/wp-json\/wp\/v2\/media\/86311"}],"wp:attachment":[{"href":"https:\/\/www.uv.mx\/prensa\/wp-json\/wp\/v2\/media?parent=86310"}],"wp:term":[{"taxonomy":"category","embeddable":true,"href":"https:\/\/www.uv.mx\/prensa\/wp-json\/wp\/v2\/categories?post=86310"},{"taxonomy":"post_tag","embeddable":true,"href":"https:\/\/www.uv.mx\/prensa\/wp-json\/wp\/v2\/tags?post=86310"}],"curies":[{"name":"wp","href":"https:\/\/api.w.org\/{rel}","templated":true}]}}