{"id":86295,"date":"2020-08-03T08:00:14","date_gmt":"2020-08-03T13:00:14","guid":{"rendered":"https:\/\/www.uv.mx\/prensa\/?p=86295"},"modified":"2020-08-17T11:41:08","modified_gmt":"2020-08-17T16:41:08","slug":"cusrs-entrego-cartas-de-liberacion-de-servicio-social-a-12-estudiantes","status":"publish","type":"post","link":"https:\/\/www.uv.mx\/prensa\/banner\/cusrs-entrego-cartas-de-liberacion-de-servicio-social-a-12-estudiantes\/","title":{"rendered":"CUSRS entreg\u00f3 cartas de liberaci\u00f3n de servicio social a 12 estudiantes\u00a0"},"content":{"rendered":"<ul>\n<li data-leveltext=\"\uf0b7\" data-font=\"Symbol\" data-listid=\"2\" data-aria-posinset=\"1\" data-aria-level=\"1\"><i><span data-contrast=\"auto\">\u201c<\/span><\/i><i><span data-contrast=\"auto\">En la atenci\u00f3n a la salud la vocaci\u00f3n es fundamental<\/span><\/i><i><span data-contrast=\"auto\">\u201d: <\/span><\/i><i><span data-contrast=\"auto\">Alejandro Escobar Mesa<\/span><\/i><span data-ccp-props=\"{&quot;201341983&quot;:0,&quot;335559739&quot;:0,&quot;335559740&quot;:240}\"><br \/>\n<\/span><\/li>\n<\/ul>\n<div id='gallery-1' class='gallery galleryid-86295 gallery-columns-2 gallery-size-full'><dl class='gallery-item'>\n\t\t\t<dt class='gallery-icon landscape'>\n\t\t\t\t<a href='https:\/\/www.uv.mx\/prensa\/banner\/cusrs-entrego-cartas-de-liberacion-de-servicio-social-a-12-estudiantes\/attachment\/23072020-cartas-cusrs-1\/'><img loading=\"lazy\" decoding=\"async\" width=\"722\" height=\"540\" src=\"https:\/\/www.uv.mx\/prensa\/files\/2020\/07\/23072020-Cartas-CUSRS-1.jpg\" class=\"attachment-full size-full\" alt=\"\" aria-describedby=\"gallery-1-86296\" srcset=\"https:\/\/www.uv.mx\/prensa\/files\/2020\/07\/23072020-Cartas-CUSRS-1.jpg 722w, https:\/\/www.uv.mx\/prensa\/files\/2020\/07\/23072020-Cartas-CUSRS-1-300x224.jpg 300w\" sizes=\"auto, (max-width: 722px) 100vw, 722px\" \/><\/a>\n\t\t\t<\/dt>\n\t\t\t\t<dd class='wp-caption-text gallery-caption' id='gallery-1-86296'>\n\t\t\t\tPedro Guti\u00e9rrez Aguilar, director general del \u00c1rea Acad\u00e9mica de Ciencias de la Salud\n\t\t\t\t<\/dd><\/dl><dl class='gallery-item'>\n\t\t\t<dt class='gallery-icon landscape'>\n\t\t\t\t<a href='https:\/\/www.uv.mx\/prensa\/banner\/cusrs-entrego-cartas-de-liberacion-de-servicio-social-a-12-estudiantes\/attachment\/23072020-cartas-cusrs-2\/'><img loading=\"lazy\" decoding=\"async\" width=\"722\" height=\"540\" src=\"https:\/\/www.uv.mx\/prensa\/files\/2020\/07\/23072020-Cartas-CUSRS-2.jpg\" class=\"attachment-full size-full\" alt=\"\" aria-describedby=\"gallery-1-86297\" srcset=\"https:\/\/www.uv.mx\/prensa\/files\/2020\/07\/23072020-Cartas-CUSRS-2.jpg 722w, https:\/\/www.uv.mx\/prensa\/files\/2020\/07\/23072020-Cartas-CUSRS-2-300x224.jpg 300w\" sizes=\"auto, (max-width: 722px) 100vw, 722px\" \/><\/a>\n\t\t\t<\/dt>\n\t\t\t\t<dd class='wp-caption-text gallery-caption' id='gallery-1-86297'>\n\t\t\t\tAlejandro Escobar Mesa, director de la CUSRS\n\t\t\t\t<\/dd><\/dl><br style=\"clear: both\" \/>\n\t\t<\/div>\n\n<p><b><i><span data-contrast=\"auto\">Jos\u00e9 Luis <\/span><\/i><\/b><b><i><span data-contrast=\"auto\">Couttolenc<\/span><\/i><\/b><b><i><span data-contrast=\"auto\"> Soto<\/span><\/i><\/b><span data-ccp-props=\"{&quot;201341983&quot;:0,&quot;335559739&quot;:0,&quot;335559740&quot;:240}\">\u00a0<\/span><\/p>\n<p><b><i><span data-contrast=\"auto\">0<\/span><\/i><\/b><b><i><span data-contrast=\"auto\">3<\/span><\/i><\/b><b><i><span data-contrast=\"auto\">\/0<\/span><\/i><\/b><b><i><span data-contrast=\"auto\">8<\/span><\/i><\/b><b><i><span data-contrast=\"auto\">\/<\/span><\/i><\/b><b><i><span data-contrast=\"auto\">2020<\/span><\/i><\/b><b><i><span data-contrast=\"auto\">, Xalapa, <\/span><\/i><\/b><b><i><span data-contrast=\"auto\">Ver.-<\/span><\/i><\/b> <span data-contrast=\"auto\">La<\/span><a href=\"https:\/\/www.uv.mx\/cusrs\/\" target=\"_blank\" rel=\"noopener noreferrer\"><span data-contrast=\"auto\"> Cl\u00ednica Universitaria de Salud Reprodu<\/span><\/a><span data-contrast=\"auto\">ctiva y Sexual (CUSRS) de la Universidad Veracruzana (UV) entreg\u00f3 carta<\/span><span data-contrast=\"auto\">s<\/span><span data-contrast=\"auto\"> de liberaci\u00f3n de servicio social a 1<\/span><span data-contrast=\"auto\">2<\/span><span data-contrast=\"auto\"> estudiantes <\/span><span data-contrast=\"auto\">de <\/span><span data-contrast=\"auto\">Medicina<\/span><span data-contrast=\"auto\">, Nutrici\u00f3n, Enfermer\u00eda, Psicolog\u00eda y <\/span><span data-contrast=\"auto\">Bioan\u00e1lisis<\/span><span data-contrast=\"auto\">, a quienes Alejandro Escobar Mesa, director de la entidad universitaria, los llam\u00f3 a <\/span><span data-contrast=\"auto\">reflexionar<\/span><span data-contrast=\"auto\"> que en la atenci\u00f3n a la salud la vocaci\u00f3n es un tema fundamental.<\/span><span data-ccp-props=\"{&quot;201341983&quot;:0,&quot;335559739&quot;:0,&quot;335559740&quot;:240}\">\u00a0<\/span><\/p>\n<p><span data-contrast=\"auto\">En ceremonia virtual efectuada el jueves 23 de julio, e<\/span> <span data-contrast=\"auto\">l directivo les<\/span><span data-contrast=\"auto\"> agradeci\u00f3 <\/span><span data-contrast=\"auto\">por <\/span><span data-contrast=\"auto\">haber sido part\u00edcipes del grupo de trabajo que logr\u00f3 la certificaci\u00f3n de la <\/span><span data-contrast=\"auto\">CUSRS<\/span><span data-contrast=\"auto\"> por parte del Consejo de Salubridad General, al tiempo que les record\u00f3 que la atenci\u00f3n a la salud constituye un \u00e1rea en la que se trabaja para preservar <\/span><span data-contrast=\"auto\">a<\/span><span data-contrast=\"auto\"> la poblaci\u00f3n, y para ello se requiere una vocaci\u00f3n<\/span><span data-contrast=\"auto\">, as\u00ed como <\/span><span data-contrast=\"auto\">anteponer <\/span><span data-contrast=\"auto\">la<\/span><span data-contrast=\"auto\"> seguridad <\/span><span data-contrast=\"auto\">propia <\/span><span data-contrast=\"auto\">a fin de<\/span><span data-contrast=\"auto\"> salvaguardar la de los pacientes.<\/span><span data-ccp-props=\"{&quot;201341983&quot;:0,&quot;335559731&quot;:708,&quot;335559739&quot;:0,&quot;335559740&quot;:240}\">\u00a0<\/span><\/p>\n<p><span data-contrast=\"auto\">Por su parte Pedro Guti\u00e9rrez Aguilar, director general del \u00c1rea Acad\u00e9mica de Ciencias de la Salud, expres\u00f3 <\/span><span data-contrast=\"auto\">a los estudiantes que en esta etapa de su formaci\u00f3n profesional les toc\u00f3 vivir <\/span><span data-contrast=\"auto\">una <\/span><span data-contrast=\"auto\">situaci\u00f3n diferente, con una contingencia mundial que no logr\u00f3 detener la aten<\/span><span data-contrast=\"auto\">ci\u00f3n a la salud y la educaci\u00f3n.<\/span><span data-ccp-props=\"{&quot;201341983&quot;:0,&quot;335559739&quot;:0,&quot;335559740&quot;:240}\">\u00a0<\/span><\/p>\n<p><span data-contrast=\"auto\">\u201cComo egresados se van a enfrentar a un mundo diferente<\/span><span data-contrast=\"auto\">,<\/span><span data-contrast=\"auto\"> las instituci<\/span><span data-contrast=\"auto\">ones habr\u00e1n de cambiar y<\/span><span data-contrast=\"auto\"> tendremos que adaptarnos<\/span><span data-contrast=\"auto\">;<\/span><span data-contrast=\"auto\"> la Cl\u00ednica Universitaria de Salud Reproductiva y Sexual representa una oportunidad para ese aprendizaje, y <\/span><span data-contrast=\"auto\">as\u00ed <\/span><span data-contrast=\"auto\">contribuir al fortalecimiento de la formaci\u00f3n <\/span><span data-contrast=\"auto\">profesional de los estudiantes.\u201d<\/span><span data-ccp-props=\"{&quot;201341983&quot;:0,&quot;335559731&quot;:708,&quot;335559739&quot;:0,&quot;335559740&quot;:240}\">\u00a0<\/span><\/p>\n<p><span data-contrast=\"auto\">En la ceremonia virtual intervinieron tambi\u00e9n Javier Rafael Ant\u00fanez S\u00e1nchez, coordinador de Docencia e Investigaci\u00f3n de la CUSRS, <\/span><span data-contrast=\"auto\">y<\/span><span data-contrast=\"auto\"> Elvia Edith Morales Salas<\/span><span data-contrast=\"auto\">,<\/span> <span data-contrast=\"auto\">quien<\/span><span data-contrast=\"auto\"> a nombre de sus compa\u00f1eros que terminan su servicio social reconoci\u00f3 que \u201cla formaci\u00f3n integral es una urgencia en la sociedad actual, y adquiere gran importancia en nuestra carrera por ser profesionales responsables del cuidado de la salud y vida de los seres humanos\u201d.<\/span><span data-ccp-props=\"{&quot;201341983&quot;:0,&quot;335559739&quot;:0,&quot;335559740&quot;:240}\">\u00a0<\/span><\/p>\n<p><span data-contrast=\"auto\">Cabe recordar que adem\u00e1s de los servicios de medicina interna, pediatr\u00eda, nutrici\u00f3n, ginecolog\u00eda, laboratorio de an\u00e1lisis cl\u00ednicos, <\/span><span data-contrast=\"auto\">imagenolog\u00eda<\/span><span data-contrast=\"auto\">, patolog\u00eda, as\u00ed como talleres y programas espec\u00edficos de extensi\u00f3n de los servicios a la comunidad, la CUSRS <\/span><span data-contrast=\"auto\">es<\/span><span data-contrast=\"auto\"> un espacio para la realizaci\u00f3n de pr\u00e1cticas, servicio social e investigaci\u00f3n de los programas educativos de licenciatura y posgrado de las diferentes regiones universitarias<\/span><span data-contrast=\"auto\">,<\/span><span data-contrast=\"auto\"> en materia de prevenci\u00f3n, promoci\u00f3n, educaci\u00f3n y atenci\u00f3n de la salud sexual y reproductiva, fortaleciendo las funciones sustantivas de docencia, investigaci\u00f3n y extensi\u00f3n de los servicios.<\/span><span data-ccp-props=\"{&quot;201341983&quot;:0,&quot;335559739&quot;:0,&quot;335559740&quot;:240}\">\u00a0<\/span><\/p>\n<p><span data-contrast=\"auto\">Para ello, la entidad universitaria ha formalizado la colaboraci\u00f3n interinstitucional a fin de fortalecer la capacitaci\u00f3n profesional de los estudiantes <\/span><span data-contrast=\"auto\">y <\/span><span data-contrast=\"auto\">la realizaci\u00f3n de estudios importantes en beneficio de pacientes y<\/span><span data-contrast=\"auto\"> la<\/span><span data-contrast=\"auto\"> sociedad en general. <\/span><span data-contrast=\"auto\">A la fecha, la cl\u00ednica tiene suscritos convenios de colaboraci\u00f3n con las facultades de Nutrici\u00f3n, Enfermer\u00eda, <\/span><span data-contrast=\"auto\">Bioan\u00e1lisis<\/span><span data-contrast=\"auto\">, Medicina, Qu\u00edmica<\/span> <span data-contrast=\"auto\">Farmac\u00e9utica<\/span> <span data-contrast=\"auto\">Biol\u00f3gica, Artes Pl\u00e1sticas, Antropolog\u00eda y Sociolog\u00eda, entre otras, que permite la formaci\u00f3n integral y significativa de los estudiantes.<\/span><span data-ccp-props=\"{&quot;201341983&quot;:0,&quot;335559739&quot;:0,&quot;335559740&quot;:240}\">\u00a0<\/span><\/p>\n<p><span data-contrast=\"auto\">En el evento se dio tambi\u00e9n la bienvenida<\/span><span data-contrast=\"auto\"> a<\/span><span data-contrast=\"auto\"> los estudiantes<\/span><span data-contrast=\"auto\"> que iniciar\u00e1n con su servicio social en la cl\u00ednica<\/span><span data-contrast=\"auto\">, pertenecientes a<\/span><span data-contrast=\"auto\"> la<\/span><span data-contrast=\"auto\">s<\/span><span data-contrast=\"auto\"> carrera<\/span><span data-contrast=\"auto\">s<\/span><span data-contrast=\"auto\"> de <\/span><span data-contrast=\"auto\">Bioan\u00e1lisis<\/span><span data-contrast=\"auto\">, Enfermer\u00eda<\/span><span data-contrast=\"auto\">,<\/span><span data-contrast=\"auto\"> Nutrici\u00f3n<\/span><span data-contrast=\"auto\"> y <\/span><span data-contrast=\"auto\">Medicina.<\/span><span data-ccp-props=\"{&quot;201341983&quot;:0,&quot;335559739&quot;:0,&quot;335559740&quot;:240}\">\u00a0<\/span><\/p>\n<p><span data-contrast=\"auto\">De manera virtual siguieron esta ceremonia H\u00e9ctor de Leo <\/span><span data-contrast=\"auto\">Tobalina<\/span><span data-contrast=\"auto\">, <\/span><span data-contrast=\"auto\">Cirenia<\/span><span data-contrast=\"auto\"> Hern\u00e1ndez Trejo, Magdalena Arellano Apodaca, Lina Guadalupe Libreros Alba y Matilde Arellano <\/span><span data-contrast=\"auto\">Gaj\u00f3n<\/span><span data-contrast=\"auto\">, coordinadores de Programas y Extensi\u00f3n de los Servicios, Servicios Auxiliares de Diagn\u00f3stico, Servicios de Enfermer\u00eda turnos matutino y vespertino, y de Gesti\u00f3n de Calidad, respectivamente.<\/span><span data-ccp-props=\"{&quot;201341983&quot;:0,&quot;335559739&quot;:0,&quot;335559740&quot;:240}\">\u00a0<\/span><\/p>\n<div id='gallery-2' class='gallery galleryid-86295 gallery-columns-2 gallery-size-full'><dl class='gallery-item'>\n\t\t\t<dt class='gallery-icon landscape'>\n\t\t\t\t<a href='https:\/\/www.uv.mx\/prensa\/files\/2020\/07\/23072020-Cartas-CUSRS-3.jpg'><img loading=\"lazy\" decoding=\"async\" width=\"722\" height=\"542\" src=\"https:\/\/www.uv.mx\/prensa\/files\/2020\/07\/23072020-Cartas-CUSRS-3.jpg\" class=\"attachment-full size-full\" alt=\"\" aria-describedby=\"gallery-2-86298\" srcset=\"https:\/\/www.uv.mx\/prensa\/files\/2020\/07\/23072020-Cartas-CUSRS-3.jpg 722w, https:\/\/www.uv.mx\/prensa\/files\/2020\/07\/23072020-Cartas-CUSRS-3-300x225.jpg 300w\" sizes=\"auto, (max-width: 722px) 100vw, 722px\" \/><\/a>\n\t\t\t<\/dt>\n\t\t\t\t<dd class='wp-caption-text gallery-caption' id='gallery-2-86298'>\n\t\t\t\tElvia Edith Morales Salas, de la Facultad de Bioan\u00e1lisis\n\t\t\t\t<\/dd><\/dl><dl class='gallery-item'>\n\t\t\t<dt class='gallery-icon landscape'>\n\t\t\t\t<a href='https:\/\/www.uv.mx\/prensa\/files\/2020\/07\/23072020-Cartas-CUSRS-4.jpg'><img loading=\"lazy\" decoding=\"async\" width=\"722\" height=\"542\" src=\"https:\/\/www.uv.mx\/prensa\/files\/2020\/07\/23072020-Cartas-CUSRS-4.jpg\" class=\"attachment-full size-full\" alt=\"\" aria-describedby=\"gallery-2-86299\" srcset=\"https:\/\/www.uv.mx\/prensa\/files\/2020\/07\/23072020-Cartas-CUSRS-4.jpg 722w, https:\/\/www.uv.mx\/prensa\/files\/2020\/07\/23072020-Cartas-CUSRS-4-300x225.jpg 300w\" sizes=\"auto, (max-width: 722px) 100vw, 722px\" \/><\/a>\n\t\t\t<\/dt>\n\t\t\t\t<dd class='wp-caption-text gallery-caption' id='gallery-2-86299'>\n\t\t\t\tJavier Rafael Ant\u00fanez S\u00e1nchez, coordinador de Docencia e Investigaci\u00f3n en la CUSRS \n\t\t\t\t<\/dd><\/dl><br style=\"clear: both\" \/>\n\t\t<\/div>\n\n","protected":false},"excerpt":{"rendered":"<p>Alejandro Escobar Mesa, director de la entidad universitaria, los llam\u00f3 a reflexionar que en la atenci\u00f3n a la salud la vocaci\u00f3n es un tema fundamental\u00a0<\/p>\n","protected":false},"author":1869,"featured_media":41538,"comment_status":"closed","ping_status":"closed","sticky":false,"template":"","format":"standard","meta":{"footnotes":""},"categories":[61],"tags":[],"class_list":["post-86295","post","type-post","status-publish","format-standard","has-post-thumbnail","hentry","category-banner"],"_links":{"self":[{"href":"https:\/\/www.uv.mx\/prensa\/wp-json\/wp\/v2\/posts\/86295","targetHints":{"allow":["GET"]}}],"collection":[{"href":"https:\/\/www.uv.mx\/prensa\/wp-json\/wp\/v2\/posts"}],"about":[{"href":"https:\/\/www.uv.mx\/prensa\/wp-json\/wp\/v2\/types\/post"}],"author":[{"embeddable":true,"href":"https:\/\/www.uv.mx\/prensa\/wp-json\/wp\/v2\/users\/1869"}],"replies":[{"embeddable":true,"href":"https:\/\/www.uv.mx\/prensa\/wp-json\/wp\/v2\/comments?post=86295"}],"version-history":[{"count":0,"href":"https:\/\/www.uv.mx\/prensa\/wp-json\/wp\/v2\/posts\/86295\/revisions"}],"wp:featuredmedia":[{"embeddable":true,"href":"https:\/\/www.uv.mx\/prensa\/wp-json\/wp\/v2\/media\/41538"}],"wp:attachment":[{"href":"https:\/\/www.uv.mx\/prensa\/wp-json\/wp\/v2\/media?parent=86295"}],"wp:term":[{"taxonomy":"category","embeddable":true,"href":"https:\/\/www.uv.mx\/prensa\/wp-json\/wp\/v2\/categories?post=86295"},{"taxonomy":"post_tag","embeddable":true,"href":"https:\/\/www.uv.mx\/prensa\/wp-json\/wp\/v2\/tags?post=86295"}],"curies":[{"name":"wp","href":"https:\/\/api.w.org\/{rel}","templated":true}]}}