{"id":86267,"date":"2020-07-27T08:00:18","date_gmt":"2020-07-27T13:00:18","guid":{"rendered":"https:\/\/www.uv.mx\/prensa\/?p=86267"},"modified":"2020-08-17T12:19:22","modified_gmt":"2020-08-17T17:19:22","slug":"en-la-fime-poza-rica-disenan-robot-desinfectante-contra-covid-19","status":"publish","type":"post","link":"https:\/\/www.uv.mx\/prensa\/regiones\/en-la-fime-poza-rica-disenan-robot-desinfectante-contra-covid-19\/","title":{"rendered":"En la FIME-Poza Rica dise\u00f1an robot desinfectante contra Covid-19\u00a0"},"content":{"rendered":"<ul>\n<li data-leveltext=\"\uf0b7\" data-font=\"Symbol\" data-listid=\"3\" data-aria-posinset=\"1\" data-aria-level=\"1\"><i><span data-contrast=\"auto\">En una primera etapa se enfocar\u00e1 en los <\/span><\/i><i><span data-contrast=\"auto\">espacios de la Facultad<\/span><\/i><span data-ccp-props=\"{&quot;134233279&quot;:true,&quot;201341983&quot;:0,&quot;335559739&quot;:160,&quot;335559740&quot;:240}\">\u00a0<\/span><\/li>\n<li data-leveltext=\"\uf0b7\" data-font=\"Symbol\" data-listid=\"3\" data-aria-posinset=\"2\" data-aria-level=\"1\"><i><span data-contrast=\"auto\">Se realiz\u00f3 en un carro con un aspersor controlado desde el celular; una c\u00e1mara le permite enviar im\u00e1genes para decidir su trayectoria<\/span><\/i><span data-ccp-props=\"{&quot;134233279&quot;:true,&quot;201341983&quot;:0,&quot;335559739&quot;:160,&quot;335559740&quot;:240}\">\u00a0<\/span><\/li>\n<\/ul>\n<p><span data-ccp-props=\"{&quot;201341983&quot;:0,&quot;335559739&quot;:160,&quot;335559740&quot;:240}\">\u00a0<\/span><\/p>\n<div id=\"attachment_86268\" style=\"width: 732px\" class=\"wp-caption aligncenter\"><a href=\"https:\/\/www.uv.mx\/prensa\/files\/2020\/07\/230720-CELIA-Robot-sanitizador-FIME-1.jpg\"><img loading=\"lazy\" decoding=\"async\" aria-describedby=\"caption-attachment-86268\" class=\"size-full wp-image-86268\" src=\"https:\/\/www.uv.mx\/prensa\/files\/2020\/07\/230720-CELIA-Robot-sanitizador-FIME-1.jpg\" alt=\"\" width=\"722\" height=\"406\" srcset=\"https:\/\/www.uv.mx\/prensa\/files\/2020\/07\/230720-CELIA-Robot-sanitizador-FIME-1.jpg 722w, https:\/\/www.uv.mx\/prensa\/files\/2020\/07\/230720-CELIA-Robot-sanitizador-FIME-1-300x169.jpg 300w\" sizes=\"auto, (max-width: 722px) 100vw, 722px\" \/><\/a><p id=\"caption-attachment-86268\" class=\"wp-caption-text\">Jes\u00fas Enrique Escalante, Celia Calder\u00f3n y Mar\u00eda In\u00e9s Cruz, acad\u00e9micos creadores del proyecto del robot<\/p><\/div>\n<p>&nbsp;<\/p>\n<p><b><i><span data-contrast=\"auto\">Alma Celia San Mart\u00edn Cruz<\/span><\/i><\/b><span data-ccp-props=\"{&quot;201341983&quot;:0,&quot;335559739&quot;:160,&quot;335559740&quot;:240}\">\u00a0<\/span><\/p>\n<p><b><i><span data-contrast=\"auto\">2<\/span><\/i><\/b><b><i><span data-contrast=\"auto\">7<\/span><\/i><\/b><b><i><span data-contrast=\"auto\">\/07\/2020, Poza Rica, <\/span><\/i><\/b><b><i><span data-contrast=\"auto\">Ver.-<\/span><\/i><\/b> <span data-contrast=\"auto\">Un grupo de profesores del <\/span><span data-contrast=\"auto\">cuerpo acad\u00e9mico <\/span><span data-contrast=\"auto\">(CA) <\/span><span data-contrast=\"auto\">Ingenier\u00eda y Sustentabilidad<\/span><span data-contrast=\"auto\">, adscrito a <\/span><span data-contrast=\"auto\">la <a href=\"https:\/\/www.uv.mx\/pozarica\/fime\/\" target=\"_blank\" rel=\"noopener noreferrer\">Facultad de Ingenier\u00eda Mec\u00e1nica El\u00e9ctrica<\/a> <\/span><span data-contrast=\"auto\">(FIME) de la Universidad Veracruzana (UV), dise\u00f1a<\/span><span data-contrast=\"auto\">ro<\/span><span data-contrast=\"auto\">n un robot <\/span><span data-contrast=\"auto\">para <\/span><span data-contrast=\"auto\">desinfectar <\/span><span data-contrast=\"auto\">los espacios de dicha entidad universitaria y as\u00ed evitar los contagios de Covid-19.<\/span><span data-ccp-props=\"{&quot;201341983&quot;:0,&quot;335559739&quot;:160,&quot;335559740&quot;:240}\">\u00a0<\/span><\/p>\n<p><span data-contrast=\"auto\">El proyecto est\u00e1 dirigido por Jes\u00fas Enrique Escalante Mart\u00ednez, Celia Calder\u00f3n Ram\u00f3n y Mar\u00eda In\u00e9s Cruz Ordu\u00f1a, miembros del Sistema Nacional de Investigadores.<\/span><span data-ccp-props=\"{&quot;201341983&quot;:0,&quot;335559731&quot;:708,&quot;335559739&quot;:160,&quot;335559740&quot;:240}\">\u00a0<\/span><\/p>\n<p><span data-contrast=\"auto\">Escalante Mart\u00ednez es coordinador de la Academia de Ciencias B\u00e1sicas, su principal inter\u00e9s en la investigaci\u00f3n es el <\/span><span data-contrast=\"auto\">c<\/span><span data-contrast=\"auto\">\u00e1lculo fraccional aplicado a fen\u00f3menos <\/span><span data-contrast=\"auto\">de la Ingenier\u00eda; <\/span><span data-contrast=\"auto\">Calder\u00f3n Ram\u00f3n es una destacada profesora-investigadora dedicada<\/span><span data-contrast=\"auto\">,<\/span><span data-contrast=\"auto\"> entre otros proyectos<\/span><span data-contrast=\"auto\">,<\/span><span data-contrast=\"auto\"> a diagn\u00f3stico temprano de c\u00e1ncer de mama y a la t\u00e9cnica de <\/span><span data-contrast=\"auto\">electrospi<\/span><span data-contrast=\"auto\">n<\/span><span data-contrast=\"auto\">ning<\/span><span data-contrast=\"auto\"> para rehabilitar piel da\u00f1ada por quemaduras; <\/span><span data-contrast=\"auto\">y<\/span><span data-contrast=\"auto\"> Cruz Ordu\u00f1a es coordinadora de la Academia por \u00c1rea de Conocimiento de Control y Automatizaci\u00f3n, donde<\/span> <span data-contrast=\"auto\">se encarga de que los contenidos de las <\/span><span data-contrast=\"auto\">e<\/span><span data-contrast=\"auto\">xperiencias <\/span><span data-contrast=\"auto\">e<\/span><span data-contrast=\"auto\">ducativas que fortalecen este tipo de competencias en lo<\/span><span data-contrast=\"auto\">s estudiantes sean actualizados<\/span><span data-contrast=\"auto\">.<\/span><span data-ccp-props=\"{&quot;201341983&quot;:0,&quot;335559731&quot;:708,&quot;335559739&quot;:160,&quot;335559740&quot;:240}\">\u00a0<\/span><\/p>\n<p><span data-contrast=\"auto\">El robot <\/span><span data-contrast=\"auto\">desinfectador <\/span><span data-contrast=\"auto\">se realiz\u00f3 en un carro con un aspersor controlado desde el celular; una c\u00e1mara le permite enviar im\u00e1genes para decidir su trayectoria, lo <\/span><span data-contrast=\"auto\">cual<\/span><span data-contrast=\"auto\"> es posible gracias al microcontrolador de uso comercial <\/span><span data-contrast=\"auto\">A<\/span><span data-contrast=\"auto\">rduino<\/span><span data-contrast=\"auto\">. <\/span><span data-contrast=\"auto\">Los acad\u00e9micos refieren que este tipo de proyectos son fundamentales en <\/span><span data-contrast=\"auto\">la formaci\u00f3n de los ingenieros.<\/span><span data-ccp-props=\"{&quot;201341983&quot;:0,&quot;335559731&quot;:708,&quot;335559739&quot;:160,&quot;335559740&quot;:240}\">\u00a0<\/span><\/p>\n<p><span data-contrast=\"auto\">Jorge Santiago Hern\u00e1ndez y Jes\u00fas Cuevas Lucas, <\/span><span data-contrast=\"auto\">estudiantes<\/span><span data-contrast=\"auto\"> de Ingenier\u00eda I<\/span><span data-contrast=\"auto\">ndustrial, <\/span><span data-contrast=\"auto\">participaron en<\/span><span data-contrast=\"auto\"> la creaci\u00f3n de<\/span><span data-contrast=\"auto\"> este p<\/span><span data-contrast=\"auto\">rototipo <\/span><span data-contrast=\"auto\">y <\/span><span data-contrast=\"auto\">dijeron estar agradecidos con la U<\/span><span data-contrast=\"auto\">V <\/span><span data-contrast=\"auto\">por las oportunidades y experiencias obtenidas a lo largo de su carrera. <\/span><span data-contrast=\"auto\">Cabe <\/span><span data-contrast=\"auto\">resaltar que el pasado verano Jorge estuvo en Colombia realizando <\/span><span data-contrast=\"auto\">una estancia de investigaci\u00f3n.<\/span><span data-ccp-props=\"{&quot;201341983&quot;:0,&quot;335559731&quot;:708,&quot;335559739&quot;:160,&quot;335559740&quot;:240}\">\u00a0<\/span><\/p>\n<p>&nbsp;<\/p>\n<div id=\"attachment_86269\" style=\"width: 551px\" class=\"wp-caption aligncenter\"><a href=\"https:\/\/www.uv.mx\/prensa\/files\/2020\/07\/230720-CELIA-Robot-sanitizador-FIME-2.jpg\"><img loading=\"lazy\" decoding=\"async\" aria-describedby=\"caption-attachment-86269\" class=\"wp-image-86269 size-full\" src=\"https:\/\/www.uv.mx\/prensa\/files\/2020\/07\/230720-CELIA-Robot-sanitizador-FIME-2-e1595628109629.jpg\" alt=\"\" width=\"541\" height=\"722\" \/><\/a><p id=\"caption-attachment-86269\" class=\"wp-caption-text\">El robot desinfectar\u00e1 los espacios de la Facultad en una primera etapa<\/p><\/div>\n<p>&nbsp;<\/p>\n<p><span data-contrast=\"auto\">El proyecto de momento s\u00f3lo contempla la <\/span><span data-contrast=\"auto\">desinfecci\u00f3n <\/span><span data-contrast=\"auto\">de los <\/span><span data-contrast=\"auto\">espacios<\/span><span data-contrast=\"auto\"> de la F<\/span><span data-contrast=\"auto\">IME<\/span><span data-contrast=\"auto\">, pero no se descarta la pos<\/span><span data-contrast=\"auto\">ibilidad de incidir en toda la U<\/span><span data-contrast=\"auto\">nidad de Ciencias Qu\u00edmicas e Ingenier\u00eda. Actualmente, se <\/span><span data-contrast=\"auto\">aplica<\/span><span data-contrast=\"auto\"> una f\u00f3rmula de agua-cloro, pero se plantea utilizar otros compuestos con el fin de eliminar la mayor cantidad de virus y bacterias en los recintos universitarios.<\/span><span data-ccp-props=\"{&quot;201341983&quot;:0,&quot;335559731&quot;:708,&quot;335559739&quot;:160,&quot;335559740&quot;:240}\">\u00a0<\/span><\/p>\n<p><span data-contrast=\"auto\">Juan Rodrigo Laguna Camacho<\/span><span data-contrast=\"auto\">,<\/span> <span data-contrast=\"auto\">d<\/span><span data-contrast=\"auto\">irector de la F<\/span><span data-contrast=\"auto\">IME, se\u00f1al\u00f3<\/span><span data-contrast=\"auto\"> que la educaci\u00f3n que se les procura a los estudiantes es integral, con una panor\u00e1mica m\u00e1s amplia de su quehacer; es decir, con m\u00e1s sentido com\u00fan. Esto les permite <\/span><span data-contrast=\"auto\">involucrarse en<\/span><span data-contrast=\"auto\"> proyectos como <\/span><span data-contrast=\"auto\">\u00e9<\/span><span data-contrast=\"auto\">ste donde manifiestan su creatividad, su preocupaci\u00f3n social, su responsab<\/span><span data-contrast=\"auto\">ilidad para ayudar a los otros.<\/span><span data-ccp-props=\"{&quot;201341983&quot;:0,&quot;335559731&quot;:708,&quot;335559739&quot;:160,&quot;335559740&quot;:240}\">\u00a0<\/span><\/p>\n<p><span data-contrast=\"auto\">\u201c<\/span><span data-contrast=\"auto\">S<\/span><span data-contrast=\"auto\">abemos que hoy en d\u00eda en los hospitales se libran batallas entre la vida y la muerte, los m\u00e9dicos y enfermeras de todos los centros de salud est\u00e1n expuestos y de esta forma podemos aportar nuestro granito de arena, lo mismo que para el regreso seguro a las instalaciones universitarias<\/span><span data-contrast=\"auto\">.<\/span><span data-contrast=\"auto\">\u201d<\/span><span data-ccp-props=\"{&quot;201341983&quot;:0,&quot;335559731&quot;:708,&quot;335559739&quot;:160,&quot;335559740&quot;:240}\">\u00a0<\/span><\/p>\n<p><span data-contrast=\"auto\">Por \u00faltimo, e<\/span><span data-contrast=\"auto\">xpres\u00f3<\/span><span data-contrast=\"auto\"> su benepl\u00e1cito <\/span><span data-contrast=\"auto\">con los resultados de este proyecto de investigaci\u00f3n que emana del cuerpo acad\u00e9mico <\/span><span data-contrast=\"auto\">(CA) <\/span><span data-contrast=\"auto\">Ingenier\u00eda <\/span><span data-contrast=\"auto\">y Sustentabilidad<\/span><span data-contrast=\"auto\">,<\/span><span data-contrast=\"auto\"> el cual permite<\/span><span data-contrast=\"auto\"> atender las necesidades sociales de forma pertinente e involucrar a los estudian<\/span><span data-contrast=\"auto\">tes.<\/span><span data-ccp-props=\"{&quot;201341983&quot;:0,&quot;335559731&quot;:708,&quot;335559739&quot;:160,&quot;335559740&quot;:240}\">\u00a0<\/span><\/p>\n<p><span data-ccp-props=\"{&quot;201341983&quot;:0,&quot;335559739&quot;:160,&quot;335559740&quot;:240}\">\u00a0<\/span><\/p>\n<div id=\"attachment_86270\" style=\"width: 451px\" class=\"wp-caption aligncenter\"><a href=\"https:\/\/www.uv.mx\/prensa\/files\/2020\/07\/230720-CELIA-Robot-sanitizador-FIME-3.jpg\"><img loading=\"lazy\" decoding=\"async\" aria-describedby=\"caption-attachment-86270\" class=\"size-full wp-image-86270\" src=\"https:\/\/www.uv.mx\/prensa\/files\/2020\/07\/230720-CELIA-Robot-sanitizador-FIME-3.jpg\" alt=\"\" width=\"441\" height=\"500\" srcset=\"https:\/\/www.uv.mx\/prensa\/files\/2020\/07\/230720-CELIA-Robot-sanitizador-FIME-3.jpg 441w, https:\/\/www.uv.mx\/prensa\/files\/2020\/07\/230720-CELIA-Robot-sanitizador-FIME-3-265x300.jpg 265w\" sizes=\"auto, (max-width: 441px) 100vw, 441px\" \/><\/a><p id=\"caption-attachment-86270\" class=\"wp-caption-text\">Jorge Santiago y Jes\u00fas Cuevas, becarios de investigaci\u00f3n que participaron en el proyecto<\/p><\/div>\n","protected":false},"excerpt":{"rendered":"<p>Se realiz\u00f3 en un carro con un aspersor controlado desde el celular; una c\u00e1mara le permite enviar im\u00e1genes para decidir su trayectoria\u00a0<\/p>\n","protected":false},"author":1869,"featured_media":86274,"comment_status":"closed","ping_status":"closed","sticky":false,"template":"","format":"standard","meta":{"footnotes":""},"categories":[54,61,32,51],"tags":[],"class_list":["post-86267","post","type-post","status-publish","format-standard","has-post-thumbnail","hentry","category-poza-rica","category-banner","category-regiones","category-tecnologia"],"_links":{"self":[{"href":"https:\/\/www.uv.mx\/prensa\/wp-json\/wp\/v2\/posts\/86267","targetHints":{"allow":["GET"]}}],"collection":[{"href":"https:\/\/www.uv.mx\/prensa\/wp-json\/wp\/v2\/posts"}],"about":[{"href":"https:\/\/www.uv.mx\/prensa\/wp-json\/wp\/v2\/types\/post"}],"author":[{"embeddable":true,"href":"https:\/\/www.uv.mx\/prensa\/wp-json\/wp\/v2\/users\/1869"}],"replies":[{"embeddable":true,"href":"https:\/\/www.uv.mx\/prensa\/wp-json\/wp\/v2\/comments?post=86267"}],"version-history":[{"count":0,"href":"https:\/\/www.uv.mx\/prensa\/wp-json\/wp\/v2\/posts\/86267\/revisions"}],"wp:featuredmedia":[{"embeddable":true,"href":"https:\/\/www.uv.mx\/prensa\/wp-json\/wp\/v2\/media\/86274"}],"wp:attachment":[{"href":"https:\/\/www.uv.mx\/prensa\/wp-json\/wp\/v2\/media?parent=86267"}],"wp:term":[{"taxonomy":"category","embeddable":true,"href":"https:\/\/www.uv.mx\/prensa\/wp-json\/wp\/v2\/categories?post=86267"},{"taxonomy":"post_tag","embeddable":true,"href":"https:\/\/www.uv.mx\/prensa\/wp-json\/wp\/v2\/tags?post=86267"}],"curies":[{"name":"wp","href":"https:\/\/api.w.org\/{rel}","templated":true}]}}