{"id":86185,"date":"2020-07-23T14:43:23","date_gmt":"2020-07-23T19:43:23","guid":{"rendered":"https:\/\/www.uv.mx\/prensa\/?p=86185"},"modified":"2020-08-17T13:33:06","modified_gmt":"2020-08-17T18:33:06","slug":"movilidad-en-espana-lo-mejor-que-me-ha-pasado-maricela-briceno","status":"publish","type":"post","link":"https:\/\/www.uv.mx\/prensa\/general\/movilidad-en-espana-lo-mejor-que-me-ha-pasado-maricela-briceno\/","title":{"rendered":"Movilidad en Espa\u00f1a, lo mejor que me ha pasado: Maricela Brice\u00f1o"},"content":{"rendered":"<ul>\n<li data-leveltext=\"\uf0b7\" data-font=\"Symbol\" data-listid=\"5\" data-aria-posinset=\"1\" data-aria-level=\"1\"><i><span data-contrast=\"auto\">La estudiante de la Facultad de Ciencias de la Comunicaci\u00f3n de la UV curs\u00f3 un semestre en la<\/span><\/i> <i><span data-contrast=\"auto\">Universidad de Ja\u00e9n en Andaluc\u00eda<\/span><\/i><span data-ccp-props=\"{}\">\u00a0<\/span><\/li>\n<\/ul>\n<div id=\"attachment_86186\" style=\"width: 732px\" class=\"wp-caption aligncenter\"><a href=\"https:\/\/www.uv.mx\/prensa\/files\/2020\/07\/170720-Marisela-Briceno-1.jpg\"><img loading=\"lazy\" decoding=\"async\" aria-describedby=\"caption-attachment-86186\" class=\"size-full wp-image-86186\" src=\"https:\/\/www.uv.mx\/prensa\/files\/2020\/07\/170720-Marisela-Briceno-1.jpg\" alt=\"\" width=\"722\" height=\"481\" srcset=\"https:\/\/www.uv.mx\/prensa\/files\/2020\/07\/170720-Marisela-Briceno-1.jpg 722w, https:\/\/www.uv.mx\/prensa\/files\/2020\/07\/170720-Marisela-Briceno-1-300x200.jpg 300w\" sizes=\"auto, (max-width: 722px) 100vw, 722px\" \/><\/a><p id=\"caption-attachment-86186\" class=\"wp-caption-text\"><span class=\"TextRun BCX2 SCXW139335803\" lang=\"ES-MX\" xml:lang=\"ES-MX\" data-contrast=\"auto\"><span class=\"NormalTextRun BCX2 SCXW139335803\">Maricela Brice\u00f1o Andrade<\/span><\/span><\/p><\/div>\n<p><b><i><span data-contrast=\"auto\">Carlos Hugo Hermida Rosales<\/span><\/i><\/b><span data-ccp-props=\"{}\">\u00a0<\/span><\/p>\n<p><span data-ccp-props=\"{}\">\u00a0<\/span><b><i><span data-contrast=\"auto\">23<\/span><\/i><\/b><b><i><span data-contrast=\"auto\">\/07\/<\/span><\/i><\/b><b><i><span data-contrast=\"auto\">2020<\/span><\/i><\/b><b><i><span data-contrast=\"auto\">,<\/span><\/i><\/b> <b><i><span data-contrast=\"auto\">Xalapa, Ver.<\/span><\/i><\/b><b><i><span data-contrast=\"auto\">&#8211;<\/span><\/i><\/b> <span data-contrast=\"auto\">Maricela Brice\u00f1o Andrade <\/span><span data-contrast=\"auto\">es estudiante de la<a href=\"https:\/\/www.uv.mx\/veracruz\/fcc\/\" target=\"_blank\" rel=\"noopener noreferrer\"> Facultad de Ciencias de la Comunicaci\u00f3n<\/a> de la Universidad Veracruzana (UV)<\/span> <span data-contrast=\"auto\">y<\/span><span data-contrast=\"auto\"> en<\/span><span data-contrast=\"auto\"> la primera mitad de 2020 <\/span><span data-contrast=\"auto\">fue<\/span><span data-contrast=\"auto\"> aceptada para cursar un semestre<\/span> <span data-contrast=\"auto\">en la Universidad de Ja\u00e9n, localizada en la comunidad aut\u00f3noma de Andaluc\u00ed<\/span><span data-contrast=\"auto\">a en Espa\u00f1a.<\/span><span data-ccp-props=\"{}\">\u00a0<\/span><\/p>\n<p><span data-contrast=\"auto\">La <\/span><span data-contrast=\"auto\">joven<\/span><span data-contrast=\"auto\"> relat\u00f3 que la posibilidad de estudiar en el extranjero siempre fue un sue\u00f1o para ella, y que desde que ingres\u00f3 a la UV supo que deseaba realizar una movilidad fuera del pa\u00eds.\u00a0<\/span><span data-ccp-props=\"{&quot;335559731&quot;:708}\">\u00a0<\/span><\/p>\n<p><span data-contrast=\"auto\">Con este firme objetivo en mente siempre cuid\u00f3 su promedio escolar y adquiri\u00f3 habilidades que le permitieran ser aceptada en alguna universidad del extranjero<\/span><span data-contrast=\"auto\">.<\/span><span data-ccp-props=\"{&quot;335559731&quot;:708}\">\u00a0<\/span><\/p>\n<p><span data-contrast=\"auto\">Mencion\u00f3 que escogi\u00f3<\/span><span data-contrast=\"auto\"> la Universidad de Ja\u00e9n<\/span><span data-contrast=\"auto\"> deb<\/span><span data-contrast=\"auto\">ido a su gran programa acad\u00e9mico;<\/span><span data-contrast=\"auto\"> en ella <\/span><span data-contrast=\"auto\">curs\u00f3 las asignaturas Direcci\u00f3n Estrat\u00e9gica de las Empresas, Sociolog\u00eda y Comunicaci\u00f3n, <\/span><span data-contrast=\"auto\">y <\/span><span data-contrast=\"auto\">Direcci\u00f3n Estrat\u00e9gica y Recursos Humanos.<\/span><span data-contrast=\"auto\">\u00a0<\/span><span data-ccp-props=\"{&quot;335559731&quot;:708}\">\u00a0<\/span><\/p>\n<p><span data-contrast=\"auto\">Maricela Brice\u00f1o<\/span><span data-contrast=\"auto\"> manifest\u00f3 estar maravillada con Ja\u00e9n, ci<\/span><span data-contrast=\"auto\">udad rodeada por monta\u00f1as que le<\/span><span data-contrast=\"auto\"> parece muy linda y pac\u00edfica.<\/span><span data-ccp-props=\"{&quot;335559731&quot;:708}\">\u00a0<\/span><\/p>\n<p><span data-contrast=\"auto\">\u201c<\/span><span data-contrast=\"auto\">E<\/span><span data-contrast=\"auto\">n<\/span><span data-contrast=\"auto\"> este lugar la vida<\/span><span data-contrast=\"auto\"> es muy sencilla<\/span><span data-contrast=\"auto\"> y pr\u00e1ctica, <\/span><span data-contrast=\"auto\">caminando <\/span><span data-contrast=\"auto\">se puede llegar a todas partes y en \u00e9l habitan muchos estudiantes; adem\u00e1s se encuentra rodeado por paisajes hermosos\u201d, comparti\u00f3.\u00a0<\/span><span data-ccp-props=\"{&quot;335559731&quot;:708}\">\u00a0<\/span><\/p>\n<div id=\"attachment_86187\" style=\"width: 732px\" class=\"wp-caption aligncenter\"><a href=\"https:\/\/www.uv.mx\/prensa\/files\/2020\/07\/170720-Marisela-Briceno-2.jpg\"><img loading=\"lazy\" decoding=\"async\" aria-describedby=\"caption-attachment-86187\" class=\"size-full wp-image-86187\" src=\"https:\/\/www.uv.mx\/prensa\/files\/2020\/07\/170720-Marisela-Briceno-2.jpg\" alt=\"\" width=\"722\" height=\"481\" srcset=\"https:\/\/www.uv.mx\/prensa\/files\/2020\/07\/170720-Marisela-Briceno-2.jpg 722w, https:\/\/www.uv.mx\/prensa\/files\/2020\/07\/170720-Marisela-Briceno-2-300x200.jpg 300w\" sizes=\"auto, (max-width: 722px) 100vw, 722px\" \/><\/a><p id=\"caption-attachment-86187\" class=\"wp-caption-text\"><span class=\"TextRun SCXW205885950 BCX2\" lang=\"ES-MX\" xml:lang=\"ES-MX\" data-contrast=\"auto\"><span class=\"NormalTextRun SCXW205885950 BCX2\">La estudiante en la ciudad de Ja\u00e9n\u00a0<\/span><\/span><\/p><\/div>\n<p><b><span data-contrast=\"auto\">Crisis Covid-19<\/span><\/b><span data-ccp-props=\"{}\">\u00a0<\/span><\/p>\n<p><span data-contrast=\"auto\">La estudiante <\/span><span data-contrast=\"auto\">coment\u00f3 que el inicio de la pandemia <\/span><span data-contrast=\"auto\">de Covid-19 <\/span><span data-contrast=\"auto\">result\u00f3 bastante estresante, ya <\/span><span data-contrast=\"auto\">que <\/span><span data-contrast=\"auto\">se gener\u00f3 mucha <\/span><span data-contrast=\"auto\">incertidumbre<\/span><span data-contrast=\"auto\">,<\/span> <span data-contrast=\"auto\">previo<\/span><span data-contrast=\"auto\"> a <\/span><span data-contrast=\"auto\">que las autoridades espa\u00f1olas actuaran; afirm\u00f3 que desde una semana antes que se decretara el confinamiento decidi\u00f3 quedarse en casa.<\/span><span data-ccp-props=\"{}\">\u00a0<\/span><\/p>\n<p><span data-contrast=\"auto\">Mencion\u00f3 que la <\/span><span data-contrast=\"auto\">Universidad de Ja\u00e9n envi\u00f3 un comunicado en el que notific\u00f3 que las clases iban a continuar en l\u00ednea, y<\/span><span data-contrast=\"auto\"> aunque no estaban preparados para ello<\/span> <span data-contrast=\"auto\">inmediatamente los profesores se aprestaron a resolver las dudas de los estudiantes.<\/span><span data-ccp-props=\"{&quot;335559731&quot;:708}\">\u00a0<\/span><\/p>\n<p><span data-contrast=\"auto\">Manifest\u00f3 que vivir esta situaci\u00f3n adversa le ense\u00f1\u00f3 a mantener la calma y a interactuar con las personas que <\/span><span data-contrast=\"auto\">habitaba<\/span><span data-contrast=\"auto\">, que eran dos chicas provenientes del continente asi\u00e1tico; comparti\u00f3<\/span> <span data-contrast=\"auto\">que las tres estuvieron encerradas por dos meses, y con ello aprendieron a valorar las peque\u00f1as cosas, como<\/span> <span data-contrast=\"auto\">la alegr\u00eda de salir a caminar por los alrededores.<\/span><span data-ccp-props=\"{&quot;335559731&quot;:708}\">\u00a0<\/span><\/p>\n<p><span data-contrast=\"auto\">\u201cLa primera caminata que pude realizar en Espa\u00f1a al terminar la cuarentena fue maravillosa; la pandemia de Covid-19 me deja un<\/span><span data-contrast=\"auto\">a <\/span><span data-contrast=\"auto\">gran <\/span><span data-contrast=\"auto\">experiencia<\/span><span data-contrast=\"auto\"> ya que aprend\u00ed a lidiar con la soledad y a ser paciente\u201d, asegur\u00f3.\u00a0<\/span><span data-ccp-props=\"{&quot;335559731&quot;:708}\">\u00a0<\/span><\/p>\n<p><span data-contrast=\"auto\">Comparti\u00f3 que actualmente en Andaluc\u00eda ya se permite la libre movilidad de las personas, aunque con sus debidas restricciones como el uso de <\/span><span data-contrast=\"auto\">cubrebocas<\/span><span data-contrast=\"auto\">.\u00a0<\/span><span data-ccp-props=\"{&quot;335559731&quot;:708}\">\u00a0<\/span><\/p>\n<p><span data-contrast=\"auto\">Maricela Brice\u00f1o declar\u00f3 que es imposible resumir su experiencia de movilidad en pocas palabras, <\/span><span data-contrast=\"auto\">dado que <\/span><span data-contrast=\"auto\">debido a la pandemia no logr\u00f3 viajar<\/span><span data-contrast=\"auto\"> y conocer tantas personas como ten\u00eda planeado y <\/span><span data-contrast=\"auto\">esperaba, obtuvo mucho aprendizaje y ense\u00f1anza.\u00a0<\/span><span data-ccp-props=\"{&quot;335559731&quot;:708}\">\u00a0<\/span><\/p>\n<p><span data-contrast=\"auto\">\u201cMe qued\u00f3 la enorme satisfacci\u00f3n de <\/span><span data-contrast=\"auto\">haber vivido<\/span><span data-contrast=\"auto\"> fuera de M\u00e9xico,<\/span><span data-contrast=\"auto\"> y <\/span><span data-contrast=\"auto\">convivido con personas de pa\u00edses tan diversos como Italia, Taiw\u00e1n, Serbia, <\/span><span data-contrast=\"auto\">Bosnia y Herzegovina<\/span><span data-contrast=\"auto\"> y Hungr\u00eda\u201d, coment\u00f3.\u00a0<\/span><span data-ccp-props=\"{&quot;335559731&quot;:708}\">\u00a0<\/span><\/p>\n<p><span data-contrast=\"auto\">La joven enfatiz\u00f3 <\/span><span data-contrast=\"auto\">que<\/span><span data-contrast=\"auto\"> fue un poco triste no haber realizado todas las a<\/span><span data-contrast=\"auto\">ctividades que ten\u00eda planeadas a<\/span><span data-contrast=\"auto\">l llegar a Espa\u00f1a, no cambiar\u00eda su experiencia de movilidad estudiantil por nada.\u00a0<\/span><span data-ccp-props=\"{&quot;335559731&quot;:708}\">\u00a0<\/span><\/p>\n<p><span data-contrast=\"auto\">\u201cSoy muy afortunada por haber tenido la oportunidad de vivir tan bella experiencia en otro pa\u00eds, y sin duda es lo mejor que me ha pasado\u201d, concluy\u00f3.<\/span><\/p>\n","protected":false},"excerpt":{"rendered":"<p>La estudiante de la Facultad de Ciencias de la Comunicaci\u00f3n relat\u00f3 que la posibilidad de estudiar en el extranjero siempre fue un sue\u00f1o y que desde que ingres\u00f3 a la UV supo que deseaba realizar una movilidad<\/p>\n","protected":false},"author":1508,"featured_media":86186,"comment_status":"closed","ping_status":"closed","sticky":false,"template":"","format":"standard","meta":{"footnotes":""},"categories":[1],"tags":[],"class_list":["post-86185","post","type-post","status-publish","format-standard","has-post-thumbnail","hentry","category-general"],"_links":{"self":[{"href":"https:\/\/www.uv.mx\/prensa\/wp-json\/wp\/v2\/posts\/86185","targetHints":{"allow":["GET"]}}],"collection":[{"href":"https:\/\/www.uv.mx\/prensa\/wp-json\/wp\/v2\/posts"}],"about":[{"href":"https:\/\/www.uv.mx\/prensa\/wp-json\/wp\/v2\/types\/post"}],"author":[{"embeddable":true,"href":"https:\/\/www.uv.mx\/prensa\/wp-json\/wp\/v2\/users\/1508"}],"replies":[{"embeddable":true,"href":"https:\/\/www.uv.mx\/prensa\/wp-json\/wp\/v2\/comments?post=86185"}],"version-history":[{"count":0,"href":"https:\/\/www.uv.mx\/prensa\/wp-json\/wp\/v2\/posts\/86185\/revisions"}],"wp:featuredmedia":[{"embeddable":true,"href":"https:\/\/www.uv.mx\/prensa\/wp-json\/wp\/v2\/media\/86186"}],"wp:attachment":[{"href":"https:\/\/www.uv.mx\/prensa\/wp-json\/wp\/v2\/media?parent=86185"}],"wp:term":[{"taxonomy":"category","embeddable":true,"href":"https:\/\/www.uv.mx\/prensa\/wp-json\/wp\/v2\/categories?post=86185"},{"taxonomy":"post_tag","embeddable":true,"href":"https:\/\/www.uv.mx\/prensa\/wp-json\/wp\/v2\/tags?post=86185"}],"curies":[{"name":"wp","href":"https:\/\/api.w.org\/{rel}","templated":true}]}}