{"id":85709,"date":"2020-07-09T11:51:58","date_gmt":"2020-07-09T16:51:58","guid":{"rendered":"https:\/\/www.uv.mx\/prensa\/?p=85709"},"modified":"2020-07-10T10:12:08","modified_gmt":"2020-07-10T15:12:08","slug":"el-e-commerce-gana-terreno-en-mexico-claudia-mendez","status":"publish","type":"post","link":"https:\/\/www.uv.mx\/prensa\/banner\/el-e-commerce-gana-terreno-en-mexico-claudia-mendez\/","title":{"rendered":"El <em>e-commerce<\/em> gana terreno en M\u00e9xico: Claudia M\u00e9ndez\u00a0"},"content":{"rendered":"<ul>\n<li data-leveltext=\"\uf0b7\" data-font=\"Symbol\" data-listid=\"5\" data-aria-posinset=\"1\" data-aria-level=\"1\"><i><span data-contrast=\"auto\">Es Licenciada en Gesti\u00f3n y Direcci\u00f3n de Negocios y estudiante de la Maestr\u00eda en Econom\u00eda y Sociedad de Am\u00e9rica Latina (MESCAL) de la UV<\/span><\/i><span data-ccp-props=\"{}\">\u00a0<\/span><\/li>\n<li data-leveltext=\"\uf0b7\" data-font=\"Symbol\" data-listid=\"5\" data-aria-posinset=\"2\" data-aria-level=\"1\"><i><span data-contrast=\"auto\">En 2019 las compras por <\/span><\/i><i><span data-contrast=\"auto\">I<\/span><\/i><i><span data-contrast=\"auto\">nternet a nivel nacional ascendieron a 631.7 mil millones de pesos<\/span><\/i><span data-ccp-props=\"{}\">\u00a0<\/span><\/li>\n<li data-leveltext=\"\uf0b7\" data-font=\"Symbol\" data-listid=\"5\" data-aria-posinset=\"3\" data-aria-level=\"1\"><i><span data-contrast=\"auto\">El pr\u00f3ximo <\/span><\/i><i><span data-contrast=\"auto\">webinar<\/span><\/i><i><span data-contrast=\"auto\"> del <\/span><\/i><i><span data-contrast=\"auto\">Cechiver<\/span><\/i><i><span data-contrast=\"auto\"> ser\u00e1 el 10 de julio a las 17:00; el tema \u201cEntre Veracruz y Pek\u00edn, armamento naval en el inicio de la modernidad un tema de la Global <\/span><\/i><i><span data-contrast=\"auto\">History<\/span><\/i><i><span data-contrast=\"auto\">\u201d, actividad de acceso libre previo registro en<\/span><\/i> <a href=\"https:\/\/forms.gle\/v4MJ4uwosv7RmLoV8?fbclid=IwAR0J66lJcsvCbTw5SapiHfC7Z2-5jEPOiJPYFrioRAHOBXi3wzFIbmd91tk\"><span data-contrast=\"none\">https:\/\/forms.gle\/v4MJ4uwosv7RmLoV8<\/span><\/a><span data-ccp-props=\"{}\">\u00a0<\/span><\/li>\n<\/ul>\n<p><span data-ccp-props=\"{&quot;335559685&quot;:360}\">\u00a0<\/span><\/p>\n<div id=\"attachment_85711\" style=\"width: 732px\" class=\"wp-caption aligncenter\"><a href=\"https:\/\/www.uv.mx\/prensa\/files\/2020\/07\/070720-CARLOS-e-commerce-1.jpg\"><img loading=\"lazy\" decoding=\"async\" aria-describedby=\"caption-attachment-85711\" class=\"size-full wp-image-85711\" src=\"https:\/\/www.uv.mx\/prensa\/files\/2020\/07\/070720-CARLOS-e-commerce-1.jpg\" alt=\"\" width=\"722\" height=\"406\" srcset=\"https:\/\/www.uv.mx\/prensa\/files\/2020\/07\/070720-CARLOS-e-commerce-1.jpg 722w, https:\/\/www.uv.mx\/prensa\/files\/2020\/07\/070720-CARLOS-e-commerce-1-300x169.jpg 300w\" sizes=\"auto, (max-width: 722px) 100vw, 722px\" \/><\/a><p id=\"caption-attachment-85711\" class=\"wp-caption-text\">Integrantes del <em>Cechiver<\/em><\/p><\/div>\n<p><span data-ccp-props=\"{}\">\u00a0<\/span><\/p>\n<p><b><i><span data-contrast=\"auto\">Carlos Hugo Hermida Rosales<\/span><\/i><\/b><span data-ccp-props=\"{}\">\u00a0<\/span><\/p>\n<p><b><i><span data-contrast=\"auto\">0<\/span><\/i><\/b><b><i><span data-contrast=\"auto\">9<\/span><\/i><\/b><b><i><span data-contrast=\"auto\">\/07\/<\/span><\/i><\/b><b><i><span data-contrast=\"auto\">2020<\/span><\/i><\/b><b><i><span data-contrast=\"auto\">,<\/span><\/i><\/b> <b><i><span data-contrast=\"auto\">Xalapa, <\/span><\/i><\/b><b><i><span data-contrast=\"auto\">Ver.<\/span><\/i><\/b><b><i><span data-contrast=\"auto\">&#8211;<\/span><\/i><\/b> <span data-contrast=\"auto\">Claudia <\/span><span data-contrast=\"auto\">Elil\u00fa<\/span><span data-contrast=\"auto\"> M\u00e9ndez Viveros, <\/span><span data-contrast=\"auto\">del <\/span><a href=\"https:\/\/www.uv.mx\/chinaveracruz\/\" target=\"_blank\" rel=\"noopener noreferrer\"><span data-contrast=\"auto\">Centro de Estudios China-Veracruz<\/span><\/a><span data-contrast=\"auto\"> (<\/span><i><span data-contrast=\"auto\">Cechiver<\/span><\/i><span data-contrast=\"auto\">) de la <\/span><span data-contrast=\"auto\">Universidad Veracruzana (UV),<\/span><span data-contrast=\"auto\"> afirm\u00f3 que el <\/span><i><span data-contrast=\"auto\">e-<\/span><\/i><i><span data-contrast=\"auto\">commerce<\/span><\/i> <span data-contrast=\"auto\">\u2013<\/span><span data-contrast=\"auto\">comercio electr\u00f3nico<\/span><span data-contrast=\"auto\">\u2013<\/span><span data-contrast=\"auto\"> es del agrado de la poblaci\u00f3n mexicana, <\/span><span data-contrast=\"auto\">de la que 88 millones son usuarios de <\/span><span data-contrast=\"auto\">Internet y el 65 por ciento de \u00e9<\/span><span data-contrast=\"auto\">stos adquieren productos a trav\u00e9s de \u00e9l.<\/span><span data-contrast=\"auto\">\u00a0<\/span><span data-ccp-props=\"{}\">\u00a0<\/span><\/p>\n<p><span data-contrast=\"auto\">\u201cSeg\u00fan datos de la Asociaci\u00f3n del Internet MX, en 2019 las compras en l\u00ednea a nivel nacional ascendieron a 631.7 mil <\/span><span data-contrast=\"auto\">millones<\/span><span data-contrast=\"auto\"> de pesos\u201d, comparti\u00f3.<\/span><span data-contrast=\"auto\">\u00a0<\/span><span data-ccp-props=\"{&quot;335559731&quot;:708}\">\u00a0<\/span><\/p>\n<p><span data-contrast=\"auto\">La <\/span><span data-contrast=\"auto\">L<\/span><span data-contrast=\"auto\">icenciada en Gesti\u00f3n <\/span><span data-contrast=\"auto\">y Direcci\u00f3n <\/span><span data-contrast=\"auto\">de Negocios<\/span><span data-contrast=\"auto\"> y estudiante de la Maestr\u00eda en Econom\u00eda y Sociedad de Am\u00e9rica Latina (MESCAL) de la UV,<\/span><span data-contrast=\"auto\"> imparti\u00f3 el 3 de julio la conferencia virtual<\/span> <span data-contrast=\"auto\">\u201cEl comercio m\u00e1s sano en tiempos de pandemia: <\/span><i><span data-contrast=\"auto\">e-<\/span><\/i><i><span data-contrast=\"auto\">commerce<\/span><\/i><span data-contrast=\"auto\">\u201d<\/span><span data-contrast=\"auto\">, <\/span><span data-contrast=\"auto\">organizada<\/span><span data-contrast=\"auto\"> por <\/span><span data-contrast=\"auto\">el <\/span><i><span data-contrast=\"auto\">Cechiver<\/span><\/i> <span data-contrast=\"auto\">y <\/span><span data-contrast=\"auto\">el C<\/span><span data-contrast=\"auto\">entro de <\/span><span data-contrast=\"auto\">E<\/span><span data-contrast=\"auto\">studios <\/span><span data-contrast=\"auto\">del\u202fForo de Cooperaci\u00f3n Econ\u00f3mica Asia-Pac\u00edfico (APEC).<\/span><span data-ccp-props=\"{&quot;335559731&quot;:708}\">\u00a0<\/span><\/p>\n<p><span data-contrast=\"auto\">Claudia M\u00e9ndez<\/span> <span data-contrast=\"auto\">relat\u00f3 que la pandemia de Covid-19 modifi<\/span><span data-contrast=\"auto\">c\u00f3 la demanda de productos por I<\/span><span data-contrast=\"auto\">nternet a nivel mundial, ya que mientras los relacionados con el turismo y los art\u00edculos de lujo se desplomaron, los alimentos, insumos de primera necesidad y de cuidad<\/span><span data-contrast=\"auto\">o personal<\/span><span data-contrast=\"auto\"> aumentaron sus ventas.<\/span><span data-ccp-props=\"{&quot;335559731&quot;:708}\">\u00a0<\/span><\/p>\n<p><span data-contrast=\"auto\">Asegur\u00f3 que China es el pa\u00eds m\u00e1s desarrollado en el rubro del <\/span><i><span data-contrast=\"auto\">e-<\/span><\/i><i><span data-contrast=\"auto\">commerce<\/span><\/i><span data-contrast=\"auto\"> y comparti\u00f3 que en esta naci\u00f3n que apenas c<\/span><span data-contrast=\"auto\">ontaba con 620 mil usuarios de I<\/span><span data-contrast=\"auto\">nternet en 1997, para junio de 2019 la cifra ascend\u00eda a 854.49 millones.<\/span><span data-ccp-props=\"{&quot;335559731&quot;:708}\">\u00a0<\/span><\/p>\n<p><span data-contrast=\"auto\">\u201cEstos n\u00fameros superan a la cantidad de usuarios totales de Estados Unidos y la Uni\u00f3n Europea\u201d, destac\u00f3.\u00a0<\/span><span data-ccp-props=\"{&quot;335559731&quot;:708}\">\u00a0<\/span><\/p>\n<p><span data-contrast=\"auto\">Afirm\u00f3<\/span><span data-contrast=\"auto\"> que China es un modelo estrat\u00e9gico en materia de <\/span><i><span data-contrast=\"auto\">e-<\/span><\/i><i><span data-contrast=\"auto\">commerce<\/span><\/i><span data-contrast=\"auto\"> digno de seguir, ya que invierte una fuerte suma de dinero en desarrollo de inteligencia artificial, a la vez que le da peso a la educaci\u00f3n para futura mano de obra de una econom\u00eda digitalizada.<\/span><span data-ccp-props=\"{&quot;335559731&quot;:708}\">\u00a0<\/span><\/p>\n<p><span data-contrast=\"auto\">Claudia M\u00e9ndez<\/span><span data-contrast=\"auto\"> coment\u00f3 <\/span><span data-contrast=\"auto\">que<\/span><span data-contrast=\"auto\"> el 43 por ciento de las personas que<\/span> <span data-contrast=\"auto\">adquieren productos <\/span><span data-contrast=\"auto\">en <\/span><span data-contrast=\"auto\">I<\/span><span data-contrast=\"auto\">nternet <\/span><span data-contrast=\"auto\">en M\u00e9xico <\/span><span data-contrast=\"auto\">lo hacen a trav\u00e9s de <\/span><span data-contrast=\"auto\">una PC, mientras que el 46 por ciento ocupan sus dispositivos m\u00f3viles para ello.\u00a0<\/span><span data-ccp-props=\"{&quot;335559731&quot;:708}\">\u00a0<\/span><\/p>\n<p><span data-contrast=\"auto\">\u201cEl <\/span><span data-contrast=\"auto\">92.7 por ciento de usuarios de I<\/span><span data-contrast=\"auto\">nternet en el pa\u00eds posee un tel\u00e9fono m\u00f3vil, lo que da una cifra de 81.58 millones de personas\u201d, precis\u00f3.\u00a0<\/span><span data-ccp-props=\"{&quot;335559731&quot;:708}\">\u00a0<\/span><\/p>\n<p><span data-contrast=\"auto\">E<\/span><span data-contrast=\"auto\">nfatiz\u00f3 que el <\/span><i><span data-contrast=\"auto\">e-<\/span><\/i><i><span data-contrast=\"auto\">commerce<\/span><\/i> <span data-contrast=\"auto\">es una realidad<\/span> <span data-contrast=\"auto\">y<\/span> <span data-contrast=\"auto\">el futuro del comercio, y que cada d\u00eda adquiere mayor terreno a nivel mundial, por lo que la sociedad debe adecuarse a esta nueva forma de compraventa.\u00a0<\/span><span data-ccp-props=\"{&quot;335559731&quot;:708}\">\u00a0<\/span><\/p>\n<p><span data-contrast=\"auto\">Declar\u00f3 que<\/span><span data-contrast=\"auto\"> M\u00e9xico tiene un sinn\u00famero de oportunidades en el camino del <\/span><i><span data-contrast=\"auto\">e-<\/span><\/i><i><span data-contrast=\"auto\">commerce<\/span><\/i> <span data-contrast=\"auto\">y de<\/span><span data-contrast=\"auto\"> incursionar a trav\u00e9s de \u00e9l en naciones del mercado asi\u00e1tico como China, pa\u00eds con clases media y alta fortaleci<\/span><span data-contrast=\"auto\">das que cada vez se interesan m\u00e1<\/span><span data-contrast=\"auto\">s por el comercio transfronterizo<\/span><span data-contrast=\"auto\">.<\/span><span data-ccp-props=\"{&quot;335559731&quot;:708}\">\u00a0<\/span><\/p>\n<p><span data-contrast=\"auto\">\u201cSi<\/span><span data-contrast=\"auto\"> M\u00e9xico quiere ser un mercado competitivo a nivel <\/span><span data-contrast=\"auto\">mundial, es indispensable que se incorpore <\/span><span data-contrast=\"auto\">a la econom\u00eda <\/span><span data-contrast=\"auto\">digital\u201d<\/span><span data-contrast=\"auto\">, manifest\u00f3.\u00a0<\/span><span data-ccp-props=\"{&quot;335559731&quot;:708}\">\u00a0<\/span><\/p>\n<p><span data-contrast=\"auto\">El<\/span><span data-contrast=\"auto\"> pr\u00f3xim<\/span><span data-contrast=\"auto\">o<\/span> <i><span data-contrast=\"auto\">webinar<\/span><\/i> <span data-contrast=\"auto\">del <\/span><i><span data-contrast=\"auto\">Cechiver<\/span><\/i> <span data-contrast=\"auto\">ser\u00e1 <\/span><span data-contrast=\"auto\">el viernes 10 de julio a las 17:00 horas con el tema \u201cEntre Veracruz y Pek\u00edn<\/span><span data-contrast=\"auto\">,<\/span><span data-contrast=\"auto\"> armamento naval en el inicio de la modernidad<\/span><span data-contrast=\"auto\">,<\/span><span data-contrast=\"auto\"> un tema de la Global <\/span><span data-contrast=\"auto\">History<\/span><span data-contrast=\"auto\">\u201d, actividad de acceso <\/span><span data-contrast=\"auto\">libre <\/span><span data-contrast=\"auto\">previo registro en <\/span><a href=\"https:\/\/forms.gle\/v4MJ4uwosv7RmLoV8?fbclid=IwAR0J66lJcsvCbTw5SapiHfC7Z2-5jEPOiJPYFrioRAHOBXi3wzFIbmd91tk\"><span data-contrast=\"none\">https:\/\/forms.gle\/v4MJ4uwosv7RmLoV8<\/span><\/a><span data-ccp-props=\"{&quot;335559731&quot;:708}\">\u00a0<\/span><\/p>\n<p><span data-ccp-props=\"{}\">\u00a0<\/span><\/p>\n<div id=\"attachment_85712\" style=\"width: 552px\" class=\"wp-caption aligncenter\"><a href=\"https:\/\/www.uv.mx\/prensa\/files\/2020\/07\/070720-CARLOS-e-commerce-2.jpg\"><img loading=\"lazy\" decoding=\"async\" aria-describedby=\"caption-attachment-85712\" class=\"size-full wp-image-85712\" src=\"https:\/\/www.uv.mx\/prensa\/files\/2020\/07\/070720-CARLOS-e-commerce-2.jpg\" alt=\"\" width=\"542\" height=\"722\" srcset=\"https:\/\/www.uv.mx\/prensa\/files\/2020\/07\/070720-CARLOS-e-commerce-2.jpg 542w, https:\/\/www.uv.mx\/prensa\/files\/2020\/07\/070720-CARLOS-e-commerce-2-225x300.jpg 225w\" sizes=\"auto, (max-width: 542px) 100vw, 542px\" \/><\/a><p id=\"caption-attachment-85712\" class=\"wp-caption-text\">Claudia Elil\u00fa M\u00e9ndez Viveros<\/p><\/div>\n","protected":false},"excerpt":{"rendered":"<p>El <em>Cechiver<\/em> presentar\u00e1 \u201cEntre Veracruz y Pek\u00edn, armamento naval en el inicio de la modernidad, un tema de la Global History\u201d. Registro en https:\/\/forms.gle\/v4MJ4uwosv7RmLoV8<\/p>\n","protected":false},"author":1869,"featured_media":85711,"comment_status":"closed","ping_status":"closed","sticky":false,"template":"","format":"standard","meta":{"footnotes":""},"categories":[61],"tags":[],"class_list":["post-85709","post","type-post","status-publish","format-standard","has-post-thumbnail","hentry","category-banner"],"_links":{"self":[{"href":"https:\/\/www.uv.mx\/prensa\/wp-json\/wp\/v2\/posts\/85709","targetHints":{"allow":["GET"]}}],"collection":[{"href":"https:\/\/www.uv.mx\/prensa\/wp-json\/wp\/v2\/posts"}],"about":[{"href":"https:\/\/www.uv.mx\/prensa\/wp-json\/wp\/v2\/types\/post"}],"author":[{"embeddable":true,"href":"https:\/\/www.uv.mx\/prensa\/wp-json\/wp\/v2\/users\/1869"}],"replies":[{"embeddable":true,"href":"https:\/\/www.uv.mx\/prensa\/wp-json\/wp\/v2\/comments?post=85709"}],"version-history":[{"count":0,"href":"https:\/\/www.uv.mx\/prensa\/wp-json\/wp\/v2\/posts\/85709\/revisions"}],"wp:featuredmedia":[{"embeddable":true,"href":"https:\/\/www.uv.mx\/prensa\/wp-json\/wp\/v2\/media\/85711"}],"wp:attachment":[{"href":"https:\/\/www.uv.mx\/prensa\/wp-json\/wp\/v2\/media?parent=85709"}],"wp:term":[{"taxonomy":"category","embeddable":true,"href":"https:\/\/www.uv.mx\/prensa\/wp-json\/wp\/v2\/categories?post=85709"},{"taxonomy":"post_tag","embeddable":true,"href":"https:\/\/www.uv.mx\/prensa\/wp-json\/wp\/v2\/tags?post=85709"}],"curies":[{"name":"wp","href":"https:\/\/api.w.org\/{rel}","templated":true}]}}